{"id":1807,"date":"2024-06-28T22:02:29","date_gmt":"2024-06-29T01:02:29","guid":{"rendered":"https:\/\/radioplanetasaudade.com.br\/?p=1807"},"modified":"2024-06-28T22:02:31","modified_gmt":"2024-06-29T01:02:31","slug":"amnesia-todos-os-dias-a-partir-das-600-da-manha","status":"publish","type":"post","link":"https:\/\/radioplanetasaudade.com.br\/index.php\/2024\/06\/28\/amnesia-todos-os-dias-a-partir-das-600-da-manha\/","title":{"rendered":"Amn\u00e9sia todos os dias a partir das 6:00 da manh\u00e3"},"content":{"rendered":"\n<p><strong>Rock nacional, Pop, New Wave, Disco e outros..<\/strong>.<img decoding=\"async\" height=\"16\" width=\"16\" src=\"https:\/\/static.xx.fbcdn.net\/images\/emoji.php\/v9\/t21\/1\/16\/1f3b8.png\" alt=\"\ud83c\udfb8\"><\/p>\n\n\n\n<p><strong>um programa voltado aos f\u00e3s de m\u00fasica dos anos 70, 80 e 90.<\/strong><\/p>\n\n\n<div class=\"wp-block-image\">\n<figure class=\"aligncenter size-full\"><img fetchpriority=\"high\" decoding=\"async\" width=\"650\" height=\"650\" src=\"https:\/\/radioplanetasaudade.com.br\/wp-content\/uploads\/2024\/06\/BAIXE-NOSSO-APP-2-3.jpg\" alt=\"\" class=\"wp-image-1808\" srcset=\"https:\/\/radioplanetasaudade.com.br\/wp-content\/uploads\/2024\/06\/BAIXE-NOSSO-APP-2-3.jpg 650w, https:\/\/radioplanetasaudade.com.br\/wp-content\/uploads\/2024\/06\/BAIXE-NOSSO-APP-2-3-300x300.jpg 300w, https:\/\/radioplanetasaudade.com.br\/wp-content\/uploads\/2024\/06\/BAIXE-NOSSO-APP-2-3-150x150.jpg 150w\" sizes=\"(max-width: 650px) 100vw, 650px\" \/><\/figure><\/div>\n\n\n<p>O Amn\u00e9sia, da R\u00e1dio Planeta Saudade, \u00e9 uma verdadeira viagem no tempo, transportando os ouvintes para as d\u00e9cadas de 70, 80 e 90. Indo ao ar diariamente das 6:00 \u00e0s 8:00 da manh\u00e3, o programa \u00e9 perfeito para come\u00e7ar o dia com um toque nost\u00e1lgico.<\/p>\n\n\n\n<p>Em <a><\/a>cada edi\u00e7\u00e3o os ouvintes s\u00e3o presenteados com uma sele\u00e7\u00e3o musical diversificada, abrangendo estilos que marcaram as d\u00e9cadas de ouro.<\/p>\n\n\n\n<p>A programa\u00e7\u00e3o inclui:<\/p>\n\n\n\n<p>Bandas como Tears For Fears, Dire Straits, Bon Jovi, Genesis, The Cure, Depeche Mode, Duran Duran, B-52`s e New Order s\u00e3o frequentes, trazendo aquele som caracter\u00edstico cheio de sintetizadores e melodias cativantes.<\/p>\n\n\n\n<p>O Rock Nacional tamb\u00e9m marca presen\u00e7a com Legi\u00e3o Urbana, Tit\u00e3s, RPM, Paralamas do Sucesso, Ultraje a Rigor, Kid Abelha, Biquini Cavad\u00e3o, Zero, Hanoi Hanoi, Magazine, Metr\u00f4 e outros enriquecendo todo repert\u00f3rio durante as duas horas de programa, resgatando a for\u00e7a e a poesia do rock dos anos 80 e 90 no Brasil.<\/p>\n\n\n\n<p>Tamb\u00e9m marca presen\u00e7a a disco, resgatando hits que dominaram as pistas de dan\u00e7a, como Donna Summer, Bee Gees, Village People e KC and the Sunshine Band, garantem que a energia da era disco continue viva.<\/p>\n\n\n\n<p>E n\u00e3o poderia faltar os grandes cl\u00e1ssicos da m\u00fasica pop que dominaram o topo das paradas, de Michael Jackson a Madonna, passando por Cyndi Lauper e Prince, oferecendo um mix de ritmos e lembran\u00e7as inesquec\u00edveis.<\/p>\n\n\n\n<p>O Amn\u00e9sia \u00e9 ideal para voc\u00ea ouvinte da R\u00e1dio Planeta Saudade que busca relembrar momentos especiais, descobrir ou redescobrir m\u00fasicas que marcaram gera\u00e7\u00f5es e come\u00e7ar o dia com uma trilha sonora envolvente e cheia de mem\u00f3rias.<\/p>\n","protected":false},"excerpt":{"rendered":"<p>Rock nacional, Pop, New Wave, Disco e outros&#8230; um programa voltado aos f\u00e3s de m\u00fasica&#8230;<\/p>\n","protected":false},"author":1,"featured_media":1808,"comment_status":"open","ping_status":"open","sticky":false,"template":"","format":"standard","meta":{"footnotes":""},"categories":[221],"tags":[134,119,118,120,121,117,116,99],"class_list":["post-1807","post","type-post","status-publish","format-standard","has-post-thumbnail","hentry","category-amnesia","tag-amnesia","tag-anos-70","tag-anos-80","tag-anos-90","tag-baixe-nosso-app","tag-flashaback","tag-radio","tag-radio-planeta-saudade"],"yoast_head":"<!-- This site is optimized with the Yoast SEO plugin v21.3 - https:\/\/yoast.com\/wordpress\/plugins\/seo\/ -->\n<title>Amn\u00e9sia todos os dias a partir das 6:00 da manh\u00e3 - R\u00c1DIO PLANETA SAUDADE<\/title>\n<meta name=\"robots\" content=\"index, follow, max-snippet:-1, max-image-preview:large, max-video-preview:-1\" \/>\n<link rel=\"canonical\" href=\"https:\/\/radioplanetasaudade.com.br\/index.php\/2024\/06\/28\/amnesia-todos-os-dias-a-partir-das-600-da-manha\/\" \/>\n<meta property=\"og:locale\" content=\"pt_BR\" \/>\n<meta property=\"og:type\" content=\"article\" \/>\n<meta property=\"og:title\" content=\"Amn\u00e9sia todos os dias a partir das 6:00 da manh\u00e3 - R\u00c1DIO PLANETA SAUDADE\" \/>\n<meta property=\"og:description\" content=\"Rock nacional, Pop, New Wave, Disco e outros... um programa voltado aos f\u00e3s de m\u00fasica...\" \/>\n<meta property=\"og:url\" content=\"https:\/\/radioplanetasaudade.com.br\/index.php\/2024\/06\/28\/amnesia-todos-os-dias-a-partir-das-600-da-manha\/\" \/>\n<meta property=\"og:site_name\" content=\"R\u00c1DIO PLANETA SAUDADE\" \/>\n<meta property=\"article:published_time\" content=\"2024-06-29T01:02:29+00:00\" \/>\n<meta property=\"article:modified_time\" content=\"2024-06-29T01:02:31+00:00\" \/>\n<meta property=\"og:image\" content=\"https:\/\/radioplanetasaudade.com.br\/wp-content\/uploads\/2024\/06\/BAIXE-NOSSO-APP-2-3.jpg\" \/>\n\t<meta property=\"og:image:width\" content=\"650\" \/>\n\t<meta property=\"og:image:height\" content=\"650\" \/>\n\t<meta property=\"og:image:type\" content=\"image\/jpeg\" \/>\n<meta name=\"author\" content=\"Planeta Saudade\" \/>\n<meta name=\"twitter:card\" content=\"summary_large_image\" \/>\n<meta name=\"twitter:label1\" content=\"Escrito por\" \/>\n\t<meta name=\"twitter:data1\" content=\"Planeta Saudade\" \/>\n\t<meta name=\"twitter:label2\" content=\"Est. tempo de leitura\" \/>\n\t<meta name=\"twitter:data2\" content=\"2 minutos\" \/>\n<script type=\"application\/ld+json\" class=\"yoast-schema-graph\">{\"@context\":\"https:\/\/schema.org\",\"@graph\":[{\"@type\":\"Article\",\"@id\":\"https:\/\/radioplanetasaudade.com.br\/index.php\/2024\/06\/28\/amnesia-todos-os-dias-a-partir-das-600-da-manha\/#article\",\"isPartOf\":{\"@id\":\"https:\/\/radioplanetasaudade.com.br\/index.php\/2024\/06\/28\/amnesia-todos-os-dias-a-partir-das-600-da-manha\/\"},\"author\":{\"name\":\"Planeta Saudade\",\"@id\":\"https:\/\/radioplanetasaudade.com.br\/#\/schema\/person\/1a6f6fc0d987819324e7ed417a1a6581\"},\"headline\":\"Amn\u00e9sia todos os dias a partir das 6:00 da manh\u00e3\",\"datePublished\":\"2024-06-29T01:02:29+00:00\",\"dateModified\":\"2024-06-29T01:02:31+00:00\",\"mainEntityOfPage\":{\"@id\":\"https:\/\/radioplanetasaudade.com.br\/index.php\/2024\/06\/28\/amnesia-todos-os-dias-a-partir-das-600-da-manha\/\"},\"wordCount\":312,\"commentCount\":0,\"publisher\":{\"@id\":\"https:\/\/radioplanetasaudade.com.br\/#organization\"},\"keywords\":[\"Amn\u00e9sia\",\"Anos 70\",\"Anos 80\",\"Anos 90\",\"Baixe nosso App\",\"Flashaback\",\"R\u00e1dio\",\"R\u00e1dio Planeta Saudade\"],\"articleSection\":[\"AMN\u00c9SIA\"],\"inLanguage\":\"pt-BR\",\"potentialAction\":[{\"@type\":\"CommentAction\",\"name\":\"Comment\",\"target\":[\"https:\/\/radioplanetasaudade.com.br\/index.php\/2024\/06\/28\/amnesia-todos-os-dias-a-partir-das-600-da-manha\/#respond\"]}]},{\"@type\":\"WebPage\",\"@id\":\"https:\/\/radioplanetasaudade.com.br\/index.php\/2024\/06\/28\/amnesia-todos-os-dias-a-partir-das-600-da-manha\/\",\"url\":\"https:\/\/radioplanetasaudade.com.br\/index.php\/2024\/06\/28\/amnesia-todos-os-dias-a-partir-das-600-da-manha\/\",\"name\":\"Amn\u00e9sia todos os dias a partir das 6:00 da manh\u00e3 - R\u00c1DIO PLANETA SAUDADE\",\"isPartOf\":{\"@id\":\"https:\/\/radioplanetasaudade.com.br\/#website\"},\"datePublished\":\"2024-06-29T01:02:29+00:00\",\"dateModified\":\"2024-06-29T01:02:31+00:00\",\"breadcrumb\":{\"@id\":\"https:\/\/radioplanetasaudade.com.br\/index.php\/2024\/06\/28\/amnesia-todos-os-dias-a-partir-das-600-da-manha\/#breadcrumb\"},\"inLanguage\":\"pt-BR\",\"potentialAction\":[{\"@type\":\"ReadAction\",\"target\":[\"https:\/\/radioplanetasaudade.com.br\/index.php\/2024\/06\/28\/amnesia-todos-os-dias-a-partir-das-600-da-manha\/\"]}]},{\"@type\":\"BreadcrumbList\",\"@id\":\"https:\/\/radioplanetasaudade.com.br\/index.php\/2024\/06\/28\/amnesia-todos-os-dias-a-partir-das-600-da-manha\/#breadcrumb\",\"itemListElement\":[{\"@type\":\"ListItem\",\"position\":1,\"name\":\"In\u00edcio\",\"item\":\"https:\/\/radioplanetasaudade.com.br\/\"},{\"@type\":\"ListItem\",\"position\":2,\"name\":\"Amn\u00e9sia todos os dias a partir das 6:00 da manh\u00e3\"}]},{\"@type\":\"WebSite\",\"@id\":\"https:\/\/radioplanetasaudade.com.br\/#website\",\"url\":\"https:\/\/radioplanetasaudade.com.br\/\",\"name\":\"R\u00e1dio Planeta Saudade\",\"description\":\"Relembrando grandes sucessos musicais e informando sobre os maiores artistas do mundo ou\u00e7a no seu celular.\",\"publisher\":{\"@id\":\"https:\/\/radioplanetasaudade.com.br\/#organization\"},\"potentialAction\":[{\"@type\":\"SearchAction\",\"target\":{\"@type\":\"EntryPoint\",\"urlTemplate\":\"https:\/\/radioplanetasaudade.com.br\/?s={search_term_string}\"},\"query-input\":\"required name=search_term_string\"}],\"inLanguage\":\"pt-BR\"},{\"@type\":\"Organization\",\"@id\":\"https:\/\/radioplanetasaudade.com.br\/#organization\",\"name\":\"R\u00e1dio Planeta Saudade\",\"url\":\"https:\/\/radioplanetasaudade.com.br\/\",\"logo\":{\"@type\":\"ImageObject\",\"inLanguage\":\"pt-BR\",\"@id\":\"https:\/\/radioplanetasaudade.com.br\/#\/schema\/logo\/image\/\",\"url\":\"https:\/\/radioplanetasaudade.com.br\/wp-content\/uploads\/2023\/10\/capture-20230607-202153.png\",\"contentUrl\":\"https:\/\/radioplanetasaudade.com.br\/wp-content\/uploads\/2023\/10\/capture-20230607-202153.png\",\"width\":1350,\"height\":358,\"caption\":\"R\u00e1dio Planeta Saudade\"},\"image\":{\"@id\":\"https:\/\/radioplanetasaudade.com.br\/#\/schema\/logo\/image\/\"}},{\"@type\":\"Person\",\"@id\":\"https:\/\/radioplanetasaudade.com.br\/#\/schema\/person\/1a6f6fc0d987819324e7ed417a1a6581\",\"name\":\"Planeta Saudade\",\"image\":{\"@type\":\"ImageObject\",\"inLanguage\":\"pt-BR\",\"@id\":\"https:\/\/radioplanetasaudade.com.br\/#\/schema\/person\/image\/\",\"url\":\"https:\/\/secure.gravatar.com\/avatar\/a893d552ce4b2abfa845a62f8434cf31?s=96&d=mm&r=g\",\"contentUrl\":\"https:\/\/secure.gravatar.com\/avatar\/a893d552ce4b2abfa845a62f8434cf31?s=96&d=mm&r=g\",\"caption\":\"Planeta Saudade\"},\"sameAs\":[\"https:\/\/radioplanetasaudade.com.br\"],\"url\":\"https:\/\/radioplanetasaudade.com.br\/index.php\/author\/wendelsantos4567\/\"}]}<\/script>\n<!-- \/ Yoast SEO plugin. -->","yoast_head_json":{"title":"Amn\u00e9sia todos os dias a partir das 6:00 da manh\u00e3 - R\u00c1DIO PLANETA SAUDADE","robots":{"index":"index","follow":"follow","max-snippet":"max-snippet:-1","max-image-preview":"max-image-preview:large","max-video-preview":"max-video-preview:-1"},"canonical":"https:\/\/radioplanetasaudade.com.br\/index.php\/2024\/06\/28\/amnesia-todos-os-dias-a-partir-das-600-da-manha\/","og_locale":"pt_BR","og_type":"article","og_title":"Amn\u00e9sia todos os dias a partir das 6:00 da manh\u00e3 - R\u00c1DIO PLANETA SAUDADE","og_description":"Rock nacional, Pop, New Wave, Disco e outros... um programa voltado aos f\u00e3s de m\u00fasica...","og_url":"https:\/\/radioplanetasaudade.com.br\/index.php\/2024\/06\/28\/amnesia-todos-os-dias-a-partir-das-600-da-manha\/","og_site_name":"R\u00c1DIO PLANETA SAUDADE","article_published_time":"2024-06-29T01:02:29+00:00","article_modified_time":"2024-06-29T01:02:31+00:00","og_image":[{"width":650,"height":650,"url":"https:\/\/radioplanetasaudade.com.br\/wp-content\/uploads\/2024\/06\/BAIXE-NOSSO-APP-2-3.jpg","type":"image\/jpeg"}],"author":"Planeta Saudade","twitter_card":"summary_large_image","twitter_misc":{"Escrito por":"Planeta Saudade","Est. tempo de leitura":"2 minutos"},"schema":{"@context":"https:\/\/schema.org","@graph":[{"@type":"Article","@id":"https:\/\/radioplanetasaudade.com.br\/index.php\/2024\/06\/28\/amnesia-todos-os-dias-a-partir-das-600-da-manha\/#article","isPartOf":{"@id":"https:\/\/radioplanetasaudade.com.br\/index.php\/2024\/06\/28\/amnesia-todos-os-dias-a-partir-das-600-da-manha\/"},"author":{"name":"Planeta Saudade","@id":"https:\/\/radioplanetasaudade.com.br\/#\/schema\/person\/1a6f6fc0d987819324e7ed417a1a6581"},"headline":"Amn\u00e9sia todos os dias a partir das 6:00 da manh\u00e3","datePublished":"2024-06-29T01:02:29+00:00","dateModified":"2024-06-29T01:02:31+00:00","mainEntityOfPage":{"@id":"https:\/\/radioplanetasaudade.com.br\/index.php\/2024\/06\/28\/amnesia-todos-os-dias-a-partir-das-600-da-manha\/"},"wordCount":312,"commentCount":0,"publisher":{"@id":"https:\/\/radioplanetasaudade.com.br\/#organization"},"keywords":["Amn\u00e9sia","Anos 70","Anos 80","Anos 90","Baixe nosso App","Flashaback","R\u00e1dio","R\u00e1dio Planeta Saudade"],"articleSection":["AMN\u00c9SIA"],"inLanguage":"pt-BR","potentialAction":[{"@type":"CommentAction","name":"Comment","target":["https:\/\/radioplanetasaudade.com.br\/index.php\/2024\/06\/28\/amnesia-todos-os-dias-a-partir-das-600-da-manha\/#respond"]}]},{"@type":"WebPage","@id":"https:\/\/radioplanetasaudade.com.br\/index.php\/2024\/06\/28\/amnesia-todos-os-dias-a-partir-das-600-da-manha\/","url":"https:\/\/radioplanetasaudade.com.br\/index.php\/2024\/06\/28\/amnesia-todos-os-dias-a-partir-das-600-da-manha\/","name":"Amn\u00e9sia todos os dias a partir das 6:00 da manh\u00e3 - R\u00c1DIO PLANETA SAUDADE","isPartOf":{"@id":"https:\/\/radioplanetasaudade.com.br\/#website"},"datePublished":"2024-06-29T01:02:29+00:00","dateModified":"2024-06-29T01:02:31+00:00","breadcrumb":{"@id":"https:\/\/radioplanetasaudade.com.br\/index.php\/2024\/06\/28\/amnesia-todos-os-dias-a-partir-das-600-da-manha\/#breadcrumb"},"inLanguage":"pt-BR","potentialAction":[{"@type":"ReadAction","target":["https:\/\/radioplanetasaudade.com.br\/index.php\/2024\/06\/28\/amnesia-todos-os-dias-a-partir-das-600-da-manha\/"]}]},{"@type":"BreadcrumbList","@id":"https:\/\/radioplanetasaudade.com.br\/index.php\/2024\/06\/28\/amnesia-todos-os-dias-a-partir-das-600-da-manha\/#breadcrumb","itemListElement":[{"@type":"ListItem","position":1,"name":"In\u00edcio","item":"https:\/\/radioplanetasaudade.com.br\/"},{"@type":"ListItem","position":2,"name":"Amn\u00e9sia todos os dias a partir das 6:00 da manh\u00e3"}]},{"@type":"WebSite","@id":"https:\/\/radioplanetasaudade.com.br\/#website","url":"https:\/\/radioplanetasaudade.com.br\/","name":"R\u00e1dio Planeta Saudade","description":"Relembrando grandes sucessos musicais e informando sobre os maiores artistas do mundo ou\u00e7a no seu celular.","publisher":{"@id":"https:\/\/radioplanetasaudade.com.br\/#organization"},"potentialAction":[{"@type":"SearchAction","target":{"@type":"EntryPoint","urlTemplate":"https:\/\/radioplanetasaudade.com.br\/?s={search_term_string}"},"query-input":"required name=search_term_string"}],"inLanguage":"pt-BR"},{"@type":"Organization","@id":"https:\/\/radioplanetasaudade.com.br\/#organization","name":"R\u00e1dio Planeta Saudade","url":"https:\/\/radioplanetasaudade.com.br\/","logo":{"@type":"ImageObject","inLanguage":"pt-BR","@id":"https:\/\/radioplanetasaudade.com.br\/#\/schema\/logo\/image\/","url":"https:\/\/radioplanetasaudade.com.br\/wp-content\/uploads\/2023\/10\/capture-20230607-202153.png","contentUrl":"https:\/\/radioplanetasaudade.com.br\/wp-content\/uploads\/2023\/10\/capture-20230607-202153.png","width":1350,"height":358,"caption":"R\u00e1dio Planeta Saudade"},"image":{"@id":"https:\/\/radioplanetasaudade.com.br\/#\/schema\/logo\/image\/"}},{"@type":"Person","@id":"https:\/\/radioplanetasaudade.com.br\/#\/schema\/person\/1a6f6fc0d987819324e7ed417a1a6581","name":"Planeta Saudade","image":{"@type":"ImageObject","inLanguage":"pt-BR","@id":"https:\/\/radioplanetasaudade.com.br\/#\/schema\/person\/image\/","url":"https:\/\/secure.gravatar.com\/avatar\/a893d552ce4b2abfa845a62f8434cf31?s=96&d=mm&r=g","contentUrl":"https:\/\/secure.gravatar.com\/avatar\/a893d552ce4b2abfa845a62f8434cf31?s=96&d=mm&r=g","caption":"Planeta Saudade"},"sameAs":["https:\/\/radioplanetasaudade.com.br"],"url":"https:\/\/radioplanetasaudade.com.br\/index.php\/author\/wendelsantos4567\/"}]}},"_links":{"self":[{"href":"https:\/\/radioplanetasaudade.com.br\/index.php\/wp-json\/wp\/v2\/posts\/1807","targetHints":{"allow":["GET"]}}],"collection":[{"href":"https:\/\/radioplanetasaudade.com.br\/index.php\/wp-json\/wp\/v2\/posts"}],"about":[{"href":"https:\/\/radioplanetasaudade.com.br\/index.php\/wp-json\/wp\/v2\/types\/post"}],"author":[{"embeddable":true,"href":"https:\/\/radioplanetasaudade.com.br\/index.php\/wp-json\/wp\/v2\/users\/1"}],"replies":[{"embeddable":true,"href":"https:\/\/radioplanetasaudade.com.br\/index.php\/wp-json\/wp\/v2\/comments?post=1807"}],"version-history":[{"count":1,"href":"https:\/\/radioplanetasaudade.com.br\/index.php\/wp-json\/wp\/v2\/posts\/1807\/revisions"}],"predecessor-version":[{"id":1809,"href":"https:\/\/radioplanetasaudade.com.br\/index.php\/wp-json\/wp\/v2\/posts\/1807\/revisions\/1809"}],"wp:featuredmedia":[{"embeddable":true,"href":"https:\/\/radioplanetasaudade.com.br\/index.php\/wp-json\/wp\/v2\/media\/1808"}],"wp:attachment":[{"href":"https:\/\/radioplanetasaudade.com.br\/index.php\/wp-json\/wp\/v2\/media?parent=1807"}],"wp:term":[{"taxonomy":"category","embeddable":true,"href":"https:\/\/radioplanetasaudade.com.br\/index.php\/wp-json\/wp\/v2\/categories?post=1807"},{"taxonomy":"post_tag","embeddable":true,"href":"https:\/\/radioplanetasaudade.com.br\/index.php\/wp-json\/wp\/v2\/tags?post=1807"}],"curies":[{"name":"wp","href":"https:\/\/api.w.org\/{rel}","templated":true}]}}