{"id":2304,"date":"2024-08-24T17:03:09","date_gmt":"2024-08-24T20:03:09","guid":{"rendered":"https:\/\/radioplanetasaudade.com.br\/?p=2304"},"modified":"2024-08-24T17:03:10","modified_gmt":"2024-08-24T20:03:10","slug":"essa-e-mais-uma-que-voce-ouve-na-programacao-da-radio-planeta-saudade-17","status":"publish","type":"post","link":"https:\/\/radioplanetasaudade.com.br\/index.php\/2024\/08\/24\/essa-e-mais-uma-que-voce-ouve-na-programacao-da-radio-planeta-saudade-17\/","title":{"rendered":"Essa \u00e9 mais uma que voc\u00ea ouve na programa\u00e7\u00e3o da R\u00e1dio Planeta Saudade"},"content":{"rendered":"\n<p class=\"wp-block-paragraph\">&#8220;Do You Remember?&#8221; \u00e9 uma das can\u00e7\u00f5es mais marcantes de Phil Collins, lan\u00e7ada como single em 1990.<\/p>\n\n\n\n<p class=\"wp-block-paragraph\">A can\u00e7\u00e3o \u00e9 parte do \u00e1lbum &#8220;\u2026But Seriously&#8221;, um dos \u00e1lbuns mais bem-sucedidos da carreira solo de Phil Collins, que foi lan\u00e7ado em 1989.<\/p>\n\n\n\n<figure class=\"wp-block-image aligncenter size-full\"><img fetchpriority=\"high\" decoding=\"async\" width=\"588\" height=\"577\" src=\"https:\/\/radioplanetasaudade.com.br\/wp-content\/uploads\/2024\/08\/PHIL-COLLINS.jpg\" alt=\"\" class=\"wp-image-2305\" srcset=\"https:\/\/radioplanetasaudade.com.br\/wp-content\/uploads\/2024\/08\/PHIL-COLLINS.jpg 588w, https:\/\/radioplanetasaudade.com.br\/wp-content\/uploads\/2024\/08\/PHIL-COLLINS-300x294.jpg 300w\" sizes=\"(max-width: 588px) 100vw, 588px\" \/><\/figure>\n\n\n\n<p class=\"wp-block-paragraph\">A can\u00e7\u00e3o se destaca por sua melodia suave, letras introspectivas e arranjo instrumental refinado, caracter\u00edsticas que fizeram dela um sucesso nas paradas de v\u00e1rios pa\u00edses.<\/p>\n\n\n\n<p class=\"wp-block-paragraph\"><a><\/a>Musicalmente, &#8220;Do You Remember?&#8221; \u00e9 uma balada pop-rock com uma estrutura mel\u00f3dica simples, mas envolvente.<\/p>\n\n\n\n<p class=\"wp-block-paragraph\">A m\u00fasica \u00e9 constru\u00edda em torno de uma progress\u00e3o de acordes que d\u00e1 suporte \u00e0 voz caracter\u00edstica de Phil Collins, marcada por sua emo\u00e7\u00e3o e sensibilidade.<\/p>\n\n\n\n<p class=\"wp-block-paragraph\">O uso de instrumentos ac\u00fasticos, especialmente o piano e a guitarra, contribui para o tom nost\u00e1lgico da m\u00fasica.<\/p>\n\n\n\n<p class=\"wp-block-paragraph\">Al\u00e9m disso, a percuss\u00e3o sutil e os arranjos de cordas complementam a atmosfera introspectiva, criando uma experi\u00eancia auditiva que ressoa profundamente com os ouvintes.<\/p>\n\n\n\n<p class=\"wp-block-paragraph\">As letras de &#8220;Do You Remember?&#8221; s\u00e3o um reflexo dos temas comuns explorados por Phil Collins em sua carreira solo: relacionamentos, perda e reflex\u00e3o pessoal.<\/p>\n\n\n\n<p class=\"wp-block-paragraph\">Na can\u00e7\u00e3o, ele aborda o fim de um relacionamento, questionando se a outra pessoa ainda se lembra dos bons momentos compartilhados e das promessas feitas.<\/p>\n\n\n\n<p class=\"wp-block-paragraph\">H\u00e1 um tom de melancolia e resigna\u00e7\u00e3o, mas tamb\u00e9m de aceita\u00e7\u00e3o, que \u00e9 transmitido de maneira poderosa pela entrega vocal de Collins. A repeti\u00e7\u00e3o do refr\u00e3o &#8220;Do you remember?&#8221; refor\u00e7a o sentimento de saudade e arrependimento, temas universais que encontram eco em muitos ouvintes.<\/p>\n\n\n\n<p class=\"wp-block-paragraph\">&#8220;Do You Remember?&#8221; alcan\u00e7ou grande sucesso comercial, especialmente nos Estados Unidos, onde chegou ao primeiro lugar na parada Billboard Adult Contemporary.<\/p>\n\n\n\n<p class=\"wp-block-paragraph\">Na Billboard Hot 100, a can\u00e7\u00e3o alcan\u00e7ou a quarta posi\u00e7\u00e3o, solidificando ainda mais a presen\u00e7a de Phil Collins no cen\u00e1rio musical americano.<\/p>\n\n\n\n<p class=\"wp-block-paragraph\">A can\u00e7\u00e3o tamb\u00e9m foi bem recebida em outros mercados internacionais, incluindo o Reino Unido, onde Phil Collins j\u00e1 era uma figura estabelecida tanto como artista solo quanto como membro da banda Genesis.<\/p>\n\n\n\n<p class=\"wp-block-paragraph\">Al\u00e9m de seu sucesso nas paradas, &#8220;Do You Remember?&#8221; tamb\u00e9m foi amplamente aclamada pela cr\u00edtica, que elogiou a habilidade de Phil Collins em capturar a complexidade emocional das rela\u00e7\u00f5es humanas em suas letras e m\u00fasicas.<\/p>\n\n\n\n<p class=\"wp-block-paragraph\">A can\u00e7\u00e3o se tornou um dos destaques do repert\u00f3rio ao vivo de Phil Collins, sendo frequentemente inclu\u00edda em suas turn\u00eas, onde ele a executava com a mesma intensidade emocional que a grava\u00e7\u00e3o original.<\/p>\n\n\n\n<p class=\"wp-block-paragraph\">Em resumo, &#8220;Do You Remember?&#8221; \u00e9 uma can\u00e7\u00e3o que exemplifica o talento de Phil Collins para criar baladas pop que s\u00e3o tanto acess\u00edveis quanto emocionalmente profundas.<\/p>\n\n\n\n<p class=\"wp-block-paragraph\">Seu sucesso cont\u00ednuo \u00e9 um testemunho do impacto duradouro de Phil Collins como um dos principais compositores e artistas de sua gera\u00e7\u00e3o.<\/p>\n\n\n\n<p class=\"wp-block-paragraph\">A can\u00e7\u00e3o permanece uma favorita entre os f\u00e3s e continua a ser tocada em r\u00e1dios ao redor do mundo, incluindo programas de r\u00e1dio como os da R\u00e1dio Planeta Saudade, onde \u00e9 apreciada por sua capacidade de evocar mem\u00f3rias e emo\u00e7\u00f5es nost\u00e1lgicas.<\/p>\n","protected":false},"excerpt":{"rendered":"<p>&#8220;Do You Remember?&#8221; \u00e9 uma das can\u00e7\u00f5es mais marcantes de Phil Collins, lan\u00e7ada como single&#8230;<\/p>\n","protected":false},"author":1,"featured_media":2305,"comment_status":"open","ping_status":"open","sticky":false,"template":"","format":"standard","meta":{"footnotes":""},"categories":[213],"tags":[119,118,120,121,783,117,561,562,21,116,99,544,575],"class_list":["post-2304","post","type-post","status-publish","format-standard","has-post-thumbnail","hentry","category-qual-e-a-sua-saudade","tag-anos-70","tag-anos-80","tag-anos-90","tag-baixe-nosso-app","tag-do-you-remember","tag-flashaback","tag-ouvir","tag-ouvir-radio","tag-phil-collins","tag-radio","tag-radio-planeta-saudade","tag-romance","tag-romantica"],"yoast_head":"<!-- This site is optimized with the Yoast SEO plugin v28.4 - https:\/\/yoast.com\/product\/yoast-seo-wordpress\/ -->\n<title>Essa \u00e9 mais uma que voc\u00ea ouve na programa\u00e7\u00e3o da R\u00e1dio Planeta Saudade - R\u00c1DIO PLANETA SAUDADE<\/title>\n<meta name=\"robots\" content=\"index, follow, max-snippet:-1, max-image-preview:large, max-video-preview:-1\" \/>\n<link rel=\"canonical\" href=\"https:\/\/radioplanetasaudade.com.br\/index.php\/2024\/08\/24\/essa-e-mais-uma-que-voce-ouve-na-programacao-da-radio-planeta-saudade-17\/\" \/>\n<meta property=\"og:locale\" content=\"pt_BR\" \/>\n<meta property=\"og:type\" content=\"article\" \/>\n<meta property=\"og:title\" content=\"Essa \u00e9 mais uma que voc\u00ea ouve na programa\u00e7\u00e3o da R\u00e1dio Planeta Saudade - R\u00c1DIO PLANETA SAUDADE\" \/>\n<meta property=\"og:description\" content=\"&#8220;Do You Remember?&#8221; \u00e9 uma das can\u00e7\u00f5es mais marcantes de Phil Collins, lan\u00e7ada como single...\" \/>\n<meta property=\"og:url\" content=\"https:\/\/radioplanetasaudade.com.br\/index.php\/2024\/08\/24\/essa-e-mais-uma-que-voce-ouve-na-programacao-da-radio-planeta-saudade-17\/\" \/>\n<meta property=\"og:site_name\" content=\"R\u00c1DIO PLANETA SAUDADE\" \/>\n<meta property=\"article:published_time\" content=\"2024-08-24T20:03:09+00:00\" \/>\n<meta property=\"article:modified_time\" content=\"2024-08-24T20:03:10+00:00\" \/>\n<meta property=\"og:image\" content=\"https:\/\/radioplanetasaudade.com.br\/wp-content\/uploads\/2024\/08\/PHIL-COLLINS.jpg\" \/>\n\t<meta property=\"og:image:width\" content=\"588\" \/>\n\t<meta property=\"og:image:height\" content=\"577\" \/>\n\t<meta property=\"og:image:type\" content=\"image\/jpeg\" \/>\n<meta name=\"author\" content=\"Planeta Saudade\" \/>\n<meta name=\"twitter:card\" content=\"summary_large_image\" \/>\n<meta name=\"twitter:label1\" content=\"Escrito por\" \/>\n\t<meta name=\"twitter:data1\" content=\"Planeta Saudade\" \/>\n\t<meta name=\"twitter:label2\" content=\"Est. tempo de leitura\" \/>\n\t<meta name=\"twitter:data2\" content=\"3 minutos\" \/>\n<script type=\"application\/ld+json\" class=\"yoast-schema-graph\">{\"@context\":\"https:\\\/\\\/schema.org\",\"@graph\":[{\"@type\":\"Article\",\"@id\":\"https:\\\/\\\/radioplanetasaudade.com.br\\\/index.php\\\/2024\\\/08\\\/24\\\/essa-e-mais-uma-que-voce-ouve-na-programacao-da-radio-planeta-saudade-17\\\/#article\",\"isPartOf\":{\"@id\":\"https:\\\/\\\/radioplanetasaudade.com.br\\\/index.php\\\/2024\\\/08\\\/24\\\/essa-e-mais-uma-que-voce-ouve-na-programacao-da-radio-planeta-saudade-17\\\/\"},\"author\":{\"name\":\"Planeta Saudade\",\"@id\":\"https:\\\/\\\/radioplanetasaudade.com.br\\\/#\\\/schema\\\/person\\\/1a6f6fc0d987819324e7ed417a1a6581\"},\"headline\":\"Essa \u00e9 mais uma que voc\u00ea ouve na programa\u00e7\u00e3o da R\u00e1dio Planeta Saudade\",\"datePublished\":\"2024-08-24T20:03:09+00:00\",\"dateModified\":\"2024-08-24T20:03:10+00:00\",\"mainEntityOfPage\":{\"@id\":\"https:\\\/\\\/radioplanetasaudade.com.br\\\/index.php\\\/2024\\\/08\\\/24\\\/essa-e-mais-uma-que-voce-ouve-na-programacao-da-radio-planeta-saudade-17\\\/\"},\"wordCount\":537,\"commentCount\":0,\"publisher\":{\"@id\":\"https:\\\/\\\/radioplanetasaudade.com.br\\\/#organization\"},\"image\":{\"@id\":\"https:\\\/\\\/radioplanetasaudade.com.br\\\/index.php\\\/2024\\\/08\\\/24\\\/essa-e-mais-uma-que-voce-ouve-na-programacao-da-radio-planeta-saudade-17\\\/#primaryimage\"},\"thumbnailUrl\":\"https:\\\/\\\/radioplanetasaudade.com.br\\\/wp-content\\\/uploads\\\/2024\\\/08\\\/PHIL-COLLINS.jpg\",\"keywords\":[\"Anos 70\",\"Anos 80\",\"Anos 90\",\"Baixe nosso App\",\"Do You Remember?\",\"Flashaback\",\"Ouvir\",\"Ouvir r\u00e1dio\",\"Phil Collins\",\"R\u00e1dio\",\"R\u00e1dio Planeta Saudade\",\"Romance\",\"Rom\u00e2ntica\"],\"articleSection\":[\"QUAL \u00c9 A SUA SAUDADE?\"],\"inLanguage\":\"pt-BR\",\"potentialAction\":[{\"@type\":\"CommentAction\",\"name\":\"Comment\",\"target\":[\"https:\\\/\\\/radioplanetasaudade.com.br\\\/index.php\\\/2024\\\/08\\\/24\\\/essa-e-mais-uma-que-voce-ouve-na-programacao-da-radio-planeta-saudade-17\\\/#respond\"]}]},{\"@type\":\"WebPage\",\"@id\":\"https:\\\/\\\/radioplanetasaudade.com.br\\\/index.php\\\/2024\\\/08\\\/24\\\/essa-e-mais-uma-que-voce-ouve-na-programacao-da-radio-planeta-saudade-17\\\/\",\"url\":\"https:\\\/\\\/radioplanetasaudade.com.br\\\/index.php\\\/2024\\\/08\\\/24\\\/essa-e-mais-uma-que-voce-ouve-na-programacao-da-radio-planeta-saudade-17\\\/\",\"name\":\"Essa \u00e9 mais uma que voc\u00ea ouve na programa\u00e7\u00e3o da R\u00e1dio Planeta Saudade - R\u00c1DIO PLANETA SAUDADE\",\"isPartOf\":{\"@id\":\"https:\\\/\\\/radioplanetasaudade.com.br\\\/#website\"},\"primaryImageOfPage\":{\"@id\":\"https:\\\/\\\/radioplanetasaudade.com.br\\\/index.php\\\/2024\\\/08\\\/24\\\/essa-e-mais-uma-que-voce-ouve-na-programacao-da-radio-planeta-saudade-17\\\/#primaryimage\"},\"image\":{\"@id\":\"https:\\\/\\\/radioplanetasaudade.com.br\\\/index.php\\\/2024\\\/08\\\/24\\\/essa-e-mais-uma-que-voce-ouve-na-programacao-da-radio-planeta-saudade-17\\\/#primaryimage\"},\"thumbnailUrl\":\"https:\\\/\\\/radioplanetasaudade.com.br\\\/wp-content\\\/uploads\\\/2024\\\/08\\\/PHIL-COLLINS.jpg\",\"datePublished\":\"2024-08-24T20:03:09+00:00\",\"dateModified\":\"2024-08-24T20:03:10+00:00\",\"breadcrumb\":{\"@id\":\"https:\\\/\\\/radioplanetasaudade.com.br\\\/index.php\\\/2024\\\/08\\\/24\\\/essa-e-mais-uma-que-voce-ouve-na-programacao-da-radio-planeta-saudade-17\\\/#breadcrumb\"},\"inLanguage\":\"pt-BR\",\"potentialAction\":[{\"@type\":\"ReadAction\",\"target\":[\"https:\\\/\\\/radioplanetasaudade.com.br\\\/index.php\\\/2024\\\/08\\\/24\\\/essa-e-mais-uma-que-voce-ouve-na-programacao-da-radio-planeta-saudade-17\\\/\"]}]},{\"@type\":\"ImageObject\",\"inLanguage\":\"pt-BR\",\"@id\":\"https:\\\/\\\/radioplanetasaudade.com.br\\\/index.php\\\/2024\\\/08\\\/24\\\/essa-e-mais-uma-que-voce-ouve-na-programacao-da-radio-planeta-saudade-17\\\/#primaryimage\",\"url\":\"https:\\\/\\\/radioplanetasaudade.com.br\\\/wp-content\\\/uploads\\\/2024\\\/08\\\/PHIL-COLLINS.jpg\",\"contentUrl\":\"https:\\\/\\\/radioplanetasaudade.com.br\\\/wp-content\\\/uploads\\\/2024\\\/08\\\/PHIL-COLLINS.jpg\",\"width\":588,\"height\":577},{\"@type\":\"BreadcrumbList\",\"@id\":\"https:\\\/\\\/radioplanetasaudade.com.br\\\/index.php\\\/2024\\\/08\\\/24\\\/essa-e-mais-uma-que-voce-ouve-na-programacao-da-radio-planeta-saudade-17\\\/#breadcrumb\",\"itemListElement\":[{\"@type\":\"ListItem\",\"position\":1,\"name\":\"In\u00edcio\",\"item\":\"https:\\\/\\\/radioplanetasaudade.com.br\\\/\"},{\"@type\":\"ListItem\",\"position\":2,\"name\":\"Essa \u00e9 mais uma que voc\u00ea ouve na programa\u00e7\u00e3o da R\u00e1dio Planeta Saudade\"}]},{\"@type\":\"WebSite\",\"@id\":\"https:\\\/\\\/radioplanetasaudade.com.br\\\/#website\",\"url\":\"https:\\\/\\\/radioplanetasaudade.com.br\\\/\",\"name\":\"R\u00e1dio Planeta Saudade\",\"description\":\"Relembrando grandes sucessos musicais e informando sobre os maiores artistas do mundo ou\u00e7a no seu celular.\",\"publisher\":{\"@id\":\"https:\\\/\\\/radioplanetasaudade.com.br\\\/#organization\"},\"potentialAction\":[{\"@type\":\"SearchAction\",\"target\":{\"@type\":\"EntryPoint\",\"urlTemplate\":\"https:\\\/\\\/radioplanetasaudade.com.br\\\/?s={search_term_string}\"},\"query-input\":{\"@type\":\"PropertyValueSpecification\",\"valueRequired\":true,\"valueName\":\"search_term_string\"}}],\"inLanguage\":\"pt-BR\"},{\"@type\":\"Organization\",\"@id\":\"https:\\\/\\\/radioplanetasaudade.com.br\\\/#organization\",\"name\":\"R\u00e1dio Planeta Saudade\",\"url\":\"https:\\\/\\\/radioplanetasaudade.com.br\\\/\",\"logo\":{\"@type\":\"ImageObject\",\"inLanguage\":\"pt-BR\",\"@id\":\"https:\\\/\\\/radioplanetasaudade.com.br\\\/#\\\/schema\\\/logo\\\/image\\\/\",\"url\":\"https:\\\/\\\/radioplanetasaudade.com.br\\\/wp-content\\\/uploads\\\/2023\\\/10\\\/capture-20230607-202153.png\",\"contentUrl\":\"https:\\\/\\\/radioplanetasaudade.com.br\\\/wp-content\\\/uploads\\\/2023\\\/10\\\/capture-20230607-202153.png\",\"width\":1350,\"height\":358,\"caption\":\"R\u00e1dio Planeta Saudade\"},\"image\":{\"@id\":\"https:\\\/\\\/radioplanetasaudade.com.br\\\/#\\\/schema\\\/logo\\\/image\\\/\"}},{\"@type\":\"Person\",\"@id\":\"https:\\\/\\\/radioplanetasaudade.com.br\\\/#\\\/schema\\\/person\\\/1a6f6fc0d987819324e7ed417a1a6581\",\"name\":\"Planeta Saudade\",\"image\":{\"@type\":\"ImageObject\",\"inLanguage\":\"pt-BR\",\"@id\":\"https:\\\/\\\/secure.gravatar.com\\\/avatar\\\/f81afe153fb6e9e1d38e83d127599e125ba7a0bd5cdb1f795af3d9b0af8ddeb0?s=96&d=mm&r=g\",\"url\":\"https:\\\/\\\/secure.gravatar.com\\\/avatar\\\/f81afe153fb6e9e1d38e83d127599e125ba7a0bd5cdb1f795af3d9b0af8ddeb0?s=96&d=mm&r=g\",\"contentUrl\":\"https:\\\/\\\/secure.gravatar.com\\\/avatar\\\/f81afe153fb6e9e1d38e83d127599e125ba7a0bd5cdb1f795af3d9b0af8ddeb0?s=96&d=mm&r=g\",\"caption\":\"Planeta Saudade\"},\"sameAs\":[\"https:\\\/\\\/radioplanetasaudade.com.br\"],\"url\":\"https:\\\/\\\/radioplanetasaudade.com.br\\\/index.php\\\/author\\\/wendelsantos4567\\\/\"}]}<\/script>\n<!-- \/ Yoast SEO plugin. -->","yoast_head_json":{"title":"Essa \u00e9 mais uma que voc\u00ea ouve na programa\u00e7\u00e3o da R\u00e1dio Planeta Saudade - R\u00c1DIO PLANETA SAUDADE","robots":{"index":"index","follow":"follow","max-snippet":"max-snippet:-1","max-image-preview":"max-image-preview:large","max-video-preview":"max-video-preview:-1"},"canonical":"https:\/\/radioplanetasaudade.com.br\/index.php\/2024\/08\/24\/essa-e-mais-uma-que-voce-ouve-na-programacao-da-radio-planeta-saudade-17\/","og_locale":"pt_BR","og_type":"article","og_title":"Essa \u00e9 mais uma que voc\u00ea ouve na programa\u00e7\u00e3o da R\u00e1dio Planeta Saudade - R\u00c1DIO PLANETA SAUDADE","og_description":"&#8220;Do You Remember?&#8221; \u00e9 uma das can\u00e7\u00f5es mais marcantes de Phil Collins, lan\u00e7ada como single...","og_url":"https:\/\/radioplanetasaudade.com.br\/index.php\/2024\/08\/24\/essa-e-mais-uma-que-voce-ouve-na-programacao-da-radio-planeta-saudade-17\/","og_site_name":"R\u00c1DIO PLANETA SAUDADE","article_published_time":"2024-08-24T20:03:09+00:00","article_modified_time":"2024-08-24T20:03:10+00:00","og_image":[{"width":588,"height":577,"url":"https:\/\/radioplanetasaudade.com.br\/wp-content\/uploads\/2024\/08\/PHIL-COLLINS.jpg","type":"image\/jpeg"}],"author":"Planeta Saudade","twitter_card":"summary_large_image","twitter_misc":{"Escrito por":"Planeta Saudade","Est. tempo de leitura":"3 minutos"},"schema":{"@context":"https:\/\/schema.org","@graph":[{"@type":"Article","@id":"https:\/\/radioplanetasaudade.com.br\/index.php\/2024\/08\/24\/essa-e-mais-uma-que-voce-ouve-na-programacao-da-radio-planeta-saudade-17\/#article","isPartOf":{"@id":"https:\/\/radioplanetasaudade.com.br\/index.php\/2024\/08\/24\/essa-e-mais-uma-que-voce-ouve-na-programacao-da-radio-planeta-saudade-17\/"},"author":{"name":"Planeta Saudade","@id":"https:\/\/radioplanetasaudade.com.br\/#\/schema\/person\/1a6f6fc0d987819324e7ed417a1a6581"},"headline":"Essa \u00e9 mais uma que voc\u00ea ouve na programa\u00e7\u00e3o da R\u00e1dio Planeta Saudade","datePublished":"2024-08-24T20:03:09+00:00","dateModified":"2024-08-24T20:03:10+00:00","mainEntityOfPage":{"@id":"https:\/\/radioplanetasaudade.com.br\/index.php\/2024\/08\/24\/essa-e-mais-uma-que-voce-ouve-na-programacao-da-radio-planeta-saudade-17\/"},"wordCount":537,"commentCount":0,"publisher":{"@id":"https:\/\/radioplanetasaudade.com.br\/#organization"},"image":{"@id":"https:\/\/radioplanetasaudade.com.br\/index.php\/2024\/08\/24\/essa-e-mais-uma-que-voce-ouve-na-programacao-da-radio-planeta-saudade-17\/#primaryimage"},"thumbnailUrl":"https:\/\/radioplanetasaudade.com.br\/wp-content\/uploads\/2024\/08\/PHIL-COLLINS.jpg","keywords":["Anos 70","Anos 80","Anos 90","Baixe nosso App","Do You Remember?","Flashaback","Ouvir","Ouvir r\u00e1dio","Phil Collins","R\u00e1dio","R\u00e1dio Planeta Saudade","Romance","Rom\u00e2ntica"],"articleSection":["QUAL \u00c9 A SUA SAUDADE?"],"inLanguage":"pt-BR","potentialAction":[{"@type":"CommentAction","name":"Comment","target":["https:\/\/radioplanetasaudade.com.br\/index.php\/2024\/08\/24\/essa-e-mais-uma-que-voce-ouve-na-programacao-da-radio-planeta-saudade-17\/#respond"]}]},{"@type":"WebPage","@id":"https:\/\/radioplanetasaudade.com.br\/index.php\/2024\/08\/24\/essa-e-mais-uma-que-voce-ouve-na-programacao-da-radio-planeta-saudade-17\/","url":"https:\/\/radioplanetasaudade.com.br\/index.php\/2024\/08\/24\/essa-e-mais-uma-que-voce-ouve-na-programacao-da-radio-planeta-saudade-17\/","name":"Essa \u00e9 mais uma que voc\u00ea ouve na programa\u00e7\u00e3o da R\u00e1dio Planeta Saudade - R\u00c1DIO PLANETA SAUDADE","isPartOf":{"@id":"https:\/\/radioplanetasaudade.com.br\/#website"},"primaryImageOfPage":{"@id":"https:\/\/radioplanetasaudade.com.br\/index.php\/2024\/08\/24\/essa-e-mais-uma-que-voce-ouve-na-programacao-da-radio-planeta-saudade-17\/#primaryimage"},"image":{"@id":"https:\/\/radioplanetasaudade.com.br\/index.php\/2024\/08\/24\/essa-e-mais-uma-que-voce-ouve-na-programacao-da-radio-planeta-saudade-17\/#primaryimage"},"thumbnailUrl":"https:\/\/radioplanetasaudade.com.br\/wp-content\/uploads\/2024\/08\/PHIL-COLLINS.jpg","datePublished":"2024-08-24T20:03:09+00:00","dateModified":"2024-08-24T20:03:10+00:00","breadcrumb":{"@id":"https:\/\/radioplanetasaudade.com.br\/index.php\/2024\/08\/24\/essa-e-mais-uma-que-voce-ouve-na-programacao-da-radio-planeta-saudade-17\/#breadcrumb"},"inLanguage":"pt-BR","potentialAction":[{"@type":"ReadAction","target":["https:\/\/radioplanetasaudade.com.br\/index.php\/2024\/08\/24\/essa-e-mais-uma-que-voce-ouve-na-programacao-da-radio-planeta-saudade-17\/"]}]},{"@type":"ImageObject","inLanguage":"pt-BR","@id":"https:\/\/radioplanetasaudade.com.br\/index.php\/2024\/08\/24\/essa-e-mais-uma-que-voce-ouve-na-programacao-da-radio-planeta-saudade-17\/#primaryimage","url":"https:\/\/radioplanetasaudade.com.br\/wp-content\/uploads\/2024\/08\/PHIL-COLLINS.jpg","contentUrl":"https:\/\/radioplanetasaudade.com.br\/wp-content\/uploads\/2024\/08\/PHIL-COLLINS.jpg","width":588,"height":577},{"@type":"BreadcrumbList","@id":"https:\/\/radioplanetasaudade.com.br\/index.php\/2024\/08\/24\/essa-e-mais-uma-que-voce-ouve-na-programacao-da-radio-planeta-saudade-17\/#breadcrumb","itemListElement":[{"@type":"ListItem","position":1,"name":"In\u00edcio","item":"https:\/\/radioplanetasaudade.com.br\/"},{"@type":"ListItem","position":2,"name":"Essa \u00e9 mais uma que voc\u00ea ouve na programa\u00e7\u00e3o da R\u00e1dio Planeta Saudade"}]},{"@type":"WebSite","@id":"https:\/\/radioplanetasaudade.com.br\/#website","url":"https:\/\/radioplanetasaudade.com.br\/","name":"R\u00e1dio Planeta Saudade","description":"Relembrando grandes sucessos musicais e informando sobre os maiores artistas do mundo ou\u00e7a no seu celular.","publisher":{"@id":"https:\/\/radioplanetasaudade.com.br\/#organization"},"potentialAction":[{"@type":"SearchAction","target":{"@type":"EntryPoint","urlTemplate":"https:\/\/radioplanetasaudade.com.br\/?s={search_term_string}"},"query-input":{"@type":"PropertyValueSpecification","valueRequired":true,"valueName":"search_term_string"}}],"inLanguage":"pt-BR"},{"@type":"Organization","@id":"https:\/\/radioplanetasaudade.com.br\/#organization","name":"R\u00e1dio Planeta Saudade","url":"https:\/\/radioplanetasaudade.com.br\/","logo":{"@type":"ImageObject","inLanguage":"pt-BR","@id":"https:\/\/radioplanetasaudade.com.br\/#\/schema\/logo\/image\/","url":"https:\/\/radioplanetasaudade.com.br\/wp-content\/uploads\/2023\/10\/capture-20230607-202153.png","contentUrl":"https:\/\/radioplanetasaudade.com.br\/wp-content\/uploads\/2023\/10\/capture-20230607-202153.png","width":1350,"height":358,"caption":"R\u00e1dio Planeta Saudade"},"image":{"@id":"https:\/\/radioplanetasaudade.com.br\/#\/schema\/logo\/image\/"}},{"@type":"Person","@id":"https:\/\/radioplanetasaudade.com.br\/#\/schema\/person\/1a6f6fc0d987819324e7ed417a1a6581","name":"Planeta Saudade","image":{"@type":"ImageObject","inLanguage":"pt-BR","@id":"https:\/\/secure.gravatar.com\/avatar\/f81afe153fb6e9e1d38e83d127599e125ba7a0bd5cdb1f795af3d9b0af8ddeb0?s=96&d=mm&r=g","url":"https:\/\/secure.gravatar.com\/avatar\/f81afe153fb6e9e1d38e83d127599e125ba7a0bd5cdb1f795af3d9b0af8ddeb0?s=96&d=mm&r=g","contentUrl":"https:\/\/secure.gravatar.com\/avatar\/f81afe153fb6e9e1d38e83d127599e125ba7a0bd5cdb1f795af3d9b0af8ddeb0?s=96&d=mm&r=g","caption":"Planeta Saudade"},"sameAs":["https:\/\/radioplanetasaudade.com.br"],"url":"https:\/\/radioplanetasaudade.com.br\/index.php\/author\/wendelsantos4567\/"}]}},"_links":{"self":[{"href":"https:\/\/radioplanetasaudade.com.br\/index.php\/wp-json\/wp\/v2\/posts\/2304","targetHints":{"allow":["GET"]}}],"collection":[{"href":"https:\/\/radioplanetasaudade.com.br\/index.php\/wp-json\/wp\/v2\/posts"}],"about":[{"href":"https:\/\/radioplanetasaudade.com.br\/index.php\/wp-json\/wp\/v2\/types\/post"}],"author":[{"embeddable":true,"href":"https:\/\/radioplanetasaudade.com.br\/index.php\/wp-json\/wp\/v2\/users\/1"}],"replies":[{"embeddable":true,"href":"https:\/\/radioplanetasaudade.com.br\/index.php\/wp-json\/wp\/v2\/comments?post=2304"}],"version-history":[{"count":1,"href":"https:\/\/radioplanetasaudade.com.br\/index.php\/wp-json\/wp\/v2\/posts\/2304\/revisions"}],"predecessor-version":[{"id":2306,"href":"https:\/\/radioplanetasaudade.com.br\/index.php\/wp-json\/wp\/v2\/posts\/2304\/revisions\/2306"}],"wp:featuredmedia":[{"embeddable":true,"href":"https:\/\/radioplanetasaudade.com.br\/index.php\/wp-json\/wp\/v2\/media\/2305"}],"wp:attachment":[{"href":"https:\/\/radioplanetasaudade.com.br\/index.php\/wp-json\/wp\/v2\/media?parent=2304"}],"wp:term":[{"taxonomy":"category","embeddable":true,"href":"https:\/\/radioplanetasaudade.com.br\/index.php\/wp-json\/wp\/v2\/categories?post=2304"},{"taxonomy":"post_tag","embeddable":true,"href":"https:\/\/radioplanetasaudade.com.br\/index.php\/wp-json\/wp\/v2\/tags?post=2304"}],"curies":[{"name":"wp","href":"https:\/\/api.w.org\/{rel}","templated":true}]}}