{"id":234,"date":"2023-10-29T13:30:53","date_gmt":"2023-10-29T16:30:53","guid":{"rendered":"https:\/\/radioplanetasaudade.com.br\/?p=234"},"modified":"2023-10-29T13:30:53","modified_gmt":"2023-10-29T16:30:53","slug":"duran-duran-regrava-musica-assombrosa-de-billie-eilish-para-seu-disco-de-halloween","status":"publish","type":"post","link":"https:\/\/radioplanetasaudade.com.br\/index.php\/2023\/10\/29\/duran-duran-regrava-musica-assombrosa-de-billie-eilish-para-seu-disco-de-halloween\/","title":{"rendered":"Duran Duran regrava m\u00fasica assombrosa de Billie Eilish para seu disco de Halloween"},"content":{"rendered":"\n<p class=\"wp-block-paragraph\"><strong>O \u00e1lbum\u00a0<em>Danse Macabre<\/em>\u00a0do\u00a0Duran Duran, com tema de Halloween, acabou de chegar aos servi\u00e7os de streaming.<\/strong><\/p>\n\n\n\n<p class=\"wp-block-paragraph\"><strong>No entanto, um momento muito aguardado nesse nov\u00edssimo trabalho da veterana banda brit\u00e2nica \u00e9 sua vers\u00e3o para \u201cBury A Friend\u201d, de\u00a0Billie Eilish<\/strong>.<\/p>\n\n\n\n<p class=\"wp-block-paragraph\"><strong>A can\u00e7\u00e3o original integra o \u00e1lbum de estreia de Eilish,\u00a0<em>When We All Fall Asleep, Where Do We Go?<\/em>, de 2019.\u00a0A faixa possui uma sonoridade industrial sinistra e foi escrita a partir da perspectiva do \u201cmonstro que mora debaixo da cama da cantora\u201d.<\/strong><\/p>\n\n\n\n<p class=\"wp-block-paragraph\"><strong>A m\u00fasica de Eilish se encaixou perfeitamente no tema assustador de Dia das Bruxas que o\u00a0Duran Duran\u00a0apresenta em seu novo disco,\u00a0 sem deixar de entregar\u00a0 sua pegada synth-pop inconfund\u00edvel. Confira a nova vers\u00e3o de \u201cBury A Friend\u201d<\/strong><\/p>\n\n\n\n<p class=\"wp-block-paragraph\"><strong>Para o \u00e1lbum, o grupo brit\u00e2nico tamb\u00e9m gravou\u00a0\u201cBlack Moonlight\u201d\u00a0com\u00a0Nile Rodgers\u00a0e reinterpretou o hit\u00a0\u201cPaint It Black\u201d, dos\u00a0Rolling Stones. O 16\u00ba trabalho de est\u00fadio do Duran Duran ainda incluiu na lista de convidados especiais os ex-integrantes\u00a0Warren Cuccurullo\u00a0e\u00a0Andy Taylor.<\/strong><\/p>\n","protected":false},"excerpt":{"rendered":"<p>O \u00e1lbum\u00a0Danse Macabre\u00a0do\u00a0Duran Duran, com tema de Halloween, acabou de chegar aos servi\u00e7os de streaming&#8230;.<\/p>\n","protected":false},"author":1,"featured_media":235,"comment_status":"open","ping_status":"open","sticky":false,"template":"","format":"standard","meta":{"footnotes":""},"categories":[7],"tags":[65,64,45,66,33],"class_list":["post-234","post","type-post","status-publish","format-standard","has-post-thumbnail","hentry","category-bandas","tag-andy-taylor","tag-billie-eilish","tag-duran-duran","tag-hallowen","tag-rolling-stones"],"yoast_head":"<!-- This site is optimized with the Yoast SEO plugin v28.4 - https:\/\/yoast.com\/product\/yoast-seo-wordpress\/ -->\n<title>Duran Duran regrava m\u00fasica assombrosa de Billie Eilish para seu disco de Halloween - R\u00c1DIO PLANETA SAUDADE<\/title>\n<meta name=\"robots\" content=\"index, follow, max-snippet:-1, max-image-preview:large, max-video-preview:-1\" \/>\n<link rel=\"canonical\" href=\"https:\/\/radioplanetasaudade.com.br\/index.php\/2023\/10\/29\/duran-duran-regrava-musica-assombrosa-de-billie-eilish-para-seu-disco-de-halloween\/\" \/>\n<meta property=\"og:locale\" content=\"pt_BR\" \/>\n<meta property=\"og:type\" content=\"article\" \/>\n<meta property=\"og:title\" content=\"Duran Duran regrava m\u00fasica assombrosa de Billie Eilish para seu disco de Halloween - R\u00c1DIO PLANETA SAUDADE\" \/>\n<meta property=\"og:description\" content=\"O \u00e1lbum\u00a0Danse Macabre\u00a0do\u00a0Duran Duran, com tema de Halloween, acabou de chegar aos servi\u00e7os de streaming....\" \/>\n<meta property=\"og:url\" content=\"https:\/\/radioplanetasaudade.com.br\/index.php\/2023\/10\/29\/duran-duran-regrava-musica-assombrosa-de-billie-eilish-para-seu-disco-de-halloween\/\" \/>\n<meta property=\"og:site_name\" content=\"R\u00c1DIO PLANETA SAUDADE\" \/>\n<meta property=\"article:published_time\" content=\"2023-10-29T16:30:53+00:00\" \/>\n<meta property=\"og:image\" content=\"https:\/\/radioplanetasaudade.com.br\/wp-content\/uploads\/2023\/10\/Duran-Duran-1.jpg\" \/>\n\t<meta property=\"og:image:width\" content=\"1020\" \/>\n\t<meta property=\"og:image:height\" content=\"574\" \/>\n\t<meta property=\"og:image:type\" content=\"image\/jpeg\" \/>\n<meta name=\"author\" content=\"Planeta Saudade\" \/>\n<meta name=\"twitter:card\" content=\"summary_large_image\" \/>\n<meta name=\"twitter:label1\" content=\"Escrito por\" \/>\n\t<meta name=\"twitter:data1\" content=\"Planeta Saudade\" \/>\n\t<meta name=\"twitter:label2\" content=\"Est. tempo de leitura\" \/>\n\t<meta name=\"twitter:data2\" content=\"1 minuto\" \/>\n<script type=\"application\/ld+json\" class=\"yoast-schema-graph\">{\"@context\":\"https:\\\/\\\/schema.org\",\"@graph\":[{\"@type\":\"Article\",\"@id\":\"https:\\\/\\\/radioplanetasaudade.com.br\\\/index.php\\\/2023\\\/10\\\/29\\\/duran-duran-regrava-musica-assombrosa-de-billie-eilish-para-seu-disco-de-halloween\\\/#article\",\"isPartOf\":{\"@id\":\"https:\\\/\\\/radioplanetasaudade.com.br\\\/index.php\\\/2023\\\/10\\\/29\\\/duran-duran-regrava-musica-assombrosa-de-billie-eilish-para-seu-disco-de-halloween\\\/\"},\"author\":{\"name\":\"Planeta Saudade\",\"@id\":\"https:\\\/\\\/radioplanetasaudade.com.br\\\/#\\\/schema\\\/person\\\/1a6f6fc0d987819324e7ed417a1a6581\"},\"headline\":\"Duran Duran regrava m\u00fasica assombrosa de Billie Eilish para seu disco de Halloween\",\"datePublished\":\"2023-10-29T16:30:53+00:00\",\"mainEntityOfPage\":{\"@id\":\"https:\\\/\\\/radioplanetasaudade.com.br\\\/index.php\\\/2023\\\/10\\\/29\\\/duran-duran-regrava-musica-assombrosa-de-billie-eilish-para-seu-disco-de-halloween\\\/\"},\"wordCount\":191,\"commentCount\":0,\"publisher\":{\"@id\":\"https:\\\/\\\/radioplanetasaudade.com.br\\\/#organization\"},\"image\":{\"@id\":\"https:\\\/\\\/radioplanetasaudade.com.br\\\/index.php\\\/2023\\\/10\\\/29\\\/duran-duran-regrava-musica-assombrosa-de-billie-eilish-para-seu-disco-de-halloween\\\/#primaryimage\"},\"thumbnailUrl\":\"https:\\\/\\\/radioplanetasaudade.com.br\\\/wp-content\\\/uploads\\\/2023\\\/10\\\/Duran-Duran-1.jpg\",\"keywords\":[\"Andy Taylor\",\"Billie Eilish\",\"Duran Duran\",\"Hallowen\",\"Rolling Stones\"],\"articleSection\":[\"BANDAS\"],\"inLanguage\":\"pt-BR\",\"potentialAction\":[{\"@type\":\"CommentAction\",\"name\":\"Comment\",\"target\":[\"https:\\\/\\\/radioplanetasaudade.com.br\\\/index.php\\\/2023\\\/10\\\/29\\\/duran-duran-regrava-musica-assombrosa-de-billie-eilish-para-seu-disco-de-halloween\\\/#respond\"]}]},{\"@type\":\"WebPage\",\"@id\":\"https:\\\/\\\/radioplanetasaudade.com.br\\\/index.php\\\/2023\\\/10\\\/29\\\/duran-duran-regrava-musica-assombrosa-de-billie-eilish-para-seu-disco-de-halloween\\\/\",\"url\":\"https:\\\/\\\/radioplanetasaudade.com.br\\\/index.php\\\/2023\\\/10\\\/29\\\/duran-duran-regrava-musica-assombrosa-de-billie-eilish-para-seu-disco-de-halloween\\\/\",\"name\":\"Duran Duran regrava m\u00fasica assombrosa de Billie Eilish para seu disco de Halloween - R\u00c1DIO PLANETA SAUDADE\",\"isPartOf\":{\"@id\":\"https:\\\/\\\/radioplanetasaudade.com.br\\\/#website\"},\"primaryImageOfPage\":{\"@id\":\"https:\\\/\\\/radioplanetasaudade.com.br\\\/index.php\\\/2023\\\/10\\\/29\\\/duran-duran-regrava-musica-assombrosa-de-billie-eilish-para-seu-disco-de-halloween\\\/#primaryimage\"},\"image\":{\"@id\":\"https:\\\/\\\/radioplanetasaudade.com.br\\\/index.php\\\/2023\\\/10\\\/29\\\/duran-duran-regrava-musica-assombrosa-de-billie-eilish-para-seu-disco-de-halloween\\\/#primaryimage\"},\"thumbnailUrl\":\"https:\\\/\\\/radioplanetasaudade.com.br\\\/wp-content\\\/uploads\\\/2023\\\/10\\\/Duran-Duran-1.jpg\",\"datePublished\":\"2023-10-29T16:30:53+00:00\",\"breadcrumb\":{\"@id\":\"https:\\\/\\\/radioplanetasaudade.com.br\\\/index.php\\\/2023\\\/10\\\/29\\\/duran-duran-regrava-musica-assombrosa-de-billie-eilish-para-seu-disco-de-halloween\\\/#breadcrumb\"},\"inLanguage\":\"pt-BR\",\"potentialAction\":[{\"@type\":\"ReadAction\",\"target\":[\"https:\\\/\\\/radioplanetasaudade.com.br\\\/index.php\\\/2023\\\/10\\\/29\\\/duran-duran-regrava-musica-assombrosa-de-billie-eilish-para-seu-disco-de-halloween\\\/\"]}]},{\"@type\":\"ImageObject\",\"inLanguage\":\"pt-BR\",\"@id\":\"https:\\\/\\\/radioplanetasaudade.com.br\\\/index.php\\\/2023\\\/10\\\/29\\\/duran-duran-regrava-musica-assombrosa-de-billie-eilish-para-seu-disco-de-halloween\\\/#primaryimage\",\"url\":\"https:\\\/\\\/radioplanetasaudade.com.br\\\/wp-content\\\/uploads\\\/2023\\\/10\\\/Duran-Duran-1.jpg\",\"contentUrl\":\"https:\\\/\\\/radioplanetasaudade.com.br\\\/wp-content\\\/uploads\\\/2023\\\/10\\\/Duran-Duran-1.jpg\",\"width\":1020,\"height\":574},{\"@type\":\"BreadcrumbList\",\"@id\":\"https:\\\/\\\/radioplanetasaudade.com.br\\\/index.php\\\/2023\\\/10\\\/29\\\/duran-duran-regrava-musica-assombrosa-de-billie-eilish-para-seu-disco-de-halloween\\\/#breadcrumb\",\"itemListElement\":[{\"@type\":\"ListItem\",\"position\":1,\"name\":\"In\u00edcio\",\"item\":\"https:\\\/\\\/radioplanetasaudade.com.br\\\/\"},{\"@type\":\"ListItem\",\"position\":2,\"name\":\"Duran Duran regrava m\u00fasica assombrosa de Billie Eilish para seu disco de Halloween\"}]},{\"@type\":\"WebSite\",\"@id\":\"https:\\\/\\\/radioplanetasaudade.com.br\\\/#website\",\"url\":\"https:\\\/\\\/radioplanetasaudade.com.br\\\/\",\"name\":\"R\u00e1dio Planeta Saudade\",\"description\":\"Relembrando grandes sucessos musicais e informando sobre os maiores artistas do mundo ou\u00e7a no seu celular.\",\"publisher\":{\"@id\":\"https:\\\/\\\/radioplanetasaudade.com.br\\\/#organization\"},\"potentialAction\":[{\"@type\":\"SearchAction\",\"target\":{\"@type\":\"EntryPoint\",\"urlTemplate\":\"https:\\\/\\\/radioplanetasaudade.com.br\\\/?s={search_term_string}\"},\"query-input\":{\"@type\":\"PropertyValueSpecification\",\"valueRequired\":true,\"valueName\":\"search_term_string\"}}],\"inLanguage\":\"pt-BR\"},{\"@type\":\"Organization\",\"@id\":\"https:\\\/\\\/radioplanetasaudade.com.br\\\/#organization\",\"name\":\"R\u00e1dio Planeta Saudade\",\"url\":\"https:\\\/\\\/radioplanetasaudade.com.br\\\/\",\"logo\":{\"@type\":\"ImageObject\",\"inLanguage\":\"pt-BR\",\"@id\":\"https:\\\/\\\/radioplanetasaudade.com.br\\\/#\\\/schema\\\/logo\\\/image\\\/\",\"url\":\"https:\\\/\\\/radioplanetasaudade.com.br\\\/wp-content\\\/uploads\\\/2023\\\/10\\\/capture-20230607-202153.png\",\"contentUrl\":\"https:\\\/\\\/radioplanetasaudade.com.br\\\/wp-content\\\/uploads\\\/2023\\\/10\\\/capture-20230607-202153.png\",\"width\":1350,\"height\":358,\"caption\":\"R\u00e1dio Planeta Saudade\"},\"image\":{\"@id\":\"https:\\\/\\\/radioplanetasaudade.com.br\\\/#\\\/schema\\\/logo\\\/image\\\/\"}},{\"@type\":\"Person\",\"@id\":\"https:\\\/\\\/radioplanetasaudade.com.br\\\/#\\\/schema\\\/person\\\/1a6f6fc0d987819324e7ed417a1a6581\",\"name\":\"Planeta Saudade\",\"image\":{\"@type\":\"ImageObject\",\"inLanguage\":\"pt-BR\",\"@id\":\"https:\\\/\\\/secure.gravatar.com\\\/avatar\\\/f81afe153fb6e9e1d38e83d127599e125ba7a0bd5cdb1f795af3d9b0af8ddeb0?s=96&d=mm&r=g\",\"url\":\"https:\\\/\\\/secure.gravatar.com\\\/avatar\\\/f81afe153fb6e9e1d38e83d127599e125ba7a0bd5cdb1f795af3d9b0af8ddeb0?s=96&d=mm&r=g\",\"contentUrl\":\"https:\\\/\\\/secure.gravatar.com\\\/avatar\\\/f81afe153fb6e9e1d38e83d127599e125ba7a0bd5cdb1f795af3d9b0af8ddeb0?s=96&d=mm&r=g\",\"caption\":\"Planeta Saudade\"},\"sameAs\":[\"https:\\\/\\\/radioplanetasaudade.com.br\"],\"url\":\"https:\\\/\\\/radioplanetasaudade.com.br\\\/index.php\\\/author\\\/wendelsantos4567\\\/\"}]}<\/script>\n<!-- \/ Yoast SEO plugin. -->","yoast_head_json":{"title":"Duran Duran regrava m\u00fasica assombrosa de Billie Eilish para seu disco de Halloween - R\u00c1DIO PLANETA SAUDADE","robots":{"index":"index","follow":"follow","max-snippet":"max-snippet:-1","max-image-preview":"max-image-preview:large","max-video-preview":"max-video-preview:-1"},"canonical":"https:\/\/radioplanetasaudade.com.br\/index.php\/2023\/10\/29\/duran-duran-regrava-musica-assombrosa-de-billie-eilish-para-seu-disco-de-halloween\/","og_locale":"pt_BR","og_type":"article","og_title":"Duran Duran regrava m\u00fasica assombrosa de Billie Eilish para seu disco de Halloween - R\u00c1DIO PLANETA SAUDADE","og_description":"O \u00e1lbum\u00a0Danse Macabre\u00a0do\u00a0Duran Duran, com tema de Halloween, acabou de chegar aos servi\u00e7os de streaming....","og_url":"https:\/\/radioplanetasaudade.com.br\/index.php\/2023\/10\/29\/duran-duran-regrava-musica-assombrosa-de-billie-eilish-para-seu-disco-de-halloween\/","og_site_name":"R\u00c1DIO PLANETA SAUDADE","article_published_time":"2023-10-29T16:30:53+00:00","og_image":[{"width":1020,"height":574,"url":"https:\/\/radioplanetasaudade.com.br\/wp-content\/uploads\/2023\/10\/Duran-Duran-1.jpg","type":"image\/jpeg"}],"author":"Planeta Saudade","twitter_card":"summary_large_image","twitter_misc":{"Escrito por":"Planeta Saudade","Est. tempo de leitura":"1 minuto"},"schema":{"@context":"https:\/\/schema.org","@graph":[{"@type":"Article","@id":"https:\/\/radioplanetasaudade.com.br\/index.php\/2023\/10\/29\/duran-duran-regrava-musica-assombrosa-de-billie-eilish-para-seu-disco-de-halloween\/#article","isPartOf":{"@id":"https:\/\/radioplanetasaudade.com.br\/index.php\/2023\/10\/29\/duran-duran-regrava-musica-assombrosa-de-billie-eilish-para-seu-disco-de-halloween\/"},"author":{"name":"Planeta Saudade","@id":"https:\/\/radioplanetasaudade.com.br\/#\/schema\/person\/1a6f6fc0d987819324e7ed417a1a6581"},"headline":"Duran Duran regrava m\u00fasica assombrosa de Billie Eilish para seu disco de Halloween","datePublished":"2023-10-29T16:30:53+00:00","mainEntityOfPage":{"@id":"https:\/\/radioplanetasaudade.com.br\/index.php\/2023\/10\/29\/duran-duran-regrava-musica-assombrosa-de-billie-eilish-para-seu-disco-de-halloween\/"},"wordCount":191,"commentCount":0,"publisher":{"@id":"https:\/\/radioplanetasaudade.com.br\/#organization"},"image":{"@id":"https:\/\/radioplanetasaudade.com.br\/index.php\/2023\/10\/29\/duran-duran-regrava-musica-assombrosa-de-billie-eilish-para-seu-disco-de-halloween\/#primaryimage"},"thumbnailUrl":"https:\/\/radioplanetasaudade.com.br\/wp-content\/uploads\/2023\/10\/Duran-Duran-1.jpg","keywords":["Andy Taylor","Billie Eilish","Duran Duran","Hallowen","Rolling Stones"],"articleSection":["BANDAS"],"inLanguage":"pt-BR","potentialAction":[{"@type":"CommentAction","name":"Comment","target":["https:\/\/radioplanetasaudade.com.br\/index.php\/2023\/10\/29\/duran-duran-regrava-musica-assombrosa-de-billie-eilish-para-seu-disco-de-halloween\/#respond"]}]},{"@type":"WebPage","@id":"https:\/\/radioplanetasaudade.com.br\/index.php\/2023\/10\/29\/duran-duran-regrava-musica-assombrosa-de-billie-eilish-para-seu-disco-de-halloween\/","url":"https:\/\/radioplanetasaudade.com.br\/index.php\/2023\/10\/29\/duran-duran-regrava-musica-assombrosa-de-billie-eilish-para-seu-disco-de-halloween\/","name":"Duran Duran regrava m\u00fasica assombrosa de Billie Eilish para seu disco de Halloween - R\u00c1DIO PLANETA SAUDADE","isPartOf":{"@id":"https:\/\/radioplanetasaudade.com.br\/#website"},"primaryImageOfPage":{"@id":"https:\/\/radioplanetasaudade.com.br\/index.php\/2023\/10\/29\/duran-duran-regrava-musica-assombrosa-de-billie-eilish-para-seu-disco-de-halloween\/#primaryimage"},"image":{"@id":"https:\/\/radioplanetasaudade.com.br\/index.php\/2023\/10\/29\/duran-duran-regrava-musica-assombrosa-de-billie-eilish-para-seu-disco-de-halloween\/#primaryimage"},"thumbnailUrl":"https:\/\/radioplanetasaudade.com.br\/wp-content\/uploads\/2023\/10\/Duran-Duran-1.jpg","datePublished":"2023-10-29T16:30:53+00:00","breadcrumb":{"@id":"https:\/\/radioplanetasaudade.com.br\/index.php\/2023\/10\/29\/duran-duran-regrava-musica-assombrosa-de-billie-eilish-para-seu-disco-de-halloween\/#breadcrumb"},"inLanguage":"pt-BR","potentialAction":[{"@type":"ReadAction","target":["https:\/\/radioplanetasaudade.com.br\/index.php\/2023\/10\/29\/duran-duran-regrava-musica-assombrosa-de-billie-eilish-para-seu-disco-de-halloween\/"]}]},{"@type":"ImageObject","inLanguage":"pt-BR","@id":"https:\/\/radioplanetasaudade.com.br\/index.php\/2023\/10\/29\/duran-duran-regrava-musica-assombrosa-de-billie-eilish-para-seu-disco-de-halloween\/#primaryimage","url":"https:\/\/radioplanetasaudade.com.br\/wp-content\/uploads\/2023\/10\/Duran-Duran-1.jpg","contentUrl":"https:\/\/radioplanetasaudade.com.br\/wp-content\/uploads\/2023\/10\/Duran-Duran-1.jpg","width":1020,"height":574},{"@type":"BreadcrumbList","@id":"https:\/\/radioplanetasaudade.com.br\/index.php\/2023\/10\/29\/duran-duran-regrava-musica-assombrosa-de-billie-eilish-para-seu-disco-de-halloween\/#breadcrumb","itemListElement":[{"@type":"ListItem","position":1,"name":"In\u00edcio","item":"https:\/\/radioplanetasaudade.com.br\/"},{"@type":"ListItem","position":2,"name":"Duran Duran regrava m\u00fasica assombrosa de Billie Eilish para seu disco de Halloween"}]},{"@type":"WebSite","@id":"https:\/\/radioplanetasaudade.com.br\/#website","url":"https:\/\/radioplanetasaudade.com.br\/","name":"R\u00e1dio Planeta Saudade","description":"Relembrando grandes sucessos musicais e informando sobre os maiores artistas do mundo ou\u00e7a no seu celular.","publisher":{"@id":"https:\/\/radioplanetasaudade.com.br\/#organization"},"potentialAction":[{"@type":"SearchAction","target":{"@type":"EntryPoint","urlTemplate":"https:\/\/radioplanetasaudade.com.br\/?s={search_term_string}"},"query-input":{"@type":"PropertyValueSpecification","valueRequired":true,"valueName":"search_term_string"}}],"inLanguage":"pt-BR"},{"@type":"Organization","@id":"https:\/\/radioplanetasaudade.com.br\/#organization","name":"R\u00e1dio Planeta Saudade","url":"https:\/\/radioplanetasaudade.com.br\/","logo":{"@type":"ImageObject","inLanguage":"pt-BR","@id":"https:\/\/radioplanetasaudade.com.br\/#\/schema\/logo\/image\/","url":"https:\/\/radioplanetasaudade.com.br\/wp-content\/uploads\/2023\/10\/capture-20230607-202153.png","contentUrl":"https:\/\/radioplanetasaudade.com.br\/wp-content\/uploads\/2023\/10\/capture-20230607-202153.png","width":1350,"height":358,"caption":"R\u00e1dio Planeta Saudade"},"image":{"@id":"https:\/\/radioplanetasaudade.com.br\/#\/schema\/logo\/image\/"}},{"@type":"Person","@id":"https:\/\/radioplanetasaudade.com.br\/#\/schema\/person\/1a6f6fc0d987819324e7ed417a1a6581","name":"Planeta Saudade","image":{"@type":"ImageObject","inLanguage":"pt-BR","@id":"https:\/\/secure.gravatar.com\/avatar\/f81afe153fb6e9e1d38e83d127599e125ba7a0bd5cdb1f795af3d9b0af8ddeb0?s=96&d=mm&r=g","url":"https:\/\/secure.gravatar.com\/avatar\/f81afe153fb6e9e1d38e83d127599e125ba7a0bd5cdb1f795af3d9b0af8ddeb0?s=96&d=mm&r=g","contentUrl":"https:\/\/secure.gravatar.com\/avatar\/f81afe153fb6e9e1d38e83d127599e125ba7a0bd5cdb1f795af3d9b0af8ddeb0?s=96&d=mm&r=g","caption":"Planeta Saudade"},"sameAs":["https:\/\/radioplanetasaudade.com.br"],"url":"https:\/\/radioplanetasaudade.com.br\/index.php\/author\/wendelsantos4567\/"}]}},"_links":{"self":[{"href":"https:\/\/radioplanetasaudade.com.br\/index.php\/wp-json\/wp\/v2\/posts\/234","targetHints":{"allow":["GET"]}}],"collection":[{"href":"https:\/\/radioplanetasaudade.com.br\/index.php\/wp-json\/wp\/v2\/posts"}],"about":[{"href":"https:\/\/radioplanetasaudade.com.br\/index.php\/wp-json\/wp\/v2\/types\/post"}],"author":[{"embeddable":true,"href":"https:\/\/radioplanetasaudade.com.br\/index.php\/wp-json\/wp\/v2\/users\/1"}],"replies":[{"embeddable":true,"href":"https:\/\/radioplanetasaudade.com.br\/index.php\/wp-json\/wp\/v2\/comments?post=234"}],"version-history":[{"count":1,"href":"https:\/\/radioplanetasaudade.com.br\/index.php\/wp-json\/wp\/v2\/posts\/234\/revisions"}],"predecessor-version":[{"id":236,"href":"https:\/\/radioplanetasaudade.com.br\/index.php\/wp-json\/wp\/v2\/posts\/234\/revisions\/236"}],"wp:featuredmedia":[{"embeddable":true,"href":"https:\/\/radioplanetasaudade.com.br\/index.php\/wp-json\/wp\/v2\/media\/235"}],"wp:attachment":[{"href":"https:\/\/radioplanetasaudade.com.br\/index.php\/wp-json\/wp\/v2\/media?parent=234"}],"wp:term":[{"taxonomy":"category","embeddable":true,"href":"https:\/\/radioplanetasaudade.com.br\/index.php\/wp-json\/wp\/v2\/categories?post=234"},{"taxonomy":"post_tag","embeddable":true,"href":"https:\/\/radioplanetasaudade.com.br\/index.php\/wp-json\/wp\/v2\/tags?post=234"}],"curies":[{"name":"wp","href":"https:\/\/api.w.org\/{rel}","templated":true}]}}