{"id":2652,"date":"2024-10-03T19:30:49","date_gmt":"2024-10-03T22:30:49","guid":{"rendered":"https:\/\/radioplanetasaudade.com.br\/?p=2652"},"modified":"2024-10-03T19:30:51","modified_gmt":"2024-10-03T22:30:51","slug":"meu-vocalista-favorito-10","status":"publish","type":"post","link":"https:\/\/radioplanetasaudade.com.br\/index.php\/2024\/10\/03\/meu-vocalista-favorito-10\/","title":{"rendered":"&#8220;Meu Vocalista Favorito&#8221;"},"content":{"rendered":"\n<p>Benjamin Orr, nascido Benjamin Orzechowski em 8 de setembro de 1947, foi um m\u00fasico norte-americano conhecido principalmente como baixista e vocalista da banda de rock The Cars, uma das mais influentes do final dos anos 1970 e 1980.<\/p>\n\n\n<div class=\"wp-block-image\">\n<figure class=\"aligncenter size-full\"><img fetchpriority=\"high\" decoding=\"async\" width=\"598\" height=\"596\" src=\"https:\/\/radioplanetasaudade.com.br\/wp-content\/uploads\/2024\/10\/BENJAMINN-ORR.png\" alt=\"\" class=\"wp-image-2653\" srcset=\"https:\/\/radioplanetasaudade.com.br\/wp-content\/uploads\/2024\/10\/BENJAMINN-ORR.png 598w, https:\/\/radioplanetasaudade.com.br\/wp-content\/uploads\/2024\/10\/BENJAMINN-ORR-300x300.png 300w, https:\/\/radioplanetasaudade.com.br\/wp-content\/uploads\/2024\/10\/BENJAMINN-ORR-150x150.png 150w\" sizes=\"(max-width: 598px) 100vw, 598px\" \/><\/figure><\/div>\n\n\n<p><a><\/a>Crescendo em Lakewood, Ohio, Benjamin Orr demonstrou interesse pela m\u00fasica desde cedo, aprendendo a tocar guitarra, baixo e bateria.<\/p>\n\n\n\n<p>Ele come\u00e7ou sua carreira musical em bandas locais, como The Grasshoppers, antes de se mudar para Boston, onde encontraria o companheiro de banda e cofundador dos The Cars, Ric Ocasek.<\/p>\n\n\n\n<p>Benjamin Orr e Rick Ocasek formaram The Cars em 1976, juntando-se a outros m\u00fasicos talentosos e criando um som que misturava rock, pop, new wave e elementos eletr\u00f4nicos, algo inovador para a \u00e9poca.<\/p>\n\n\n\n<p>Embora Ric Ocasek fosse o principal compositor, Benjamin Orr desempenhou um papel fundamental como o segundo vocalista da banda, al\u00e9m de seu trabalho no baixo.<\/p>\n\n\n\n<p>Sua voz suave e mel\u00f3dica tornou-se ic\u00f4nica em algumas das can\u00e7\u00f5es mais memor\u00e1veis dos The Cars.<\/p>\n\n\n\n<p>O maior sucesso de Benjamin Orr como vocalista veio com a can\u00e7\u00e3o &#8220;Drive&#8221;, lan\u00e7ada em 1984, que se tornou um hit mundial e um dos maiores sucessos da banda.<\/p>\n\n\n\n<p>A balada suave, que mostrava sua habilidade vocal, atingiu o terceiro lugar nas paradas da Billboard Hot 100 nos EUA e se tornou um hino global, inclusive sendo tocada no hist\u00f3rico concerto beneficente Live Aid em 1985.<\/p>\n\n\n\n<p>Outras can\u00e7\u00f5es dos The Cars nas quais ele se destacou como vocalista incluem &#8220;Just What I Needed&#8221; e &#8220;Let&#8217;s Go&#8221;.<\/p>\n\n\n\n<p>Al\u00e9m de seu trabalho com The Cars, Benjamin Orr lan\u00e7ou um \u00e1lbum solo em 1986, intitulado The Lace, que gerou o hit &#8220;Stay the Night&#8221;.<\/p>\n\n\n\n<p>Embora o \u00e1lbum n\u00e3o tenha tido o mesmo sucesso comercial da banda, ele mostrou a versatilidade de Benjamin Orr como artista solo e solidificou sua reputa\u00e7\u00e3o como talentoso vocalista.<\/p>\n\n\n\n<p>Os The Cars se separaram em 1988, mas sua m\u00fasica continuou a influenciar gera\u00e7\u00f5es futuras, e Benjamin Orr seguiu com sua carreira solo at\u00e9 sua morte prematura.<\/p>\n\n\n\n<p>Em 2000, Benjamin Orr foi diagnosticado com c\u00e2ncer pancre\u00e1tico. Mesmo debilitado pela doen\u00e7a, ele continuou a tocar com a banda Big People at\u00e9 pouco antes de sua morte em 3 de outubro de 2000, aos 53 anos.<\/p>\n\n\n\n<p>A contribui\u00e7\u00e3o de Benjamin Orr para o rock, tanto como membro dos The Cars quanto em sua carreira solo, continua a ser lembrada. Sua voz distinta e presen\u00e7a marcante no palco deixaram um legado duradouro no cen\u00e1rio musical.<\/p>\n","protected":false},"excerpt":{"rendered":"<p>Benjamin Orr, nascido Benjamin Orzechowski em 8 de setembro de 1947, foi um m\u00fasico norte-americano&#8230;<\/p>\n","protected":false},"author":1,"featured_media":2653,"comment_status":"open","ping_status":"open","sticky":false,"template":"","format":"standard","meta":{"footnotes":""},"categories":[752],"tags":[119,118,120,121,972,328,117,561,562,116,99,327],"class_list":["post-2652","post","type-post","status-publish","format-standard","has-post-thumbnail","hentry","category-meu-vocalista-favorito","tag-anos-70","tag-anos-80","tag-anos-90","tag-baixe-nosso-app","tag-benjamin-orr","tag-drive","tag-flashaback","tag-ouvir","tag-ouvir-radio","tag-radio","tag-radio-planeta-saudade","tag-the-cars"],"yoast_head":"<!-- This site is optimized with the Yoast SEO plugin v21.3 - https:\/\/yoast.com\/wordpress\/plugins\/seo\/ -->\n<title>&quot;Meu Vocalista Favorito&quot; - R\u00c1DIO PLANETA SAUDADE<\/title>\n<meta name=\"robots\" content=\"index, follow, max-snippet:-1, max-image-preview:large, max-video-preview:-1\" \/>\n<link rel=\"canonical\" href=\"https:\/\/radioplanetasaudade.com.br\/index.php\/2024\/10\/03\/meu-vocalista-favorito-10\/\" \/>\n<meta property=\"og:locale\" content=\"pt_BR\" \/>\n<meta property=\"og:type\" content=\"article\" \/>\n<meta property=\"og:title\" content=\"&quot;Meu Vocalista Favorito&quot; - R\u00c1DIO PLANETA SAUDADE\" \/>\n<meta property=\"og:description\" content=\"Benjamin Orr, nascido Benjamin Orzechowski em 8 de setembro de 1947, foi um m\u00fasico norte-americano...\" \/>\n<meta property=\"og:url\" content=\"https:\/\/radioplanetasaudade.com.br\/index.php\/2024\/10\/03\/meu-vocalista-favorito-10\/\" \/>\n<meta property=\"og:site_name\" content=\"R\u00c1DIO PLANETA SAUDADE\" \/>\n<meta property=\"article:published_time\" content=\"2024-10-03T22:30:49+00:00\" \/>\n<meta property=\"article:modified_time\" content=\"2024-10-03T22:30:51+00:00\" \/>\n<meta property=\"og:image\" content=\"https:\/\/radioplanetasaudade.com.br\/wp-content\/uploads\/2024\/10\/BENJAMINN-ORR.png\" \/>\n\t<meta property=\"og:image:width\" content=\"598\" \/>\n\t<meta property=\"og:image:height\" content=\"596\" \/>\n\t<meta property=\"og:image:type\" content=\"image\/png\" \/>\n<meta name=\"author\" content=\"Planeta Saudade\" \/>\n<meta name=\"twitter:card\" content=\"summary_large_image\" \/>\n<meta name=\"twitter:label1\" content=\"Escrito por\" \/>\n\t<meta name=\"twitter:data1\" content=\"Planeta Saudade\" \/>\n\t<meta name=\"twitter:label2\" content=\"Est. tempo de leitura\" \/>\n\t<meta name=\"twitter:data2\" content=\"3 minutos\" \/>\n<script type=\"application\/ld+json\" class=\"yoast-schema-graph\">{\"@context\":\"https:\/\/schema.org\",\"@graph\":[{\"@type\":\"Article\",\"@id\":\"https:\/\/radioplanetasaudade.com.br\/index.php\/2024\/10\/03\/meu-vocalista-favorito-10\/#article\",\"isPartOf\":{\"@id\":\"https:\/\/radioplanetasaudade.com.br\/index.php\/2024\/10\/03\/meu-vocalista-favorito-10\/\"},\"author\":{\"name\":\"Planeta Saudade\",\"@id\":\"https:\/\/radioplanetasaudade.com.br\/#\/schema\/person\/1a6f6fc0d987819324e7ed417a1a6581\"},\"headline\":\"&#8220;Meu Vocalista Favorito&#8221;\",\"datePublished\":\"2024-10-03T22:30:49+00:00\",\"dateModified\":\"2024-10-03T22:30:51+00:00\",\"mainEntityOfPage\":{\"@id\":\"https:\/\/radioplanetasaudade.com.br\/index.php\/2024\/10\/03\/meu-vocalista-favorito-10\/\"},\"wordCount\":419,\"commentCount\":0,\"publisher\":{\"@id\":\"https:\/\/radioplanetasaudade.com.br\/#organization\"},\"keywords\":[\"Anos 70\",\"Anos 80\",\"Anos 90\",\"Baixe nosso App\",\"Benjamin Orr\",\"Drive\",\"Flashaback\",\"Ouvir\",\"Ouvir r\u00e1dio\",\"R\u00e1dio\",\"R\u00e1dio Planeta Saudade\",\"The Cars\"],\"articleSection\":[\"MEU VOCALISTA FAVORITO\"],\"inLanguage\":\"pt-BR\",\"potentialAction\":[{\"@type\":\"CommentAction\",\"name\":\"Comment\",\"target\":[\"https:\/\/radioplanetasaudade.com.br\/index.php\/2024\/10\/03\/meu-vocalista-favorito-10\/#respond\"]}]},{\"@type\":\"WebPage\",\"@id\":\"https:\/\/radioplanetasaudade.com.br\/index.php\/2024\/10\/03\/meu-vocalista-favorito-10\/\",\"url\":\"https:\/\/radioplanetasaudade.com.br\/index.php\/2024\/10\/03\/meu-vocalista-favorito-10\/\",\"name\":\"\\\"Meu Vocalista Favorito\\\" - R\u00c1DIO PLANETA SAUDADE\",\"isPartOf\":{\"@id\":\"https:\/\/radioplanetasaudade.com.br\/#website\"},\"datePublished\":\"2024-10-03T22:30:49+00:00\",\"dateModified\":\"2024-10-03T22:30:51+00:00\",\"breadcrumb\":{\"@id\":\"https:\/\/radioplanetasaudade.com.br\/index.php\/2024\/10\/03\/meu-vocalista-favorito-10\/#breadcrumb\"},\"inLanguage\":\"pt-BR\",\"potentialAction\":[{\"@type\":\"ReadAction\",\"target\":[\"https:\/\/radioplanetasaudade.com.br\/index.php\/2024\/10\/03\/meu-vocalista-favorito-10\/\"]}]},{\"@type\":\"BreadcrumbList\",\"@id\":\"https:\/\/radioplanetasaudade.com.br\/index.php\/2024\/10\/03\/meu-vocalista-favorito-10\/#breadcrumb\",\"itemListElement\":[{\"@type\":\"ListItem\",\"position\":1,\"name\":\"In\u00edcio\",\"item\":\"https:\/\/radioplanetasaudade.com.br\/\"},{\"@type\":\"ListItem\",\"position\":2,\"name\":\"&#8220;Meu Vocalista Favorito&#8221;\"}]},{\"@type\":\"WebSite\",\"@id\":\"https:\/\/radioplanetasaudade.com.br\/#website\",\"url\":\"https:\/\/radioplanetasaudade.com.br\/\",\"name\":\"R\u00e1dio Planeta Saudade\",\"description\":\"Relembrando grandes sucessos musicais e informando sobre os maiores artistas do mundo ou\u00e7a no seu celular.\",\"publisher\":{\"@id\":\"https:\/\/radioplanetasaudade.com.br\/#organization\"},\"potentialAction\":[{\"@type\":\"SearchAction\",\"target\":{\"@type\":\"EntryPoint\",\"urlTemplate\":\"https:\/\/radioplanetasaudade.com.br\/?s={search_term_string}\"},\"query-input\":\"required name=search_term_string\"}],\"inLanguage\":\"pt-BR\"},{\"@type\":\"Organization\",\"@id\":\"https:\/\/radioplanetasaudade.com.br\/#organization\",\"name\":\"R\u00e1dio Planeta Saudade\",\"url\":\"https:\/\/radioplanetasaudade.com.br\/\",\"logo\":{\"@type\":\"ImageObject\",\"inLanguage\":\"pt-BR\",\"@id\":\"https:\/\/radioplanetasaudade.com.br\/#\/schema\/logo\/image\/\",\"url\":\"https:\/\/radioplanetasaudade.com.br\/wp-content\/uploads\/2023\/10\/capture-20230607-202153.png\",\"contentUrl\":\"https:\/\/radioplanetasaudade.com.br\/wp-content\/uploads\/2023\/10\/capture-20230607-202153.png\",\"width\":1350,\"height\":358,\"caption\":\"R\u00e1dio Planeta Saudade\"},\"image\":{\"@id\":\"https:\/\/radioplanetasaudade.com.br\/#\/schema\/logo\/image\/\"}},{\"@type\":\"Person\",\"@id\":\"https:\/\/radioplanetasaudade.com.br\/#\/schema\/person\/1a6f6fc0d987819324e7ed417a1a6581\",\"name\":\"Planeta Saudade\",\"image\":{\"@type\":\"ImageObject\",\"inLanguage\":\"pt-BR\",\"@id\":\"https:\/\/radioplanetasaudade.com.br\/#\/schema\/person\/image\/\",\"url\":\"https:\/\/secure.gravatar.com\/avatar\/a893d552ce4b2abfa845a62f8434cf31?s=96&d=mm&r=g\",\"contentUrl\":\"https:\/\/secure.gravatar.com\/avatar\/a893d552ce4b2abfa845a62f8434cf31?s=96&d=mm&r=g\",\"caption\":\"Planeta Saudade\"},\"sameAs\":[\"https:\/\/radioplanetasaudade.com.br\"],\"url\":\"https:\/\/radioplanetasaudade.com.br\/index.php\/author\/wendelsantos4567\/\"}]}<\/script>\n<!-- \/ Yoast SEO plugin. -->","yoast_head_json":{"title":"\"Meu Vocalista Favorito\" - R\u00c1DIO PLANETA SAUDADE","robots":{"index":"index","follow":"follow","max-snippet":"max-snippet:-1","max-image-preview":"max-image-preview:large","max-video-preview":"max-video-preview:-1"},"canonical":"https:\/\/radioplanetasaudade.com.br\/index.php\/2024\/10\/03\/meu-vocalista-favorito-10\/","og_locale":"pt_BR","og_type":"article","og_title":"\"Meu Vocalista Favorito\" - R\u00c1DIO PLANETA SAUDADE","og_description":"Benjamin Orr, nascido Benjamin Orzechowski em 8 de setembro de 1947, foi um m\u00fasico norte-americano...","og_url":"https:\/\/radioplanetasaudade.com.br\/index.php\/2024\/10\/03\/meu-vocalista-favorito-10\/","og_site_name":"R\u00c1DIO PLANETA SAUDADE","article_published_time":"2024-10-03T22:30:49+00:00","article_modified_time":"2024-10-03T22:30:51+00:00","og_image":[{"width":598,"height":596,"url":"https:\/\/radioplanetasaudade.com.br\/wp-content\/uploads\/2024\/10\/BENJAMINN-ORR.png","type":"image\/png"}],"author":"Planeta Saudade","twitter_card":"summary_large_image","twitter_misc":{"Escrito por":"Planeta Saudade","Est. tempo de leitura":"3 minutos"},"schema":{"@context":"https:\/\/schema.org","@graph":[{"@type":"Article","@id":"https:\/\/radioplanetasaudade.com.br\/index.php\/2024\/10\/03\/meu-vocalista-favorito-10\/#article","isPartOf":{"@id":"https:\/\/radioplanetasaudade.com.br\/index.php\/2024\/10\/03\/meu-vocalista-favorito-10\/"},"author":{"name":"Planeta Saudade","@id":"https:\/\/radioplanetasaudade.com.br\/#\/schema\/person\/1a6f6fc0d987819324e7ed417a1a6581"},"headline":"&#8220;Meu Vocalista Favorito&#8221;","datePublished":"2024-10-03T22:30:49+00:00","dateModified":"2024-10-03T22:30:51+00:00","mainEntityOfPage":{"@id":"https:\/\/radioplanetasaudade.com.br\/index.php\/2024\/10\/03\/meu-vocalista-favorito-10\/"},"wordCount":419,"commentCount":0,"publisher":{"@id":"https:\/\/radioplanetasaudade.com.br\/#organization"},"keywords":["Anos 70","Anos 80","Anos 90","Baixe nosso App","Benjamin Orr","Drive","Flashaback","Ouvir","Ouvir r\u00e1dio","R\u00e1dio","R\u00e1dio Planeta Saudade","The Cars"],"articleSection":["MEU VOCALISTA FAVORITO"],"inLanguage":"pt-BR","potentialAction":[{"@type":"CommentAction","name":"Comment","target":["https:\/\/radioplanetasaudade.com.br\/index.php\/2024\/10\/03\/meu-vocalista-favorito-10\/#respond"]}]},{"@type":"WebPage","@id":"https:\/\/radioplanetasaudade.com.br\/index.php\/2024\/10\/03\/meu-vocalista-favorito-10\/","url":"https:\/\/radioplanetasaudade.com.br\/index.php\/2024\/10\/03\/meu-vocalista-favorito-10\/","name":"\"Meu Vocalista Favorito\" - R\u00c1DIO PLANETA SAUDADE","isPartOf":{"@id":"https:\/\/radioplanetasaudade.com.br\/#website"},"datePublished":"2024-10-03T22:30:49+00:00","dateModified":"2024-10-03T22:30:51+00:00","breadcrumb":{"@id":"https:\/\/radioplanetasaudade.com.br\/index.php\/2024\/10\/03\/meu-vocalista-favorito-10\/#breadcrumb"},"inLanguage":"pt-BR","potentialAction":[{"@type":"ReadAction","target":["https:\/\/radioplanetasaudade.com.br\/index.php\/2024\/10\/03\/meu-vocalista-favorito-10\/"]}]},{"@type":"BreadcrumbList","@id":"https:\/\/radioplanetasaudade.com.br\/index.php\/2024\/10\/03\/meu-vocalista-favorito-10\/#breadcrumb","itemListElement":[{"@type":"ListItem","position":1,"name":"In\u00edcio","item":"https:\/\/radioplanetasaudade.com.br\/"},{"@type":"ListItem","position":2,"name":"&#8220;Meu Vocalista Favorito&#8221;"}]},{"@type":"WebSite","@id":"https:\/\/radioplanetasaudade.com.br\/#website","url":"https:\/\/radioplanetasaudade.com.br\/","name":"R\u00e1dio Planeta Saudade","description":"Relembrando grandes sucessos musicais e informando sobre os maiores artistas do mundo ou\u00e7a no seu celular.","publisher":{"@id":"https:\/\/radioplanetasaudade.com.br\/#organization"},"potentialAction":[{"@type":"SearchAction","target":{"@type":"EntryPoint","urlTemplate":"https:\/\/radioplanetasaudade.com.br\/?s={search_term_string}"},"query-input":"required name=search_term_string"}],"inLanguage":"pt-BR"},{"@type":"Organization","@id":"https:\/\/radioplanetasaudade.com.br\/#organization","name":"R\u00e1dio Planeta Saudade","url":"https:\/\/radioplanetasaudade.com.br\/","logo":{"@type":"ImageObject","inLanguage":"pt-BR","@id":"https:\/\/radioplanetasaudade.com.br\/#\/schema\/logo\/image\/","url":"https:\/\/radioplanetasaudade.com.br\/wp-content\/uploads\/2023\/10\/capture-20230607-202153.png","contentUrl":"https:\/\/radioplanetasaudade.com.br\/wp-content\/uploads\/2023\/10\/capture-20230607-202153.png","width":1350,"height":358,"caption":"R\u00e1dio Planeta Saudade"},"image":{"@id":"https:\/\/radioplanetasaudade.com.br\/#\/schema\/logo\/image\/"}},{"@type":"Person","@id":"https:\/\/radioplanetasaudade.com.br\/#\/schema\/person\/1a6f6fc0d987819324e7ed417a1a6581","name":"Planeta Saudade","image":{"@type":"ImageObject","inLanguage":"pt-BR","@id":"https:\/\/radioplanetasaudade.com.br\/#\/schema\/person\/image\/","url":"https:\/\/secure.gravatar.com\/avatar\/a893d552ce4b2abfa845a62f8434cf31?s=96&d=mm&r=g","contentUrl":"https:\/\/secure.gravatar.com\/avatar\/a893d552ce4b2abfa845a62f8434cf31?s=96&d=mm&r=g","caption":"Planeta Saudade"},"sameAs":["https:\/\/radioplanetasaudade.com.br"],"url":"https:\/\/radioplanetasaudade.com.br\/index.php\/author\/wendelsantos4567\/"}]}},"_links":{"self":[{"href":"https:\/\/radioplanetasaudade.com.br\/index.php\/wp-json\/wp\/v2\/posts\/2652","targetHints":{"allow":["GET"]}}],"collection":[{"href":"https:\/\/radioplanetasaudade.com.br\/index.php\/wp-json\/wp\/v2\/posts"}],"about":[{"href":"https:\/\/radioplanetasaudade.com.br\/index.php\/wp-json\/wp\/v2\/types\/post"}],"author":[{"embeddable":true,"href":"https:\/\/radioplanetasaudade.com.br\/index.php\/wp-json\/wp\/v2\/users\/1"}],"replies":[{"embeddable":true,"href":"https:\/\/radioplanetasaudade.com.br\/index.php\/wp-json\/wp\/v2\/comments?post=2652"}],"version-history":[{"count":1,"href":"https:\/\/radioplanetasaudade.com.br\/index.php\/wp-json\/wp\/v2\/posts\/2652\/revisions"}],"predecessor-version":[{"id":2654,"href":"https:\/\/radioplanetasaudade.com.br\/index.php\/wp-json\/wp\/v2\/posts\/2652\/revisions\/2654"}],"wp:featuredmedia":[{"embeddable":true,"href":"https:\/\/radioplanetasaudade.com.br\/index.php\/wp-json\/wp\/v2\/media\/2653"}],"wp:attachment":[{"href":"https:\/\/radioplanetasaudade.com.br\/index.php\/wp-json\/wp\/v2\/media?parent=2652"}],"wp:term":[{"taxonomy":"category","embeddable":true,"href":"https:\/\/radioplanetasaudade.com.br\/index.php\/wp-json\/wp\/v2\/categories?post=2652"},{"taxonomy":"post_tag","embeddable":true,"href":"https:\/\/radioplanetasaudade.com.br\/index.php\/wp-json\/wp\/v2\/tags?post=2652"}],"curies":[{"name":"wp","href":"https:\/\/api.w.org\/{rel}","templated":true}]}}