{"id":2683,"date":"2024-10-09T18:47:29","date_gmt":"2024-10-09T21:47:29","guid":{"rendered":"https:\/\/radioplanetasaudade.com.br\/?p=2683"},"modified":"2024-10-09T18:47:31","modified_gmt":"2024-10-09T21:47:31","slug":"meu-vocalista-favorito-11","status":"publish","type":"post","link":"https:\/\/radioplanetasaudade.com.br\/index.php\/2024\/10\/09\/meu-vocalista-favorito-11\/","title":{"rendered":"&#8220;Meu Vocalista Favorito&#8221;"},"content":{"rendered":"\n<p>Kurt Cobain, nascido em 20 de fevereiro de 1967 em Aberdeen, Washington, foi o vocalista, guitarrista e principal compositor da banda Nirvana, uma das mais influentes do cen\u00e1rio grunge dos anos 90.<\/p>\n\n\n\n<p>Kurt desempenhou um papel crucial no surgimento do movimento grunge, que combinava elementos do punk rock, heavy metal e indie, tornando-se um \u00edcone cultural e musical.<\/p>\n\n\n\n<p>Kurt Cobain come\u00e7ou a tocar guitarra ainda jovem e, em 1987, formou o Nirvana ao lado do baixista Krist Novoselic.<\/p>\n\n\n<div class=\"wp-block-image\">\n<figure class=\"aligncenter size-full\"><img fetchpriority=\"high\" decoding=\"async\" width=\"598\" height=\"596\" src=\"https:\/\/radioplanetasaudade.com.br\/wp-content\/uploads\/2024\/10\/MEU-VOCALISTA-FAVORITO.png\" alt=\"\" class=\"wp-image-2684\" srcset=\"https:\/\/radioplanetasaudade.com.br\/wp-content\/uploads\/2024\/10\/MEU-VOCALISTA-FAVORITO.png 598w, https:\/\/radioplanetasaudade.com.br\/wp-content\/uploads\/2024\/10\/MEU-VOCALISTA-FAVORITO-300x300.png 300w, https:\/\/radioplanetasaudade.com.br\/wp-content\/uploads\/2024\/10\/MEU-VOCALISTA-FAVORITO-150x150.png 150w\" sizes=\"(max-width: 598px) 100vw, 598px\" \/><\/figure><\/div>\n\n\n<p>A banda passou a ganhar reconhecimento no cen\u00e1rio underground de Seattle, e em 1991, com o lan\u00e7amento de Nevermind, eles alcan\u00e7aram o estrelato mundial.<\/p>\n\n\n\n<p>O \u00e1lbum, que inclui o hit &#8220;Smells Like Teen Spirit&#8221;, redefiniu o rock alternativo, alcan\u00e7ando as massas e levando o grunge ao mainstream.<\/p>\n\n\n\n<p>A m\u00fasica, marcada por letras angustiadas e poderosos riffs de guitarra, foi o hino de uma gera\u00e7\u00e3o desiludida.<\/p>\n\n\n\n<p>Kurt Cobain era um compositor introspectivo e frequentemente expressava sentimentos de aliena\u00e7\u00e3o, depress\u00e3o e frustra\u00e7\u00e3o em suas can\u00e7\u00f5es.<\/p>\n\n\n\n<p>Isso o transformou em uma esp\u00e9cie de porta-voz de sua gera\u00e7\u00e3o, mas ele pr\u00f3prio se sentia desconfort\u00e1vel com essa imagem.<\/p>\n\n\n\n<p>Embora o sucesso do Nirvana fosse gigantesco, Kurt Cobain lutava com o peso da fama e com problemas de sa\u00fade mental e abuso de subst\u00e2ncias.<\/p>\n\n\n\n<p>Ele frequentemente expressava seu desconforto com a ind\u00fastria musical e a forma como sua arte era consumida.<\/p>\n\n\n\n<p>Em 1993, o Nirvana lan\u00e7ou In Utero, um \u00e1lbum mais cru e agressivo que, embora intencionalmente menos comercial, foi bem-recebido pela cr\u00edtica e consolidou ainda mais o status de Kurt Cobain como um dos principais m\u00fasicos da \u00e9poca.<\/p>\n\n\n\n<p>No entanto, seus problemas pessoais continuaram a piorar.<\/p>\n\n\n\n<p>Em 5 de abril de 1994, Kurt Cobain foi encontrado morto em sua casa em Seattle, em um aparente suic\u00eddio, aos 27 anos.<\/p>\n\n\n\n<p>Sua morte chocou o mundo da m\u00fasica e marcou o fim de uma era para o grunge.<\/p>\n\n\n\n<p>Apesar de sua curta carreira, Kurt Cobain deixou um legado duradouro. Ele \u00e9 lembrado como um dos artistas mais influentes e aut\u00eanticos de sua gera\u00e7\u00e3o, cuja m\u00fasica e persona continuam a inspirar f\u00e3s e m\u00fasicos ao redor do mundo.<\/p>\n\n\n\n<p>Nirvana e Kurt Cobain permanecem s\u00edmbolos de um per\u00edodo ic\u00f4nico na hist\u00f3ria do rock.<\/p>\n","protected":false},"excerpt":{"rendered":"<p>Kurt Cobain, nascido em 20 de fevereiro de 1967 em Aberdeen, Washington, foi o vocalista,&#8230;<\/p>\n","protected":false},"author":1,"featured_media":2684,"comment_status":"open","ping_status":"open","sticky":false,"template":"","format":"standard","meta":{"footnotes":""},"categories":[752],"tags":[119,118,120,121,117,990,991,561,562,116,99],"class_list":["post-2683","post","type-post","status-publish","format-standard","has-post-thumbnail","hentry","category-meu-vocalista-favorito","tag-anos-70","tag-anos-80","tag-anos-90","tag-baixe-nosso-app","tag-flashaback","tag-kurt-cobain","tag-nirvana","tag-ouvir","tag-ouvir-radio","tag-radio","tag-radio-planeta-saudade"],"yoast_head":"<!-- This site is optimized with the Yoast SEO plugin v21.3 - https:\/\/yoast.com\/wordpress\/plugins\/seo\/ -->\n<title>&quot;Meu Vocalista Favorito&quot; - R\u00c1DIO PLANETA SAUDADE<\/title>\n<meta name=\"robots\" content=\"index, follow, max-snippet:-1, max-image-preview:large, max-video-preview:-1\" \/>\n<link rel=\"canonical\" href=\"https:\/\/radioplanetasaudade.com.br\/index.php\/2024\/10\/09\/meu-vocalista-favorito-11\/\" \/>\n<meta property=\"og:locale\" content=\"pt_BR\" \/>\n<meta property=\"og:type\" content=\"article\" \/>\n<meta property=\"og:title\" content=\"&quot;Meu Vocalista Favorito&quot; - R\u00c1DIO PLANETA SAUDADE\" \/>\n<meta property=\"og:description\" content=\"Kurt Cobain, nascido em 20 de fevereiro de 1967 em Aberdeen, Washington, foi o vocalista,...\" \/>\n<meta property=\"og:url\" content=\"https:\/\/radioplanetasaudade.com.br\/index.php\/2024\/10\/09\/meu-vocalista-favorito-11\/\" \/>\n<meta property=\"og:site_name\" content=\"R\u00c1DIO PLANETA SAUDADE\" \/>\n<meta property=\"article:published_time\" content=\"2024-10-09T21:47:29+00:00\" \/>\n<meta property=\"article:modified_time\" content=\"2024-10-09T21:47:31+00:00\" \/>\n<meta property=\"og:image\" content=\"https:\/\/radioplanetasaudade.com.br\/wp-content\/uploads\/2024\/10\/MEU-VOCALISTA-FAVORITO.png\" \/>\n\t<meta property=\"og:image:width\" content=\"598\" \/>\n\t<meta property=\"og:image:height\" content=\"596\" \/>\n\t<meta property=\"og:image:type\" content=\"image\/png\" \/>\n<meta name=\"author\" content=\"Planeta Saudade\" \/>\n<meta name=\"twitter:card\" content=\"summary_large_image\" \/>\n<meta name=\"twitter:label1\" content=\"Escrito por\" \/>\n\t<meta name=\"twitter:data1\" content=\"Planeta Saudade\" \/>\n\t<meta name=\"twitter:label2\" content=\"Est. tempo de leitura\" \/>\n\t<meta name=\"twitter:data2\" content=\"3 minutos\" \/>\n<script type=\"application\/ld+json\" class=\"yoast-schema-graph\">{\"@context\":\"https:\/\/schema.org\",\"@graph\":[{\"@type\":\"Article\",\"@id\":\"https:\/\/radioplanetasaudade.com.br\/index.php\/2024\/10\/09\/meu-vocalista-favorito-11\/#article\",\"isPartOf\":{\"@id\":\"https:\/\/radioplanetasaudade.com.br\/index.php\/2024\/10\/09\/meu-vocalista-favorito-11\/\"},\"author\":{\"name\":\"Planeta Saudade\",\"@id\":\"https:\/\/radioplanetasaudade.com.br\/#\/schema\/person\/1a6f6fc0d987819324e7ed417a1a6581\"},\"headline\":\"&#8220;Meu Vocalista Favorito&#8221;\",\"datePublished\":\"2024-10-09T21:47:29+00:00\",\"dateModified\":\"2024-10-09T21:47:31+00:00\",\"mainEntityOfPage\":{\"@id\":\"https:\/\/radioplanetasaudade.com.br\/index.php\/2024\/10\/09\/meu-vocalista-favorito-11\/\"},\"wordCount\":388,\"commentCount\":0,\"publisher\":{\"@id\":\"https:\/\/radioplanetasaudade.com.br\/#organization\"},\"keywords\":[\"Anos 70\",\"Anos 80\",\"Anos 90\",\"Baixe nosso App\",\"Flashaback\",\"Kurt Cobain\",\"Nirvana\",\"Ouvir\",\"Ouvir r\u00e1dio\",\"R\u00e1dio\",\"R\u00e1dio Planeta Saudade\"],\"articleSection\":[\"MEU VOCALISTA FAVORITO\"],\"inLanguage\":\"pt-BR\",\"potentialAction\":[{\"@type\":\"CommentAction\",\"name\":\"Comment\",\"target\":[\"https:\/\/radioplanetasaudade.com.br\/index.php\/2024\/10\/09\/meu-vocalista-favorito-11\/#respond\"]}]},{\"@type\":\"WebPage\",\"@id\":\"https:\/\/radioplanetasaudade.com.br\/index.php\/2024\/10\/09\/meu-vocalista-favorito-11\/\",\"url\":\"https:\/\/radioplanetasaudade.com.br\/index.php\/2024\/10\/09\/meu-vocalista-favorito-11\/\",\"name\":\"\\\"Meu Vocalista Favorito\\\" - R\u00c1DIO PLANETA SAUDADE\",\"isPartOf\":{\"@id\":\"https:\/\/radioplanetasaudade.com.br\/#website\"},\"datePublished\":\"2024-10-09T21:47:29+00:00\",\"dateModified\":\"2024-10-09T21:47:31+00:00\",\"breadcrumb\":{\"@id\":\"https:\/\/radioplanetasaudade.com.br\/index.php\/2024\/10\/09\/meu-vocalista-favorito-11\/#breadcrumb\"},\"inLanguage\":\"pt-BR\",\"potentialAction\":[{\"@type\":\"ReadAction\",\"target\":[\"https:\/\/radioplanetasaudade.com.br\/index.php\/2024\/10\/09\/meu-vocalista-favorito-11\/\"]}]},{\"@type\":\"BreadcrumbList\",\"@id\":\"https:\/\/radioplanetasaudade.com.br\/index.php\/2024\/10\/09\/meu-vocalista-favorito-11\/#breadcrumb\",\"itemListElement\":[{\"@type\":\"ListItem\",\"position\":1,\"name\":\"In\u00edcio\",\"item\":\"https:\/\/radioplanetasaudade.com.br\/\"},{\"@type\":\"ListItem\",\"position\":2,\"name\":\"&#8220;Meu Vocalista Favorito&#8221;\"}]},{\"@type\":\"WebSite\",\"@id\":\"https:\/\/radioplanetasaudade.com.br\/#website\",\"url\":\"https:\/\/radioplanetasaudade.com.br\/\",\"name\":\"R\u00e1dio Planeta Saudade\",\"description\":\"Relembrando grandes sucessos musicais e informando sobre os maiores artistas do mundo ou\u00e7a no seu celular.\",\"publisher\":{\"@id\":\"https:\/\/radioplanetasaudade.com.br\/#organization\"},\"potentialAction\":[{\"@type\":\"SearchAction\",\"target\":{\"@type\":\"EntryPoint\",\"urlTemplate\":\"https:\/\/radioplanetasaudade.com.br\/?s={search_term_string}\"},\"query-input\":\"required name=search_term_string\"}],\"inLanguage\":\"pt-BR\"},{\"@type\":\"Organization\",\"@id\":\"https:\/\/radioplanetasaudade.com.br\/#organization\",\"name\":\"R\u00e1dio Planeta Saudade\",\"url\":\"https:\/\/radioplanetasaudade.com.br\/\",\"logo\":{\"@type\":\"ImageObject\",\"inLanguage\":\"pt-BR\",\"@id\":\"https:\/\/radioplanetasaudade.com.br\/#\/schema\/logo\/image\/\",\"url\":\"https:\/\/radioplanetasaudade.com.br\/wp-content\/uploads\/2023\/10\/capture-20230607-202153.png\",\"contentUrl\":\"https:\/\/radioplanetasaudade.com.br\/wp-content\/uploads\/2023\/10\/capture-20230607-202153.png\",\"width\":1350,\"height\":358,\"caption\":\"R\u00e1dio Planeta Saudade\"},\"image\":{\"@id\":\"https:\/\/radioplanetasaudade.com.br\/#\/schema\/logo\/image\/\"}},{\"@type\":\"Person\",\"@id\":\"https:\/\/radioplanetasaudade.com.br\/#\/schema\/person\/1a6f6fc0d987819324e7ed417a1a6581\",\"name\":\"Planeta Saudade\",\"image\":{\"@type\":\"ImageObject\",\"inLanguage\":\"pt-BR\",\"@id\":\"https:\/\/radioplanetasaudade.com.br\/#\/schema\/person\/image\/\",\"url\":\"https:\/\/secure.gravatar.com\/avatar\/a893d552ce4b2abfa845a62f8434cf31?s=96&d=mm&r=g\",\"contentUrl\":\"https:\/\/secure.gravatar.com\/avatar\/a893d552ce4b2abfa845a62f8434cf31?s=96&d=mm&r=g\",\"caption\":\"Planeta Saudade\"},\"sameAs\":[\"https:\/\/radioplanetasaudade.com.br\"],\"url\":\"https:\/\/radioplanetasaudade.com.br\/index.php\/author\/wendelsantos4567\/\"}]}<\/script>\n<!-- \/ Yoast SEO plugin. -->","yoast_head_json":{"title":"\"Meu Vocalista Favorito\" - R\u00c1DIO PLANETA SAUDADE","robots":{"index":"index","follow":"follow","max-snippet":"max-snippet:-1","max-image-preview":"max-image-preview:large","max-video-preview":"max-video-preview:-1"},"canonical":"https:\/\/radioplanetasaudade.com.br\/index.php\/2024\/10\/09\/meu-vocalista-favorito-11\/","og_locale":"pt_BR","og_type":"article","og_title":"\"Meu Vocalista Favorito\" - R\u00c1DIO PLANETA SAUDADE","og_description":"Kurt Cobain, nascido em 20 de fevereiro de 1967 em Aberdeen, Washington, foi o vocalista,...","og_url":"https:\/\/radioplanetasaudade.com.br\/index.php\/2024\/10\/09\/meu-vocalista-favorito-11\/","og_site_name":"R\u00c1DIO PLANETA SAUDADE","article_published_time":"2024-10-09T21:47:29+00:00","article_modified_time":"2024-10-09T21:47:31+00:00","og_image":[{"width":598,"height":596,"url":"https:\/\/radioplanetasaudade.com.br\/wp-content\/uploads\/2024\/10\/MEU-VOCALISTA-FAVORITO.png","type":"image\/png"}],"author":"Planeta Saudade","twitter_card":"summary_large_image","twitter_misc":{"Escrito por":"Planeta Saudade","Est. tempo de leitura":"3 minutos"},"schema":{"@context":"https:\/\/schema.org","@graph":[{"@type":"Article","@id":"https:\/\/radioplanetasaudade.com.br\/index.php\/2024\/10\/09\/meu-vocalista-favorito-11\/#article","isPartOf":{"@id":"https:\/\/radioplanetasaudade.com.br\/index.php\/2024\/10\/09\/meu-vocalista-favorito-11\/"},"author":{"name":"Planeta Saudade","@id":"https:\/\/radioplanetasaudade.com.br\/#\/schema\/person\/1a6f6fc0d987819324e7ed417a1a6581"},"headline":"&#8220;Meu Vocalista Favorito&#8221;","datePublished":"2024-10-09T21:47:29+00:00","dateModified":"2024-10-09T21:47:31+00:00","mainEntityOfPage":{"@id":"https:\/\/radioplanetasaudade.com.br\/index.php\/2024\/10\/09\/meu-vocalista-favorito-11\/"},"wordCount":388,"commentCount":0,"publisher":{"@id":"https:\/\/radioplanetasaudade.com.br\/#organization"},"keywords":["Anos 70","Anos 80","Anos 90","Baixe nosso App","Flashaback","Kurt Cobain","Nirvana","Ouvir","Ouvir r\u00e1dio","R\u00e1dio","R\u00e1dio Planeta Saudade"],"articleSection":["MEU VOCALISTA FAVORITO"],"inLanguage":"pt-BR","potentialAction":[{"@type":"CommentAction","name":"Comment","target":["https:\/\/radioplanetasaudade.com.br\/index.php\/2024\/10\/09\/meu-vocalista-favorito-11\/#respond"]}]},{"@type":"WebPage","@id":"https:\/\/radioplanetasaudade.com.br\/index.php\/2024\/10\/09\/meu-vocalista-favorito-11\/","url":"https:\/\/radioplanetasaudade.com.br\/index.php\/2024\/10\/09\/meu-vocalista-favorito-11\/","name":"\"Meu Vocalista Favorito\" - R\u00c1DIO PLANETA SAUDADE","isPartOf":{"@id":"https:\/\/radioplanetasaudade.com.br\/#website"},"datePublished":"2024-10-09T21:47:29+00:00","dateModified":"2024-10-09T21:47:31+00:00","breadcrumb":{"@id":"https:\/\/radioplanetasaudade.com.br\/index.php\/2024\/10\/09\/meu-vocalista-favorito-11\/#breadcrumb"},"inLanguage":"pt-BR","potentialAction":[{"@type":"ReadAction","target":["https:\/\/radioplanetasaudade.com.br\/index.php\/2024\/10\/09\/meu-vocalista-favorito-11\/"]}]},{"@type":"BreadcrumbList","@id":"https:\/\/radioplanetasaudade.com.br\/index.php\/2024\/10\/09\/meu-vocalista-favorito-11\/#breadcrumb","itemListElement":[{"@type":"ListItem","position":1,"name":"In\u00edcio","item":"https:\/\/radioplanetasaudade.com.br\/"},{"@type":"ListItem","position":2,"name":"&#8220;Meu Vocalista Favorito&#8221;"}]},{"@type":"WebSite","@id":"https:\/\/radioplanetasaudade.com.br\/#website","url":"https:\/\/radioplanetasaudade.com.br\/","name":"R\u00e1dio Planeta Saudade","description":"Relembrando grandes sucessos musicais e informando sobre os maiores artistas do mundo ou\u00e7a no seu celular.","publisher":{"@id":"https:\/\/radioplanetasaudade.com.br\/#organization"},"potentialAction":[{"@type":"SearchAction","target":{"@type":"EntryPoint","urlTemplate":"https:\/\/radioplanetasaudade.com.br\/?s={search_term_string}"},"query-input":"required name=search_term_string"}],"inLanguage":"pt-BR"},{"@type":"Organization","@id":"https:\/\/radioplanetasaudade.com.br\/#organization","name":"R\u00e1dio Planeta Saudade","url":"https:\/\/radioplanetasaudade.com.br\/","logo":{"@type":"ImageObject","inLanguage":"pt-BR","@id":"https:\/\/radioplanetasaudade.com.br\/#\/schema\/logo\/image\/","url":"https:\/\/radioplanetasaudade.com.br\/wp-content\/uploads\/2023\/10\/capture-20230607-202153.png","contentUrl":"https:\/\/radioplanetasaudade.com.br\/wp-content\/uploads\/2023\/10\/capture-20230607-202153.png","width":1350,"height":358,"caption":"R\u00e1dio Planeta Saudade"},"image":{"@id":"https:\/\/radioplanetasaudade.com.br\/#\/schema\/logo\/image\/"}},{"@type":"Person","@id":"https:\/\/radioplanetasaudade.com.br\/#\/schema\/person\/1a6f6fc0d987819324e7ed417a1a6581","name":"Planeta Saudade","image":{"@type":"ImageObject","inLanguage":"pt-BR","@id":"https:\/\/radioplanetasaudade.com.br\/#\/schema\/person\/image\/","url":"https:\/\/secure.gravatar.com\/avatar\/a893d552ce4b2abfa845a62f8434cf31?s=96&d=mm&r=g","contentUrl":"https:\/\/secure.gravatar.com\/avatar\/a893d552ce4b2abfa845a62f8434cf31?s=96&d=mm&r=g","caption":"Planeta Saudade"},"sameAs":["https:\/\/radioplanetasaudade.com.br"],"url":"https:\/\/radioplanetasaudade.com.br\/index.php\/author\/wendelsantos4567\/"}]}},"_links":{"self":[{"href":"https:\/\/radioplanetasaudade.com.br\/index.php\/wp-json\/wp\/v2\/posts\/2683","targetHints":{"allow":["GET"]}}],"collection":[{"href":"https:\/\/radioplanetasaudade.com.br\/index.php\/wp-json\/wp\/v2\/posts"}],"about":[{"href":"https:\/\/radioplanetasaudade.com.br\/index.php\/wp-json\/wp\/v2\/types\/post"}],"author":[{"embeddable":true,"href":"https:\/\/radioplanetasaudade.com.br\/index.php\/wp-json\/wp\/v2\/users\/1"}],"replies":[{"embeddable":true,"href":"https:\/\/radioplanetasaudade.com.br\/index.php\/wp-json\/wp\/v2\/comments?post=2683"}],"version-history":[{"count":1,"href":"https:\/\/radioplanetasaudade.com.br\/index.php\/wp-json\/wp\/v2\/posts\/2683\/revisions"}],"predecessor-version":[{"id":2685,"href":"https:\/\/radioplanetasaudade.com.br\/index.php\/wp-json\/wp\/v2\/posts\/2683\/revisions\/2685"}],"wp:featuredmedia":[{"embeddable":true,"href":"https:\/\/radioplanetasaudade.com.br\/index.php\/wp-json\/wp\/v2\/media\/2684"}],"wp:attachment":[{"href":"https:\/\/radioplanetasaudade.com.br\/index.php\/wp-json\/wp\/v2\/media?parent=2683"}],"wp:term":[{"taxonomy":"category","embeddable":true,"href":"https:\/\/radioplanetasaudade.com.br\/index.php\/wp-json\/wp\/v2\/categories?post=2683"},{"taxonomy":"post_tag","embeddable":true,"href":"https:\/\/radioplanetasaudade.com.br\/index.php\/wp-json\/wp\/v2\/tags?post=2683"}],"curies":[{"name":"wp","href":"https:\/\/api.w.org\/{rel}","templated":true}]}}