{"id":2883,"date":"2024-11-02T10:49:57","date_gmt":"2024-11-02T13:49:57","guid":{"rendered":"https:\/\/radioplanetasaudade.com.br\/?p=2883"},"modified":"2024-11-02T10:49:58","modified_gmt":"2024-11-02T13:49:58","slug":"parabens-a-aniversariante-do-dia-marieta-severo","status":"publish","type":"post","link":"https:\/\/radioplanetasaudade.com.br\/index.php\/2024\/11\/02\/parabens-a-aniversariante-do-dia-marieta-severo\/","title":{"rendered":"Parab\u00e9ns a aniversariante do dia, Marieta Severo!"},"content":{"rendered":"\n<p>Nascida em 2 de novembro de 1946, \u00e9 uma das mais respeitadas atrizes brasileiras, com uma carreira marcante no teatro, televis\u00e3o e cinema.<\/p>\n\n\n\n<figure class=\"wp-block-image size-large\"><img fetchpriority=\"high\" decoding=\"async\" width=\"1024\" height=\"1020\" src=\"https:\/\/radioplanetasaudade.com.br\/wp-content\/uploads\/2024\/11\/THAINARA-2-1024x1020.jpg\" alt=\"\" class=\"wp-image-2884\" srcset=\"https:\/\/radioplanetasaudade.com.br\/wp-content\/uploads\/2024\/11\/THAINARA-2-1024x1020.jpg 1024w, https:\/\/radioplanetasaudade.com.br\/wp-content\/uploads\/2024\/11\/THAINARA-2-300x300.jpg 300w, https:\/\/radioplanetasaudade.com.br\/wp-content\/uploads\/2024\/11\/THAINARA-2-150x150.jpg 150w, https:\/\/radioplanetasaudade.com.br\/wp-content\/uploads\/2024\/11\/THAINARA-2-768x765.jpg 768w, https:\/\/radioplanetasaudade.com.br\/wp-content\/uploads\/2024\/11\/THAINARA-2-1536x1531.jpg 1536w, https:\/\/radioplanetasaudade.com.br\/wp-content\/uploads\/2024\/11\/THAINARA-2-2048x2041.jpg 2048w\" sizes=\"(max-width: 1024px) 100vw, 1024px\" \/><\/figure>\n\n\n\n<p>Em seus 78 anos de vida, ela construiu uma trajet\u00f3ria s\u00f3lida, sendo reverenciada por seu talento, versatilidade e contribui\u00e7\u00f5es culturais.<\/p>\n\n\n\n<p>Marieta iniciou sua carreira no teatro em meados dos anos 1960, ap\u00f3s estudar no Tablado, uma renomada escola de artes c\u00eanicas do Rio de Janeiro, onde teve contato com grandes nomes do teatro brasileiro, como Maria Clara Machado.<\/p>\n\n\n\n<p>Seu talento logo a destacou, e ela integrou montagens de pe\u00e7as cl\u00e1ssicas e contempor\u00e2neas, sempre escolhendo pap\u00e9is desafiadores que exploravam diferentes facetas de sua habilidade dram\u00e1tica.<\/p>\n\n\n\n<p>Ao longo das d\u00e9cadas, atuou em espet\u00e1culos emblem\u00e1ticos, como A Estrela do Lar e As L\u00e1grimas Amargas de Petra Von Kant, recebendo aplausos da cr\u00edtica e do p\u00fablico.<\/p>\n\n\n\n<p>Sua dedica\u00e7\u00e3o ao teatro tamb\u00e9m se refletiu em sua atua\u00e7\u00e3o como uma das fundadoras do Teatro Poeira, em 2005, ao lado de Andr\u00e9a Beltr\u00e3o, um espa\u00e7o dedicado \u00e0 experimenta\u00e7\u00e3o e valoriza\u00e7\u00e3o da dramaturgia brasileira.<\/p>\n\n\n\n<p>Na televis\u00e3o, Marieta Severo tornou-se um \u00edcone, sendo conhecida especialmente por sua versatilidade em novelas e s\u00e9ries.<\/p>\n\n\n\n<p>Ela estreou em 1965, na TV Globo, e participou de produ\u00e7\u00f5es que se tornaram parte da mem\u00f3ria afetiva do p\u00fablico brasileiro.<\/p>\n\n\n\n<p>Um de seus pap\u00e9is mais marcantes foi o da personagem &#8220;Nen\u00ea&#8221;, na s\u00e9rie de humor A Grande Fam\u00edlia, que esteve no ar de 2001 a 2014. A personagem, uma dona de casa carinhosa, engra\u00e7ada e sensata, trouxe para Marieta um enorme reconhecimento popular, sendo amada por gera\u00e7\u00f5es de espectadores e consolidando-a como uma figura presente nos lares brasileiros por mais de uma d\u00e9cada.<\/p>\n\n\n\n<p>Al\u00e9m de A Grande Fam\u00edlia, Marieta participou de diversas novelas que refor\u00e7aram seu prest\u00edgio, como Vereda Tropical (1984), La\u00e7os de Fam\u00edlia (2000), O Outro Lado do Para\u00edso (2017) e Verdades Secretas (2015), nesta \u00faltima interpretando a complexa e calculista Fanny Richard.<\/p>\n\n\n\n<p>Suas atua\u00e7\u00f5es em pap\u00e9is t\u00e3o distintos demonstram sua profundidade como atriz e sua capacidade de dar vida a personagens complexas e inesquec\u00edveis.<\/p>\n\n\n\n<p>A combina\u00e7\u00e3o de talento e escolhas cuidadosas de projetos fizeram de Marieta uma das atrizes mais respeitadas de sua gera\u00e7\u00e3o, com uma carreira longeva e repleta de sucessos.<\/p>\n\n\n\n<p>No cinema, tamb\u00e9m deixou sua marca em produ\u00e7\u00f5es como O Homem da Cabe\u00e7a de Ouro (1974), Eu Tu Eles (2000) e A Dona da Hist\u00f3ria (2004). Cada filme trouxe diferentes desafios e contribuiu para sua consolida\u00e7\u00e3o no audiovisual brasileiro.<\/p>\n\n\n\n<p>Marieta Severo \u00e9 muito mais que uma atriz; \u00e9 uma defensora das artes no Brasil.<\/p>\n\n\n\n<p>Ao longo dos anos, ela se posicionou em favor da cultura e da liberdade art\u00edstica, sendo uma voz ativa em quest\u00f5es pol\u00edticas e sociais.<\/p>\n\n\n\n<p>Aos 78 anos, Marieta continua atuando com a mesma paix\u00e3o e dedica\u00e7\u00e3o de sempre, provando que sua arte \u00e9 atemporal e que ela \u00e9 uma das grandes damas da dramaturgia brasileira.<\/p>\n\n\n\n<p><a href=\"https:\/\/www.facebook.com\/photo\/?fbid=122238546092002213&amp;set=a.122106579512002213&amp;__cft__[0]=AZXS-dw_zhA7oFhWZXNEXTHm86ZrsBX8o-iY73KpLRSQTHeKX90rYKFPtu1bvkYucqBDqFLDV8_BZLvYw_Qtln4i9sF6BV8qT9tjT3Cusr8nz0kd3QLtnWUvVeON9vCq20agrI8OWjD1imEqwJuAIeK1_Xn5AOP1qd4Xx8zl3MvzKQUMbDhgKX3XRfpTonA_cSNcoVX19NG8bVm8two98_TC&amp;__tn__=EH-R\"><\/a><\/p>\n\n\n\n<figure class=\"wp-block-image\"><a href=\"https:\/\/www.facebook.com\/photo\/?fbid=122238546092002213&amp;set=a.122106579512002213&amp;__cft__[0]=AZXS-dw_zhA7oFhWZXNEXTHm86ZrsBX8o-iY73KpLRSQTHeKX90rYKFPtu1bvkYucqBDqFLDV8_BZLvYw_Qtln4i9sF6BV8qT9tjT3Cusr8nz0kd3QLtnWUvVeON9vCq20agrI8OWjD1imEqwJuAIeK1_Xn5AOP1qd4Xx8zl3MvzKQUMbDhgKX3XRfpTonA_cSNcoVX19NG8bVm8two98_TC&amp;__tn__=EH-R\"><img decoding=\"async\" src=\"https:\/\/scontent.fvix7-1.fna.fbcdn.net\/v\/t39.30808-6\/465289088_122238546098002213_5210952594880379870_n.jpg?stp=dst-jpg_p526x296&amp;_nc_cat=100&amp;ccb=1-7&amp;_nc_sid=127cfc&amp;_nc_ohc=pPVjNk1crWYQ7kNvgHNFA0i&amp;_nc_zt=23&amp;_nc_ht=scontent.fvix7-1.fna&amp;_nc_gid=ACa7CmlkUn0xhRTbabr61Xz&amp;oh=00_AYDQk0ugPVxOiTeEMFrd_n7rvhmucBbBc3k5JwEq_WP9nA&amp;oe=672BE63C\" alt=\"Pode ser uma imagem de 1 pessoa e a texto\"\/><\/a><\/figure>\n\n\n\n<p>Ver estat\u00edsticas e an\u00fancios<\/p>\n\n\n\n<p><a href=\"https:\/\/www.facebook.com\/ad_center\/create\/boostpost\/?entry_point=www_profile_plus_timeline&amp;page_id=138481246020126&amp;target_id=122238546152002213&amp;__cft__[0]=AZXS-dw_zhA7oFhWZXNEXTHm86ZrsBX8o-iY73KpLRSQTHeKX90rYKFPtu1bvkYucqBDqFLDV8_BZLvYw_Qtln4i9sF6BV8qT9tjT3Cusr8nz0kd3QLtnWUvVeON9vCq20agrI8OWjD1imEqwJuAIeK1_Xn5AOP1qd4Xx8zl3MvzKQUMbDhgKX3XRfpTonA_cSNcoVX19NG8bVm8two98_TC&amp;__tn__=*W-R\"><\/a><\/p>\n\n\n\n<p><a href=\"https:\/\/www.facebook.com\/ad_center\/create\/boostpost\/?entry_point=www_profile_plus_timeline&amp;page_id=138481246020126&amp;target_id=122238546152002213&amp;__cft__[0]=AZXS-dw_zhA7oFhWZXNEXTHm86ZrsBX8o-iY73KpLRSQTHeKX90rYKFPtu1bvkYucqBDqFLDV8_BZLvYw_Qtln4i9sF6BV8qT9tjT3Cusr8nz0kd3QLtnWUvVeON9vCq20agrI8OWjD1imEqwJuAIeK1_Xn5AOP1qd4Xx8zl3MvzKQUMbDhgKX3XRfpTonA_cSNcoVX19NG8bVm8two98_TC&amp;__tn__=*W-R\">Promover publica\u00e7\u00e3o<\/a><\/p>\n\n\n\n\n\n<p>Todas as rea\u00e7\u00f5es:<\/p>\n\n\n\n<p>1Wendel Santos<\/p>\n","protected":false},"excerpt":{"rendered":"<p>Nascida em 2 de novembro de 1946, \u00e9 uma das mais respeitadas atrizes brasileiras, com&#8230;<\/p>\n","protected":false},"author":1,"featured_media":2884,"comment_status":"open","ping_status":"open","sticky":false,"template":"","format":"standard","meta":{"footnotes":""},"categories":[1229],"tags":[119,118,120,121,117,1294,561,562,116,99],"class_list":["post-2883","post","type-post","status-publish","format-standard","has-post-thumbnail","hentry","category-artistas-aniversariantes","tag-anos-70","tag-anos-80","tag-anos-90","tag-baixe-nosso-app","tag-flashaback","tag-marieta-severo","tag-ouvir","tag-ouvir-radio","tag-radio","tag-radio-planeta-saudade"],"yoast_head":"<!-- This site is optimized with the Yoast SEO plugin v21.3 - https:\/\/yoast.com\/wordpress\/plugins\/seo\/ -->\n<title>Parab\u00e9ns a aniversariante do dia, Marieta Severo! - R\u00c1DIO PLANETA SAUDADE<\/title>\n<meta name=\"robots\" content=\"index, follow, max-snippet:-1, max-image-preview:large, max-video-preview:-1\" \/>\n<link rel=\"canonical\" href=\"https:\/\/radioplanetasaudade.com.br\/index.php\/2024\/11\/02\/parabens-a-aniversariante-do-dia-marieta-severo\/\" \/>\n<meta property=\"og:locale\" content=\"pt_BR\" \/>\n<meta property=\"og:type\" content=\"article\" \/>\n<meta property=\"og:title\" content=\"Parab\u00e9ns a aniversariante do dia, Marieta Severo! - R\u00c1DIO PLANETA SAUDADE\" \/>\n<meta property=\"og:description\" content=\"Nascida em 2 de novembro de 1946, \u00e9 uma das mais respeitadas atrizes brasileiras, com...\" \/>\n<meta property=\"og:url\" content=\"https:\/\/radioplanetasaudade.com.br\/index.php\/2024\/11\/02\/parabens-a-aniversariante-do-dia-marieta-severo\/\" \/>\n<meta property=\"og:site_name\" content=\"R\u00c1DIO PLANETA SAUDADE\" \/>\n<meta property=\"article:published_time\" content=\"2024-11-02T13:49:57+00:00\" \/>\n<meta property=\"article:modified_time\" content=\"2024-11-02T13:49:58+00:00\" \/>\n<meta property=\"og:image\" content=\"https:\/\/radioplanetasaudade.com.br\/wp-content\/uploads\/2024\/11\/THAINARA-2-scaled.jpg\" \/>\n\t<meta property=\"og:image:width\" content=\"2560\" \/>\n\t<meta property=\"og:image:height\" content=\"2551\" \/>\n\t<meta property=\"og:image:type\" content=\"image\/jpeg\" \/>\n<meta name=\"author\" content=\"Planeta Saudade\" \/>\n<meta name=\"twitter:card\" content=\"summary_large_image\" \/>\n<meta name=\"twitter:label1\" content=\"Escrito por\" \/>\n\t<meta name=\"twitter:data1\" content=\"Planeta Saudade\" \/>\n\t<meta name=\"twitter:label2\" content=\"Est. tempo de leitura\" \/>\n\t<meta name=\"twitter:data2\" content=\"4 minutos\" \/>\n<script type=\"application\/ld+json\" class=\"yoast-schema-graph\">{\"@context\":\"https:\/\/schema.org\",\"@graph\":[{\"@type\":\"Article\",\"@id\":\"https:\/\/radioplanetasaudade.com.br\/index.php\/2024\/11\/02\/parabens-a-aniversariante-do-dia-marieta-severo\/#article\",\"isPartOf\":{\"@id\":\"https:\/\/radioplanetasaudade.com.br\/index.php\/2024\/11\/02\/parabens-a-aniversariante-do-dia-marieta-severo\/\"},\"author\":{\"name\":\"Planeta Saudade\",\"@id\":\"https:\/\/radioplanetasaudade.com.br\/#\/schema\/person\/1a6f6fc0d987819324e7ed417a1a6581\"},\"headline\":\"Parab\u00e9ns a aniversariante do dia, Marieta Severo!\",\"datePublished\":\"2024-11-02T13:49:57+00:00\",\"dateModified\":\"2024-11-02T13:49:58+00:00\",\"mainEntityOfPage\":{\"@id\":\"https:\/\/radioplanetasaudade.com.br\/index.php\/2024\/11\/02\/parabens-a-aniversariante-do-dia-marieta-severo\/\"},\"wordCount\":530,\"commentCount\":0,\"publisher\":{\"@id\":\"https:\/\/radioplanetasaudade.com.br\/#organization\"},\"keywords\":[\"Anos 70\",\"Anos 80\",\"Anos 90\",\"Baixe nosso App\",\"Flashaback\",\"Marieta Severo\",\"Ouvir\",\"Ouvir r\u00e1dio\",\"R\u00e1dio\",\"R\u00e1dio Planeta Saudade\"],\"articleSection\":[\"ARTISTAS ANIVERSARIANTES\"],\"inLanguage\":\"pt-BR\",\"potentialAction\":[{\"@type\":\"CommentAction\",\"name\":\"Comment\",\"target\":[\"https:\/\/radioplanetasaudade.com.br\/index.php\/2024\/11\/02\/parabens-a-aniversariante-do-dia-marieta-severo\/#respond\"]}]},{\"@type\":\"WebPage\",\"@id\":\"https:\/\/radioplanetasaudade.com.br\/index.php\/2024\/11\/02\/parabens-a-aniversariante-do-dia-marieta-severo\/\",\"url\":\"https:\/\/radioplanetasaudade.com.br\/index.php\/2024\/11\/02\/parabens-a-aniversariante-do-dia-marieta-severo\/\",\"name\":\"Parab\u00e9ns a aniversariante do dia, Marieta Severo! - R\u00c1DIO PLANETA SAUDADE\",\"isPartOf\":{\"@id\":\"https:\/\/radioplanetasaudade.com.br\/#website\"},\"datePublished\":\"2024-11-02T13:49:57+00:00\",\"dateModified\":\"2024-11-02T13:49:58+00:00\",\"breadcrumb\":{\"@id\":\"https:\/\/radioplanetasaudade.com.br\/index.php\/2024\/11\/02\/parabens-a-aniversariante-do-dia-marieta-severo\/#breadcrumb\"},\"inLanguage\":\"pt-BR\",\"potentialAction\":[{\"@type\":\"ReadAction\",\"target\":[\"https:\/\/radioplanetasaudade.com.br\/index.php\/2024\/11\/02\/parabens-a-aniversariante-do-dia-marieta-severo\/\"]}]},{\"@type\":\"BreadcrumbList\",\"@id\":\"https:\/\/radioplanetasaudade.com.br\/index.php\/2024\/11\/02\/parabens-a-aniversariante-do-dia-marieta-severo\/#breadcrumb\",\"itemListElement\":[{\"@type\":\"ListItem\",\"position\":1,\"name\":\"In\u00edcio\",\"item\":\"https:\/\/radioplanetasaudade.com.br\/\"},{\"@type\":\"ListItem\",\"position\":2,\"name\":\"Parab\u00e9ns a aniversariante do dia, Marieta Severo!\"}]},{\"@type\":\"WebSite\",\"@id\":\"https:\/\/radioplanetasaudade.com.br\/#website\",\"url\":\"https:\/\/radioplanetasaudade.com.br\/\",\"name\":\"R\u00e1dio Planeta Saudade\",\"description\":\"Relembrando grandes sucessos musicais e informando sobre os maiores artistas do mundo ou\u00e7a no seu celular.\",\"publisher\":{\"@id\":\"https:\/\/radioplanetasaudade.com.br\/#organization\"},\"potentialAction\":[{\"@type\":\"SearchAction\",\"target\":{\"@type\":\"EntryPoint\",\"urlTemplate\":\"https:\/\/radioplanetasaudade.com.br\/?s={search_term_string}\"},\"query-input\":\"required name=search_term_string\"}],\"inLanguage\":\"pt-BR\"},{\"@type\":\"Organization\",\"@id\":\"https:\/\/radioplanetasaudade.com.br\/#organization\",\"name\":\"R\u00e1dio Planeta Saudade\",\"url\":\"https:\/\/radioplanetasaudade.com.br\/\",\"logo\":{\"@type\":\"ImageObject\",\"inLanguage\":\"pt-BR\",\"@id\":\"https:\/\/radioplanetasaudade.com.br\/#\/schema\/logo\/image\/\",\"url\":\"https:\/\/radioplanetasaudade.com.br\/wp-content\/uploads\/2023\/10\/capture-20230607-202153.png\",\"contentUrl\":\"https:\/\/radioplanetasaudade.com.br\/wp-content\/uploads\/2023\/10\/capture-20230607-202153.png\",\"width\":1350,\"height\":358,\"caption\":\"R\u00e1dio Planeta Saudade\"},\"image\":{\"@id\":\"https:\/\/radioplanetasaudade.com.br\/#\/schema\/logo\/image\/\"}},{\"@type\":\"Person\",\"@id\":\"https:\/\/radioplanetasaudade.com.br\/#\/schema\/person\/1a6f6fc0d987819324e7ed417a1a6581\",\"name\":\"Planeta Saudade\",\"image\":{\"@type\":\"ImageObject\",\"inLanguage\":\"pt-BR\",\"@id\":\"https:\/\/radioplanetasaudade.com.br\/#\/schema\/person\/image\/\",\"url\":\"https:\/\/secure.gravatar.com\/avatar\/a893d552ce4b2abfa845a62f8434cf31?s=96&d=mm&r=g\",\"contentUrl\":\"https:\/\/secure.gravatar.com\/avatar\/a893d552ce4b2abfa845a62f8434cf31?s=96&d=mm&r=g\",\"caption\":\"Planeta Saudade\"},\"sameAs\":[\"https:\/\/radioplanetasaudade.com.br\"],\"url\":\"https:\/\/radioplanetasaudade.com.br\/index.php\/author\/wendelsantos4567\/\"}]}<\/script>\n<!-- \/ Yoast SEO plugin. -->","yoast_head_json":{"title":"Parab\u00e9ns a aniversariante do dia, Marieta Severo! - R\u00c1DIO PLANETA SAUDADE","robots":{"index":"index","follow":"follow","max-snippet":"max-snippet:-1","max-image-preview":"max-image-preview:large","max-video-preview":"max-video-preview:-1"},"canonical":"https:\/\/radioplanetasaudade.com.br\/index.php\/2024\/11\/02\/parabens-a-aniversariante-do-dia-marieta-severo\/","og_locale":"pt_BR","og_type":"article","og_title":"Parab\u00e9ns a aniversariante do dia, Marieta Severo! - R\u00c1DIO PLANETA SAUDADE","og_description":"Nascida em 2 de novembro de 1946, \u00e9 uma das mais respeitadas atrizes brasileiras, com...","og_url":"https:\/\/radioplanetasaudade.com.br\/index.php\/2024\/11\/02\/parabens-a-aniversariante-do-dia-marieta-severo\/","og_site_name":"R\u00c1DIO PLANETA SAUDADE","article_published_time":"2024-11-02T13:49:57+00:00","article_modified_time":"2024-11-02T13:49:58+00:00","og_image":[{"width":2560,"height":2551,"url":"https:\/\/radioplanetasaudade.com.br\/wp-content\/uploads\/2024\/11\/THAINARA-2-scaled.jpg","type":"image\/jpeg"}],"author":"Planeta Saudade","twitter_card":"summary_large_image","twitter_misc":{"Escrito por":"Planeta Saudade","Est. tempo de leitura":"4 minutos"},"schema":{"@context":"https:\/\/schema.org","@graph":[{"@type":"Article","@id":"https:\/\/radioplanetasaudade.com.br\/index.php\/2024\/11\/02\/parabens-a-aniversariante-do-dia-marieta-severo\/#article","isPartOf":{"@id":"https:\/\/radioplanetasaudade.com.br\/index.php\/2024\/11\/02\/parabens-a-aniversariante-do-dia-marieta-severo\/"},"author":{"name":"Planeta Saudade","@id":"https:\/\/radioplanetasaudade.com.br\/#\/schema\/person\/1a6f6fc0d987819324e7ed417a1a6581"},"headline":"Parab\u00e9ns a aniversariante do dia, Marieta Severo!","datePublished":"2024-11-02T13:49:57+00:00","dateModified":"2024-11-02T13:49:58+00:00","mainEntityOfPage":{"@id":"https:\/\/radioplanetasaudade.com.br\/index.php\/2024\/11\/02\/parabens-a-aniversariante-do-dia-marieta-severo\/"},"wordCount":530,"commentCount":0,"publisher":{"@id":"https:\/\/radioplanetasaudade.com.br\/#organization"},"keywords":["Anos 70","Anos 80","Anos 90","Baixe nosso App","Flashaback","Marieta Severo","Ouvir","Ouvir r\u00e1dio","R\u00e1dio","R\u00e1dio Planeta Saudade"],"articleSection":["ARTISTAS ANIVERSARIANTES"],"inLanguage":"pt-BR","potentialAction":[{"@type":"CommentAction","name":"Comment","target":["https:\/\/radioplanetasaudade.com.br\/index.php\/2024\/11\/02\/parabens-a-aniversariante-do-dia-marieta-severo\/#respond"]}]},{"@type":"WebPage","@id":"https:\/\/radioplanetasaudade.com.br\/index.php\/2024\/11\/02\/parabens-a-aniversariante-do-dia-marieta-severo\/","url":"https:\/\/radioplanetasaudade.com.br\/index.php\/2024\/11\/02\/parabens-a-aniversariante-do-dia-marieta-severo\/","name":"Parab\u00e9ns a aniversariante do dia, Marieta Severo! - R\u00c1DIO PLANETA SAUDADE","isPartOf":{"@id":"https:\/\/radioplanetasaudade.com.br\/#website"},"datePublished":"2024-11-02T13:49:57+00:00","dateModified":"2024-11-02T13:49:58+00:00","breadcrumb":{"@id":"https:\/\/radioplanetasaudade.com.br\/index.php\/2024\/11\/02\/parabens-a-aniversariante-do-dia-marieta-severo\/#breadcrumb"},"inLanguage":"pt-BR","potentialAction":[{"@type":"ReadAction","target":["https:\/\/radioplanetasaudade.com.br\/index.php\/2024\/11\/02\/parabens-a-aniversariante-do-dia-marieta-severo\/"]}]},{"@type":"BreadcrumbList","@id":"https:\/\/radioplanetasaudade.com.br\/index.php\/2024\/11\/02\/parabens-a-aniversariante-do-dia-marieta-severo\/#breadcrumb","itemListElement":[{"@type":"ListItem","position":1,"name":"In\u00edcio","item":"https:\/\/radioplanetasaudade.com.br\/"},{"@type":"ListItem","position":2,"name":"Parab\u00e9ns a aniversariante do dia, Marieta Severo!"}]},{"@type":"WebSite","@id":"https:\/\/radioplanetasaudade.com.br\/#website","url":"https:\/\/radioplanetasaudade.com.br\/","name":"R\u00e1dio Planeta Saudade","description":"Relembrando grandes sucessos musicais e informando sobre os maiores artistas do mundo ou\u00e7a no seu celular.","publisher":{"@id":"https:\/\/radioplanetasaudade.com.br\/#organization"},"potentialAction":[{"@type":"SearchAction","target":{"@type":"EntryPoint","urlTemplate":"https:\/\/radioplanetasaudade.com.br\/?s={search_term_string}"},"query-input":"required name=search_term_string"}],"inLanguage":"pt-BR"},{"@type":"Organization","@id":"https:\/\/radioplanetasaudade.com.br\/#organization","name":"R\u00e1dio Planeta Saudade","url":"https:\/\/radioplanetasaudade.com.br\/","logo":{"@type":"ImageObject","inLanguage":"pt-BR","@id":"https:\/\/radioplanetasaudade.com.br\/#\/schema\/logo\/image\/","url":"https:\/\/radioplanetasaudade.com.br\/wp-content\/uploads\/2023\/10\/capture-20230607-202153.png","contentUrl":"https:\/\/radioplanetasaudade.com.br\/wp-content\/uploads\/2023\/10\/capture-20230607-202153.png","width":1350,"height":358,"caption":"R\u00e1dio Planeta Saudade"},"image":{"@id":"https:\/\/radioplanetasaudade.com.br\/#\/schema\/logo\/image\/"}},{"@type":"Person","@id":"https:\/\/radioplanetasaudade.com.br\/#\/schema\/person\/1a6f6fc0d987819324e7ed417a1a6581","name":"Planeta Saudade","image":{"@type":"ImageObject","inLanguage":"pt-BR","@id":"https:\/\/radioplanetasaudade.com.br\/#\/schema\/person\/image\/","url":"https:\/\/secure.gravatar.com\/avatar\/a893d552ce4b2abfa845a62f8434cf31?s=96&d=mm&r=g","contentUrl":"https:\/\/secure.gravatar.com\/avatar\/a893d552ce4b2abfa845a62f8434cf31?s=96&d=mm&r=g","caption":"Planeta Saudade"},"sameAs":["https:\/\/radioplanetasaudade.com.br"],"url":"https:\/\/radioplanetasaudade.com.br\/index.php\/author\/wendelsantos4567\/"}]}},"_links":{"self":[{"href":"https:\/\/radioplanetasaudade.com.br\/index.php\/wp-json\/wp\/v2\/posts\/2883","targetHints":{"allow":["GET"]}}],"collection":[{"href":"https:\/\/radioplanetasaudade.com.br\/index.php\/wp-json\/wp\/v2\/posts"}],"about":[{"href":"https:\/\/radioplanetasaudade.com.br\/index.php\/wp-json\/wp\/v2\/types\/post"}],"author":[{"embeddable":true,"href":"https:\/\/radioplanetasaudade.com.br\/index.php\/wp-json\/wp\/v2\/users\/1"}],"replies":[{"embeddable":true,"href":"https:\/\/radioplanetasaudade.com.br\/index.php\/wp-json\/wp\/v2\/comments?post=2883"}],"version-history":[{"count":1,"href":"https:\/\/radioplanetasaudade.com.br\/index.php\/wp-json\/wp\/v2\/posts\/2883\/revisions"}],"predecessor-version":[{"id":2885,"href":"https:\/\/radioplanetasaudade.com.br\/index.php\/wp-json\/wp\/v2\/posts\/2883\/revisions\/2885"}],"wp:featuredmedia":[{"embeddable":true,"href":"https:\/\/radioplanetasaudade.com.br\/index.php\/wp-json\/wp\/v2\/media\/2884"}],"wp:attachment":[{"href":"https:\/\/radioplanetasaudade.com.br\/index.php\/wp-json\/wp\/v2\/media?parent=2883"}],"wp:term":[{"taxonomy":"category","embeddable":true,"href":"https:\/\/radioplanetasaudade.com.br\/index.php\/wp-json\/wp\/v2\/categories?post=2883"},{"taxonomy":"post_tag","embeddable":true,"href":"https:\/\/radioplanetasaudade.com.br\/index.php\/wp-json\/wp\/v2\/tags?post=2883"}],"curies":[{"name":"wp","href":"https:\/\/api.w.org\/{rel}","templated":true}]}}