{"id":2893,"date":"2024-11-03T11:05:09","date_gmt":"2024-11-03T14:05:09","guid":{"rendered":"https:\/\/radioplanetasaudade.com.br\/?p=2893"},"modified":"2024-11-03T11:05:11","modified_gmt":"2024-11-03T14:05:11","slug":"parabens-ao-aniversariante-do-dia-dolf-lundgren","status":"publish","type":"post","link":"https:\/\/radioplanetasaudade.com.br\/index.php\/2024\/11\/03\/parabens-ao-aniversariante-do-dia-dolf-lundgren\/","title":{"rendered":"Parab\u00e9ns ao aniversariante do dia, Dolf Lundgren!"},"content":{"rendered":"\n<p>Ator sueco e faixa preta de carat\u00ea, comemora hoje mais um ano de vida, sendo amplamente reconhecido por suas contribui\u00e7\u00f5es ao cinema de a\u00e7\u00e3o. Nascido em 3 de novembro de 1957, Dolf Lundgren conquistou o p\u00fablico com sua presen\u00e7a imponente e habilidades marciais, consolidando-se como um dos astros de a\u00e7\u00e3o mais respeitados da d\u00e9cada de 1980 e 1990.<\/p>\n\n\n<div class=\"wp-block-image\">\n<figure class=\"aligncenter size-large\"><img fetchpriority=\"high\" decoding=\"async\" width=\"1024\" height=\"1020\" src=\"https:\/\/radioplanetasaudade.com.br\/wp-content\/uploads\/2024\/11\/THAINARA-1-1024x1020.jpg\" alt=\"\" class=\"wp-image-2895\" srcset=\"https:\/\/radioplanetasaudade.com.br\/wp-content\/uploads\/2024\/11\/THAINARA-1-1024x1020.jpg 1024w, https:\/\/radioplanetasaudade.com.br\/wp-content\/uploads\/2024\/11\/THAINARA-1-300x300.jpg 300w, https:\/\/radioplanetasaudade.com.br\/wp-content\/uploads\/2024\/11\/THAINARA-1-150x150.jpg 150w, https:\/\/radioplanetasaudade.com.br\/wp-content\/uploads\/2024\/11\/THAINARA-1-768x765.jpg 768w, https:\/\/radioplanetasaudade.com.br\/wp-content\/uploads\/2024\/11\/THAINARA-1-1536x1531.jpg 1536w, https:\/\/radioplanetasaudade.com.br\/wp-content\/uploads\/2024\/11\/THAINARA-1-2048x2041.jpg 2048w\" sizes=\"(max-width: 1024px) 100vw, 1024px\" \/><\/figure><\/div>\n\n\n<p>Sua trajet\u00f3ria \u00e9 marcada por um equil\u00edbrio entre a for\u00e7a f\u00edsica e uma forma\u00e7\u00e3o acad\u00eamica impressionante, o que o destaca entre seus colegas.<\/p>\n\n\n\n<p>Formado em Engenharia Qu\u00edmica pelo Instituto Real de Tecnologia em Estocolmo e com uma bolsa de estudos para o prestigiado Instituto de Tecnologia de Massachusetts (MIT), Dolf Lundgren surpreende por ser um artista multidimensional.<\/p>\n\n\n\n<p>Antes de mergulhar no cinema, ele tinha uma carreira promissora como engenheiro e at\u00e9 trabalhou como seguran\u00e7a pessoal para a cantora Grace Jones, com quem manteve um relacionamento.<\/p>\n\n\n\n<p>E foi atrav\u00e9s de Grace que ele se aproximou do mundo do entretenimento e decidiu explorar seu talento em frente \u00e0s c\u00e2meras.<\/p>\n\n\n\n<p>Sua estreia nas telas ocorreu em 1985 com o filme 007 \u2013 Na Mira dos Assassinos, no qual teve um pequeno papel.<\/p>\n\n\n\n<p>No entanto, o sucesso viria no mesmo ano com Rocky IV, em que interpretou o implac\u00e1vel boxeador sovi\u00e9tico Ivan Drago.<\/p>\n\n\n\n<p>A frase ic\u00f4nica \u201cI must break you\u201d (\u201cEu vou te quebrar\u201d) imortalizou seu personagem e catapultou Dolf Lundgren ao estrelato, tornando-o um s\u00edmbolo do cinema de a\u00e7\u00e3o e um antagonista memor\u00e1vel.<\/p>\n\n\n\n<p>Seu desempenho frio e intenso como Drago foi aclamado pelo p\u00fablico, e o papel at\u00e9 hoje \u00e9 lembrado como um dos maiores vil\u00f5es do cinema.<\/p>\n\n\n\n<p>Dolf Lundgren ent\u00e3o consolidou sua carreira estrelando outros cl\u00e1ssicos de a\u00e7\u00e3o, como Mestres do Universo (1987), no qual interpretou o her\u00f3i He-Man, e O Justiceiro (1989), onde deu vida ao anti-her\u00f3i Frank Castle.<\/p>\n\n\n\n<p>Esses filmes, embora nem sempre bem recebidos pela cr\u00edtica, foram essenciais para a constru\u00e7\u00e3o de sua carreira e para sua imagem como um her\u00f3i de a\u00e7\u00e3o robusto e incans\u00e1vel.<\/p>\n\n\n\n<p>Em Soldado Universal (1992), Dolf Lundgren contracenou com Jean-Claude Van Damme, outro astro dos filmes de a\u00e7\u00e3o, em um filme que combinou fic\u00e7\u00e3o cient\u00edfica e a\u00e7\u00e3o militar, se tornando um sucesso de bilheteria.<\/p>\n\n\n\n<p>Ap\u00f3s o \u00e1pice de sua fama nos anos 80 e 90, Dolf Lundgren explorou uma carreira mais diversificada, envolvendo-se na dire\u00e7\u00e3o de alguns de seus pr\u00f3prios filmes e participando de produ\u00e7\u00f5es em diversos pa\u00edses, incluindo muitos filmes independentes.<\/p>\n\n\n\n<p>Nos \u00faltimos anos, ele teve uma esp\u00e9cie de &#8220;renascimento&#8221; na franquia Os Mercen\u00e1rios, ao lado de outros veteranos do cinema de a\u00e7\u00e3o como Sylvester Stallone, Arnold Schwarzenegger e Bruce Willis.<\/p>\n\n\n\n<p>A s\u00e9rie n\u00e3o s\u00f3 o reintroduziu a um novo p\u00fablico, mas tamb\u00e9m destacou seu senso de humor e habilidade para se reinventar como um astro ainda relevante na era moderna.<\/p>\n\n\n\n<p>Al\u00e9m de sua carreira no cinema, Dolf Lundgren \u00e9 conhecido por seu compromisso com as artes marciais e \u00e9 um promotor ativo do carat\u00ea, no qual det\u00e9m o terceiro dan de faixa preta.<\/p>\n\n\n\n<p>Ele frequentemente participa de eventos e campeonatos, inspirando jovens atletas com sua disciplina e dedica\u00e7\u00e3o.<\/p>\n\n\n\n<p>Hoje, ao completar mais um ano de vida, Dolph Lundgren continua sendo uma figura admirada por sua resili\u00eancia e pelo legado que construiu no cinema. Parab\u00e9ns, Dolph Lundgren! Que seus pr\u00f3ximos anos sejam t\u00e3o memor\u00e1veis quanto os pap\u00e9is que eternizou nas telas.<\/p>\n\n\n\n<p><a href=\"https:\/\/www.facebook.com\/photo\/?fbid=122183927702188428&amp;set=a.122094274238188428&amp;__cft__[0]=AZU0jL047WHQ4d3mpgsw-g_tD3ZppUiQcaXEY4gF_sgPQA8GhM6Q6SW26mX5JipHXQdvAe8RUbkyVsWQYnKJG-lwHrXtX0Z4T1_ArxbZbxGOKmNMsaBPGoAXIkyT77VhpR5f4L9GY1YBZLpJJcpMrbPAA4mK-x2I2G6JtVVFP1CCH-uHcSA52whXUZfGyyvmbT4&amp;__tn__=EH-R\"><\/a><\/p>\n\n\n\n<figure class=\"wp-block-image\"><a href=\"https:\/\/www.facebook.com\/photo\/?fbid=122183927702188428&amp;set=a.122094274238188428&amp;__cft__[0]=AZU0jL047WHQ4d3mpgsw-g_tD3ZppUiQcaXEY4gF_sgPQA8GhM6Q6SW26mX5JipHXQdvAe8RUbkyVsWQYnKJG-lwHrXtX0Z4T1_ArxbZbxGOKmNMsaBPGoAXIkyT77VhpR5f4L9GY1YBZLpJJcpMrbPAA4mK-x2I2G6JtVVFP1CCH-uHcSA52whXUZfGyyvmbT4&amp;__tn__=EH-R\"><img decoding=\"async\" src=\"https:\/\/scontent.fvix7-1.fna.fbcdn.net\/v\/t39.30808-6\/465582325_122183927708188428_624219381719648617_n.jpg?stp=dst-jpg_p526x296&amp;_nc_cat=100&amp;ccb=1-7&amp;_nc_sid=127cfc&amp;_nc_ohc=sBUSUWPxHRYQ7kNvgGI9mq4&amp;_nc_zt=23&amp;_nc_ht=scontent.fvix7-1.fna&amp;_nc_gid=AqHJCOFHqnRjUcHTX7_bu_i&amp;oh=00_AYDYy13_CTtzIxAn2Bp9AGg1bXZ1lrH0_Be_6pE4L6b2xQ&amp;oe=672D3F0F\" alt=\"Pode ser uma imagem de 1 pessoa e texto\"\/><\/a><\/figure>\n\n\n\n<p>Ver insights<\/p>\n\n\n\n<p>Turbinar uma publica\u00e7\u00e3o<\/p>\n\n\n\n\n\n<p>Todas as rea\u00e7\u00f5es:<\/p>\n\n\n\n<p>1Wendel Santos<\/p>\n","protected":false},"excerpt":{"rendered":"<p>Ator sueco e faixa preta de carat\u00ea, comemora hoje mais um ano de vida, sendo&#8230;<\/p>\n","protected":false},"author":1,"featured_media":2895,"comment_status":"open","ping_status":"open","sticky":false,"template":"","format":"standard","meta":{"footnotes":""},"categories":[1229],"tags":[1297,1296,119,118,120,121,1295,1298,117,160,1299,561,562,116,99],"class_list":["post-2893","post","type-post","status-publish","format-standard","has-post-thumbnail","hentry","category-artistas-aniversariantes","tag-eu-vou-te-quebrar","tag-007-na-mira-dos-assassinos","tag-anos-70","tag-anos-80","tag-anos-90","tag-baixe-nosso-app","tag-dolf-lundgren","tag-em-soldado-universal","tag-flashaback","tag-grace-jones","tag-os-mercenarios","tag-ouvir","tag-ouvir-radio","tag-radio","tag-radio-planeta-saudade"],"yoast_head":"<!-- This site is optimized with the Yoast SEO plugin v21.3 - https:\/\/yoast.com\/wordpress\/plugins\/seo\/ -->\n<title>Parab\u00e9ns ao aniversariante do dia, Dolf Lundgren! - R\u00c1DIO PLANETA SAUDADE<\/title>\n<meta name=\"robots\" content=\"index, follow, max-snippet:-1, max-image-preview:large, max-video-preview:-1\" \/>\n<link rel=\"canonical\" href=\"https:\/\/radioplanetasaudade.com.br\/index.php\/2024\/11\/03\/parabens-ao-aniversariante-do-dia-dolf-lundgren\/\" \/>\n<meta property=\"og:locale\" content=\"pt_BR\" \/>\n<meta property=\"og:type\" content=\"article\" \/>\n<meta property=\"og:title\" content=\"Parab\u00e9ns ao aniversariante do dia, Dolf Lundgren! - R\u00c1DIO PLANETA SAUDADE\" \/>\n<meta property=\"og:description\" content=\"Ator sueco e faixa preta de carat\u00ea, comemora hoje mais um ano de vida, sendo...\" \/>\n<meta property=\"og:url\" content=\"https:\/\/radioplanetasaudade.com.br\/index.php\/2024\/11\/03\/parabens-ao-aniversariante-do-dia-dolf-lundgren\/\" \/>\n<meta property=\"og:site_name\" content=\"R\u00c1DIO PLANETA SAUDADE\" \/>\n<meta property=\"article:published_time\" content=\"2024-11-03T14:05:09+00:00\" \/>\n<meta property=\"article:modified_time\" content=\"2024-11-03T14:05:11+00:00\" \/>\n<meta property=\"og:image\" content=\"https:\/\/radioplanetasaudade.com.br\/wp-content\/uploads\/2024\/11\/THAINARA-1-scaled.jpg\" \/>\n\t<meta property=\"og:image:width\" content=\"2560\" \/>\n\t<meta property=\"og:image:height\" content=\"2551\" \/>\n\t<meta property=\"og:image:type\" content=\"image\/jpeg\" \/>\n<meta name=\"author\" content=\"Planeta Saudade\" \/>\n<meta name=\"twitter:card\" content=\"summary_large_image\" \/>\n<meta name=\"twitter:label1\" content=\"Escrito por\" \/>\n\t<meta name=\"twitter:data1\" content=\"Planeta Saudade\" \/>\n\t<meta name=\"twitter:label2\" content=\"Est. tempo de leitura\" \/>\n\t<meta name=\"twitter:data2\" content=\"4 minutos\" \/>\n<script type=\"application\/ld+json\" class=\"yoast-schema-graph\">{\"@context\":\"https:\/\/schema.org\",\"@graph\":[{\"@type\":\"Article\",\"@id\":\"https:\/\/radioplanetasaudade.com.br\/index.php\/2024\/11\/03\/parabens-ao-aniversariante-do-dia-dolf-lundgren\/#article\",\"isPartOf\":{\"@id\":\"https:\/\/radioplanetasaudade.com.br\/index.php\/2024\/11\/03\/parabens-ao-aniversariante-do-dia-dolf-lundgren\/\"},\"author\":{\"name\":\"Planeta Saudade\",\"@id\":\"https:\/\/radioplanetasaudade.com.br\/#\/schema\/person\/1a6f6fc0d987819324e7ed417a1a6581\"},\"headline\":\"Parab\u00e9ns ao aniversariante do dia, Dolf Lundgren!\",\"datePublished\":\"2024-11-03T14:05:09+00:00\",\"dateModified\":\"2024-11-03T14:05:11+00:00\",\"mainEntityOfPage\":{\"@id\":\"https:\/\/radioplanetasaudade.com.br\/index.php\/2024\/11\/03\/parabens-ao-aniversariante-do-dia-dolf-lundgren\/\"},\"wordCount\":609,\"commentCount\":0,\"publisher\":{\"@id\":\"https:\/\/radioplanetasaudade.com.br\/#organization\"},\"keywords\":[\"\u201cEu vou te quebrar\u201d\",\"007 \u2013 Na Mira dos Assassinos\",\"Anos 70\",\"Anos 80\",\"Anos 90\",\"Baixe nosso App\",\"Dolf Lundgren\",\"Em Soldado Universal\",\"Flashaback\",\"Grace Jones\",\"Os Mercen\u00e1rios\",\"Ouvir\",\"Ouvir r\u00e1dio\",\"R\u00e1dio\",\"R\u00e1dio Planeta Saudade\"],\"articleSection\":[\"ARTISTAS ANIVERSARIANTES\"],\"inLanguage\":\"pt-BR\",\"potentialAction\":[{\"@type\":\"CommentAction\",\"name\":\"Comment\",\"target\":[\"https:\/\/radioplanetasaudade.com.br\/index.php\/2024\/11\/03\/parabens-ao-aniversariante-do-dia-dolf-lundgren\/#respond\"]}]},{\"@type\":\"WebPage\",\"@id\":\"https:\/\/radioplanetasaudade.com.br\/index.php\/2024\/11\/03\/parabens-ao-aniversariante-do-dia-dolf-lundgren\/\",\"url\":\"https:\/\/radioplanetasaudade.com.br\/index.php\/2024\/11\/03\/parabens-ao-aniversariante-do-dia-dolf-lundgren\/\",\"name\":\"Parab\u00e9ns ao aniversariante do dia, Dolf Lundgren! - R\u00c1DIO PLANETA SAUDADE\",\"isPartOf\":{\"@id\":\"https:\/\/radioplanetasaudade.com.br\/#website\"},\"datePublished\":\"2024-11-03T14:05:09+00:00\",\"dateModified\":\"2024-11-03T14:05:11+00:00\",\"breadcrumb\":{\"@id\":\"https:\/\/radioplanetasaudade.com.br\/index.php\/2024\/11\/03\/parabens-ao-aniversariante-do-dia-dolf-lundgren\/#breadcrumb\"},\"inLanguage\":\"pt-BR\",\"potentialAction\":[{\"@type\":\"ReadAction\",\"target\":[\"https:\/\/radioplanetasaudade.com.br\/index.php\/2024\/11\/03\/parabens-ao-aniversariante-do-dia-dolf-lundgren\/\"]}]},{\"@type\":\"BreadcrumbList\",\"@id\":\"https:\/\/radioplanetasaudade.com.br\/index.php\/2024\/11\/03\/parabens-ao-aniversariante-do-dia-dolf-lundgren\/#breadcrumb\",\"itemListElement\":[{\"@type\":\"ListItem\",\"position\":1,\"name\":\"In\u00edcio\",\"item\":\"https:\/\/radioplanetasaudade.com.br\/\"},{\"@type\":\"ListItem\",\"position\":2,\"name\":\"Parab\u00e9ns ao aniversariante do dia, Dolf Lundgren!\"}]},{\"@type\":\"WebSite\",\"@id\":\"https:\/\/radioplanetasaudade.com.br\/#website\",\"url\":\"https:\/\/radioplanetasaudade.com.br\/\",\"name\":\"R\u00e1dio Planeta Saudade\",\"description\":\"Relembrando grandes sucessos musicais e informando sobre os maiores artistas do mundo ou\u00e7a no seu celular.\",\"publisher\":{\"@id\":\"https:\/\/radioplanetasaudade.com.br\/#organization\"},\"potentialAction\":[{\"@type\":\"SearchAction\",\"target\":{\"@type\":\"EntryPoint\",\"urlTemplate\":\"https:\/\/radioplanetasaudade.com.br\/?s={search_term_string}\"},\"query-input\":\"required name=search_term_string\"}],\"inLanguage\":\"pt-BR\"},{\"@type\":\"Organization\",\"@id\":\"https:\/\/radioplanetasaudade.com.br\/#organization\",\"name\":\"R\u00e1dio Planeta Saudade\",\"url\":\"https:\/\/radioplanetasaudade.com.br\/\",\"logo\":{\"@type\":\"ImageObject\",\"inLanguage\":\"pt-BR\",\"@id\":\"https:\/\/radioplanetasaudade.com.br\/#\/schema\/logo\/image\/\",\"url\":\"https:\/\/radioplanetasaudade.com.br\/wp-content\/uploads\/2023\/10\/capture-20230607-202153.png\",\"contentUrl\":\"https:\/\/radioplanetasaudade.com.br\/wp-content\/uploads\/2023\/10\/capture-20230607-202153.png\",\"width\":1350,\"height\":358,\"caption\":\"R\u00e1dio Planeta Saudade\"},\"image\":{\"@id\":\"https:\/\/radioplanetasaudade.com.br\/#\/schema\/logo\/image\/\"}},{\"@type\":\"Person\",\"@id\":\"https:\/\/radioplanetasaudade.com.br\/#\/schema\/person\/1a6f6fc0d987819324e7ed417a1a6581\",\"name\":\"Planeta Saudade\",\"image\":{\"@type\":\"ImageObject\",\"inLanguage\":\"pt-BR\",\"@id\":\"https:\/\/radioplanetasaudade.com.br\/#\/schema\/person\/image\/\",\"url\":\"https:\/\/secure.gravatar.com\/avatar\/a893d552ce4b2abfa845a62f8434cf31?s=96&d=mm&r=g\",\"contentUrl\":\"https:\/\/secure.gravatar.com\/avatar\/a893d552ce4b2abfa845a62f8434cf31?s=96&d=mm&r=g\",\"caption\":\"Planeta Saudade\"},\"sameAs\":[\"https:\/\/radioplanetasaudade.com.br\"],\"url\":\"https:\/\/radioplanetasaudade.com.br\/index.php\/author\/wendelsantos4567\/\"}]}<\/script>\n<!-- \/ Yoast SEO plugin. -->","yoast_head_json":{"title":"Parab\u00e9ns ao aniversariante do dia, Dolf Lundgren! - R\u00c1DIO PLANETA SAUDADE","robots":{"index":"index","follow":"follow","max-snippet":"max-snippet:-1","max-image-preview":"max-image-preview:large","max-video-preview":"max-video-preview:-1"},"canonical":"https:\/\/radioplanetasaudade.com.br\/index.php\/2024\/11\/03\/parabens-ao-aniversariante-do-dia-dolf-lundgren\/","og_locale":"pt_BR","og_type":"article","og_title":"Parab\u00e9ns ao aniversariante do dia, Dolf Lundgren! - R\u00c1DIO PLANETA SAUDADE","og_description":"Ator sueco e faixa preta de carat\u00ea, comemora hoje mais um ano de vida, sendo...","og_url":"https:\/\/radioplanetasaudade.com.br\/index.php\/2024\/11\/03\/parabens-ao-aniversariante-do-dia-dolf-lundgren\/","og_site_name":"R\u00c1DIO PLANETA SAUDADE","article_published_time":"2024-11-03T14:05:09+00:00","article_modified_time":"2024-11-03T14:05:11+00:00","og_image":[{"width":2560,"height":2551,"url":"https:\/\/radioplanetasaudade.com.br\/wp-content\/uploads\/2024\/11\/THAINARA-1-scaled.jpg","type":"image\/jpeg"}],"author":"Planeta Saudade","twitter_card":"summary_large_image","twitter_misc":{"Escrito por":"Planeta Saudade","Est. tempo de leitura":"4 minutos"},"schema":{"@context":"https:\/\/schema.org","@graph":[{"@type":"Article","@id":"https:\/\/radioplanetasaudade.com.br\/index.php\/2024\/11\/03\/parabens-ao-aniversariante-do-dia-dolf-lundgren\/#article","isPartOf":{"@id":"https:\/\/radioplanetasaudade.com.br\/index.php\/2024\/11\/03\/parabens-ao-aniversariante-do-dia-dolf-lundgren\/"},"author":{"name":"Planeta Saudade","@id":"https:\/\/radioplanetasaudade.com.br\/#\/schema\/person\/1a6f6fc0d987819324e7ed417a1a6581"},"headline":"Parab\u00e9ns ao aniversariante do dia, Dolf Lundgren!","datePublished":"2024-11-03T14:05:09+00:00","dateModified":"2024-11-03T14:05:11+00:00","mainEntityOfPage":{"@id":"https:\/\/radioplanetasaudade.com.br\/index.php\/2024\/11\/03\/parabens-ao-aniversariante-do-dia-dolf-lundgren\/"},"wordCount":609,"commentCount":0,"publisher":{"@id":"https:\/\/radioplanetasaudade.com.br\/#organization"},"keywords":["\u201cEu vou te quebrar\u201d","007 \u2013 Na Mira dos Assassinos","Anos 70","Anos 80","Anos 90","Baixe nosso App","Dolf Lundgren","Em Soldado Universal","Flashaback","Grace Jones","Os Mercen\u00e1rios","Ouvir","Ouvir r\u00e1dio","R\u00e1dio","R\u00e1dio Planeta Saudade"],"articleSection":["ARTISTAS ANIVERSARIANTES"],"inLanguage":"pt-BR","potentialAction":[{"@type":"CommentAction","name":"Comment","target":["https:\/\/radioplanetasaudade.com.br\/index.php\/2024\/11\/03\/parabens-ao-aniversariante-do-dia-dolf-lundgren\/#respond"]}]},{"@type":"WebPage","@id":"https:\/\/radioplanetasaudade.com.br\/index.php\/2024\/11\/03\/parabens-ao-aniversariante-do-dia-dolf-lundgren\/","url":"https:\/\/radioplanetasaudade.com.br\/index.php\/2024\/11\/03\/parabens-ao-aniversariante-do-dia-dolf-lundgren\/","name":"Parab\u00e9ns ao aniversariante do dia, Dolf Lundgren! - R\u00c1DIO PLANETA SAUDADE","isPartOf":{"@id":"https:\/\/radioplanetasaudade.com.br\/#website"},"datePublished":"2024-11-03T14:05:09+00:00","dateModified":"2024-11-03T14:05:11+00:00","breadcrumb":{"@id":"https:\/\/radioplanetasaudade.com.br\/index.php\/2024\/11\/03\/parabens-ao-aniversariante-do-dia-dolf-lundgren\/#breadcrumb"},"inLanguage":"pt-BR","potentialAction":[{"@type":"ReadAction","target":["https:\/\/radioplanetasaudade.com.br\/index.php\/2024\/11\/03\/parabens-ao-aniversariante-do-dia-dolf-lundgren\/"]}]},{"@type":"BreadcrumbList","@id":"https:\/\/radioplanetasaudade.com.br\/index.php\/2024\/11\/03\/parabens-ao-aniversariante-do-dia-dolf-lundgren\/#breadcrumb","itemListElement":[{"@type":"ListItem","position":1,"name":"In\u00edcio","item":"https:\/\/radioplanetasaudade.com.br\/"},{"@type":"ListItem","position":2,"name":"Parab\u00e9ns ao aniversariante do dia, Dolf Lundgren!"}]},{"@type":"WebSite","@id":"https:\/\/radioplanetasaudade.com.br\/#website","url":"https:\/\/radioplanetasaudade.com.br\/","name":"R\u00e1dio Planeta Saudade","description":"Relembrando grandes sucessos musicais e informando sobre os maiores artistas do mundo ou\u00e7a no seu celular.","publisher":{"@id":"https:\/\/radioplanetasaudade.com.br\/#organization"},"potentialAction":[{"@type":"SearchAction","target":{"@type":"EntryPoint","urlTemplate":"https:\/\/radioplanetasaudade.com.br\/?s={search_term_string}"},"query-input":"required name=search_term_string"}],"inLanguage":"pt-BR"},{"@type":"Organization","@id":"https:\/\/radioplanetasaudade.com.br\/#organization","name":"R\u00e1dio Planeta Saudade","url":"https:\/\/radioplanetasaudade.com.br\/","logo":{"@type":"ImageObject","inLanguage":"pt-BR","@id":"https:\/\/radioplanetasaudade.com.br\/#\/schema\/logo\/image\/","url":"https:\/\/radioplanetasaudade.com.br\/wp-content\/uploads\/2023\/10\/capture-20230607-202153.png","contentUrl":"https:\/\/radioplanetasaudade.com.br\/wp-content\/uploads\/2023\/10\/capture-20230607-202153.png","width":1350,"height":358,"caption":"R\u00e1dio Planeta Saudade"},"image":{"@id":"https:\/\/radioplanetasaudade.com.br\/#\/schema\/logo\/image\/"}},{"@type":"Person","@id":"https:\/\/radioplanetasaudade.com.br\/#\/schema\/person\/1a6f6fc0d987819324e7ed417a1a6581","name":"Planeta Saudade","image":{"@type":"ImageObject","inLanguage":"pt-BR","@id":"https:\/\/radioplanetasaudade.com.br\/#\/schema\/person\/image\/","url":"https:\/\/secure.gravatar.com\/avatar\/a893d552ce4b2abfa845a62f8434cf31?s=96&d=mm&r=g","contentUrl":"https:\/\/secure.gravatar.com\/avatar\/a893d552ce4b2abfa845a62f8434cf31?s=96&d=mm&r=g","caption":"Planeta Saudade"},"sameAs":["https:\/\/radioplanetasaudade.com.br"],"url":"https:\/\/radioplanetasaudade.com.br\/index.php\/author\/wendelsantos4567\/"}]}},"_links":{"self":[{"href":"https:\/\/radioplanetasaudade.com.br\/index.php\/wp-json\/wp\/v2\/posts\/2893","targetHints":{"allow":["GET"]}}],"collection":[{"href":"https:\/\/radioplanetasaudade.com.br\/index.php\/wp-json\/wp\/v2\/posts"}],"about":[{"href":"https:\/\/radioplanetasaudade.com.br\/index.php\/wp-json\/wp\/v2\/types\/post"}],"author":[{"embeddable":true,"href":"https:\/\/radioplanetasaudade.com.br\/index.php\/wp-json\/wp\/v2\/users\/1"}],"replies":[{"embeddable":true,"href":"https:\/\/radioplanetasaudade.com.br\/index.php\/wp-json\/wp\/v2\/comments?post=2893"}],"version-history":[{"count":1,"href":"https:\/\/radioplanetasaudade.com.br\/index.php\/wp-json\/wp\/v2\/posts\/2893\/revisions"}],"predecessor-version":[{"id":2896,"href":"https:\/\/radioplanetasaudade.com.br\/index.php\/wp-json\/wp\/v2\/posts\/2893\/revisions\/2896"}],"wp:featuredmedia":[{"embeddable":true,"href":"https:\/\/radioplanetasaudade.com.br\/index.php\/wp-json\/wp\/v2\/media\/2895"}],"wp:attachment":[{"href":"https:\/\/radioplanetasaudade.com.br\/index.php\/wp-json\/wp\/v2\/media?parent=2893"}],"wp:term":[{"taxonomy":"category","embeddable":true,"href":"https:\/\/radioplanetasaudade.com.br\/index.php\/wp-json\/wp\/v2\/categories?post=2893"},{"taxonomy":"post_tag","embeddable":true,"href":"https:\/\/radioplanetasaudade.com.br\/index.php\/wp-json\/wp\/v2\/tags?post=2893"}],"curies":[{"name":"wp","href":"https:\/\/api.w.org\/{rel}","templated":true}]}}