{"id":2989,"date":"2024-11-18T11:12:50","date_gmt":"2024-11-18T14:12:50","guid":{"rendered":"https:\/\/radioplanetasaudade.com.br\/?p=2989"},"modified":"2024-11-18T11:12:52","modified_gmt":"2024-11-18T14:12:52","slug":"a-radio-planeta-saudade-agradece-a-sua-audiencia","status":"publish","type":"post","link":"https:\/\/radioplanetasaudade.com.br\/index.php\/2024\/11\/18\/a-radio-planeta-saudade-agradece-a-sua-audiencia\/","title":{"rendered":"A R\u00e1dio Planeta Saudade agradece a sua audi\u00eancia!"},"content":{"rendered":"\n<p>Mais uma semana tem in\u00edcio, e a R\u00e1dio Planeta Saudade s\u00f3 tem motivos para comemorar e agradecer.<\/p>\n\n\n\n<p>\u00c9 gra\u00e7as a voc\u00ea, nosso ouvinte, que seguimos firmes como uma das maiores refer\u00eancias em m\u00fasica nost\u00e1lgica no Brasil.<\/p>\n\n\n<div class=\"wp-block-image\">\n<figure class=\"aligncenter size-full\"><img fetchpriority=\"high\" decoding=\"async\" width=\"600\" height=\"595\" src=\"https:\/\/radioplanetasaudade.com.br\/wp-content\/uploads\/2024\/11\/OUVINTES-2025-1.jpg\" alt=\"\" class=\"wp-image-2990\" srcset=\"https:\/\/radioplanetasaudade.com.br\/wp-content\/uploads\/2024\/11\/OUVINTES-2025-1.jpg 600w, https:\/\/radioplanetasaudade.com.br\/wp-content\/uploads\/2024\/11\/OUVINTES-2025-1-300x298.jpg 300w, https:\/\/radioplanetasaudade.com.br\/wp-content\/uploads\/2024\/11\/OUVINTES-2025-1-150x150.jpg 150w\" sizes=\"(max-width: 600px) 100vw, 600px\" \/><\/figure><\/div>\n\n\n<p>Nossa audi\u00eancia s\u00f3lida, que atravessa todas as regi\u00f5es do pa\u00eds \u2013 do Norte ao Sul, do interior \u00e0s grandes capitais \u2013, refor\u00e7a o quanto a boa m\u00fasica conecta e emociona.<\/p>\n\n\n\n<p>Estamos juntos 24 horas por dia, trazendo os melhores flashbacks das d\u00e9cadas de 70, 80, 90 e in\u00edcio dos anos 2000.<\/p>\n\n\n\n<p>Can\u00e7\u00f5es que embalaram grandes hist\u00f3rias e continuam despertando lembran\u00e7as inesquec\u00edveis.<\/p>\n\n\n\n<p>Com uma programa\u00e7\u00e3o cuidadosamente planejada, oferecemos uma experi\u00eancia musical \u00fanica, feita para cada momento do seu dia, com g\u00eaneros diversificados que agradam todos os gostos.<\/p>\n\n\n\n<p>De norte a sul do Brasil, nossos ouvintes s\u00e3o a prova de que a m\u00fasica tem o poder de unir gera\u00e7\u00f5es e culturas.<\/p>\n\n\n\n<p>Voc\u00eas fazem parte da nossa hist\u00f3ria e nos motivam a continuar entregando o melhor, dia ap\u00f3s dia.<\/p>\n\n\n\n<p>Agradecemos por escolher a R\u00e1dio Planeta Saudade como a trilha sonora da sua vida.<\/p>\n\n\n\n<p>\u00c9 uma honra ser a sua companhia, seja em casa, no trabalho, na estrada ou em momentos de descanso.<\/p>\n\n\n\n<p>Continuem sintonizados e conectados a essa grande fam\u00edlia apaixonada por flashbacks.<\/p>\n\n\n\n<p>Juntos, seguimos celebrando a m\u00fasica que marcou \u00e9pocas e cora\u00e7\u00f5es.<\/p>\n\n\n\n<p>R\u00e1dio Planeta Saudade: onde o passado vive e emociona! <img decoding=\"async\" height=\"16\" width=\"16\" alt=\"\ud83c\udfb6\" src=\"https:\/\/static.xx.fbcdn.net\/images\/emoji.php\/v9\/t1f\/1\/16\/1f3b6.png\"><\/p>\n","protected":false},"excerpt":{"rendered":"<p>Mais uma semana tem in\u00edcio, e a R\u00e1dio Planeta Saudade s\u00f3 tem motivos para comemorar&#8230;<\/p>\n","protected":false},"author":1,"featured_media":2990,"comment_status":"open","ping_status":"open","sticky":false,"template":"","format":"standard","meta":{"footnotes":""},"categories":[94],"tags":[119,118,120,121,117,561,562,116,99],"class_list":["post-2989","post","type-post","status-publish","format-standard","has-post-thumbnail","hentry","category-ouvinte-da-semana","tag-anos-70","tag-anos-80","tag-anos-90","tag-baixe-nosso-app","tag-flashaback","tag-ouvir","tag-ouvir-radio","tag-radio","tag-radio-planeta-saudade"],"yoast_head":"<!-- This site is optimized with the Yoast SEO plugin v21.3 - https:\/\/yoast.com\/wordpress\/plugins\/seo\/ -->\n<title>A R\u00e1dio Planeta Saudade agradece a sua audi\u00eancia! - R\u00c1DIO PLANETA SAUDADE<\/title>\n<meta name=\"robots\" content=\"index, follow, max-snippet:-1, max-image-preview:large, max-video-preview:-1\" \/>\n<link rel=\"canonical\" href=\"https:\/\/radioplanetasaudade.com.br\/index.php\/2024\/11\/18\/a-radio-planeta-saudade-agradece-a-sua-audiencia\/\" \/>\n<meta property=\"og:locale\" content=\"pt_BR\" \/>\n<meta property=\"og:type\" content=\"article\" \/>\n<meta property=\"og:title\" content=\"A R\u00e1dio Planeta Saudade agradece a sua audi\u00eancia! - R\u00c1DIO PLANETA SAUDADE\" \/>\n<meta property=\"og:description\" content=\"Mais uma semana tem in\u00edcio, e a R\u00e1dio Planeta Saudade s\u00f3 tem motivos para comemorar...\" \/>\n<meta property=\"og:url\" content=\"https:\/\/radioplanetasaudade.com.br\/index.php\/2024\/11\/18\/a-radio-planeta-saudade-agradece-a-sua-audiencia\/\" \/>\n<meta property=\"og:site_name\" content=\"R\u00c1DIO PLANETA SAUDADE\" \/>\n<meta property=\"article:published_time\" content=\"2024-11-18T14:12:50+00:00\" \/>\n<meta property=\"article:modified_time\" content=\"2024-11-18T14:12:52+00:00\" \/>\n<meta property=\"og:image\" content=\"https:\/\/radioplanetasaudade.com.br\/wp-content\/uploads\/2024\/11\/OUVINTES-2025-1.jpg\" \/>\n\t<meta property=\"og:image:width\" content=\"600\" \/>\n\t<meta property=\"og:image:height\" content=\"595\" \/>\n\t<meta property=\"og:image:type\" content=\"image\/jpeg\" \/>\n<meta name=\"author\" content=\"Planeta Saudade\" \/>\n<meta name=\"twitter:card\" content=\"summary_large_image\" \/>\n<meta name=\"twitter:label1\" content=\"Escrito por\" \/>\n\t<meta name=\"twitter:data1\" content=\"Planeta Saudade\" \/>\n\t<meta name=\"twitter:label2\" content=\"Est. tempo de leitura\" \/>\n\t<meta name=\"twitter:data2\" content=\"2 minutos\" \/>\n<script type=\"application\/ld+json\" class=\"yoast-schema-graph\">{\"@context\":\"https:\/\/schema.org\",\"@graph\":[{\"@type\":\"Article\",\"@id\":\"https:\/\/radioplanetasaudade.com.br\/index.php\/2024\/11\/18\/a-radio-planeta-saudade-agradece-a-sua-audiencia\/#article\",\"isPartOf\":{\"@id\":\"https:\/\/radioplanetasaudade.com.br\/index.php\/2024\/11\/18\/a-radio-planeta-saudade-agradece-a-sua-audiencia\/\"},\"author\":{\"name\":\"Planeta Saudade\",\"@id\":\"https:\/\/radioplanetasaudade.com.br\/#\/schema\/person\/1a6f6fc0d987819324e7ed417a1a6581\"},\"headline\":\"A R\u00e1dio Planeta Saudade agradece a sua audi\u00eancia!\",\"datePublished\":\"2024-11-18T14:12:50+00:00\",\"dateModified\":\"2024-11-18T14:12:52+00:00\",\"mainEntityOfPage\":{\"@id\":\"https:\/\/radioplanetasaudade.com.br\/index.php\/2024\/11\/18\/a-radio-planeta-saudade-agradece-a-sua-audiencia\/\"},\"wordCount\":258,\"commentCount\":0,\"publisher\":{\"@id\":\"https:\/\/radioplanetasaudade.com.br\/#organization\"},\"keywords\":[\"Anos 70\",\"Anos 80\",\"Anos 90\",\"Baixe nosso App\",\"Flashaback\",\"Ouvir\",\"Ouvir r\u00e1dio\",\"R\u00e1dio\",\"R\u00e1dio Planeta Saudade\"],\"articleSection\":[\"OUVINTE DA SEMANA\"],\"inLanguage\":\"pt-BR\",\"potentialAction\":[{\"@type\":\"CommentAction\",\"name\":\"Comment\",\"target\":[\"https:\/\/radioplanetasaudade.com.br\/index.php\/2024\/11\/18\/a-radio-planeta-saudade-agradece-a-sua-audiencia\/#respond\"]}]},{\"@type\":\"WebPage\",\"@id\":\"https:\/\/radioplanetasaudade.com.br\/index.php\/2024\/11\/18\/a-radio-planeta-saudade-agradece-a-sua-audiencia\/\",\"url\":\"https:\/\/radioplanetasaudade.com.br\/index.php\/2024\/11\/18\/a-radio-planeta-saudade-agradece-a-sua-audiencia\/\",\"name\":\"A R\u00e1dio Planeta Saudade agradece a sua audi\u00eancia! - R\u00c1DIO PLANETA SAUDADE\",\"isPartOf\":{\"@id\":\"https:\/\/radioplanetasaudade.com.br\/#website\"},\"datePublished\":\"2024-11-18T14:12:50+00:00\",\"dateModified\":\"2024-11-18T14:12:52+00:00\",\"breadcrumb\":{\"@id\":\"https:\/\/radioplanetasaudade.com.br\/index.php\/2024\/11\/18\/a-radio-planeta-saudade-agradece-a-sua-audiencia\/#breadcrumb\"},\"inLanguage\":\"pt-BR\",\"potentialAction\":[{\"@type\":\"ReadAction\",\"target\":[\"https:\/\/radioplanetasaudade.com.br\/index.php\/2024\/11\/18\/a-radio-planeta-saudade-agradece-a-sua-audiencia\/\"]}]},{\"@type\":\"BreadcrumbList\",\"@id\":\"https:\/\/radioplanetasaudade.com.br\/index.php\/2024\/11\/18\/a-radio-planeta-saudade-agradece-a-sua-audiencia\/#breadcrumb\",\"itemListElement\":[{\"@type\":\"ListItem\",\"position\":1,\"name\":\"In\u00edcio\",\"item\":\"https:\/\/radioplanetasaudade.com.br\/\"},{\"@type\":\"ListItem\",\"position\":2,\"name\":\"A R\u00e1dio Planeta Saudade agradece a sua audi\u00eancia!\"}]},{\"@type\":\"WebSite\",\"@id\":\"https:\/\/radioplanetasaudade.com.br\/#website\",\"url\":\"https:\/\/radioplanetasaudade.com.br\/\",\"name\":\"R\u00e1dio Planeta Saudade\",\"description\":\"Relembrando grandes sucessos musicais e informando sobre os maiores artistas do mundo ou\u00e7a no seu celular.\",\"publisher\":{\"@id\":\"https:\/\/radioplanetasaudade.com.br\/#organization\"},\"potentialAction\":[{\"@type\":\"SearchAction\",\"target\":{\"@type\":\"EntryPoint\",\"urlTemplate\":\"https:\/\/radioplanetasaudade.com.br\/?s={search_term_string}\"},\"query-input\":\"required name=search_term_string\"}],\"inLanguage\":\"pt-BR\"},{\"@type\":\"Organization\",\"@id\":\"https:\/\/radioplanetasaudade.com.br\/#organization\",\"name\":\"R\u00e1dio Planeta Saudade\",\"url\":\"https:\/\/radioplanetasaudade.com.br\/\",\"logo\":{\"@type\":\"ImageObject\",\"inLanguage\":\"pt-BR\",\"@id\":\"https:\/\/radioplanetasaudade.com.br\/#\/schema\/logo\/image\/\",\"url\":\"https:\/\/radioplanetasaudade.com.br\/wp-content\/uploads\/2023\/10\/capture-20230607-202153.png\",\"contentUrl\":\"https:\/\/radioplanetasaudade.com.br\/wp-content\/uploads\/2023\/10\/capture-20230607-202153.png\",\"width\":1350,\"height\":358,\"caption\":\"R\u00e1dio Planeta Saudade\"},\"image\":{\"@id\":\"https:\/\/radioplanetasaudade.com.br\/#\/schema\/logo\/image\/\"}},{\"@type\":\"Person\",\"@id\":\"https:\/\/radioplanetasaudade.com.br\/#\/schema\/person\/1a6f6fc0d987819324e7ed417a1a6581\",\"name\":\"Planeta Saudade\",\"image\":{\"@type\":\"ImageObject\",\"inLanguage\":\"pt-BR\",\"@id\":\"https:\/\/radioplanetasaudade.com.br\/#\/schema\/person\/image\/\",\"url\":\"https:\/\/secure.gravatar.com\/avatar\/a893d552ce4b2abfa845a62f8434cf31?s=96&d=mm&r=g\",\"contentUrl\":\"https:\/\/secure.gravatar.com\/avatar\/a893d552ce4b2abfa845a62f8434cf31?s=96&d=mm&r=g\",\"caption\":\"Planeta Saudade\"},\"sameAs\":[\"https:\/\/radioplanetasaudade.com.br\"],\"url\":\"https:\/\/radioplanetasaudade.com.br\/index.php\/author\/wendelsantos4567\/\"}]}<\/script>\n<!-- \/ Yoast SEO plugin. -->","yoast_head_json":{"title":"A R\u00e1dio Planeta Saudade agradece a sua audi\u00eancia! - R\u00c1DIO PLANETA SAUDADE","robots":{"index":"index","follow":"follow","max-snippet":"max-snippet:-1","max-image-preview":"max-image-preview:large","max-video-preview":"max-video-preview:-1"},"canonical":"https:\/\/radioplanetasaudade.com.br\/index.php\/2024\/11\/18\/a-radio-planeta-saudade-agradece-a-sua-audiencia\/","og_locale":"pt_BR","og_type":"article","og_title":"A R\u00e1dio Planeta Saudade agradece a sua audi\u00eancia! - R\u00c1DIO PLANETA SAUDADE","og_description":"Mais uma semana tem in\u00edcio, e a R\u00e1dio Planeta Saudade s\u00f3 tem motivos para comemorar...","og_url":"https:\/\/radioplanetasaudade.com.br\/index.php\/2024\/11\/18\/a-radio-planeta-saudade-agradece-a-sua-audiencia\/","og_site_name":"R\u00c1DIO PLANETA SAUDADE","article_published_time":"2024-11-18T14:12:50+00:00","article_modified_time":"2024-11-18T14:12:52+00:00","og_image":[{"width":600,"height":595,"url":"https:\/\/radioplanetasaudade.com.br\/wp-content\/uploads\/2024\/11\/OUVINTES-2025-1.jpg","type":"image\/jpeg"}],"author":"Planeta Saudade","twitter_card":"summary_large_image","twitter_misc":{"Escrito por":"Planeta Saudade","Est. tempo de leitura":"2 minutos"},"schema":{"@context":"https:\/\/schema.org","@graph":[{"@type":"Article","@id":"https:\/\/radioplanetasaudade.com.br\/index.php\/2024\/11\/18\/a-radio-planeta-saudade-agradece-a-sua-audiencia\/#article","isPartOf":{"@id":"https:\/\/radioplanetasaudade.com.br\/index.php\/2024\/11\/18\/a-radio-planeta-saudade-agradece-a-sua-audiencia\/"},"author":{"name":"Planeta Saudade","@id":"https:\/\/radioplanetasaudade.com.br\/#\/schema\/person\/1a6f6fc0d987819324e7ed417a1a6581"},"headline":"A R\u00e1dio Planeta Saudade agradece a sua audi\u00eancia!","datePublished":"2024-11-18T14:12:50+00:00","dateModified":"2024-11-18T14:12:52+00:00","mainEntityOfPage":{"@id":"https:\/\/radioplanetasaudade.com.br\/index.php\/2024\/11\/18\/a-radio-planeta-saudade-agradece-a-sua-audiencia\/"},"wordCount":258,"commentCount":0,"publisher":{"@id":"https:\/\/radioplanetasaudade.com.br\/#organization"},"keywords":["Anos 70","Anos 80","Anos 90","Baixe nosso App","Flashaback","Ouvir","Ouvir r\u00e1dio","R\u00e1dio","R\u00e1dio Planeta Saudade"],"articleSection":["OUVINTE DA SEMANA"],"inLanguage":"pt-BR","potentialAction":[{"@type":"CommentAction","name":"Comment","target":["https:\/\/radioplanetasaudade.com.br\/index.php\/2024\/11\/18\/a-radio-planeta-saudade-agradece-a-sua-audiencia\/#respond"]}]},{"@type":"WebPage","@id":"https:\/\/radioplanetasaudade.com.br\/index.php\/2024\/11\/18\/a-radio-planeta-saudade-agradece-a-sua-audiencia\/","url":"https:\/\/radioplanetasaudade.com.br\/index.php\/2024\/11\/18\/a-radio-planeta-saudade-agradece-a-sua-audiencia\/","name":"A R\u00e1dio Planeta Saudade agradece a sua audi\u00eancia! - R\u00c1DIO PLANETA SAUDADE","isPartOf":{"@id":"https:\/\/radioplanetasaudade.com.br\/#website"},"datePublished":"2024-11-18T14:12:50+00:00","dateModified":"2024-11-18T14:12:52+00:00","breadcrumb":{"@id":"https:\/\/radioplanetasaudade.com.br\/index.php\/2024\/11\/18\/a-radio-planeta-saudade-agradece-a-sua-audiencia\/#breadcrumb"},"inLanguage":"pt-BR","potentialAction":[{"@type":"ReadAction","target":["https:\/\/radioplanetasaudade.com.br\/index.php\/2024\/11\/18\/a-radio-planeta-saudade-agradece-a-sua-audiencia\/"]}]},{"@type":"BreadcrumbList","@id":"https:\/\/radioplanetasaudade.com.br\/index.php\/2024\/11\/18\/a-radio-planeta-saudade-agradece-a-sua-audiencia\/#breadcrumb","itemListElement":[{"@type":"ListItem","position":1,"name":"In\u00edcio","item":"https:\/\/radioplanetasaudade.com.br\/"},{"@type":"ListItem","position":2,"name":"A R\u00e1dio Planeta Saudade agradece a sua audi\u00eancia!"}]},{"@type":"WebSite","@id":"https:\/\/radioplanetasaudade.com.br\/#website","url":"https:\/\/radioplanetasaudade.com.br\/","name":"R\u00e1dio Planeta Saudade","description":"Relembrando grandes sucessos musicais e informando sobre os maiores artistas do mundo ou\u00e7a no seu celular.","publisher":{"@id":"https:\/\/radioplanetasaudade.com.br\/#organization"},"potentialAction":[{"@type":"SearchAction","target":{"@type":"EntryPoint","urlTemplate":"https:\/\/radioplanetasaudade.com.br\/?s={search_term_string}"},"query-input":"required name=search_term_string"}],"inLanguage":"pt-BR"},{"@type":"Organization","@id":"https:\/\/radioplanetasaudade.com.br\/#organization","name":"R\u00e1dio Planeta Saudade","url":"https:\/\/radioplanetasaudade.com.br\/","logo":{"@type":"ImageObject","inLanguage":"pt-BR","@id":"https:\/\/radioplanetasaudade.com.br\/#\/schema\/logo\/image\/","url":"https:\/\/radioplanetasaudade.com.br\/wp-content\/uploads\/2023\/10\/capture-20230607-202153.png","contentUrl":"https:\/\/radioplanetasaudade.com.br\/wp-content\/uploads\/2023\/10\/capture-20230607-202153.png","width":1350,"height":358,"caption":"R\u00e1dio Planeta Saudade"},"image":{"@id":"https:\/\/radioplanetasaudade.com.br\/#\/schema\/logo\/image\/"}},{"@type":"Person","@id":"https:\/\/radioplanetasaudade.com.br\/#\/schema\/person\/1a6f6fc0d987819324e7ed417a1a6581","name":"Planeta Saudade","image":{"@type":"ImageObject","inLanguage":"pt-BR","@id":"https:\/\/radioplanetasaudade.com.br\/#\/schema\/person\/image\/","url":"https:\/\/secure.gravatar.com\/avatar\/a893d552ce4b2abfa845a62f8434cf31?s=96&d=mm&r=g","contentUrl":"https:\/\/secure.gravatar.com\/avatar\/a893d552ce4b2abfa845a62f8434cf31?s=96&d=mm&r=g","caption":"Planeta Saudade"},"sameAs":["https:\/\/radioplanetasaudade.com.br"],"url":"https:\/\/radioplanetasaudade.com.br\/index.php\/author\/wendelsantos4567\/"}]}},"_links":{"self":[{"href":"https:\/\/radioplanetasaudade.com.br\/index.php\/wp-json\/wp\/v2\/posts\/2989","targetHints":{"allow":["GET"]}}],"collection":[{"href":"https:\/\/radioplanetasaudade.com.br\/index.php\/wp-json\/wp\/v2\/posts"}],"about":[{"href":"https:\/\/radioplanetasaudade.com.br\/index.php\/wp-json\/wp\/v2\/types\/post"}],"author":[{"embeddable":true,"href":"https:\/\/radioplanetasaudade.com.br\/index.php\/wp-json\/wp\/v2\/users\/1"}],"replies":[{"embeddable":true,"href":"https:\/\/radioplanetasaudade.com.br\/index.php\/wp-json\/wp\/v2\/comments?post=2989"}],"version-history":[{"count":1,"href":"https:\/\/radioplanetasaudade.com.br\/index.php\/wp-json\/wp\/v2\/posts\/2989\/revisions"}],"predecessor-version":[{"id":2991,"href":"https:\/\/radioplanetasaudade.com.br\/index.php\/wp-json\/wp\/v2\/posts\/2989\/revisions\/2991"}],"wp:featuredmedia":[{"embeddable":true,"href":"https:\/\/radioplanetasaudade.com.br\/index.php\/wp-json\/wp\/v2\/media\/2990"}],"wp:attachment":[{"href":"https:\/\/radioplanetasaudade.com.br\/index.php\/wp-json\/wp\/v2\/media?parent=2989"}],"wp:term":[{"taxonomy":"category","embeddable":true,"href":"https:\/\/radioplanetasaudade.com.br\/index.php\/wp-json\/wp\/v2\/categories?post=2989"},{"taxonomy":"post_tag","embeddable":true,"href":"https:\/\/radioplanetasaudade.com.br\/index.php\/wp-json\/wp\/v2\/tags?post=2989"}],"curies":[{"name":"wp","href":"https:\/\/api.w.org\/{rel}","templated":true}]}}