{"id":3009,"date":"2024-11-21T10:20:45","date_gmt":"2024-11-21T13:20:45","guid":{"rendered":"https:\/\/radioplanetasaudade.com.br\/?p=3009"},"modified":"2024-11-21T10:20:47","modified_gmt":"2024-11-21T13:20:47","slug":"fabio-jr-comemora-hoje-71-anos-de-vida","status":"publish","type":"post","link":"https:\/\/radioplanetasaudade.com.br\/index.php\/2024\/11\/21\/fabio-jr-comemora-hoje-71-anos-de-vida\/","title":{"rendered":"F\u00e1bio Jr. Comemora hoje 71 anos de vida."},"content":{"rendered":"\n<p>F\u00e1bio Jr. \u2013 Uma Jornada de Sucesso na M\u00fasica e na Televis\u00e3o<\/p>\n\n\n\n<figure class=\"wp-block-image size-large\"><img fetchpriority=\"high\" decoding=\"async\" width=\"1024\" height=\"1018\" src=\"https:\/\/radioplanetasaudade.com.br\/wp-content\/uploads\/2024\/11\/THAINARA-27-1024x1018.jpg\" alt=\"\" class=\"wp-image-3010\" srcset=\"https:\/\/radioplanetasaudade.com.br\/wp-content\/uploads\/2024\/11\/THAINARA-27-1024x1018.jpg 1024w, https:\/\/radioplanetasaudade.com.br\/wp-content\/uploads\/2024\/11\/THAINARA-27-300x298.jpg 300w, https:\/\/radioplanetasaudade.com.br\/wp-content\/uploads\/2024\/11\/THAINARA-27-150x150.jpg 150w, https:\/\/radioplanetasaudade.com.br\/wp-content\/uploads\/2024\/11\/THAINARA-27-768x764.jpg 768w, https:\/\/radioplanetasaudade.com.br\/wp-content\/uploads\/2024\/11\/THAINARA-27-1536x1528.jpg 1536w, https:\/\/radioplanetasaudade.com.br\/wp-content\/uploads\/2024\/11\/THAINARA-27-2048x2037.jpg 2048w\" sizes=\"(max-width: 1024px) 100vw, 1024px\" \/><\/figure>\n\n\n\n<p>Nascido F\u00e1bio Corr\u00eaa Ayrosa Galv\u00e3o, completa 71 anos em 21 de novembro de 2024, consolidando sua posi\u00e7\u00e3o como um dos artistas mais queridos do Brasil.<\/p>\n\n\n\n<p>Com mais de cinco d\u00e9cadas de carreira, ele conquistou o p\u00fablico n\u00e3o apenas como cantor, mas tamb\u00e9m como ator e compositor, marcando gera\u00e7\u00f5es com sua versatilidade art\u00edstica e carisma.<\/p>\n\n\n\n<p>Natural de S\u00e3o Paulo, F\u00e1bio Jr. iniciou sua trajet\u00f3ria ainda jovem, participando de programas de calouros e formando bandas com amigos.<\/p>\n\n\n\n<p>Nos anos 60, junto com seus irm\u00e3os, formou um conjunto que tocava no programa Mini-guarda na Rede Bandeirantes, no auge da jovem guarda. O nome do grupo era os namorados, depois passou a se chamar bossa 4 e finalmente arco-\u00edris. chegaram a se apresentar como calouros no programa do Chacrinha. ainda na Rede Bandeirantes, aos 13 anos passou a fazer tele teatro ao lado de Cacilda Becker e na TV Cultura, atuou no epis\u00f3dio &#8220;Um Pass\u00e1ro em meu ombro&#8221;, ao lado de Etty Fraser e Paulo Autran.<\/p>\n\n\n\n<p>Em 1971, come\u00e7ou a gravar m\u00fasicas em carreira solo, gravou can\u00e7\u00f5es em ingl\u00eas sob nomes art\u00edsticos como Uncle Jack e Mark Davis, sendo que o \u00faltimo teve um hit, &#8220;Don`t Let My Cry&#8221;, Em 1973, At\u00e9 adotar o nome definitivo de F\u00e1bio Jr. para n\u00e3o ser confundido com o ator Fl\u00e1vio Galv\u00e3o.<\/p>\n\n\n\n<p>Seu primeiro grande sucesso veio com \u201cPai\u201d, uma can\u00e7\u00e3o carregada de emo\u00e7\u00e3o que se tornou um cl\u00e1ssico e s\u00edmbolo de sua carreira.<\/p>\n\n\n\n<p>F\u00e1bio Jr. se tornou \u00edcone do romantismo nos anos 80 e 90, com sucessos como \u201cCa\u00e7a e Ca\u00e7ador\u201d, \u201cS\u00f3 Voc\u00ea\u201d, \u201c20 e Poucos Anos\u201d e \u201cO Que \u00c9 Que H\u00e1\u201d. Suas m\u00fasicas, com letras que falam de amor, saudade e reflex\u00f5es sobre a vida, conquistaram o p\u00fablico brasileiro, garantindo discos de ouro e platina.<\/p>\n\n\n\n<p>Sua voz marcante e interpreta\u00e7\u00e3o emotiva o estabeleceram como um dos principais cantores rom\u00e2nticos do pa\u00eds.<\/p>\n\n\n\n<p>Al\u00e9m disso, sua popularidade transcendeu as barreiras da m\u00fasica. Ele foi um dos primeiros artistas brasileiros a incorporar a est\u00e9tica pop em seus videoclipes, trazendo um toque inovador para a \u00e9poca.<\/p>\n\n\n\n<p>Em 1975 e 1976 foi convidado para participar da novela Despedida de casado na Rede Globo e para a novela Nina em 1977 na mesma emissora. No epis\u00f3dio &#8220;Toma que o filho \u00e9 teu&#8221; do seriado Ciranda Cirandinha, Em 1978 cantou sua composi\u00e7\u00e3o &#8220;Pai&#8221; de Janete Clair escolheu a can\u00e7\u00e3o como tema de abertura da sua nova trama, Pai Her\u00f3i. Em 1979 atuou no filme Bye Bye Brasil de Cac\u00e1 Diegues.<\/p>\n\n\n\n<p>Seu charme e presen\u00e7a nas telinhas ajudaram a consolidar sua imagem como um gal\u00e3 multifacetado.<\/p>\n\n\n\n<p>F\u00e1bio Jr. tamb\u00e9m empreendeu em outros projetos ao longo da carreira, como apresenta\u00e7\u00f5es teatrais e participa\u00e7\u00f5es em programas de televis\u00e3o.<\/p>\n\n\n\n<p>Sua autenticidade e conex\u00e3o com os f\u00e3s sempre foram marcas registradas, independentemente do formato art\u00edstico em que atuasse.<\/p>\n\n\n\n<p>A vida pessoal de F\u00e1bio Jr. sempre esteve sob os holofotes, especialmente por seus casamentos \u2013 ele foi casado sete vezes \u2013 e por ser pai de famosos como Cleo Pires e Fiuk, que tamb\u00e9m seguiram carreiras art\u00edsticas.<\/p>\n\n\n\n<p>Apesar disso, ele sempre manteve uma rela\u00e7\u00e3o pr\u00f3xima e carinhosa com seus filhos.<\/p>\n\n\n\n<p>Com 71 anos, F\u00e1bio Jr. continua ativo nos palcos, levando sua m\u00fasica para diferentes gera\u00e7\u00f5es.<\/p>\n\n\n\n<p>Suas turn\u00eas s\u00e3o momentos de celebra\u00e7\u00e3o para os f\u00e3s, que revivem emo\u00e7\u00f5es ao som de seus cl\u00e1ssicos.<\/p>\n\n\n\n<p>Seja como cantor, ator ou \u00edcone cultural, F\u00e1bio Jr. \u00e9 um exemplo de talento e longevidade art\u00edstica, provando que sua paix\u00e3o pela arte e seu compromisso com o p\u00fablico seguem inabal\u00e1veis.<\/p>\n\n\n\n<p>Neste anivers\u00e1rio, celebra-se n\u00e3o apenas o homem, mas a lenda viva da m\u00fasica brasileira.<\/p>\n","protected":false},"excerpt":{"rendered":"<p>F\u00e1bio Jr. \u2013 Uma Jornada de Sucesso na M\u00fasica e na Televis\u00e3o Nascido F\u00e1bio Corr\u00eaa&#8230;<\/p>\n","protected":false},"author":1,"featured_media":3010,"comment_status":"open","ping_status":"open","sticky":false,"template":"","format":"standard","meta":{"footnotes":""},"categories":[1229],"tags":[119,118,120,121,412,117,1452,561,562,116,99],"class_list":["post-3009","post","type-post","status-publish","format-standard","has-post-thumbnail","hentry","category-artistas-aniversariantes","tag-anos-70","tag-anos-80","tag-anos-90","tag-baixe-nosso-app","tag-fabio-jr-2","tag-flashaback","tag-mark-junior","tag-ouvir","tag-ouvir-radio","tag-radio","tag-radio-planeta-saudade"],"yoast_head":"<!-- This site is optimized with the Yoast SEO plugin v21.3 - https:\/\/yoast.com\/wordpress\/plugins\/seo\/ -->\n<title>F\u00e1bio Jr. Comemora hoje 71 anos de vida. - R\u00c1DIO PLANETA SAUDADE<\/title>\n<meta name=\"robots\" content=\"index, follow, max-snippet:-1, max-image-preview:large, max-video-preview:-1\" \/>\n<link rel=\"canonical\" href=\"https:\/\/radioplanetasaudade.com.br\/index.php\/2024\/11\/21\/fabio-jr-comemora-hoje-71-anos-de-vida\/\" \/>\n<meta property=\"og:locale\" content=\"pt_BR\" \/>\n<meta property=\"og:type\" content=\"article\" \/>\n<meta property=\"og:title\" content=\"F\u00e1bio Jr. Comemora hoje 71 anos de vida. - R\u00c1DIO PLANETA SAUDADE\" \/>\n<meta property=\"og:description\" content=\"F\u00e1bio Jr. \u2013 Uma Jornada de Sucesso na M\u00fasica e na Televis\u00e3o Nascido F\u00e1bio Corr\u00eaa...\" \/>\n<meta property=\"og:url\" content=\"https:\/\/radioplanetasaudade.com.br\/index.php\/2024\/11\/21\/fabio-jr-comemora-hoje-71-anos-de-vida\/\" \/>\n<meta property=\"og:site_name\" content=\"R\u00c1DIO PLANETA SAUDADE\" \/>\n<meta property=\"article:published_time\" content=\"2024-11-21T13:20:45+00:00\" \/>\n<meta property=\"article:modified_time\" content=\"2024-11-21T13:20:47+00:00\" \/>\n<meta property=\"og:image\" content=\"https:\/\/radioplanetasaudade.com.br\/wp-content\/uploads\/2024\/11\/THAINARA-27-scaled.jpg\" \/>\n\t<meta property=\"og:image:width\" content=\"2560\" \/>\n\t<meta property=\"og:image:height\" content=\"2546\" \/>\n\t<meta property=\"og:image:type\" content=\"image\/jpeg\" \/>\n<meta name=\"author\" content=\"Planeta Saudade\" \/>\n<meta name=\"twitter:card\" content=\"summary_large_image\" \/>\n<meta name=\"twitter:label1\" content=\"Escrito por\" \/>\n\t<meta name=\"twitter:data1\" content=\"Planeta Saudade\" \/>\n\t<meta name=\"twitter:label2\" content=\"Est. tempo de leitura\" \/>\n\t<meta name=\"twitter:data2\" content=\"4 minutos\" \/>\n<script type=\"application\/ld+json\" class=\"yoast-schema-graph\">{\"@context\":\"https:\/\/schema.org\",\"@graph\":[{\"@type\":\"Article\",\"@id\":\"https:\/\/radioplanetasaudade.com.br\/index.php\/2024\/11\/21\/fabio-jr-comemora-hoje-71-anos-de-vida\/#article\",\"isPartOf\":{\"@id\":\"https:\/\/radioplanetasaudade.com.br\/index.php\/2024\/11\/21\/fabio-jr-comemora-hoje-71-anos-de-vida\/\"},\"author\":{\"name\":\"Planeta Saudade\",\"@id\":\"https:\/\/radioplanetasaudade.com.br\/#\/schema\/person\/1a6f6fc0d987819324e7ed417a1a6581\"},\"headline\":\"F\u00e1bio Jr. Comemora hoje 71 anos de vida.\",\"datePublished\":\"2024-11-21T13:20:45+00:00\",\"dateModified\":\"2024-11-21T13:20:47+00:00\",\"mainEntityOfPage\":{\"@id\":\"https:\/\/radioplanetasaudade.com.br\/index.php\/2024\/11\/21\/fabio-jr-comemora-hoje-71-anos-de-vida\/\"},\"wordCount\":667,\"commentCount\":0,\"publisher\":{\"@id\":\"https:\/\/radioplanetasaudade.com.br\/#organization\"},\"keywords\":[\"Anos 70\",\"Anos 80\",\"Anos 90\",\"Baixe nosso App\",\"F\u00e1bio Jr\",\"Flashaback\",\"Mark Junior\",\"Ouvir\",\"Ouvir r\u00e1dio\",\"R\u00e1dio\",\"R\u00e1dio Planeta Saudade\"],\"articleSection\":[\"ARTISTAS ANIVERSARIANTES\"],\"inLanguage\":\"pt-BR\",\"potentialAction\":[{\"@type\":\"CommentAction\",\"name\":\"Comment\",\"target\":[\"https:\/\/radioplanetasaudade.com.br\/index.php\/2024\/11\/21\/fabio-jr-comemora-hoje-71-anos-de-vida\/#respond\"]}]},{\"@type\":\"WebPage\",\"@id\":\"https:\/\/radioplanetasaudade.com.br\/index.php\/2024\/11\/21\/fabio-jr-comemora-hoje-71-anos-de-vida\/\",\"url\":\"https:\/\/radioplanetasaudade.com.br\/index.php\/2024\/11\/21\/fabio-jr-comemora-hoje-71-anos-de-vida\/\",\"name\":\"F\u00e1bio Jr. Comemora hoje 71 anos de vida. - R\u00c1DIO PLANETA SAUDADE\",\"isPartOf\":{\"@id\":\"https:\/\/radioplanetasaudade.com.br\/#website\"},\"datePublished\":\"2024-11-21T13:20:45+00:00\",\"dateModified\":\"2024-11-21T13:20:47+00:00\",\"breadcrumb\":{\"@id\":\"https:\/\/radioplanetasaudade.com.br\/index.php\/2024\/11\/21\/fabio-jr-comemora-hoje-71-anos-de-vida\/#breadcrumb\"},\"inLanguage\":\"pt-BR\",\"potentialAction\":[{\"@type\":\"ReadAction\",\"target\":[\"https:\/\/radioplanetasaudade.com.br\/index.php\/2024\/11\/21\/fabio-jr-comemora-hoje-71-anos-de-vida\/\"]}]},{\"@type\":\"BreadcrumbList\",\"@id\":\"https:\/\/radioplanetasaudade.com.br\/index.php\/2024\/11\/21\/fabio-jr-comemora-hoje-71-anos-de-vida\/#breadcrumb\",\"itemListElement\":[{\"@type\":\"ListItem\",\"position\":1,\"name\":\"In\u00edcio\",\"item\":\"https:\/\/radioplanetasaudade.com.br\/\"},{\"@type\":\"ListItem\",\"position\":2,\"name\":\"F\u00e1bio Jr. Comemora hoje 71 anos de vida.\"}]},{\"@type\":\"WebSite\",\"@id\":\"https:\/\/radioplanetasaudade.com.br\/#website\",\"url\":\"https:\/\/radioplanetasaudade.com.br\/\",\"name\":\"R\u00e1dio Planeta Saudade\",\"description\":\"Relembrando grandes sucessos musicais e informando sobre os maiores artistas do mundo ou\u00e7a no seu celular.\",\"publisher\":{\"@id\":\"https:\/\/radioplanetasaudade.com.br\/#organization\"},\"potentialAction\":[{\"@type\":\"SearchAction\",\"target\":{\"@type\":\"EntryPoint\",\"urlTemplate\":\"https:\/\/radioplanetasaudade.com.br\/?s={search_term_string}\"},\"query-input\":\"required name=search_term_string\"}],\"inLanguage\":\"pt-BR\"},{\"@type\":\"Organization\",\"@id\":\"https:\/\/radioplanetasaudade.com.br\/#organization\",\"name\":\"R\u00e1dio Planeta Saudade\",\"url\":\"https:\/\/radioplanetasaudade.com.br\/\",\"logo\":{\"@type\":\"ImageObject\",\"inLanguage\":\"pt-BR\",\"@id\":\"https:\/\/radioplanetasaudade.com.br\/#\/schema\/logo\/image\/\",\"url\":\"https:\/\/radioplanetasaudade.com.br\/wp-content\/uploads\/2023\/10\/capture-20230607-202153.png\",\"contentUrl\":\"https:\/\/radioplanetasaudade.com.br\/wp-content\/uploads\/2023\/10\/capture-20230607-202153.png\",\"width\":1350,\"height\":358,\"caption\":\"R\u00e1dio Planeta Saudade\"},\"image\":{\"@id\":\"https:\/\/radioplanetasaudade.com.br\/#\/schema\/logo\/image\/\"}},{\"@type\":\"Person\",\"@id\":\"https:\/\/radioplanetasaudade.com.br\/#\/schema\/person\/1a6f6fc0d987819324e7ed417a1a6581\",\"name\":\"Planeta Saudade\",\"image\":{\"@type\":\"ImageObject\",\"inLanguage\":\"pt-BR\",\"@id\":\"https:\/\/radioplanetasaudade.com.br\/#\/schema\/person\/image\/\",\"url\":\"https:\/\/secure.gravatar.com\/avatar\/a893d552ce4b2abfa845a62f8434cf31?s=96&d=mm&r=g\",\"contentUrl\":\"https:\/\/secure.gravatar.com\/avatar\/a893d552ce4b2abfa845a62f8434cf31?s=96&d=mm&r=g\",\"caption\":\"Planeta Saudade\"},\"sameAs\":[\"https:\/\/radioplanetasaudade.com.br\"],\"url\":\"https:\/\/radioplanetasaudade.com.br\/index.php\/author\/wendelsantos4567\/\"}]}<\/script>\n<!-- \/ Yoast SEO plugin. -->","yoast_head_json":{"title":"F\u00e1bio Jr. Comemora hoje 71 anos de vida. - R\u00c1DIO PLANETA SAUDADE","robots":{"index":"index","follow":"follow","max-snippet":"max-snippet:-1","max-image-preview":"max-image-preview:large","max-video-preview":"max-video-preview:-1"},"canonical":"https:\/\/radioplanetasaudade.com.br\/index.php\/2024\/11\/21\/fabio-jr-comemora-hoje-71-anos-de-vida\/","og_locale":"pt_BR","og_type":"article","og_title":"F\u00e1bio Jr. Comemora hoje 71 anos de vida. - R\u00c1DIO PLANETA SAUDADE","og_description":"F\u00e1bio Jr. \u2013 Uma Jornada de Sucesso na M\u00fasica e na Televis\u00e3o Nascido F\u00e1bio Corr\u00eaa...","og_url":"https:\/\/radioplanetasaudade.com.br\/index.php\/2024\/11\/21\/fabio-jr-comemora-hoje-71-anos-de-vida\/","og_site_name":"R\u00c1DIO PLANETA SAUDADE","article_published_time":"2024-11-21T13:20:45+00:00","article_modified_time":"2024-11-21T13:20:47+00:00","og_image":[{"width":2560,"height":2546,"url":"https:\/\/radioplanetasaudade.com.br\/wp-content\/uploads\/2024\/11\/THAINARA-27-scaled.jpg","type":"image\/jpeg"}],"author":"Planeta Saudade","twitter_card":"summary_large_image","twitter_misc":{"Escrito por":"Planeta Saudade","Est. tempo de leitura":"4 minutos"},"schema":{"@context":"https:\/\/schema.org","@graph":[{"@type":"Article","@id":"https:\/\/radioplanetasaudade.com.br\/index.php\/2024\/11\/21\/fabio-jr-comemora-hoje-71-anos-de-vida\/#article","isPartOf":{"@id":"https:\/\/radioplanetasaudade.com.br\/index.php\/2024\/11\/21\/fabio-jr-comemora-hoje-71-anos-de-vida\/"},"author":{"name":"Planeta Saudade","@id":"https:\/\/radioplanetasaudade.com.br\/#\/schema\/person\/1a6f6fc0d987819324e7ed417a1a6581"},"headline":"F\u00e1bio Jr. Comemora hoje 71 anos de vida.","datePublished":"2024-11-21T13:20:45+00:00","dateModified":"2024-11-21T13:20:47+00:00","mainEntityOfPage":{"@id":"https:\/\/radioplanetasaudade.com.br\/index.php\/2024\/11\/21\/fabio-jr-comemora-hoje-71-anos-de-vida\/"},"wordCount":667,"commentCount":0,"publisher":{"@id":"https:\/\/radioplanetasaudade.com.br\/#organization"},"keywords":["Anos 70","Anos 80","Anos 90","Baixe nosso App","F\u00e1bio Jr","Flashaback","Mark Junior","Ouvir","Ouvir r\u00e1dio","R\u00e1dio","R\u00e1dio Planeta Saudade"],"articleSection":["ARTISTAS ANIVERSARIANTES"],"inLanguage":"pt-BR","potentialAction":[{"@type":"CommentAction","name":"Comment","target":["https:\/\/radioplanetasaudade.com.br\/index.php\/2024\/11\/21\/fabio-jr-comemora-hoje-71-anos-de-vida\/#respond"]}]},{"@type":"WebPage","@id":"https:\/\/radioplanetasaudade.com.br\/index.php\/2024\/11\/21\/fabio-jr-comemora-hoje-71-anos-de-vida\/","url":"https:\/\/radioplanetasaudade.com.br\/index.php\/2024\/11\/21\/fabio-jr-comemora-hoje-71-anos-de-vida\/","name":"F\u00e1bio Jr. Comemora hoje 71 anos de vida. - R\u00c1DIO PLANETA SAUDADE","isPartOf":{"@id":"https:\/\/radioplanetasaudade.com.br\/#website"},"datePublished":"2024-11-21T13:20:45+00:00","dateModified":"2024-11-21T13:20:47+00:00","breadcrumb":{"@id":"https:\/\/radioplanetasaudade.com.br\/index.php\/2024\/11\/21\/fabio-jr-comemora-hoje-71-anos-de-vida\/#breadcrumb"},"inLanguage":"pt-BR","potentialAction":[{"@type":"ReadAction","target":["https:\/\/radioplanetasaudade.com.br\/index.php\/2024\/11\/21\/fabio-jr-comemora-hoje-71-anos-de-vida\/"]}]},{"@type":"BreadcrumbList","@id":"https:\/\/radioplanetasaudade.com.br\/index.php\/2024\/11\/21\/fabio-jr-comemora-hoje-71-anos-de-vida\/#breadcrumb","itemListElement":[{"@type":"ListItem","position":1,"name":"In\u00edcio","item":"https:\/\/radioplanetasaudade.com.br\/"},{"@type":"ListItem","position":2,"name":"F\u00e1bio Jr. Comemora hoje 71 anos de vida."}]},{"@type":"WebSite","@id":"https:\/\/radioplanetasaudade.com.br\/#website","url":"https:\/\/radioplanetasaudade.com.br\/","name":"R\u00e1dio Planeta Saudade","description":"Relembrando grandes sucessos musicais e informando sobre os maiores artistas do mundo ou\u00e7a no seu celular.","publisher":{"@id":"https:\/\/radioplanetasaudade.com.br\/#organization"},"potentialAction":[{"@type":"SearchAction","target":{"@type":"EntryPoint","urlTemplate":"https:\/\/radioplanetasaudade.com.br\/?s={search_term_string}"},"query-input":"required name=search_term_string"}],"inLanguage":"pt-BR"},{"@type":"Organization","@id":"https:\/\/radioplanetasaudade.com.br\/#organization","name":"R\u00e1dio Planeta Saudade","url":"https:\/\/radioplanetasaudade.com.br\/","logo":{"@type":"ImageObject","inLanguage":"pt-BR","@id":"https:\/\/radioplanetasaudade.com.br\/#\/schema\/logo\/image\/","url":"https:\/\/radioplanetasaudade.com.br\/wp-content\/uploads\/2023\/10\/capture-20230607-202153.png","contentUrl":"https:\/\/radioplanetasaudade.com.br\/wp-content\/uploads\/2023\/10\/capture-20230607-202153.png","width":1350,"height":358,"caption":"R\u00e1dio Planeta Saudade"},"image":{"@id":"https:\/\/radioplanetasaudade.com.br\/#\/schema\/logo\/image\/"}},{"@type":"Person","@id":"https:\/\/radioplanetasaudade.com.br\/#\/schema\/person\/1a6f6fc0d987819324e7ed417a1a6581","name":"Planeta Saudade","image":{"@type":"ImageObject","inLanguage":"pt-BR","@id":"https:\/\/radioplanetasaudade.com.br\/#\/schema\/person\/image\/","url":"https:\/\/secure.gravatar.com\/avatar\/a893d552ce4b2abfa845a62f8434cf31?s=96&d=mm&r=g","contentUrl":"https:\/\/secure.gravatar.com\/avatar\/a893d552ce4b2abfa845a62f8434cf31?s=96&d=mm&r=g","caption":"Planeta Saudade"},"sameAs":["https:\/\/radioplanetasaudade.com.br"],"url":"https:\/\/radioplanetasaudade.com.br\/index.php\/author\/wendelsantos4567\/"}]}},"_links":{"self":[{"href":"https:\/\/radioplanetasaudade.com.br\/index.php\/wp-json\/wp\/v2\/posts\/3009","targetHints":{"allow":["GET"]}}],"collection":[{"href":"https:\/\/radioplanetasaudade.com.br\/index.php\/wp-json\/wp\/v2\/posts"}],"about":[{"href":"https:\/\/radioplanetasaudade.com.br\/index.php\/wp-json\/wp\/v2\/types\/post"}],"author":[{"embeddable":true,"href":"https:\/\/radioplanetasaudade.com.br\/index.php\/wp-json\/wp\/v2\/users\/1"}],"replies":[{"embeddable":true,"href":"https:\/\/radioplanetasaudade.com.br\/index.php\/wp-json\/wp\/v2\/comments?post=3009"}],"version-history":[{"count":1,"href":"https:\/\/radioplanetasaudade.com.br\/index.php\/wp-json\/wp\/v2\/posts\/3009\/revisions"}],"predecessor-version":[{"id":3011,"href":"https:\/\/radioplanetasaudade.com.br\/index.php\/wp-json\/wp\/v2\/posts\/3009\/revisions\/3011"}],"wp:featuredmedia":[{"embeddable":true,"href":"https:\/\/radioplanetasaudade.com.br\/index.php\/wp-json\/wp\/v2\/media\/3010"}],"wp:attachment":[{"href":"https:\/\/radioplanetasaudade.com.br\/index.php\/wp-json\/wp\/v2\/media?parent=3009"}],"wp:term":[{"taxonomy":"category","embeddable":true,"href":"https:\/\/radioplanetasaudade.com.br\/index.php\/wp-json\/wp\/v2\/categories?post=3009"},{"taxonomy":"post_tag","embeddable":true,"href":"https:\/\/radioplanetasaudade.com.br\/index.php\/wp-json\/wp\/v2\/tags?post=3009"}],"curies":[{"name":"wp","href":"https:\/\/api.w.org\/{rel}","templated":true}]}}