{"id":3028,"date":"2024-11-24T11:28:22","date_gmt":"2024-11-24T14:28:22","guid":{"rendered":"https:\/\/radioplanetasaudade.com.br\/?p=3028"},"modified":"2024-11-24T11:28:24","modified_gmt":"2024-11-24T14:28:24","slug":"katherine-heigl-comemora-hoje-46-anos-de-vida","status":"publish","type":"post","link":"https:\/\/radioplanetasaudade.com.br\/index.php\/2024\/11\/24\/katherine-heigl-comemora-hoje-46-anos-de-vida\/","title":{"rendered":"Katherine Heigl comemora hoje 46 anos de vida!"},"content":{"rendered":"\n<p class=\"wp-block-paragraph\"><strong>&#8220;A maior sele\u00e7\u00e3o de flashbacks do Brasil, voc\u00ea ouve na &#8221;R\u00e1dio Planeta Saudade!&#8221; <\/strong><img decoding=\"async\" height=\"16\" width=\"16\" src=\"https:\/\/static.xx.fbcdn.net\/images\/emoji.php\/v9\/t1\/1\/16\/1f3a7.png\" alt=\"\ud83c\udfa7\"><img decoding=\"async\" height=\"16\" width=\"16\" src=\"https:\/\/static.xx.fbcdn.net\/images\/emoji.php\/v9\/td8\/1\/16\/1f4f2.png\" alt=\"\ud83d\udcf2\"><\/p>\n\n\n\n<figure class=\"wp-block-image size-large\"><img fetchpriority=\"high\" decoding=\"async\" width=\"1024\" height=\"1016\" src=\"https:\/\/radioplanetasaudade.com.br\/wp-content\/uploads\/2024\/11\/THAINARA-33-1024x1016.jpg\" alt=\"\" class=\"wp-image-3029\" srcset=\"https:\/\/radioplanetasaudade.com.br\/wp-content\/uploads\/2024\/11\/THAINARA-33-1024x1016.jpg 1024w, https:\/\/radioplanetasaudade.com.br\/wp-content\/uploads\/2024\/11\/THAINARA-33-300x298.jpg 300w, https:\/\/radioplanetasaudade.com.br\/wp-content\/uploads\/2024\/11\/THAINARA-33-150x150.jpg 150w, https:\/\/radioplanetasaudade.com.br\/wp-content\/uploads\/2024\/11\/THAINARA-33-768x762.jpg 768w, https:\/\/radioplanetasaudade.com.br\/wp-content\/uploads\/2024\/11\/THAINARA-33-1536x1525.jpg 1536w, https:\/\/radioplanetasaudade.com.br\/wp-content\/uploads\/2024\/11\/THAINARA-33-2048x2033.jpg 2048w\" sizes=\"(max-width: 1024px) 100vw, 1024px\" \/><\/figure>\n\n\n\n<p class=\"wp-block-paragraph\">Nascida em 24 de novembro de 1978, em Washington. \u00e9 uma talentosa atriz e produtora norte-americana que conquistou o p\u00fablico com seu carisma e versatilidade.<\/p>\n\n\n\n<p class=\"wp-block-paragraph\">Aos <a><\/a>nove anos de idade, come\u00e7a a trabalhar como modelo infantil, enquanto busca oportunidades.<\/p>\n\n\n\n<p class=\"wp-block-paragraph\">Mas ainda ainda na adolesc\u00eancia migra para o cinema, onde encontrou sua verdadeira paix\u00e3o.<\/p>\n\n\n\n<p class=\"wp-block-paragraph\">Sua estreia nas telonas aconteceu em 1992, com o filme &#8220;That Night&#8221; (Naquela Noite), mas foi em &#8220;My Father the Hero&#8221; (Meu Pai, Her\u00f3i), de 1994, que ela ganhou destaque.<\/p>\n\n\n\n<p class=\"wp-block-paragraph\">No longa, interpretou uma adolescente que viaja com o pai para a Fran\u00e7a e se envolve em uma s\u00e9rie de mal-entendidos.<\/p>\n\n\n\n<p class=\"wp-block-paragraph\">Outro marco inicial foi sua participa\u00e7\u00e3o no filme de a\u00e7\u00e3o &#8220;Under Siege 2: Dark Territory&#8221; (A For\u00e7a em Alerta 2), de 1995, onde atuou ao lado de Steven Seagal, mostrando que tamb\u00e9m tinha habilidade para cenas de a\u00e7\u00e3o.<\/p>\n\n\n\n<p class=\"wp-block-paragraph\">Na televis\u00e3o, Katherine deu um passo significativo ao integrar o elenco de &#8220;Roswell&#8221; (1999-2002), s\u00e9rie de fic\u00e7\u00e3o cient\u00edfica em que interpretou Isabel Evans, uma alien\u00edgena que tenta equilibrar sua vida secreta com a humana.<\/p>\n\n\n\n<p class=\"wp-block-paragraph\">A s\u00e9rie consolidou sua base de f\u00e3s e abriu as portas para pap\u00e9is maiores. No entanto, foi em &#8220;Grey&#8217;s Anatomy&#8221; (2005-2010) que ela atingiu o auge de sua carreira.<\/p>\n\n\n\n<p class=\"wp-block-paragraph\">Como a Dra. Izzie Stevens, uma m\u00e9dica talentosa e emocionalmente complexa, Katherine encantou o p\u00fablico e a cr\u00edtica, recebendo um Emmy de Melhor Atriz Coadjuvante em S\u00e9rie Dram\u00e1tica em 2007.<\/p>\n\n\n\n<p class=\"wp-block-paragraph\">Suas performances intensas em momentos dram\u00e1ticos e rom\u00e2nticos marcaram a s\u00e9rie e a transformaram em uma estrela global.<\/p>\n\n\n\n<p class=\"wp-block-paragraph\">No cinema, Katherine se destacou nas com\u00e9dias rom\u00e2nticas, tornando-se uma das atrizes mais populares do g\u00eanero na d\u00e9cada de 2000. Em &#8220;Knocked Up&#8221; (Ligeiramente Gr\u00e1vidos, 2007), ela interpretou uma jornalista que, ap\u00f3s uma noite inesperada, se v\u00ea gr\u00e1vida de um desconhecido, em uma trama que mistura humor e emo\u00e7\u00e3o. Em &#8220;27 Dresses&#8221; (Vestida para Casar, 2008), Katherine brilhou como Jane, uma mulher que sempre \u00e9 madrinha de casamentos, mas nunca a noiva.<\/p>\n\n\n\n<p class=\"wp-block-paragraph\">O filme foi um grande sucesso e consolidou sua reputa\u00e7\u00e3o no g\u00eanero. Outro destaque foi &#8220;The Ugly Truth&#8221; (A Verdade Nua e Crua, 2009), em que contracenou com Gerard Butler em uma com\u00e9dia rom\u00e2ntica repleta de di\u00e1logos afiados e situa\u00e7\u00f5es engra\u00e7adas.<\/p>\n\n\n\n<p class=\"wp-block-paragraph\">Embora tenha enfrentado desafios ao diversificar seus pap\u00e9is, Katherine tamb\u00e9m explorou g\u00eaneros diferentes, como em &#8220;One for the Money&#8221; (Como Agarrar Meu Ex-Namorado, 2012), um misto de com\u00e9dia e a\u00e7\u00e3o.<\/p>\n\n\n\n<p class=\"wp-block-paragraph\">Mais recentemente, ela retornou \u00e0 TV com a s\u00e9rie &#8220;Firefly Lane&#8221; (Amigas para Sempre, 2021-2023), da Netflix, onde entregou uma performance emocionante sobre amizade e crescimento.<\/p>\n\n\n\n<p class=\"wp-block-paragraph\">Fora das telas, Katherine \u00e9 uma defensora apaixonada dos direitos dos animais e m\u00e3e dedicada. Casada com o cantor Josh Kelley desde 2007, ela equilibra sua vida pessoal com a carreira. Hoje, ela celebra mais um ano de vida como uma atriz vers\u00e1til e inspiradora, que segue conquistando cora\u00e7\u00f5es ao redor do mundo. <img loading=\"lazy\" decoding=\"async\" height=\"16\" width=\"16\" alt=\"\ud83c\udf89\" src=\"https:\/\/static.xx.fbcdn.net\/images\/emoji.php\/v9\/t8c\/1\/16\/1f389.png\"><\/p>\n","protected":false},"excerpt":{"rendered":"<p>&#8220;A maior sele\u00e7\u00e3o de flashbacks do Brasil, voc\u00ea ouve na &#8221;R\u00e1dio Planeta Saudade!&#8221; Nascida em&#8230;<\/p>\n","protected":false},"author":1,"featured_media":3029,"comment_status":"open","ping_status":"open","sticky":false,"template":"","format":"standard","meta":{"footnotes":""},"categories":[1229],"tags":[1471,868,1475,1476,1478,1377,119,118,120,121,1477,117,1316,1479,1470,1473,561,562,116,99,1474],"class_list":["post-3028","post","type-post","status-publish","format-standard","has-post-thumbnail","hentry","category-artistas-aniversariantes","tag-a-forca-em-alerta-2","tag-868","tag-1475","tag-1476","tag-1478","tag-a-verdade-nua-e-crua","tag-anos-70","tag-anos-80","tag-anos-90","tag-baixe-nosso-app","tag-como-agarrar-meu-ex-namorado","tag-flashaback","tag-greys-anatomy","tag-josh-kelley","tag-katherine-heigl","tag-ligeiramente-gravidos","tag-ouvir","tag-ouvir-radio","tag-radio","tag-radio-planeta-saudade","tag-vestida-para-casar"],"yoast_head":"<!-- This site is optimized with the Yoast SEO plugin v28.4 - https:\/\/yoast.com\/product\/yoast-seo-wordpress\/ -->\n<title>Katherine Heigl comemora hoje 46 anos de vida! - R\u00c1DIO PLANETA SAUDADE<\/title>\n<meta name=\"robots\" content=\"index, follow, max-snippet:-1, max-image-preview:large, max-video-preview:-1\" \/>\n<link rel=\"canonical\" href=\"https:\/\/radioplanetasaudade.com.br\/index.php\/2024\/11\/24\/katherine-heigl-comemora-hoje-46-anos-de-vida\/\" \/>\n<meta property=\"og:locale\" content=\"pt_BR\" \/>\n<meta property=\"og:type\" content=\"article\" \/>\n<meta property=\"og:title\" content=\"Katherine Heigl comemora hoje 46 anos de vida! - R\u00c1DIO PLANETA SAUDADE\" \/>\n<meta property=\"og:description\" content=\"&#8220;A maior sele\u00e7\u00e3o de flashbacks do Brasil, voc\u00ea ouve na &#8221;R\u00e1dio Planeta Saudade!&#8221; Nascida em...\" \/>\n<meta property=\"og:url\" content=\"https:\/\/radioplanetasaudade.com.br\/index.php\/2024\/11\/24\/katherine-heigl-comemora-hoje-46-anos-de-vida\/\" \/>\n<meta property=\"og:site_name\" content=\"R\u00c1DIO PLANETA SAUDADE\" \/>\n<meta property=\"article:published_time\" content=\"2024-11-24T14:28:22+00:00\" \/>\n<meta property=\"article:modified_time\" content=\"2024-11-24T14:28:24+00:00\" \/>\n<meta property=\"og:image\" content=\"https:\/\/radioplanetasaudade.com.br\/wp-content\/uploads\/2024\/11\/THAINARA-33-scaled.jpg\" \/>\n\t<meta property=\"og:image:width\" content=\"2560\" \/>\n\t<meta property=\"og:image:height\" content=\"2541\" \/>\n\t<meta property=\"og:image:type\" content=\"image\/jpeg\" \/>\n<meta name=\"author\" content=\"Planeta Saudade\" \/>\n<meta name=\"twitter:card\" content=\"summary_large_image\" \/>\n<meta name=\"twitter:label1\" content=\"Escrito por\" \/>\n\t<meta name=\"twitter:data1\" content=\"Planeta Saudade\" \/>\n\t<meta name=\"twitter:label2\" content=\"Est. tempo de leitura\" \/>\n\t<meta name=\"twitter:data2\" content=\"4 minutos\" \/>\n<script type=\"application\/ld+json\" class=\"yoast-schema-graph\">{\"@context\":\"https:\\\/\\\/schema.org\",\"@graph\":[{\"@type\":\"Article\",\"@id\":\"https:\\\/\\\/radioplanetasaudade.com.br\\\/index.php\\\/2024\\\/11\\\/24\\\/katherine-heigl-comemora-hoje-46-anos-de-vida\\\/#article\",\"isPartOf\":{\"@id\":\"https:\\\/\\\/radioplanetasaudade.com.br\\\/index.php\\\/2024\\\/11\\\/24\\\/katherine-heigl-comemora-hoje-46-anos-de-vida\\\/\"},\"author\":{\"name\":\"Planeta Saudade\",\"@id\":\"https:\\\/\\\/radioplanetasaudade.com.br\\\/#\\\/schema\\\/person\\\/1a6f6fc0d987819324e7ed417a1a6581\"},\"headline\":\"Katherine Heigl comemora hoje 46 anos de vida!\",\"datePublished\":\"2024-11-24T14:28:22+00:00\",\"dateModified\":\"2024-11-24T14:28:24+00:00\",\"mainEntityOfPage\":{\"@id\":\"https:\\\/\\\/radioplanetasaudade.com.br\\\/index.php\\\/2024\\\/11\\\/24\\\/katherine-heigl-comemora-hoje-46-anos-de-vida\\\/\"},\"wordCount\":531,\"commentCount\":0,\"publisher\":{\"@id\":\"https:\\\/\\\/radioplanetasaudade.com.br\\\/#organization\"},\"image\":{\"@id\":\"https:\\\/\\\/radioplanetasaudade.com.br\\\/index.php\\\/2024\\\/11\\\/24\\\/katherine-heigl-comemora-hoje-46-anos-de-vida\\\/#primaryimage\"},\"thumbnailUrl\":\"https:\\\/\\\/radioplanetasaudade.com.br\\\/wp-content\\\/uploads\\\/2024\\\/11\\\/THAINARA-33-scaled.jpg\",\"keywords\":[\"(A For\u00e7a em Alerta 2)\",\"2007\",\"2008\",\"2009\",\"2012\",\"A Verdade Nua e Crua\",\"Anos 70\",\"Anos 80\",\"Anos 90\",\"Baixe nosso App\",\"Como Agarrar Meu Ex-Namorado\",\"Flashaback\",\"Grey's Anatomy\",\"Josh Kelley\",\"Katherine Heigl\",\"Ligeiramente Gr\u00e1vidos\",\"Ouvir\",\"Ouvir r\u00e1dio\",\"R\u00e1dio\",\"R\u00e1dio Planeta Saudade\",\"Vestida para Casar\"],\"articleSection\":[\"ARTISTAS ANIVERSARIANTES\"],\"inLanguage\":\"pt-BR\",\"potentialAction\":[{\"@type\":\"CommentAction\",\"name\":\"Comment\",\"target\":[\"https:\\\/\\\/radioplanetasaudade.com.br\\\/index.php\\\/2024\\\/11\\\/24\\\/katherine-heigl-comemora-hoje-46-anos-de-vida\\\/#respond\"]}]},{\"@type\":\"WebPage\",\"@id\":\"https:\\\/\\\/radioplanetasaudade.com.br\\\/index.php\\\/2024\\\/11\\\/24\\\/katherine-heigl-comemora-hoje-46-anos-de-vida\\\/\",\"url\":\"https:\\\/\\\/radioplanetasaudade.com.br\\\/index.php\\\/2024\\\/11\\\/24\\\/katherine-heigl-comemora-hoje-46-anos-de-vida\\\/\",\"name\":\"Katherine Heigl comemora hoje 46 anos de vida! - R\u00c1DIO PLANETA SAUDADE\",\"isPartOf\":{\"@id\":\"https:\\\/\\\/radioplanetasaudade.com.br\\\/#website\"},\"primaryImageOfPage\":{\"@id\":\"https:\\\/\\\/radioplanetasaudade.com.br\\\/index.php\\\/2024\\\/11\\\/24\\\/katherine-heigl-comemora-hoje-46-anos-de-vida\\\/#primaryimage\"},\"image\":{\"@id\":\"https:\\\/\\\/radioplanetasaudade.com.br\\\/index.php\\\/2024\\\/11\\\/24\\\/katherine-heigl-comemora-hoje-46-anos-de-vida\\\/#primaryimage\"},\"thumbnailUrl\":\"https:\\\/\\\/radioplanetasaudade.com.br\\\/wp-content\\\/uploads\\\/2024\\\/11\\\/THAINARA-33-scaled.jpg\",\"datePublished\":\"2024-11-24T14:28:22+00:00\",\"dateModified\":\"2024-11-24T14:28:24+00:00\",\"breadcrumb\":{\"@id\":\"https:\\\/\\\/radioplanetasaudade.com.br\\\/index.php\\\/2024\\\/11\\\/24\\\/katherine-heigl-comemora-hoje-46-anos-de-vida\\\/#breadcrumb\"},\"inLanguage\":\"pt-BR\",\"potentialAction\":[{\"@type\":\"ReadAction\",\"target\":[\"https:\\\/\\\/radioplanetasaudade.com.br\\\/index.php\\\/2024\\\/11\\\/24\\\/katherine-heigl-comemora-hoje-46-anos-de-vida\\\/\"]}]},{\"@type\":\"ImageObject\",\"inLanguage\":\"pt-BR\",\"@id\":\"https:\\\/\\\/radioplanetasaudade.com.br\\\/index.php\\\/2024\\\/11\\\/24\\\/katherine-heigl-comemora-hoje-46-anos-de-vida\\\/#primaryimage\",\"url\":\"https:\\\/\\\/radioplanetasaudade.com.br\\\/wp-content\\\/uploads\\\/2024\\\/11\\\/THAINARA-33-scaled.jpg\",\"contentUrl\":\"https:\\\/\\\/radioplanetasaudade.com.br\\\/wp-content\\\/uploads\\\/2024\\\/11\\\/THAINARA-33-scaled.jpg\",\"width\":2560,\"height\":2541},{\"@type\":\"BreadcrumbList\",\"@id\":\"https:\\\/\\\/radioplanetasaudade.com.br\\\/index.php\\\/2024\\\/11\\\/24\\\/katherine-heigl-comemora-hoje-46-anos-de-vida\\\/#breadcrumb\",\"itemListElement\":[{\"@type\":\"ListItem\",\"position\":1,\"name\":\"In\u00edcio\",\"item\":\"https:\\\/\\\/radioplanetasaudade.com.br\\\/\"},{\"@type\":\"ListItem\",\"position\":2,\"name\":\"Katherine Heigl comemora hoje 46 anos de vida!\"}]},{\"@type\":\"WebSite\",\"@id\":\"https:\\\/\\\/radioplanetasaudade.com.br\\\/#website\",\"url\":\"https:\\\/\\\/radioplanetasaudade.com.br\\\/\",\"name\":\"R\u00e1dio Planeta Saudade\",\"description\":\"Relembrando grandes sucessos musicais e informando sobre os maiores artistas do mundo ou\u00e7a no seu celular.\",\"publisher\":{\"@id\":\"https:\\\/\\\/radioplanetasaudade.com.br\\\/#organization\"},\"potentialAction\":[{\"@type\":\"SearchAction\",\"target\":{\"@type\":\"EntryPoint\",\"urlTemplate\":\"https:\\\/\\\/radioplanetasaudade.com.br\\\/?s={search_term_string}\"},\"query-input\":{\"@type\":\"PropertyValueSpecification\",\"valueRequired\":true,\"valueName\":\"search_term_string\"}}],\"inLanguage\":\"pt-BR\"},{\"@type\":\"Organization\",\"@id\":\"https:\\\/\\\/radioplanetasaudade.com.br\\\/#organization\",\"name\":\"R\u00e1dio Planeta Saudade\",\"url\":\"https:\\\/\\\/radioplanetasaudade.com.br\\\/\",\"logo\":{\"@type\":\"ImageObject\",\"inLanguage\":\"pt-BR\",\"@id\":\"https:\\\/\\\/radioplanetasaudade.com.br\\\/#\\\/schema\\\/logo\\\/image\\\/\",\"url\":\"https:\\\/\\\/radioplanetasaudade.com.br\\\/wp-content\\\/uploads\\\/2023\\\/10\\\/capture-20230607-202153.png\",\"contentUrl\":\"https:\\\/\\\/radioplanetasaudade.com.br\\\/wp-content\\\/uploads\\\/2023\\\/10\\\/capture-20230607-202153.png\",\"width\":1350,\"height\":358,\"caption\":\"R\u00e1dio Planeta Saudade\"},\"image\":{\"@id\":\"https:\\\/\\\/radioplanetasaudade.com.br\\\/#\\\/schema\\\/logo\\\/image\\\/\"}},{\"@type\":\"Person\",\"@id\":\"https:\\\/\\\/radioplanetasaudade.com.br\\\/#\\\/schema\\\/person\\\/1a6f6fc0d987819324e7ed417a1a6581\",\"name\":\"Planeta Saudade\",\"image\":{\"@type\":\"ImageObject\",\"inLanguage\":\"pt-BR\",\"@id\":\"https:\\\/\\\/secure.gravatar.com\\\/avatar\\\/f81afe153fb6e9e1d38e83d127599e125ba7a0bd5cdb1f795af3d9b0af8ddeb0?s=96&d=mm&r=g\",\"url\":\"https:\\\/\\\/secure.gravatar.com\\\/avatar\\\/f81afe153fb6e9e1d38e83d127599e125ba7a0bd5cdb1f795af3d9b0af8ddeb0?s=96&d=mm&r=g\",\"contentUrl\":\"https:\\\/\\\/secure.gravatar.com\\\/avatar\\\/f81afe153fb6e9e1d38e83d127599e125ba7a0bd5cdb1f795af3d9b0af8ddeb0?s=96&d=mm&r=g\",\"caption\":\"Planeta Saudade\"},\"sameAs\":[\"https:\\\/\\\/radioplanetasaudade.com.br\"],\"url\":\"https:\\\/\\\/radioplanetasaudade.com.br\\\/index.php\\\/author\\\/wendelsantos4567\\\/\"}]}<\/script>\n<!-- \/ Yoast SEO plugin. -->","yoast_head_json":{"title":"Katherine Heigl comemora hoje 46 anos de vida! - R\u00c1DIO PLANETA SAUDADE","robots":{"index":"index","follow":"follow","max-snippet":"max-snippet:-1","max-image-preview":"max-image-preview:large","max-video-preview":"max-video-preview:-1"},"canonical":"https:\/\/radioplanetasaudade.com.br\/index.php\/2024\/11\/24\/katherine-heigl-comemora-hoje-46-anos-de-vida\/","og_locale":"pt_BR","og_type":"article","og_title":"Katherine Heigl comemora hoje 46 anos de vida! - R\u00c1DIO PLANETA SAUDADE","og_description":"&#8220;A maior sele\u00e7\u00e3o de flashbacks do Brasil, voc\u00ea ouve na &#8221;R\u00e1dio Planeta Saudade!&#8221; Nascida em...","og_url":"https:\/\/radioplanetasaudade.com.br\/index.php\/2024\/11\/24\/katherine-heigl-comemora-hoje-46-anos-de-vida\/","og_site_name":"R\u00c1DIO PLANETA SAUDADE","article_published_time":"2024-11-24T14:28:22+00:00","article_modified_time":"2024-11-24T14:28:24+00:00","og_image":[{"width":2560,"height":2541,"url":"https:\/\/radioplanetasaudade.com.br\/wp-content\/uploads\/2024\/11\/THAINARA-33-scaled.jpg","type":"image\/jpeg"}],"author":"Planeta Saudade","twitter_card":"summary_large_image","twitter_misc":{"Escrito por":"Planeta Saudade","Est. tempo de leitura":"4 minutos"},"schema":{"@context":"https:\/\/schema.org","@graph":[{"@type":"Article","@id":"https:\/\/radioplanetasaudade.com.br\/index.php\/2024\/11\/24\/katherine-heigl-comemora-hoje-46-anos-de-vida\/#article","isPartOf":{"@id":"https:\/\/radioplanetasaudade.com.br\/index.php\/2024\/11\/24\/katherine-heigl-comemora-hoje-46-anos-de-vida\/"},"author":{"name":"Planeta Saudade","@id":"https:\/\/radioplanetasaudade.com.br\/#\/schema\/person\/1a6f6fc0d987819324e7ed417a1a6581"},"headline":"Katherine Heigl comemora hoje 46 anos de vida!","datePublished":"2024-11-24T14:28:22+00:00","dateModified":"2024-11-24T14:28:24+00:00","mainEntityOfPage":{"@id":"https:\/\/radioplanetasaudade.com.br\/index.php\/2024\/11\/24\/katherine-heigl-comemora-hoje-46-anos-de-vida\/"},"wordCount":531,"commentCount":0,"publisher":{"@id":"https:\/\/radioplanetasaudade.com.br\/#organization"},"image":{"@id":"https:\/\/radioplanetasaudade.com.br\/index.php\/2024\/11\/24\/katherine-heigl-comemora-hoje-46-anos-de-vida\/#primaryimage"},"thumbnailUrl":"https:\/\/radioplanetasaudade.com.br\/wp-content\/uploads\/2024\/11\/THAINARA-33-scaled.jpg","keywords":["(A For\u00e7a em Alerta 2)","2007","2008","2009","2012","A Verdade Nua e Crua","Anos 70","Anos 80","Anos 90","Baixe nosso App","Como Agarrar Meu Ex-Namorado","Flashaback","Grey's Anatomy","Josh Kelley","Katherine Heigl","Ligeiramente Gr\u00e1vidos","Ouvir","Ouvir r\u00e1dio","R\u00e1dio","R\u00e1dio Planeta Saudade","Vestida para Casar"],"articleSection":["ARTISTAS ANIVERSARIANTES"],"inLanguage":"pt-BR","potentialAction":[{"@type":"CommentAction","name":"Comment","target":["https:\/\/radioplanetasaudade.com.br\/index.php\/2024\/11\/24\/katherine-heigl-comemora-hoje-46-anos-de-vida\/#respond"]}]},{"@type":"WebPage","@id":"https:\/\/radioplanetasaudade.com.br\/index.php\/2024\/11\/24\/katherine-heigl-comemora-hoje-46-anos-de-vida\/","url":"https:\/\/radioplanetasaudade.com.br\/index.php\/2024\/11\/24\/katherine-heigl-comemora-hoje-46-anos-de-vida\/","name":"Katherine Heigl comemora hoje 46 anos de vida! - R\u00c1DIO PLANETA SAUDADE","isPartOf":{"@id":"https:\/\/radioplanetasaudade.com.br\/#website"},"primaryImageOfPage":{"@id":"https:\/\/radioplanetasaudade.com.br\/index.php\/2024\/11\/24\/katherine-heigl-comemora-hoje-46-anos-de-vida\/#primaryimage"},"image":{"@id":"https:\/\/radioplanetasaudade.com.br\/index.php\/2024\/11\/24\/katherine-heigl-comemora-hoje-46-anos-de-vida\/#primaryimage"},"thumbnailUrl":"https:\/\/radioplanetasaudade.com.br\/wp-content\/uploads\/2024\/11\/THAINARA-33-scaled.jpg","datePublished":"2024-11-24T14:28:22+00:00","dateModified":"2024-11-24T14:28:24+00:00","breadcrumb":{"@id":"https:\/\/radioplanetasaudade.com.br\/index.php\/2024\/11\/24\/katherine-heigl-comemora-hoje-46-anos-de-vida\/#breadcrumb"},"inLanguage":"pt-BR","potentialAction":[{"@type":"ReadAction","target":["https:\/\/radioplanetasaudade.com.br\/index.php\/2024\/11\/24\/katherine-heigl-comemora-hoje-46-anos-de-vida\/"]}]},{"@type":"ImageObject","inLanguage":"pt-BR","@id":"https:\/\/radioplanetasaudade.com.br\/index.php\/2024\/11\/24\/katherine-heigl-comemora-hoje-46-anos-de-vida\/#primaryimage","url":"https:\/\/radioplanetasaudade.com.br\/wp-content\/uploads\/2024\/11\/THAINARA-33-scaled.jpg","contentUrl":"https:\/\/radioplanetasaudade.com.br\/wp-content\/uploads\/2024\/11\/THAINARA-33-scaled.jpg","width":2560,"height":2541},{"@type":"BreadcrumbList","@id":"https:\/\/radioplanetasaudade.com.br\/index.php\/2024\/11\/24\/katherine-heigl-comemora-hoje-46-anos-de-vida\/#breadcrumb","itemListElement":[{"@type":"ListItem","position":1,"name":"In\u00edcio","item":"https:\/\/radioplanetasaudade.com.br\/"},{"@type":"ListItem","position":2,"name":"Katherine Heigl comemora hoje 46 anos de vida!"}]},{"@type":"WebSite","@id":"https:\/\/radioplanetasaudade.com.br\/#website","url":"https:\/\/radioplanetasaudade.com.br\/","name":"R\u00e1dio Planeta Saudade","description":"Relembrando grandes sucessos musicais e informando sobre os maiores artistas do mundo ou\u00e7a no seu celular.","publisher":{"@id":"https:\/\/radioplanetasaudade.com.br\/#organization"},"potentialAction":[{"@type":"SearchAction","target":{"@type":"EntryPoint","urlTemplate":"https:\/\/radioplanetasaudade.com.br\/?s={search_term_string}"},"query-input":{"@type":"PropertyValueSpecification","valueRequired":true,"valueName":"search_term_string"}}],"inLanguage":"pt-BR"},{"@type":"Organization","@id":"https:\/\/radioplanetasaudade.com.br\/#organization","name":"R\u00e1dio Planeta Saudade","url":"https:\/\/radioplanetasaudade.com.br\/","logo":{"@type":"ImageObject","inLanguage":"pt-BR","@id":"https:\/\/radioplanetasaudade.com.br\/#\/schema\/logo\/image\/","url":"https:\/\/radioplanetasaudade.com.br\/wp-content\/uploads\/2023\/10\/capture-20230607-202153.png","contentUrl":"https:\/\/radioplanetasaudade.com.br\/wp-content\/uploads\/2023\/10\/capture-20230607-202153.png","width":1350,"height":358,"caption":"R\u00e1dio Planeta Saudade"},"image":{"@id":"https:\/\/radioplanetasaudade.com.br\/#\/schema\/logo\/image\/"}},{"@type":"Person","@id":"https:\/\/radioplanetasaudade.com.br\/#\/schema\/person\/1a6f6fc0d987819324e7ed417a1a6581","name":"Planeta Saudade","image":{"@type":"ImageObject","inLanguage":"pt-BR","@id":"https:\/\/secure.gravatar.com\/avatar\/f81afe153fb6e9e1d38e83d127599e125ba7a0bd5cdb1f795af3d9b0af8ddeb0?s=96&d=mm&r=g","url":"https:\/\/secure.gravatar.com\/avatar\/f81afe153fb6e9e1d38e83d127599e125ba7a0bd5cdb1f795af3d9b0af8ddeb0?s=96&d=mm&r=g","contentUrl":"https:\/\/secure.gravatar.com\/avatar\/f81afe153fb6e9e1d38e83d127599e125ba7a0bd5cdb1f795af3d9b0af8ddeb0?s=96&d=mm&r=g","caption":"Planeta Saudade"},"sameAs":["https:\/\/radioplanetasaudade.com.br"],"url":"https:\/\/radioplanetasaudade.com.br\/index.php\/author\/wendelsantos4567\/"}]}},"_links":{"self":[{"href":"https:\/\/radioplanetasaudade.com.br\/index.php\/wp-json\/wp\/v2\/posts\/3028","targetHints":{"allow":["GET"]}}],"collection":[{"href":"https:\/\/radioplanetasaudade.com.br\/index.php\/wp-json\/wp\/v2\/posts"}],"about":[{"href":"https:\/\/radioplanetasaudade.com.br\/index.php\/wp-json\/wp\/v2\/types\/post"}],"author":[{"embeddable":true,"href":"https:\/\/radioplanetasaudade.com.br\/index.php\/wp-json\/wp\/v2\/users\/1"}],"replies":[{"embeddable":true,"href":"https:\/\/radioplanetasaudade.com.br\/index.php\/wp-json\/wp\/v2\/comments?post=3028"}],"version-history":[{"count":1,"href":"https:\/\/radioplanetasaudade.com.br\/index.php\/wp-json\/wp\/v2\/posts\/3028\/revisions"}],"predecessor-version":[{"id":3030,"href":"https:\/\/radioplanetasaudade.com.br\/index.php\/wp-json\/wp\/v2\/posts\/3028\/revisions\/3030"}],"wp:featuredmedia":[{"embeddable":true,"href":"https:\/\/radioplanetasaudade.com.br\/index.php\/wp-json\/wp\/v2\/media\/3029"}],"wp:attachment":[{"href":"https:\/\/radioplanetasaudade.com.br\/index.php\/wp-json\/wp\/v2\/media?parent=3028"}],"wp:term":[{"taxonomy":"category","embeddable":true,"href":"https:\/\/radioplanetasaudade.com.br\/index.php\/wp-json\/wp\/v2\/categories?post=3028"},{"taxonomy":"post_tag","embeddable":true,"href":"https:\/\/radioplanetasaudade.com.br\/index.php\/wp-json\/wp\/v2\/tags?post=3028"}],"curies":[{"name":"wp","href":"https:\/\/api.w.org\/{rel}","templated":true}]}}