{"id":3034,"date":"2024-11-25T10:23:11","date_gmt":"2024-11-25T13:23:11","guid":{"rendered":"https:\/\/radioplanetasaudade.com.br\/?p=3034"},"modified":"2024-11-25T10:23:12","modified_gmt":"2024-11-25T13:23:12","slug":"pedro-bismark-comemora-hoje-63-anos-de-vida","status":"publish","type":"post","link":"https:\/\/radioplanetasaudade.com.br\/index.php\/2024\/11\/25\/pedro-bismark-comemora-hoje-63-anos-de-vida\/","title":{"rendered":"Pedro Bismark, comemora hoje 63 anos de vida!"},"content":{"rendered":"\n<p>Um dos grandes nomes do humor brasileiro, celebra mais um anivers\u00e1rio nesta data especial. Nascido em Leopoldina, Minas Gerais, Bismarck conquistou o p\u00fablico com seu carisma e talento, tornando-se uma refer\u00eancia no cen\u00e1rio art\u00edstico nacional.<\/p>\n\n\n\n<figure class=\"wp-block-image size-large\"><img fetchpriority=\"high\" decoding=\"async\" width=\"1024\" height=\"1014\" src=\"https:\/\/radioplanetasaudade.com.br\/wp-content\/uploads\/2024\/11\/THAINARA-34-1024x1014.jpg\" alt=\"\" class=\"wp-image-3035\" srcset=\"https:\/\/radioplanetasaudade.com.br\/wp-content\/uploads\/2024\/11\/THAINARA-34-1024x1014.jpg 1024w, https:\/\/radioplanetasaudade.com.br\/wp-content\/uploads\/2024\/11\/THAINARA-34-300x297.jpg 300w, https:\/\/radioplanetasaudade.com.br\/wp-content\/uploads\/2024\/11\/THAINARA-34-150x150.jpg 150w, https:\/\/radioplanetasaudade.com.br\/wp-content\/uploads\/2024\/11\/THAINARA-34-768x761.jpg 768w, https:\/\/radioplanetasaudade.com.br\/wp-content\/uploads\/2024\/11\/THAINARA-34-1536x1521.jpg 1536w, https:\/\/radioplanetasaudade.com.br\/wp-content\/uploads\/2024\/11\/THAINARA-34-2048x2029.jpg 2048w\" sizes=\"(max-width: 1024px) 100vw, 1024px\" \/><\/figure>\n\n\n\n<p>Sua carreira \u00e9 marcada por personagens ic\u00f4nicos, sendo o mais memor\u00e1vel o hil\u00e1rio Nerso da Capitinga, que ganhou o cora\u00e7\u00e3o dos brasileiros com seu jeito simples, engra\u00e7ado e caracter\u00edstico sotaque mineiro.<\/p>\n\n\n\n<p>Pedro Bismarck iniciou sua carreira no r\u00e1dio, onde descobriu sua paix\u00e3o pela com\u00e9dia e pelo entretenimento.<\/p>\n\n\n\n<p>Posteriormente, migrou para a televis\u00e3o, onde encontrou espa\u00e7o para desenvolver seu humor leve e inteligente, que rapidamente conquistou diferentes gera\u00e7\u00f5es.<\/p>\n\n\n\n<p>O auge de sua popularidade ocorreu nos anos 1990, quando interpretou Nerso da Capitinga no programa Escolinha do Professor Raimundo, ao lado de nomes lend\u00e1rios como Chico Anysio.<\/p>\n\n\n\n<p>Sua interpreta\u00e7\u00e3o cativante do matuto mineiro trouxe n\u00e3o apenas risos, mas tamb\u00e9m uma identifica\u00e7\u00e3o cultural com o Brasil rural.<\/p>\n\n\n\n<p>Al\u00e9m da televis\u00e3o, Pedro Bismarck tamb\u00e9m fez incurs\u00f5es no teatro e no cinema, sempre levando consigo sua capacidade de transformar situa\u00e7\u00f5es cotidianas em momentos de pura divers\u00e3o. Seu trabalho \u00e9 reconhecido por valorizar as ra\u00edzes culturais brasileiras, especialmente a mineira, que ele representa com tanto carinho e autenticidade.<\/p>\n\n\n\n<p>O humor de Pedro Bismarck vai al\u00e9m das gargalhadas.<\/p>\n\n\n\n<p>Seu personagem Nerso da Capitinga \u00e9 um retrato carinhoso do interior do Brasil, exaltando a sabedoria popular, os ditados engra\u00e7ados e a forma peculiar de enxergar o mundo.<\/p>\n\n\n\n<p>Isso fez com que ele se tornasse um \u00edcone cultural, resgatando e celebrando elementos das tradi\u00e7\u00f5es rurais de Minas Gerais e de outras regi\u00f5es do pa\u00eds.<\/p>\n\n\n\n<p>Al\u00e9m disso, Bismarck \u00e9 admirado por sua postura humilde e pelo respeito que demonstra tanto aos colegas de profiss\u00e3o quanto ao p\u00fablico. Ele \u00e9 um exemplo de como o humor pode ser usado para unir as pessoas, proporcionando momentos de alegria e descontra\u00e7\u00e3o sem recorrer a estere\u00f3tipos ofensivos.<\/p>\n\n\n\n<p>Mesmo com o sucesso alcan\u00e7ado ao longo das d\u00e9cadas, Pedro Bismarck sempre manteve uma vida discreta fora das c\u00e2meras. Respeitado e querido por colegas e f\u00e3s, ele continua ativo no cen\u00e1rio cultural, ocasionalmente participando de projetos especiais e programas de televis\u00e3o.<\/p>\n\n\n\n<p>Sua presen\u00e7a nas redes sociais tamb\u00e9m \u00e9 marcada pelo humor caracter\u00edstico, onde compartilha hist\u00f3rias e reflex\u00f5es sobre a vida.<\/p>\n\n\n\n<p>Neste anivers\u00e1rio, Pedro Bismarck \u00e9 celebrado n\u00e3o apenas por sua contribui\u00e7\u00e3o ao humor brasileiro, mas tamb\u00e9m por sua trajet\u00f3ria de dedica\u00e7\u00e3o e amor \u00e0 arte de fazer rir.<\/p>\n\n\n\n<p>Seu legado continua inspirando novos humoristas e alegrando gera\u00e7\u00f5es, provando que o talento e a autenticidade s\u00e3o atemporais.<\/p>\n\n\n\n<p>Parab\u00e9ns, Pedro Bismarck, por mais um ano de vida e por toda a alegria que trouxe e ainda traz para os lares brasileiros!<\/p>\n","protected":false},"excerpt":{"rendered":"<p>Um dos grandes nomes do humor brasileiro, celebra mais um anivers\u00e1rio nesta data especial. Nascido&#8230;<\/p>\n","protected":false},"author":1,"featured_media":3035,"comment_status":"open","ping_status":"open","sticky":false,"template":"","format":"standard","meta":{"footnotes":""},"categories":[1229],"tags":[119,118,120,121,117,1486,561,562,1485,116,99],"class_list":["post-3034","post","type-post","status-publish","format-standard","has-post-thumbnail","hentry","category-artistas-aniversariantes","tag-anos-70","tag-anos-80","tag-anos-90","tag-baixe-nosso-app","tag-flashaback","tag-nerso-da-capitinga","tag-ouvir","tag-ouvir-radio","tag-pedro-bismark","tag-radio","tag-radio-planeta-saudade"],"yoast_head":"<!-- This site is optimized with the Yoast SEO plugin v21.3 - https:\/\/yoast.com\/wordpress\/plugins\/seo\/ -->\n<title>Pedro Bismark, comemora hoje 63 anos de vida! - R\u00c1DIO PLANETA SAUDADE<\/title>\n<meta name=\"robots\" content=\"index, follow, max-snippet:-1, max-image-preview:large, max-video-preview:-1\" \/>\n<link rel=\"canonical\" href=\"https:\/\/radioplanetasaudade.com.br\/index.php\/2024\/11\/25\/pedro-bismark-comemora-hoje-63-anos-de-vida\/\" \/>\n<meta property=\"og:locale\" content=\"pt_BR\" \/>\n<meta property=\"og:type\" content=\"article\" \/>\n<meta property=\"og:title\" content=\"Pedro Bismark, comemora hoje 63 anos de vida! - R\u00c1DIO PLANETA SAUDADE\" \/>\n<meta property=\"og:description\" content=\"Um dos grandes nomes do humor brasileiro, celebra mais um anivers\u00e1rio nesta data especial. Nascido...\" \/>\n<meta property=\"og:url\" content=\"https:\/\/radioplanetasaudade.com.br\/index.php\/2024\/11\/25\/pedro-bismark-comemora-hoje-63-anos-de-vida\/\" \/>\n<meta property=\"og:site_name\" content=\"R\u00c1DIO PLANETA SAUDADE\" \/>\n<meta property=\"article:published_time\" content=\"2024-11-25T13:23:11+00:00\" \/>\n<meta property=\"article:modified_time\" content=\"2024-11-25T13:23:12+00:00\" \/>\n<meta property=\"og:image\" content=\"https:\/\/radioplanetasaudade.com.br\/wp-content\/uploads\/2024\/11\/THAINARA-34-scaled.jpg\" \/>\n\t<meta property=\"og:image:width\" content=\"2560\" \/>\n\t<meta property=\"og:image:height\" content=\"2536\" \/>\n\t<meta property=\"og:image:type\" content=\"image\/jpeg\" \/>\n<meta name=\"author\" content=\"Planeta Saudade\" \/>\n<meta name=\"twitter:card\" content=\"summary_large_image\" \/>\n<meta name=\"twitter:label1\" content=\"Escrito por\" \/>\n\t<meta name=\"twitter:data1\" content=\"Planeta Saudade\" \/>\n\t<meta name=\"twitter:label2\" content=\"Est. tempo de leitura\" \/>\n\t<meta name=\"twitter:data2\" content=\"3 minutos\" \/>\n<script type=\"application\/ld+json\" class=\"yoast-schema-graph\">{\"@context\":\"https:\/\/schema.org\",\"@graph\":[{\"@type\":\"Article\",\"@id\":\"https:\/\/radioplanetasaudade.com.br\/index.php\/2024\/11\/25\/pedro-bismark-comemora-hoje-63-anos-de-vida\/#article\",\"isPartOf\":{\"@id\":\"https:\/\/radioplanetasaudade.com.br\/index.php\/2024\/11\/25\/pedro-bismark-comemora-hoje-63-anos-de-vida\/\"},\"author\":{\"name\":\"Planeta Saudade\",\"@id\":\"https:\/\/radioplanetasaudade.com.br\/#\/schema\/person\/1a6f6fc0d987819324e7ed417a1a6581\"},\"headline\":\"Pedro Bismark, comemora hoje 63 anos de vida!\",\"datePublished\":\"2024-11-25T13:23:11+00:00\",\"dateModified\":\"2024-11-25T13:23:12+00:00\",\"mainEntityOfPage\":{\"@id\":\"https:\/\/radioplanetasaudade.com.br\/index.php\/2024\/11\/25\/pedro-bismark-comemora-hoje-63-anos-de-vida\/\"},\"wordCount\":494,\"commentCount\":0,\"publisher\":{\"@id\":\"https:\/\/radioplanetasaudade.com.br\/#organization\"},\"keywords\":[\"Anos 70\",\"Anos 80\",\"Anos 90\",\"Baixe nosso App\",\"Flashaback\",\"Nerso da Capitinga\",\"Ouvir\",\"Ouvir r\u00e1dio\",\"Pedro Bismark\",\"R\u00e1dio\",\"R\u00e1dio Planeta Saudade\"],\"articleSection\":[\"ARTISTAS ANIVERSARIANTES\"],\"inLanguage\":\"pt-BR\",\"potentialAction\":[{\"@type\":\"CommentAction\",\"name\":\"Comment\",\"target\":[\"https:\/\/radioplanetasaudade.com.br\/index.php\/2024\/11\/25\/pedro-bismark-comemora-hoje-63-anos-de-vida\/#respond\"]}]},{\"@type\":\"WebPage\",\"@id\":\"https:\/\/radioplanetasaudade.com.br\/index.php\/2024\/11\/25\/pedro-bismark-comemora-hoje-63-anos-de-vida\/\",\"url\":\"https:\/\/radioplanetasaudade.com.br\/index.php\/2024\/11\/25\/pedro-bismark-comemora-hoje-63-anos-de-vida\/\",\"name\":\"Pedro Bismark, comemora hoje 63 anos de vida! - R\u00c1DIO PLANETA SAUDADE\",\"isPartOf\":{\"@id\":\"https:\/\/radioplanetasaudade.com.br\/#website\"},\"datePublished\":\"2024-11-25T13:23:11+00:00\",\"dateModified\":\"2024-11-25T13:23:12+00:00\",\"breadcrumb\":{\"@id\":\"https:\/\/radioplanetasaudade.com.br\/index.php\/2024\/11\/25\/pedro-bismark-comemora-hoje-63-anos-de-vida\/#breadcrumb\"},\"inLanguage\":\"pt-BR\",\"potentialAction\":[{\"@type\":\"ReadAction\",\"target\":[\"https:\/\/radioplanetasaudade.com.br\/index.php\/2024\/11\/25\/pedro-bismark-comemora-hoje-63-anos-de-vida\/\"]}]},{\"@type\":\"BreadcrumbList\",\"@id\":\"https:\/\/radioplanetasaudade.com.br\/index.php\/2024\/11\/25\/pedro-bismark-comemora-hoje-63-anos-de-vida\/#breadcrumb\",\"itemListElement\":[{\"@type\":\"ListItem\",\"position\":1,\"name\":\"In\u00edcio\",\"item\":\"https:\/\/radioplanetasaudade.com.br\/\"},{\"@type\":\"ListItem\",\"position\":2,\"name\":\"Pedro Bismark, comemora hoje 63 anos de vida!\"}]},{\"@type\":\"WebSite\",\"@id\":\"https:\/\/radioplanetasaudade.com.br\/#website\",\"url\":\"https:\/\/radioplanetasaudade.com.br\/\",\"name\":\"R\u00e1dio Planeta Saudade\",\"description\":\"Relembrando grandes sucessos musicais e informando sobre os maiores artistas do mundo ou\u00e7a no seu celular.\",\"publisher\":{\"@id\":\"https:\/\/radioplanetasaudade.com.br\/#organization\"},\"potentialAction\":[{\"@type\":\"SearchAction\",\"target\":{\"@type\":\"EntryPoint\",\"urlTemplate\":\"https:\/\/radioplanetasaudade.com.br\/?s={search_term_string}\"},\"query-input\":\"required name=search_term_string\"}],\"inLanguage\":\"pt-BR\"},{\"@type\":\"Organization\",\"@id\":\"https:\/\/radioplanetasaudade.com.br\/#organization\",\"name\":\"R\u00e1dio Planeta Saudade\",\"url\":\"https:\/\/radioplanetasaudade.com.br\/\",\"logo\":{\"@type\":\"ImageObject\",\"inLanguage\":\"pt-BR\",\"@id\":\"https:\/\/radioplanetasaudade.com.br\/#\/schema\/logo\/image\/\",\"url\":\"https:\/\/radioplanetasaudade.com.br\/wp-content\/uploads\/2023\/10\/capture-20230607-202153.png\",\"contentUrl\":\"https:\/\/radioplanetasaudade.com.br\/wp-content\/uploads\/2023\/10\/capture-20230607-202153.png\",\"width\":1350,\"height\":358,\"caption\":\"R\u00e1dio Planeta Saudade\"},\"image\":{\"@id\":\"https:\/\/radioplanetasaudade.com.br\/#\/schema\/logo\/image\/\"}},{\"@type\":\"Person\",\"@id\":\"https:\/\/radioplanetasaudade.com.br\/#\/schema\/person\/1a6f6fc0d987819324e7ed417a1a6581\",\"name\":\"Planeta Saudade\",\"image\":{\"@type\":\"ImageObject\",\"inLanguage\":\"pt-BR\",\"@id\":\"https:\/\/radioplanetasaudade.com.br\/#\/schema\/person\/image\/\",\"url\":\"https:\/\/secure.gravatar.com\/avatar\/a893d552ce4b2abfa845a62f8434cf31?s=96&d=mm&r=g\",\"contentUrl\":\"https:\/\/secure.gravatar.com\/avatar\/a893d552ce4b2abfa845a62f8434cf31?s=96&d=mm&r=g\",\"caption\":\"Planeta Saudade\"},\"sameAs\":[\"https:\/\/radioplanetasaudade.com.br\"],\"url\":\"https:\/\/radioplanetasaudade.com.br\/index.php\/author\/wendelsantos4567\/\"}]}<\/script>\n<!-- \/ Yoast SEO plugin. -->","yoast_head_json":{"title":"Pedro Bismark, comemora hoje 63 anos de vida! - R\u00c1DIO PLANETA SAUDADE","robots":{"index":"index","follow":"follow","max-snippet":"max-snippet:-1","max-image-preview":"max-image-preview:large","max-video-preview":"max-video-preview:-1"},"canonical":"https:\/\/radioplanetasaudade.com.br\/index.php\/2024\/11\/25\/pedro-bismark-comemora-hoje-63-anos-de-vida\/","og_locale":"pt_BR","og_type":"article","og_title":"Pedro Bismark, comemora hoje 63 anos de vida! - R\u00c1DIO PLANETA SAUDADE","og_description":"Um dos grandes nomes do humor brasileiro, celebra mais um anivers\u00e1rio nesta data especial. Nascido...","og_url":"https:\/\/radioplanetasaudade.com.br\/index.php\/2024\/11\/25\/pedro-bismark-comemora-hoje-63-anos-de-vida\/","og_site_name":"R\u00c1DIO PLANETA SAUDADE","article_published_time":"2024-11-25T13:23:11+00:00","article_modified_time":"2024-11-25T13:23:12+00:00","og_image":[{"width":2560,"height":2536,"url":"https:\/\/radioplanetasaudade.com.br\/wp-content\/uploads\/2024\/11\/THAINARA-34-scaled.jpg","type":"image\/jpeg"}],"author":"Planeta Saudade","twitter_card":"summary_large_image","twitter_misc":{"Escrito por":"Planeta Saudade","Est. tempo de leitura":"3 minutos"},"schema":{"@context":"https:\/\/schema.org","@graph":[{"@type":"Article","@id":"https:\/\/radioplanetasaudade.com.br\/index.php\/2024\/11\/25\/pedro-bismark-comemora-hoje-63-anos-de-vida\/#article","isPartOf":{"@id":"https:\/\/radioplanetasaudade.com.br\/index.php\/2024\/11\/25\/pedro-bismark-comemora-hoje-63-anos-de-vida\/"},"author":{"name":"Planeta Saudade","@id":"https:\/\/radioplanetasaudade.com.br\/#\/schema\/person\/1a6f6fc0d987819324e7ed417a1a6581"},"headline":"Pedro Bismark, comemora hoje 63 anos de vida!","datePublished":"2024-11-25T13:23:11+00:00","dateModified":"2024-11-25T13:23:12+00:00","mainEntityOfPage":{"@id":"https:\/\/radioplanetasaudade.com.br\/index.php\/2024\/11\/25\/pedro-bismark-comemora-hoje-63-anos-de-vida\/"},"wordCount":494,"commentCount":0,"publisher":{"@id":"https:\/\/radioplanetasaudade.com.br\/#organization"},"keywords":["Anos 70","Anos 80","Anos 90","Baixe nosso App","Flashaback","Nerso da Capitinga","Ouvir","Ouvir r\u00e1dio","Pedro Bismark","R\u00e1dio","R\u00e1dio Planeta Saudade"],"articleSection":["ARTISTAS ANIVERSARIANTES"],"inLanguage":"pt-BR","potentialAction":[{"@type":"CommentAction","name":"Comment","target":["https:\/\/radioplanetasaudade.com.br\/index.php\/2024\/11\/25\/pedro-bismark-comemora-hoje-63-anos-de-vida\/#respond"]}]},{"@type":"WebPage","@id":"https:\/\/radioplanetasaudade.com.br\/index.php\/2024\/11\/25\/pedro-bismark-comemora-hoje-63-anos-de-vida\/","url":"https:\/\/radioplanetasaudade.com.br\/index.php\/2024\/11\/25\/pedro-bismark-comemora-hoje-63-anos-de-vida\/","name":"Pedro Bismark, comemora hoje 63 anos de vida! - R\u00c1DIO PLANETA SAUDADE","isPartOf":{"@id":"https:\/\/radioplanetasaudade.com.br\/#website"},"datePublished":"2024-11-25T13:23:11+00:00","dateModified":"2024-11-25T13:23:12+00:00","breadcrumb":{"@id":"https:\/\/radioplanetasaudade.com.br\/index.php\/2024\/11\/25\/pedro-bismark-comemora-hoje-63-anos-de-vida\/#breadcrumb"},"inLanguage":"pt-BR","potentialAction":[{"@type":"ReadAction","target":["https:\/\/radioplanetasaudade.com.br\/index.php\/2024\/11\/25\/pedro-bismark-comemora-hoje-63-anos-de-vida\/"]}]},{"@type":"BreadcrumbList","@id":"https:\/\/radioplanetasaudade.com.br\/index.php\/2024\/11\/25\/pedro-bismark-comemora-hoje-63-anos-de-vida\/#breadcrumb","itemListElement":[{"@type":"ListItem","position":1,"name":"In\u00edcio","item":"https:\/\/radioplanetasaudade.com.br\/"},{"@type":"ListItem","position":2,"name":"Pedro Bismark, comemora hoje 63 anos de vida!"}]},{"@type":"WebSite","@id":"https:\/\/radioplanetasaudade.com.br\/#website","url":"https:\/\/radioplanetasaudade.com.br\/","name":"R\u00e1dio Planeta Saudade","description":"Relembrando grandes sucessos musicais e informando sobre os maiores artistas do mundo ou\u00e7a no seu celular.","publisher":{"@id":"https:\/\/radioplanetasaudade.com.br\/#organization"},"potentialAction":[{"@type":"SearchAction","target":{"@type":"EntryPoint","urlTemplate":"https:\/\/radioplanetasaudade.com.br\/?s={search_term_string}"},"query-input":"required name=search_term_string"}],"inLanguage":"pt-BR"},{"@type":"Organization","@id":"https:\/\/radioplanetasaudade.com.br\/#organization","name":"R\u00e1dio Planeta Saudade","url":"https:\/\/radioplanetasaudade.com.br\/","logo":{"@type":"ImageObject","inLanguage":"pt-BR","@id":"https:\/\/radioplanetasaudade.com.br\/#\/schema\/logo\/image\/","url":"https:\/\/radioplanetasaudade.com.br\/wp-content\/uploads\/2023\/10\/capture-20230607-202153.png","contentUrl":"https:\/\/radioplanetasaudade.com.br\/wp-content\/uploads\/2023\/10\/capture-20230607-202153.png","width":1350,"height":358,"caption":"R\u00e1dio Planeta Saudade"},"image":{"@id":"https:\/\/radioplanetasaudade.com.br\/#\/schema\/logo\/image\/"}},{"@type":"Person","@id":"https:\/\/radioplanetasaudade.com.br\/#\/schema\/person\/1a6f6fc0d987819324e7ed417a1a6581","name":"Planeta Saudade","image":{"@type":"ImageObject","inLanguage":"pt-BR","@id":"https:\/\/radioplanetasaudade.com.br\/#\/schema\/person\/image\/","url":"https:\/\/secure.gravatar.com\/avatar\/a893d552ce4b2abfa845a62f8434cf31?s=96&d=mm&r=g","contentUrl":"https:\/\/secure.gravatar.com\/avatar\/a893d552ce4b2abfa845a62f8434cf31?s=96&d=mm&r=g","caption":"Planeta Saudade"},"sameAs":["https:\/\/radioplanetasaudade.com.br"],"url":"https:\/\/radioplanetasaudade.com.br\/index.php\/author\/wendelsantos4567\/"}]}},"_links":{"self":[{"href":"https:\/\/radioplanetasaudade.com.br\/index.php\/wp-json\/wp\/v2\/posts\/3034","targetHints":{"allow":["GET"]}}],"collection":[{"href":"https:\/\/radioplanetasaudade.com.br\/index.php\/wp-json\/wp\/v2\/posts"}],"about":[{"href":"https:\/\/radioplanetasaudade.com.br\/index.php\/wp-json\/wp\/v2\/types\/post"}],"author":[{"embeddable":true,"href":"https:\/\/radioplanetasaudade.com.br\/index.php\/wp-json\/wp\/v2\/users\/1"}],"replies":[{"embeddable":true,"href":"https:\/\/radioplanetasaudade.com.br\/index.php\/wp-json\/wp\/v2\/comments?post=3034"}],"version-history":[{"count":1,"href":"https:\/\/radioplanetasaudade.com.br\/index.php\/wp-json\/wp\/v2\/posts\/3034\/revisions"}],"predecessor-version":[{"id":3036,"href":"https:\/\/radioplanetasaudade.com.br\/index.php\/wp-json\/wp\/v2\/posts\/3034\/revisions\/3036"}],"wp:featuredmedia":[{"embeddable":true,"href":"https:\/\/radioplanetasaudade.com.br\/index.php\/wp-json\/wp\/v2\/media\/3035"}],"wp:attachment":[{"href":"https:\/\/radioplanetasaudade.com.br\/index.php\/wp-json\/wp\/v2\/media?parent=3034"}],"wp:term":[{"taxonomy":"category","embeddable":true,"href":"https:\/\/radioplanetasaudade.com.br\/index.php\/wp-json\/wp\/v2\/categories?post=3034"},{"taxonomy":"post_tag","embeddable":true,"href":"https:\/\/radioplanetasaudade.com.br\/index.php\/wp-json\/wp\/v2\/tags?post=3034"}],"curies":[{"name":"wp","href":"https:\/\/api.w.org\/{rel}","templated":true}]}}