{"id":3274,"date":"2025-01-02T10:00:38","date_gmt":"2025-01-02T13:00:38","guid":{"rendered":"https:\/\/radioplanetasaudade.com.br\/?p=3274"},"modified":"2025-01-02T10:00:40","modified_gmt":"2025-01-02T13:00:40","slug":"rita-guedes-comemora-hoje-53-anos-de-vida","status":"publish","type":"post","link":"https:\/\/radioplanetasaudade.com.br\/index.php\/2025\/01\/02\/rita-guedes-comemora-hoje-53-anos-de-vida\/","title":{"rendered":"Rita Guedes, comemora hoje 53 anos de vida!"},"content":{"rendered":"<div class=\"wp-block-image\">\n<figure class=\"aligncenter size-large\"><img fetchpriority=\"high\" decoding=\"async\" width=\"1024\" height=\"1018\" src=\"https:\/\/radioplanetasaudade.com.br\/wp-content\/uploads\/2025\/01\/THAINARA-1024x1018.jpg\" alt=\"\" class=\"wp-image-3275\" srcset=\"https:\/\/radioplanetasaudade.com.br\/wp-content\/uploads\/2025\/01\/THAINARA-1024x1018.jpg 1024w, https:\/\/radioplanetasaudade.com.br\/wp-content\/uploads\/2025\/01\/THAINARA-300x298.jpg 300w, https:\/\/radioplanetasaudade.com.br\/wp-content\/uploads\/2025\/01\/THAINARA-150x150.jpg 150w, https:\/\/radioplanetasaudade.com.br\/wp-content\/uploads\/2025\/01\/THAINARA-768x763.jpg 768w, https:\/\/radioplanetasaudade.com.br\/wp-content\/uploads\/2025\/01\/THAINARA-1536x1527.jpg 1536w, https:\/\/radioplanetasaudade.com.br\/wp-content\/uploads\/2025\/01\/THAINARA-2048x2036.jpg 2048w\" sizes=\"(max-width: 1024px) 100vw, 1024px\" \/><\/figure><\/div>\n\n\n<p>Nascida em 2 de janeiro de 1972, em Catanduva, S\u00e3o Paulo, Rita Guedes iniciou sua carreira art\u00edstica ainda jovem<\/p>\n\n\n\n<p>Aos 14 anos, entrou para o grupo de teatro Roda Viva, que se apresentava e desenvolvia seus trabalhos no Teatro Municipal de Catanduva, sob a dire\u00e7\u00e3o de Tabajara Campos.<\/p>\n\n\n\n<p>Aos 17 anos mudou-se de Catanduva para Campinas, onde logo ingressou na companhia de teatro Mambembe: a Sia Santa.<\/p>\n\n\n\n<p>Aos 19 anos foi morar em S\u00e3o Paulo.<\/p>\n\n\n\n<p>Quando estreia na novela Despedida de Solteiro viu sua carreira deslanchar, tanto na televis\u00e3o como no teatro.<\/p>\n\n\n\n<p>Ap\u00f3s o sucesso da novela, em 1993, fez a pe\u00e7a de teatro Entre Amigas, que abordava a sexualidade feminina.<\/p>\n\n\n\n<p>De volta a televis\u00e3o, fez a personagem Pinky em Olho no Olho.<\/p>\n\n\n\n<p>Fez sucesso com a pe\u00e7a &#8221;Qualquer Gato Vira Lata Tem Uma Vida Sexual Mais Sadia Que a Nossa&#8221;, onde mostrou seu lado c\u00f4mico.<\/p>\n\n\n\n<p>Em 1999, a montagem ficou por mais de um ano em cartaz em S\u00e3o Paulo.<\/p>\n\n\n\n<p>Rita Guedes possui mais de 10 novelas, 3 longas metragens, 7 curtas, mais de 10 pe\u00e7as de teatro e in\u00fameras participa\u00e7\u00f5es em s\u00e9ries, como Carga Pesada e o programa Voc\u00ea Decide.<\/p>\n\n\n\n<p>Ao longo dos anos,<\/p>\n\n\n\n<p>Recentemente Rita Guedes voltou a interpretar a governadora Manuela na terceira temporada de Arcanjo Renegado, que estreiou no Globoplay. A atriz revelou que havia se inspirado em Tabata Amaral, candidata \u00e0 Prefeitura de S\u00e3o Paulo<\/p>\n\n\n\n<p>Rita tamb\u00e9m chama aten\u00e7\u00e3o por sua vida pessoal discreta e pela dedica\u00e7\u00e3o a causas sociais.<\/p>\n\n\n\n<p>Ela participa ativamente de campanhas ligadas \u00e0 preserva\u00e7\u00e3o ambiental e direitos das mulheres.<\/p>\n\n\n\n<p>Com mais de tr\u00eas d\u00e9cadas de carreira, Rita Guedes continua sendo uma artista admirada e relevante no cen\u00e1rio art\u00edstico brasileiro, demonstrando que talento e paix\u00e3o pela arte s\u00e3o elementos essenciais para se manter em evid\u00eancia.<\/p>\n\n\n\n<p><a href=\"https:\/\/www.facebook.com\/photo\/?fbid=122194366382188428&amp;set=a.122094274238188428&amp;__cft__[0]=AZWAnbpetKr9BwPUl3147NRxKGJDUkF52opx6eJDwNplRHmwTihn06gYJN82sHusQ4ct4rqkwDaRQUgpRfxKXKwq_e8Yj4MSCAICAVaqvr0qJsz3TPZLKCQHk6SSkPl4FGH-I_KS47l2uIvb6LfTYXNU&amp;__tn__=EH-R\"><\/a><\/p>\n\n\n\n<figure class=\"wp-block-image\"><a href=\"https:\/\/www.facebook.com\/photo\/?fbid=122194366382188428&amp;set=a.122094274238188428&amp;__cft__[0]=AZWAnbpetKr9BwPUl3147NRxKGJDUkF52opx6eJDwNplRHmwTihn06gYJN82sHusQ4ct4rqkwDaRQUgpRfxKXKwq_e8Yj4MSCAICAVaqvr0qJsz3TPZLKCQHk6SSkPl4FGH-I_KS47l2uIvb6LfTYXNU&amp;__tn__=EH-R\"><img decoding=\"async\" src=\"https:\/\/scontent.fvix20-1.fna.fbcdn.net\/v\/t39.30808-6\/472233468_122194366388188428_2115517996257808826_n.jpg?stp=dst-jpg_p526x296_tt6&amp;_nc_cat=111&amp;ccb=1-7&amp;_nc_sid=127cfc&amp;_nc_ohc=iYyyVCxzQGMQ7kNvgGhaV4s&amp;_nc_zt=23&amp;_nc_ht=scontent.fvix20-1.fna&amp;_nc_gid=AsX2qKeLIRV8C1pZ7A4ljQN&amp;oh=00_AYCro21PkQSypZ07UrUtKXxWKaPLk-eUcVVXJEHTdryRzg&amp;oe=677C7222\" alt=\"Pode ser uma imagem de 1 pessoa e texto\"\/><\/a><\/figure>\n\n\n\n<p>Ver insights<\/p>\n\n\n\n<p>Turbinar um post<\/p>\n\n\n\n\n\n<p>Todas as rea\u00e7\u00f5es:<\/p>\n\n\n\n<p>1Wendel Santos<\/p>\n","protected":false},"excerpt":{"rendered":"<p>Nascida em 2 de janeiro de 1972, em Catanduva, S\u00e3o Paulo, Rita Guedes iniciou sua&#8230;<\/p>\n","protected":false},"author":1,"featured_media":0,"comment_status":"open","ping_status":"open","sticky":false,"template":"","format":"standard","meta":{"footnotes":""},"categories":[1229],"tags":[1562,1527,119,118,120,121,117,561,562,116,99,1587],"class_list":["post-3274","post","type-post","status-publish","format-standard","hentry","category-artistas-aniversariantes","tag-53-anos","tag-aniversario","tag-anos-70","tag-anos-80","tag-anos-90","tag-baixe-nosso-app","tag-flashaback","tag-ouvir","tag-ouvir-radio","tag-radio","tag-radio-planeta-saudade","tag-rita-guedes"],"yoast_head":"<!-- This site is optimized with the Yoast SEO plugin v21.3 - https:\/\/yoast.com\/wordpress\/plugins\/seo\/ -->\n<title>Rita Guedes, comemora hoje 53 anos de vida! - R\u00c1DIO PLANETA SAUDADE<\/title>\n<meta name=\"robots\" content=\"index, follow, max-snippet:-1, max-image-preview:large, max-video-preview:-1\" \/>\n<link rel=\"canonical\" href=\"https:\/\/radioplanetasaudade.com.br\/index.php\/2025\/01\/02\/rita-guedes-comemora-hoje-53-anos-de-vida\/\" \/>\n<meta property=\"og:locale\" content=\"pt_BR\" \/>\n<meta property=\"og:type\" content=\"article\" \/>\n<meta property=\"og:title\" content=\"Rita Guedes, comemora hoje 53 anos de vida! - R\u00c1DIO PLANETA SAUDADE\" \/>\n<meta property=\"og:description\" content=\"Nascida em 2 de janeiro de 1972, em Catanduva, S\u00e3o Paulo, Rita Guedes iniciou sua...\" \/>\n<meta property=\"og:url\" content=\"https:\/\/radioplanetasaudade.com.br\/index.php\/2025\/01\/02\/rita-guedes-comemora-hoje-53-anos-de-vida\/\" \/>\n<meta property=\"og:site_name\" content=\"R\u00c1DIO PLANETA SAUDADE\" \/>\n<meta property=\"article:published_time\" content=\"2025-01-02T13:00:38+00:00\" \/>\n<meta property=\"article:modified_time\" content=\"2025-01-02T13:00:40+00:00\" \/>\n<meta property=\"og:image\" content=\"https:\/\/radioplanetasaudade.com.br\/wp-content\/uploads\/2025\/01\/THAINARA-1024x1018.jpg\" \/>\n<meta name=\"author\" content=\"Planeta Saudade\" \/>\n<meta name=\"twitter:card\" content=\"summary_large_image\" \/>\n<meta name=\"twitter:label1\" content=\"Escrito por\" \/>\n\t<meta name=\"twitter:data1\" content=\"Planeta Saudade\" \/>\n\t<meta name=\"twitter:label2\" content=\"Est. tempo de leitura\" \/>\n\t<meta name=\"twitter:data2\" content=\"3 minutos\" \/>\n<script type=\"application\/ld+json\" class=\"yoast-schema-graph\">{\"@context\":\"https:\/\/schema.org\",\"@graph\":[{\"@type\":\"Article\",\"@id\":\"https:\/\/radioplanetasaudade.com.br\/index.php\/2025\/01\/02\/rita-guedes-comemora-hoje-53-anos-de-vida\/#article\",\"isPartOf\":{\"@id\":\"https:\/\/radioplanetasaudade.com.br\/index.php\/2025\/01\/02\/rita-guedes-comemora-hoje-53-anos-de-vida\/\"},\"author\":{\"name\":\"Planeta Saudade\",\"@id\":\"https:\/\/radioplanetasaudade.com.br\/#\/schema\/person\/1a6f6fc0d987819324e7ed417a1a6581\"},\"headline\":\"Rita Guedes, comemora hoje 53 anos de vida!\",\"datePublished\":\"2025-01-02T13:00:38+00:00\",\"dateModified\":\"2025-01-02T13:00:40+00:00\",\"mainEntityOfPage\":{\"@id\":\"https:\/\/radioplanetasaudade.com.br\/index.php\/2025\/01\/02\/rita-guedes-comemora-hoje-53-anos-de-vida\/\"},\"wordCount\":326,\"commentCount\":0,\"publisher\":{\"@id\":\"https:\/\/radioplanetasaudade.com.br\/#organization\"},\"keywords\":[\"53 Anos\",\"Anivers\u00e1rio\",\"Anos 70\",\"Anos 80\",\"Anos 90\",\"Baixe nosso App\",\"Flashaback\",\"Ouvir\",\"Ouvir r\u00e1dio\",\"R\u00e1dio\",\"R\u00e1dio Planeta Saudade\",\"Rita Guedes\"],\"articleSection\":[\"ARTISTAS ANIVERSARIANTES\"],\"inLanguage\":\"pt-BR\",\"potentialAction\":[{\"@type\":\"CommentAction\",\"name\":\"Comment\",\"target\":[\"https:\/\/radioplanetasaudade.com.br\/index.php\/2025\/01\/02\/rita-guedes-comemora-hoje-53-anos-de-vida\/#respond\"]}]},{\"@type\":\"WebPage\",\"@id\":\"https:\/\/radioplanetasaudade.com.br\/index.php\/2025\/01\/02\/rita-guedes-comemora-hoje-53-anos-de-vida\/\",\"url\":\"https:\/\/radioplanetasaudade.com.br\/index.php\/2025\/01\/02\/rita-guedes-comemora-hoje-53-anos-de-vida\/\",\"name\":\"Rita Guedes, comemora hoje 53 anos de vida! - R\u00c1DIO PLANETA SAUDADE\",\"isPartOf\":{\"@id\":\"https:\/\/radioplanetasaudade.com.br\/#website\"},\"datePublished\":\"2025-01-02T13:00:38+00:00\",\"dateModified\":\"2025-01-02T13:00:40+00:00\",\"breadcrumb\":{\"@id\":\"https:\/\/radioplanetasaudade.com.br\/index.php\/2025\/01\/02\/rita-guedes-comemora-hoje-53-anos-de-vida\/#breadcrumb\"},\"inLanguage\":\"pt-BR\",\"potentialAction\":[{\"@type\":\"ReadAction\",\"target\":[\"https:\/\/radioplanetasaudade.com.br\/index.php\/2025\/01\/02\/rita-guedes-comemora-hoje-53-anos-de-vida\/\"]}]},{\"@type\":\"BreadcrumbList\",\"@id\":\"https:\/\/radioplanetasaudade.com.br\/index.php\/2025\/01\/02\/rita-guedes-comemora-hoje-53-anos-de-vida\/#breadcrumb\",\"itemListElement\":[{\"@type\":\"ListItem\",\"position\":1,\"name\":\"In\u00edcio\",\"item\":\"https:\/\/radioplanetasaudade.com.br\/\"},{\"@type\":\"ListItem\",\"position\":2,\"name\":\"Rita Guedes, comemora hoje 53 anos de vida!\"}]},{\"@type\":\"WebSite\",\"@id\":\"https:\/\/radioplanetasaudade.com.br\/#website\",\"url\":\"https:\/\/radioplanetasaudade.com.br\/\",\"name\":\"R\u00e1dio Planeta Saudade\",\"description\":\"Relembrando grandes sucessos musicais e informando sobre os maiores artistas do mundo ou\u00e7a no seu celular.\",\"publisher\":{\"@id\":\"https:\/\/radioplanetasaudade.com.br\/#organization\"},\"potentialAction\":[{\"@type\":\"SearchAction\",\"target\":{\"@type\":\"EntryPoint\",\"urlTemplate\":\"https:\/\/radioplanetasaudade.com.br\/?s={search_term_string}\"},\"query-input\":\"required name=search_term_string\"}],\"inLanguage\":\"pt-BR\"},{\"@type\":\"Organization\",\"@id\":\"https:\/\/radioplanetasaudade.com.br\/#organization\",\"name\":\"R\u00e1dio Planeta Saudade\",\"url\":\"https:\/\/radioplanetasaudade.com.br\/\",\"logo\":{\"@type\":\"ImageObject\",\"inLanguage\":\"pt-BR\",\"@id\":\"https:\/\/radioplanetasaudade.com.br\/#\/schema\/logo\/image\/\",\"url\":\"https:\/\/radioplanetasaudade.com.br\/wp-content\/uploads\/2023\/10\/capture-20230607-202153.png\",\"contentUrl\":\"https:\/\/radioplanetasaudade.com.br\/wp-content\/uploads\/2023\/10\/capture-20230607-202153.png\",\"width\":1350,\"height\":358,\"caption\":\"R\u00e1dio Planeta Saudade\"},\"image\":{\"@id\":\"https:\/\/radioplanetasaudade.com.br\/#\/schema\/logo\/image\/\"}},{\"@type\":\"Person\",\"@id\":\"https:\/\/radioplanetasaudade.com.br\/#\/schema\/person\/1a6f6fc0d987819324e7ed417a1a6581\",\"name\":\"Planeta Saudade\",\"image\":{\"@type\":\"ImageObject\",\"inLanguage\":\"pt-BR\",\"@id\":\"https:\/\/radioplanetasaudade.com.br\/#\/schema\/person\/image\/\",\"url\":\"https:\/\/secure.gravatar.com\/avatar\/a893d552ce4b2abfa845a62f8434cf31?s=96&d=mm&r=g\",\"contentUrl\":\"https:\/\/secure.gravatar.com\/avatar\/a893d552ce4b2abfa845a62f8434cf31?s=96&d=mm&r=g\",\"caption\":\"Planeta Saudade\"},\"sameAs\":[\"https:\/\/radioplanetasaudade.com.br\"],\"url\":\"https:\/\/radioplanetasaudade.com.br\/index.php\/author\/wendelsantos4567\/\"}]}<\/script>\n<!-- \/ Yoast SEO plugin. -->","yoast_head_json":{"title":"Rita Guedes, comemora hoje 53 anos de vida! - R\u00c1DIO PLANETA SAUDADE","robots":{"index":"index","follow":"follow","max-snippet":"max-snippet:-1","max-image-preview":"max-image-preview:large","max-video-preview":"max-video-preview:-1"},"canonical":"https:\/\/radioplanetasaudade.com.br\/index.php\/2025\/01\/02\/rita-guedes-comemora-hoje-53-anos-de-vida\/","og_locale":"pt_BR","og_type":"article","og_title":"Rita Guedes, comemora hoje 53 anos de vida! - R\u00c1DIO PLANETA SAUDADE","og_description":"Nascida em 2 de janeiro de 1972, em Catanduva, S\u00e3o Paulo, Rita Guedes iniciou sua...","og_url":"https:\/\/radioplanetasaudade.com.br\/index.php\/2025\/01\/02\/rita-guedes-comemora-hoje-53-anos-de-vida\/","og_site_name":"R\u00c1DIO PLANETA SAUDADE","article_published_time":"2025-01-02T13:00:38+00:00","article_modified_time":"2025-01-02T13:00:40+00:00","og_image":[{"url":"https:\/\/radioplanetasaudade.com.br\/wp-content\/uploads\/2025\/01\/THAINARA-1024x1018.jpg"}],"author":"Planeta Saudade","twitter_card":"summary_large_image","twitter_misc":{"Escrito por":"Planeta Saudade","Est. tempo de leitura":"3 minutos"},"schema":{"@context":"https:\/\/schema.org","@graph":[{"@type":"Article","@id":"https:\/\/radioplanetasaudade.com.br\/index.php\/2025\/01\/02\/rita-guedes-comemora-hoje-53-anos-de-vida\/#article","isPartOf":{"@id":"https:\/\/radioplanetasaudade.com.br\/index.php\/2025\/01\/02\/rita-guedes-comemora-hoje-53-anos-de-vida\/"},"author":{"name":"Planeta Saudade","@id":"https:\/\/radioplanetasaudade.com.br\/#\/schema\/person\/1a6f6fc0d987819324e7ed417a1a6581"},"headline":"Rita Guedes, comemora hoje 53 anos de vida!","datePublished":"2025-01-02T13:00:38+00:00","dateModified":"2025-01-02T13:00:40+00:00","mainEntityOfPage":{"@id":"https:\/\/radioplanetasaudade.com.br\/index.php\/2025\/01\/02\/rita-guedes-comemora-hoje-53-anos-de-vida\/"},"wordCount":326,"commentCount":0,"publisher":{"@id":"https:\/\/radioplanetasaudade.com.br\/#organization"},"keywords":["53 Anos","Anivers\u00e1rio","Anos 70","Anos 80","Anos 90","Baixe nosso App","Flashaback","Ouvir","Ouvir r\u00e1dio","R\u00e1dio","R\u00e1dio Planeta Saudade","Rita Guedes"],"articleSection":["ARTISTAS ANIVERSARIANTES"],"inLanguage":"pt-BR","potentialAction":[{"@type":"CommentAction","name":"Comment","target":["https:\/\/radioplanetasaudade.com.br\/index.php\/2025\/01\/02\/rita-guedes-comemora-hoje-53-anos-de-vida\/#respond"]}]},{"@type":"WebPage","@id":"https:\/\/radioplanetasaudade.com.br\/index.php\/2025\/01\/02\/rita-guedes-comemora-hoje-53-anos-de-vida\/","url":"https:\/\/radioplanetasaudade.com.br\/index.php\/2025\/01\/02\/rita-guedes-comemora-hoje-53-anos-de-vida\/","name":"Rita Guedes, comemora hoje 53 anos de vida! - R\u00c1DIO PLANETA SAUDADE","isPartOf":{"@id":"https:\/\/radioplanetasaudade.com.br\/#website"},"datePublished":"2025-01-02T13:00:38+00:00","dateModified":"2025-01-02T13:00:40+00:00","breadcrumb":{"@id":"https:\/\/radioplanetasaudade.com.br\/index.php\/2025\/01\/02\/rita-guedes-comemora-hoje-53-anos-de-vida\/#breadcrumb"},"inLanguage":"pt-BR","potentialAction":[{"@type":"ReadAction","target":["https:\/\/radioplanetasaudade.com.br\/index.php\/2025\/01\/02\/rita-guedes-comemora-hoje-53-anos-de-vida\/"]}]},{"@type":"BreadcrumbList","@id":"https:\/\/radioplanetasaudade.com.br\/index.php\/2025\/01\/02\/rita-guedes-comemora-hoje-53-anos-de-vida\/#breadcrumb","itemListElement":[{"@type":"ListItem","position":1,"name":"In\u00edcio","item":"https:\/\/radioplanetasaudade.com.br\/"},{"@type":"ListItem","position":2,"name":"Rita Guedes, comemora hoje 53 anos de vida!"}]},{"@type":"WebSite","@id":"https:\/\/radioplanetasaudade.com.br\/#website","url":"https:\/\/radioplanetasaudade.com.br\/","name":"R\u00e1dio Planeta Saudade","description":"Relembrando grandes sucessos musicais e informando sobre os maiores artistas do mundo ou\u00e7a no seu celular.","publisher":{"@id":"https:\/\/radioplanetasaudade.com.br\/#organization"},"potentialAction":[{"@type":"SearchAction","target":{"@type":"EntryPoint","urlTemplate":"https:\/\/radioplanetasaudade.com.br\/?s={search_term_string}"},"query-input":"required name=search_term_string"}],"inLanguage":"pt-BR"},{"@type":"Organization","@id":"https:\/\/radioplanetasaudade.com.br\/#organization","name":"R\u00e1dio Planeta Saudade","url":"https:\/\/radioplanetasaudade.com.br\/","logo":{"@type":"ImageObject","inLanguage":"pt-BR","@id":"https:\/\/radioplanetasaudade.com.br\/#\/schema\/logo\/image\/","url":"https:\/\/radioplanetasaudade.com.br\/wp-content\/uploads\/2023\/10\/capture-20230607-202153.png","contentUrl":"https:\/\/radioplanetasaudade.com.br\/wp-content\/uploads\/2023\/10\/capture-20230607-202153.png","width":1350,"height":358,"caption":"R\u00e1dio Planeta Saudade"},"image":{"@id":"https:\/\/radioplanetasaudade.com.br\/#\/schema\/logo\/image\/"}},{"@type":"Person","@id":"https:\/\/radioplanetasaudade.com.br\/#\/schema\/person\/1a6f6fc0d987819324e7ed417a1a6581","name":"Planeta Saudade","image":{"@type":"ImageObject","inLanguage":"pt-BR","@id":"https:\/\/radioplanetasaudade.com.br\/#\/schema\/person\/image\/","url":"https:\/\/secure.gravatar.com\/avatar\/a893d552ce4b2abfa845a62f8434cf31?s=96&d=mm&r=g","contentUrl":"https:\/\/secure.gravatar.com\/avatar\/a893d552ce4b2abfa845a62f8434cf31?s=96&d=mm&r=g","caption":"Planeta Saudade"},"sameAs":["https:\/\/radioplanetasaudade.com.br"],"url":"https:\/\/radioplanetasaudade.com.br\/index.php\/author\/wendelsantos4567\/"}]}},"_links":{"self":[{"href":"https:\/\/radioplanetasaudade.com.br\/index.php\/wp-json\/wp\/v2\/posts\/3274","targetHints":{"allow":["GET"]}}],"collection":[{"href":"https:\/\/radioplanetasaudade.com.br\/index.php\/wp-json\/wp\/v2\/posts"}],"about":[{"href":"https:\/\/radioplanetasaudade.com.br\/index.php\/wp-json\/wp\/v2\/types\/post"}],"author":[{"embeddable":true,"href":"https:\/\/radioplanetasaudade.com.br\/index.php\/wp-json\/wp\/v2\/users\/1"}],"replies":[{"embeddable":true,"href":"https:\/\/radioplanetasaudade.com.br\/index.php\/wp-json\/wp\/v2\/comments?post=3274"}],"version-history":[{"count":1,"href":"https:\/\/radioplanetasaudade.com.br\/index.php\/wp-json\/wp\/v2\/posts\/3274\/revisions"}],"predecessor-version":[{"id":3276,"href":"https:\/\/radioplanetasaudade.com.br\/index.php\/wp-json\/wp\/v2\/posts\/3274\/revisions\/3276"}],"wp:attachment":[{"href":"https:\/\/radioplanetasaudade.com.br\/index.php\/wp-json\/wp\/v2\/media?parent=3274"}],"wp:term":[{"taxonomy":"category","embeddable":true,"href":"https:\/\/radioplanetasaudade.com.br\/index.php\/wp-json\/wp\/v2\/categories?post=3274"},{"taxonomy":"post_tag","embeddable":true,"href":"https:\/\/radioplanetasaudade.com.br\/index.php\/wp-json\/wp\/v2\/tags?post=3274"}],"curies":[{"name":"wp","href":"https:\/\/api.w.org\/{rel}","templated":true}]}}