{"id":3541,"date":"2025-02-08T16:01:18","date_gmt":"2025-02-08T19:01:18","guid":{"rendered":"https:\/\/radioplanetasaudade.com.br\/?p=3541"},"modified":"2025-02-08T16:01:20","modified_gmt":"2025-02-08T19:01:20","slug":"frisson-um-classico-atemporal-de-tunai","status":"publish","type":"post","link":"https:\/\/radioplanetasaudade.com.br\/index.php\/2025\/02\/08\/frisson-um-classico-atemporal-de-tunai\/","title":{"rendered":"Frisson \u2013 Um Cl\u00e1ssico Atemporal de Tunai"},"content":{"rendered":"\n<p><strong><em>Lan\u00e7ada em 1984 no terceiro \u00e1lbum do cantor e compositor mineiro Tunai, &#8220;Frisson&#8221; \u00e9 uma das can\u00e7\u00f5es mais emblem\u00e1ticas da m\u00fasica popular brasileira.<\/em><\/strong><\/p>\n\n\n<div class=\"wp-block-image\">\n<figure class=\"aligncenter size-full\"><img fetchpriority=\"high\" decoding=\"async\" width=\"597\" height=\"602\" src=\"https:\/\/radioplanetasaudade.com.br\/wp-content\/uploads\/2025\/02\/TUNAI.jpg\" alt=\"\" class=\"wp-image-3542\" srcset=\"https:\/\/radioplanetasaudade.com.br\/wp-content\/uploads\/2025\/02\/TUNAI.jpg 597w, https:\/\/radioplanetasaudade.com.br\/wp-content\/uploads\/2025\/02\/TUNAI-298x300.jpg 298w, https:\/\/radioplanetasaudade.com.br\/wp-content\/uploads\/2025\/02\/TUNAI-150x150.jpg 150w\" sizes=\"(max-width: 597px) 100vw, 597px\" \/><\/figure><\/div>\n\n\n<p>A can\u00e7\u00e3o rapidamente conquistou o p\u00fablico por sua letra rom\u00e2ntica, melodia cativante e interpreta\u00e7\u00e3o apaixonada, tornando-se um marco na carreira do artista.<\/p>\n\n\n\n<p>Composta em parceria com o letrista S\u00e9rgio Natureza, a can\u00e7\u00e3o apresenta uma narrativa envolvente que retrata o deslumbramento causado por um amor inesperado.<\/p>\n\n\n\n<p>A m\u00fasica se destaca por sua combina\u00e7\u00e3o equilibrada entre uma melodia suave e um arranjo sofisticado, t\u00edpico da MPB dos anos 80. Desde os primeiros acordes, &#8220;Frisson&#8221; transporta o ouvinte para um universo de emo\u00e7\u00f5es intensas e arrebatadoras.<\/p>\n\n\n\n<p>A letra inicia com o verso marcante &#8220;Meu cora\u00e7\u00e3o pulou, voc\u00ea chegou, me deixou assim&#8221;, expressando o impacto imediato e arrebatador da chegada de um novo amor.<\/p>\n\n\n\n<p>Essa declara\u00e7\u00e3o direta, somada a uma harmonia encantadora, provoca identifica\u00e7\u00e3o instant\u00e2nea com aqueles que j\u00e1 vivenciaram uma paix\u00e3o inesperada.<\/p>\n\n\n\n<p>Tunai, com sua voz suave e envolvente, d\u00e1 vida \u00e0 hist\u00f3ria narrada na can\u00e7\u00e3o.<\/p>\n\n\n\n<p>A constru\u00e7\u00e3o po\u00e9tica destaca o renascimento emocional proporcionado pelo amor, como na frase &#8220;Pr\u00e1 acelerar um cora\u00e7\u00e3o que j\u00e1 bate pouco de tanto procurar por outro&#8221;.<\/p>\n\n\n\n<p>Esse trecho refor\u00e7a a ideia de que o amor tem o poder de rejuvenescer e transformar a vida, trazendo alegria e satisfa\u00e7\u00e3o.<\/p>\n\n\n\n<p>Musicalmente, &#8220;Frisson&#8221; apresenta influ\u00eancias do pop e da MPB, com uma produ\u00e7\u00e3o cuidadosa que valoriza cada detalhe instrumental.<\/p>\n\n\n\n<p>O arranjo \u00e9 envolvente, com destaque para os teclados e uma linha mel\u00f3dica elegante, que complementa a interpreta\u00e7\u00e3o de Tunai. Essa sofistica\u00e7\u00e3o sonora contribui para a atemporalidade da can\u00e7\u00e3o, que continua encantando diferentes gera\u00e7\u00f5es.<\/p>\n\n\n\n<p>Outro ponto alto da can\u00e7\u00e3o \u00e9 o seu refr\u00e3o poderoso, que combina met\u00e1foras celestiais para descrever a pessoa amada: &#8220;Voc\u00ea caiu do c\u00e9u, um anjo lindo que apareceu, com olhos de cristal&#8221;.<\/p>\n\n\n\n<p>A letra reflete uma idealiza\u00e7\u00e3o do amor, frequentemente presente em grandes sucessos rom\u00e2nticos.<\/p>\n\n\n\n<p>A imagem do &#8220;anjo lindo&#8221; simboliza a chegada de algo puro e transformador, uma verdadeira luz na vida do narrador.<\/p>\n\n\n\n<p>&#8220;Frisson&#8221; n\u00e3o apenas se consolidou como uma das m\u00fasicas mais populares de Tunai, mas tamb\u00e9m ganhou diversas regrava\u00e7\u00f5es ao longo dos anos, incluindo interpreta\u00e7\u00f5es de artistas renomados. Sua presen\u00e7a constante em trilhas sonoras de novelas e programas musicais ajudou a perpetuar seu sucesso e garantir seu lugar no imagin\u00e1rio coletivo dos f\u00e3s de m\u00fasica brasileira.<\/p>\n\n\n\n<p>Tunai deixou um legado ineg\u00e1vel na MPB com sua sensibilidade como compositor e int\u00e9rprete. &#8220;Frisson&#8221; continua sendo uma celebra\u00e7\u00e3o ao amor e \u00e0 renova\u00e7\u00e3o emocional, capturando a ess\u00eancia das emo\u00e7\u00f5es humanas com eleg\u00e2ncia e autenticidade. Sem d\u00favida, \u00e9 uma obra-prima que resiste ao tempo e se mant\u00e9m viva na mem\u00f3ria afetiva dos ouvintes.<\/p>\n","protected":false},"excerpt":{"rendered":"<p>Lan\u00e7ada em 1984 no terceiro \u00e1lbum do cantor e compositor mineiro Tunai, &#8220;Frisson&#8221; \u00e9 uma&#8230;<\/p>\n","protected":false},"author":1,"featured_media":3542,"comment_status":"open","ping_status":"open","sticky":false,"template":"","format":"standard","meta":{"footnotes":""},"categories":[92],"tags":[119,118,120,121,117,1697,561,562,116,99,326],"class_list":["post-3541","post","type-post","status-publish","format-standard","has-post-thumbnail","hentry","category-baixe-nosso-aplicativo","tag-anos-70","tag-anos-80","tag-anos-90","tag-baixe-nosso-app","tag-flashaback","tag-frisson","tag-ouvir","tag-ouvir-radio","tag-radio","tag-radio-planeta-saudade","tag-tunai"],"yoast_head":"<!-- This site is optimized with the Yoast SEO plugin v21.3 - https:\/\/yoast.com\/wordpress\/plugins\/seo\/ -->\n<title>Frisson \u2013 Um Cl\u00e1ssico Atemporal de Tunai - R\u00c1DIO PLANETA SAUDADE<\/title>\n<meta name=\"robots\" content=\"index, follow, max-snippet:-1, max-image-preview:large, max-video-preview:-1\" \/>\n<link rel=\"canonical\" href=\"https:\/\/radioplanetasaudade.com.br\/index.php\/2025\/02\/08\/frisson-um-classico-atemporal-de-tunai\/\" \/>\n<meta property=\"og:locale\" content=\"pt_BR\" \/>\n<meta property=\"og:type\" content=\"article\" \/>\n<meta property=\"og:title\" content=\"Frisson \u2013 Um Cl\u00e1ssico Atemporal de Tunai - R\u00c1DIO PLANETA SAUDADE\" \/>\n<meta property=\"og:description\" content=\"Lan\u00e7ada em 1984 no terceiro \u00e1lbum do cantor e compositor mineiro Tunai, &#8220;Frisson&#8221; \u00e9 uma...\" \/>\n<meta property=\"og:url\" content=\"https:\/\/radioplanetasaudade.com.br\/index.php\/2025\/02\/08\/frisson-um-classico-atemporal-de-tunai\/\" \/>\n<meta property=\"og:site_name\" content=\"R\u00c1DIO PLANETA SAUDADE\" \/>\n<meta property=\"article:published_time\" content=\"2025-02-08T19:01:18+00:00\" \/>\n<meta property=\"article:modified_time\" content=\"2025-02-08T19:01:20+00:00\" \/>\n<meta property=\"og:image\" content=\"https:\/\/radioplanetasaudade.com.br\/wp-content\/uploads\/2025\/02\/TUNAI.jpg\" \/>\n\t<meta property=\"og:image:width\" content=\"597\" \/>\n\t<meta property=\"og:image:height\" content=\"602\" \/>\n\t<meta property=\"og:image:type\" content=\"image\/jpeg\" \/>\n<meta name=\"author\" content=\"Planeta Saudade\" \/>\n<meta name=\"twitter:card\" content=\"summary_large_image\" \/>\n<meta name=\"twitter:label1\" content=\"Escrito por\" \/>\n\t<meta name=\"twitter:data1\" content=\"Planeta Saudade\" \/>\n\t<meta name=\"twitter:label2\" content=\"Est. tempo de leitura\" \/>\n\t<meta name=\"twitter:data2\" content=\"3 minutos\" \/>\n<script type=\"application\/ld+json\" class=\"yoast-schema-graph\">{\"@context\":\"https:\/\/schema.org\",\"@graph\":[{\"@type\":\"Article\",\"@id\":\"https:\/\/radioplanetasaudade.com.br\/index.php\/2025\/02\/08\/frisson-um-classico-atemporal-de-tunai\/#article\",\"isPartOf\":{\"@id\":\"https:\/\/radioplanetasaudade.com.br\/index.php\/2025\/02\/08\/frisson-um-classico-atemporal-de-tunai\/\"},\"author\":{\"name\":\"Planeta Saudade\",\"@id\":\"https:\/\/radioplanetasaudade.com.br\/#\/schema\/person\/1a6f6fc0d987819324e7ed417a1a6581\"},\"headline\":\"Frisson \u2013 Um Cl\u00e1ssico Atemporal de Tunai\",\"datePublished\":\"2025-02-08T19:01:18+00:00\",\"dateModified\":\"2025-02-08T19:01:20+00:00\",\"mainEntityOfPage\":{\"@id\":\"https:\/\/radioplanetasaudade.com.br\/index.php\/2025\/02\/08\/frisson-um-classico-atemporal-de-tunai\/\"},\"wordCount\":496,\"commentCount\":0,\"publisher\":{\"@id\":\"https:\/\/radioplanetasaudade.com.br\/#organization\"},\"keywords\":[\"Anos 70\",\"Anos 80\",\"Anos 90\",\"Baixe nosso App\",\"Flashaback\",\"Frisson\",\"Ouvir\",\"Ouvir r\u00e1dio\",\"R\u00e1dio\",\"R\u00e1dio Planeta Saudade\",\"Tunai\"],\"articleSection\":[\"BAIXE NOSSO APLICATIVO\"],\"inLanguage\":\"pt-BR\",\"potentialAction\":[{\"@type\":\"CommentAction\",\"name\":\"Comment\",\"target\":[\"https:\/\/radioplanetasaudade.com.br\/index.php\/2025\/02\/08\/frisson-um-classico-atemporal-de-tunai\/#respond\"]}]},{\"@type\":\"WebPage\",\"@id\":\"https:\/\/radioplanetasaudade.com.br\/index.php\/2025\/02\/08\/frisson-um-classico-atemporal-de-tunai\/\",\"url\":\"https:\/\/radioplanetasaudade.com.br\/index.php\/2025\/02\/08\/frisson-um-classico-atemporal-de-tunai\/\",\"name\":\"Frisson \u2013 Um Cl\u00e1ssico Atemporal de Tunai - R\u00c1DIO PLANETA SAUDADE\",\"isPartOf\":{\"@id\":\"https:\/\/radioplanetasaudade.com.br\/#website\"},\"datePublished\":\"2025-02-08T19:01:18+00:00\",\"dateModified\":\"2025-02-08T19:01:20+00:00\",\"breadcrumb\":{\"@id\":\"https:\/\/radioplanetasaudade.com.br\/index.php\/2025\/02\/08\/frisson-um-classico-atemporal-de-tunai\/#breadcrumb\"},\"inLanguage\":\"pt-BR\",\"potentialAction\":[{\"@type\":\"ReadAction\",\"target\":[\"https:\/\/radioplanetasaudade.com.br\/index.php\/2025\/02\/08\/frisson-um-classico-atemporal-de-tunai\/\"]}]},{\"@type\":\"BreadcrumbList\",\"@id\":\"https:\/\/radioplanetasaudade.com.br\/index.php\/2025\/02\/08\/frisson-um-classico-atemporal-de-tunai\/#breadcrumb\",\"itemListElement\":[{\"@type\":\"ListItem\",\"position\":1,\"name\":\"In\u00edcio\",\"item\":\"https:\/\/radioplanetasaudade.com.br\/\"},{\"@type\":\"ListItem\",\"position\":2,\"name\":\"Frisson \u2013 Um Cl\u00e1ssico Atemporal de Tunai\"}]},{\"@type\":\"WebSite\",\"@id\":\"https:\/\/radioplanetasaudade.com.br\/#website\",\"url\":\"https:\/\/radioplanetasaudade.com.br\/\",\"name\":\"R\u00e1dio Planeta Saudade\",\"description\":\"Relembrando grandes sucessos musicais e informando sobre os maiores artistas do mundo ou\u00e7a no seu celular.\",\"publisher\":{\"@id\":\"https:\/\/radioplanetasaudade.com.br\/#organization\"},\"potentialAction\":[{\"@type\":\"SearchAction\",\"target\":{\"@type\":\"EntryPoint\",\"urlTemplate\":\"https:\/\/radioplanetasaudade.com.br\/?s={search_term_string}\"},\"query-input\":\"required name=search_term_string\"}],\"inLanguage\":\"pt-BR\"},{\"@type\":\"Organization\",\"@id\":\"https:\/\/radioplanetasaudade.com.br\/#organization\",\"name\":\"R\u00e1dio Planeta Saudade\",\"url\":\"https:\/\/radioplanetasaudade.com.br\/\",\"logo\":{\"@type\":\"ImageObject\",\"inLanguage\":\"pt-BR\",\"@id\":\"https:\/\/radioplanetasaudade.com.br\/#\/schema\/logo\/image\/\",\"url\":\"https:\/\/radioplanetasaudade.com.br\/wp-content\/uploads\/2023\/10\/capture-20230607-202153.png\",\"contentUrl\":\"https:\/\/radioplanetasaudade.com.br\/wp-content\/uploads\/2023\/10\/capture-20230607-202153.png\",\"width\":1350,\"height\":358,\"caption\":\"R\u00e1dio Planeta Saudade\"},\"image\":{\"@id\":\"https:\/\/radioplanetasaudade.com.br\/#\/schema\/logo\/image\/\"}},{\"@type\":\"Person\",\"@id\":\"https:\/\/radioplanetasaudade.com.br\/#\/schema\/person\/1a6f6fc0d987819324e7ed417a1a6581\",\"name\":\"Planeta Saudade\",\"image\":{\"@type\":\"ImageObject\",\"inLanguage\":\"pt-BR\",\"@id\":\"https:\/\/radioplanetasaudade.com.br\/#\/schema\/person\/image\/\",\"url\":\"https:\/\/secure.gravatar.com\/avatar\/a893d552ce4b2abfa845a62f8434cf31?s=96&d=mm&r=g\",\"contentUrl\":\"https:\/\/secure.gravatar.com\/avatar\/a893d552ce4b2abfa845a62f8434cf31?s=96&d=mm&r=g\",\"caption\":\"Planeta Saudade\"},\"sameAs\":[\"https:\/\/radioplanetasaudade.com.br\"],\"url\":\"https:\/\/radioplanetasaudade.com.br\/index.php\/author\/wendelsantos4567\/\"}]}<\/script>\n<!-- \/ Yoast SEO plugin. -->","yoast_head_json":{"title":"Frisson \u2013 Um Cl\u00e1ssico Atemporal de Tunai - R\u00c1DIO PLANETA SAUDADE","robots":{"index":"index","follow":"follow","max-snippet":"max-snippet:-1","max-image-preview":"max-image-preview:large","max-video-preview":"max-video-preview:-1"},"canonical":"https:\/\/radioplanetasaudade.com.br\/index.php\/2025\/02\/08\/frisson-um-classico-atemporal-de-tunai\/","og_locale":"pt_BR","og_type":"article","og_title":"Frisson \u2013 Um Cl\u00e1ssico Atemporal de Tunai - R\u00c1DIO PLANETA SAUDADE","og_description":"Lan\u00e7ada em 1984 no terceiro \u00e1lbum do cantor e compositor mineiro Tunai, &#8220;Frisson&#8221; \u00e9 uma...","og_url":"https:\/\/radioplanetasaudade.com.br\/index.php\/2025\/02\/08\/frisson-um-classico-atemporal-de-tunai\/","og_site_name":"R\u00c1DIO PLANETA SAUDADE","article_published_time":"2025-02-08T19:01:18+00:00","article_modified_time":"2025-02-08T19:01:20+00:00","og_image":[{"width":597,"height":602,"url":"https:\/\/radioplanetasaudade.com.br\/wp-content\/uploads\/2025\/02\/TUNAI.jpg","type":"image\/jpeg"}],"author":"Planeta Saudade","twitter_card":"summary_large_image","twitter_misc":{"Escrito por":"Planeta Saudade","Est. tempo de leitura":"3 minutos"},"schema":{"@context":"https:\/\/schema.org","@graph":[{"@type":"Article","@id":"https:\/\/radioplanetasaudade.com.br\/index.php\/2025\/02\/08\/frisson-um-classico-atemporal-de-tunai\/#article","isPartOf":{"@id":"https:\/\/radioplanetasaudade.com.br\/index.php\/2025\/02\/08\/frisson-um-classico-atemporal-de-tunai\/"},"author":{"name":"Planeta Saudade","@id":"https:\/\/radioplanetasaudade.com.br\/#\/schema\/person\/1a6f6fc0d987819324e7ed417a1a6581"},"headline":"Frisson \u2013 Um Cl\u00e1ssico Atemporal de Tunai","datePublished":"2025-02-08T19:01:18+00:00","dateModified":"2025-02-08T19:01:20+00:00","mainEntityOfPage":{"@id":"https:\/\/radioplanetasaudade.com.br\/index.php\/2025\/02\/08\/frisson-um-classico-atemporal-de-tunai\/"},"wordCount":496,"commentCount":0,"publisher":{"@id":"https:\/\/radioplanetasaudade.com.br\/#organization"},"keywords":["Anos 70","Anos 80","Anos 90","Baixe nosso App","Flashaback","Frisson","Ouvir","Ouvir r\u00e1dio","R\u00e1dio","R\u00e1dio Planeta Saudade","Tunai"],"articleSection":["BAIXE NOSSO APLICATIVO"],"inLanguage":"pt-BR","potentialAction":[{"@type":"CommentAction","name":"Comment","target":["https:\/\/radioplanetasaudade.com.br\/index.php\/2025\/02\/08\/frisson-um-classico-atemporal-de-tunai\/#respond"]}]},{"@type":"WebPage","@id":"https:\/\/radioplanetasaudade.com.br\/index.php\/2025\/02\/08\/frisson-um-classico-atemporal-de-tunai\/","url":"https:\/\/radioplanetasaudade.com.br\/index.php\/2025\/02\/08\/frisson-um-classico-atemporal-de-tunai\/","name":"Frisson \u2013 Um Cl\u00e1ssico Atemporal de Tunai - R\u00c1DIO PLANETA SAUDADE","isPartOf":{"@id":"https:\/\/radioplanetasaudade.com.br\/#website"},"datePublished":"2025-02-08T19:01:18+00:00","dateModified":"2025-02-08T19:01:20+00:00","breadcrumb":{"@id":"https:\/\/radioplanetasaudade.com.br\/index.php\/2025\/02\/08\/frisson-um-classico-atemporal-de-tunai\/#breadcrumb"},"inLanguage":"pt-BR","potentialAction":[{"@type":"ReadAction","target":["https:\/\/radioplanetasaudade.com.br\/index.php\/2025\/02\/08\/frisson-um-classico-atemporal-de-tunai\/"]}]},{"@type":"BreadcrumbList","@id":"https:\/\/radioplanetasaudade.com.br\/index.php\/2025\/02\/08\/frisson-um-classico-atemporal-de-tunai\/#breadcrumb","itemListElement":[{"@type":"ListItem","position":1,"name":"In\u00edcio","item":"https:\/\/radioplanetasaudade.com.br\/"},{"@type":"ListItem","position":2,"name":"Frisson \u2013 Um Cl\u00e1ssico Atemporal de Tunai"}]},{"@type":"WebSite","@id":"https:\/\/radioplanetasaudade.com.br\/#website","url":"https:\/\/radioplanetasaudade.com.br\/","name":"R\u00e1dio Planeta Saudade","description":"Relembrando grandes sucessos musicais e informando sobre os maiores artistas do mundo ou\u00e7a no seu celular.","publisher":{"@id":"https:\/\/radioplanetasaudade.com.br\/#organization"},"potentialAction":[{"@type":"SearchAction","target":{"@type":"EntryPoint","urlTemplate":"https:\/\/radioplanetasaudade.com.br\/?s={search_term_string}"},"query-input":"required name=search_term_string"}],"inLanguage":"pt-BR"},{"@type":"Organization","@id":"https:\/\/radioplanetasaudade.com.br\/#organization","name":"R\u00e1dio Planeta Saudade","url":"https:\/\/radioplanetasaudade.com.br\/","logo":{"@type":"ImageObject","inLanguage":"pt-BR","@id":"https:\/\/radioplanetasaudade.com.br\/#\/schema\/logo\/image\/","url":"https:\/\/radioplanetasaudade.com.br\/wp-content\/uploads\/2023\/10\/capture-20230607-202153.png","contentUrl":"https:\/\/radioplanetasaudade.com.br\/wp-content\/uploads\/2023\/10\/capture-20230607-202153.png","width":1350,"height":358,"caption":"R\u00e1dio Planeta Saudade"},"image":{"@id":"https:\/\/radioplanetasaudade.com.br\/#\/schema\/logo\/image\/"}},{"@type":"Person","@id":"https:\/\/radioplanetasaudade.com.br\/#\/schema\/person\/1a6f6fc0d987819324e7ed417a1a6581","name":"Planeta Saudade","image":{"@type":"ImageObject","inLanguage":"pt-BR","@id":"https:\/\/radioplanetasaudade.com.br\/#\/schema\/person\/image\/","url":"https:\/\/secure.gravatar.com\/avatar\/a893d552ce4b2abfa845a62f8434cf31?s=96&d=mm&r=g","contentUrl":"https:\/\/secure.gravatar.com\/avatar\/a893d552ce4b2abfa845a62f8434cf31?s=96&d=mm&r=g","caption":"Planeta Saudade"},"sameAs":["https:\/\/radioplanetasaudade.com.br"],"url":"https:\/\/radioplanetasaudade.com.br\/index.php\/author\/wendelsantos4567\/"}]}},"_links":{"self":[{"href":"https:\/\/radioplanetasaudade.com.br\/index.php\/wp-json\/wp\/v2\/posts\/3541","targetHints":{"allow":["GET"]}}],"collection":[{"href":"https:\/\/radioplanetasaudade.com.br\/index.php\/wp-json\/wp\/v2\/posts"}],"about":[{"href":"https:\/\/radioplanetasaudade.com.br\/index.php\/wp-json\/wp\/v2\/types\/post"}],"author":[{"embeddable":true,"href":"https:\/\/radioplanetasaudade.com.br\/index.php\/wp-json\/wp\/v2\/users\/1"}],"replies":[{"embeddable":true,"href":"https:\/\/radioplanetasaudade.com.br\/index.php\/wp-json\/wp\/v2\/comments?post=3541"}],"version-history":[{"count":1,"href":"https:\/\/radioplanetasaudade.com.br\/index.php\/wp-json\/wp\/v2\/posts\/3541\/revisions"}],"predecessor-version":[{"id":3543,"href":"https:\/\/radioplanetasaudade.com.br\/index.php\/wp-json\/wp\/v2\/posts\/3541\/revisions\/3543"}],"wp:featuredmedia":[{"embeddable":true,"href":"https:\/\/radioplanetasaudade.com.br\/index.php\/wp-json\/wp\/v2\/media\/3542"}],"wp:attachment":[{"href":"https:\/\/radioplanetasaudade.com.br\/index.php\/wp-json\/wp\/v2\/media?parent=3541"}],"wp:term":[{"taxonomy":"category","embeddable":true,"href":"https:\/\/radioplanetasaudade.com.br\/index.php\/wp-json\/wp\/v2\/categories?post=3541"},{"taxonomy":"post_tag","embeddable":true,"href":"https:\/\/radioplanetasaudade.com.br\/index.php\/wp-json\/wp\/v2\/tags?post=3541"}],"curies":[{"name":"wp","href":"https:\/\/api.w.org\/{rel}","templated":true}]}}