{"id":3548,"date":"2025-02-10T08:37:34","date_gmt":"2025-02-10T11:37:34","guid":{"rendered":"https:\/\/radioplanetasaudade.com.br\/?p=3548"},"modified":"2025-02-10T08:37:36","modified_gmt":"2025-02-10T11:37:36","slug":"vanessa-da-mata-comemora-hoje-49-anos-de-vida","status":"publish","type":"post","link":"https:\/\/radioplanetasaudade.com.br\/index.php\/2025\/02\/10\/vanessa-da-mata-comemora-hoje-49-anos-de-vida\/","title":{"rendered":"Vanessa da Mata comemora hoje 49 anos de vida!"},"content":{"rendered":"\n<p>Vanessa da Mata, nascida em 10 de fevereiro de 1976, em Alto Gar\u00e7as, Mato Grosso, \u00e9 uma renomada cantora, compositora e escritora brasileira que hoje celebra 49 anos de vida.<\/p>\n\n\n\n<figure class=\"wp-block-image size-large\"><img fetchpriority=\"high\" decoding=\"async\" width=\"1024\" height=\"1004\" src=\"https:\/\/radioplanetasaudade.com.br\/wp-content\/uploads\/2025\/02\/NIVER-OFICIAL-1-1024x1004.jpg\" alt=\"\" class=\"wp-image-3549\" srcset=\"https:\/\/radioplanetasaudade.com.br\/wp-content\/uploads\/2025\/02\/NIVER-OFICIAL-1-1024x1004.jpg 1024w, https:\/\/radioplanetasaudade.com.br\/wp-content\/uploads\/2025\/02\/NIVER-OFICIAL-1-300x294.jpg 300w, https:\/\/radioplanetasaudade.com.br\/wp-content\/uploads\/2025\/02\/NIVER-OFICIAL-1-768x753.jpg 768w, https:\/\/radioplanetasaudade.com.br\/wp-content\/uploads\/2025\/02\/NIVER-OFICIAL-1-1536x1506.jpg 1536w, https:\/\/radioplanetasaudade.com.br\/wp-content\/uploads\/2025\/02\/NIVER-OFICIAL-1-2048x2008.jpg 2048w\" sizes=\"(max-width: 1024px) 100vw, 1024px\" \/><\/figure>\n\n\n\n<p>Sua trajet\u00f3ria \u00e9 marcada por uma rica diversidade de experi\u00eancias que contribu\u00edram para sua forma\u00e7\u00e3o art\u00edstica e pessoal.<\/p>\n\n\n\n<p>Durante sua juventude, Vanessa explorou diferentes caminhos antes de se consolidar na m\u00fasica.<\/p>\n\n\n\n<p>Ela atuou como modelo e jogadora de basquete, experi\u00eancias que, embora n\u00e3o tenham se tornado carreiras permanentes, enriqueceram sua viv\u00eancia.<\/p>\n\n\n\n<p>Em uma entrevista, ela comentou com bom humor sobre essas fases: &#8220;Fui uma p\u00e9ssima jogadora de basquete e uma modelo gulosa, portanto, nunca teria \u00eaxito.<\/p>\n\n\n\n<p>A m\u00fasica me colocou no caminho certo, foi quando me senti orgulhosa de mim&#8221;<\/p>\n\n\n\n<p>A m\u00fasica sempre esteve presente em sua vida, e desde cedo Vanessa demonstrou talento para a composi\u00e7\u00e3o.<\/p>\n\n\n\n<p>Aos 21 anos, conheceu o cantor e compositor Chico C\u00e9sar, com quem coescreveu &#8220;A For\u00e7a que Nunca Seca&#8221;. Essa can\u00e7\u00e3o foi gravada por Maria Beth\u00e2nia, que a escolheu como t\u00edtulo de seu \u00e1lbum de 1999, trazendo visibilidade ao trabalho de Vanessa como compositora.<\/p>\n\n\n\n<p>Em 2002, Vanessa lan\u00e7ou seu \u00e1lbum de estreia autointitulado, que inclu\u00eda sucessos como &#8220;Nossa Can\u00e7\u00e3o&#8221; e &#8220;N\u00e3o Me Deixe S\u00f3&#8221;. No entanto, foi com o \u00e1lbum &#8220;Sim&#8221;, de 2007, que ela alcan\u00e7ou grande reconhecimento nacional e internacional. O disco trouxe hits como &#8220;Boa Sorte\/Good Luck&#8221;, em parceria com Ben Harper, e &#8220;Amado&#8221;, que liderou as paradas brasileiras. Esse trabalho rendeu a Vanessa o Grammy Latino de Melhor \u00c1lbum de Pop Contempor\u00e2neo Brasileiro em 2008.<\/p>\n\n\n\n<p>Al\u00e9m de sua carreira musical, Vanessa da Mata aventurou-se na literatura. Em outubro de 2013, lan\u00e7ou seu primeiro romance, intitulado &#8220;A Filha das Flores&#8221;. A obra explora temas como identidade, fam\u00edlia e as complexidades das rela\u00e7\u00f5es humanas, refletindo a sensibilidade j\u00e1 presente em suas composi\u00e7\u00f5es musicais.<\/p>\n\n\n\n<p>Identidade Racial: Vanessa j\u00e1 discutiu publicamente sobre sua identidade racial e as complexidades associadas a ela. Em uma entrevista ao programa Roda Viva, ela afirmou: &#8220;Olha meus tra\u00e7os, meu cabelo, minha bunda; sou completamente negra&#8221;<\/p>\n\n\n\n<p>Influ\u00eancias Musicais: Crescendo no interior do Mato Grosso, Vanessa foi exposta a uma variedade de estilos musicais, desde cantos ind\u00edgenas at\u00e9 m\u00fasica popular brasileira, o que influenciou sua abordagem ecl\u00e9tica \u00e0 composi\u00e7\u00e3o.<\/p>\n\n\n\n<p>Ao longo de sua carreira, Vanessa colaborou com diversos artistas renomados, incluindo Maria Beth\u00e2nia, Gilberto Gil e Ben Harper, ampliando seu alcance musical e cultural.<\/p>\n\n\n\n<p>Vanessa da Mata continua a ser uma figura influente na m\u00fasica brasileira, conhecida por sua voz marcante, composi\u00e7\u00f5es profundas e capacidade de transitar por diferentes formas de arte.<\/p>\n\n\n\n<p>Sua trajet\u00f3ria \u00e9 um testemunho de versatilidade e dedica\u00e7\u00e3o \u00e0 cultura brasileira.<\/p>\n\n\n\n<p><a href=\"https:\/\/www.facebook.com\/photo\/?fbid=625321130427876&amp;set=a.109597812000213&amp;__cft__[0]=AZW_Ce3twG7LmhXnc2VLd-QTPiLSNNPxbdYpzpHrFmGgHOAZvmNGpFH2yXeZ1POceeNH-RIoK7drQ1BTChYOxmqgIjMxf_YhD5EDzZRVdpBP3ymaC8J4Bfns5kSORfZiYOR7Sk0C19HFEGTBZUHLkVv5&amp;__tn__=EH-R\"><\/a><\/p>\n\n\n\n<figure class=\"wp-block-image\"><a href=\"https:\/\/www.facebook.com\/photo\/?fbid=625321130427876&amp;set=a.109597812000213&amp;__cft__[0]=AZW_Ce3twG7LmhXnc2VLd-QTPiLSNNPxbdYpzpHrFmGgHOAZvmNGpFH2yXeZ1POceeNH-RIoK7drQ1BTChYOxmqgIjMxf_YhD5EDzZRVdpBP3ymaC8J4Bfns5kSORfZiYOR7Sk0C19HFEGTBZUHLkVv5&amp;__tn__=EH-R\"><img decoding=\"async\" src=\"https:\/\/scontent.fvix20-1.fna.fbcdn.net\/v\/t39.30808-6\/476787781_625321137094542_4143840947696179127_n.jpg?stp=dst-jpg_p526x296_tt6&amp;_nc_cat=110&amp;ccb=1-7&amp;_nc_sid=127cfc&amp;_nc_ohc=SFpYGPpUrH8Q7kNvgFsND_b&amp;_nc_oc=AdiuBVy8qbT05EM9Zb8OBzzvJ6FCheEeKpTKrzff1Vjvp1rqMFAH3iyLaqmzLBwKGN7sHKYIPLzbdivCemBZEY3i&amp;_nc_zt=23&amp;_nc_ht=scontent.fvix20-1.fna&amp;_nc_gid=AzjznpeanpIxQiqRDAbdabq&amp;oh=00_AYBkUuFGQ9izZ6SnVsV-P63zPp5eyCaLKHcMidd1_jUarQ&amp;oe=67AFA546\" alt=\"Pode ser uma imagem de 1 pessoa e texto que diz &quot;RADIONETA RADIO PLANETA SAUDADE PARAB\u00c9NS VANESSA DA MATA 49 ANOS BAIXE NOSSO BAIXENOSSOAPP APP FONIVE ONIVEL Google Play SITE: ACESSE R\u00c1DIO PLANETA SAUDADE.COM.BR DG Kwai f&quot;\"\/><\/a><\/figure>\n","protected":false},"excerpt":{"rendered":"<p>Vanessa da Mata, nascida em 10 de fevereiro de 1976, em Alto Gar\u00e7as, Mato Grosso,&#8230;<\/p>\n","protected":false},"author":1,"featured_media":3549,"comment_status":"open","ping_status":"open","sticky":false,"template":"","format":"standard","meta":{"footnotes":""},"categories":[1229],"tags":[1533,1527,119,118,120,121,117,561,562,116,99,728],"class_list":["post-3548","post","type-post","status-publish","format-standard","has-post-thumbnail","hentry","category-artistas-aniversariantes","tag-49-anos","tag-aniversario","tag-anos-70","tag-anos-80","tag-anos-90","tag-baixe-nosso-app","tag-flashaback","tag-ouvir","tag-ouvir-radio","tag-radio","tag-radio-planeta-saudade","tag-vanessa-da-mata"],"yoast_head":"<!-- This site is optimized with the Yoast SEO plugin v21.3 - https:\/\/yoast.com\/wordpress\/plugins\/seo\/ -->\n<title>Vanessa da Mata comemora hoje 49 anos de vida! - R\u00c1DIO PLANETA SAUDADE<\/title>\n<meta name=\"robots\" content=\"index, follow, max-snippet:-1, max-image-preview:large, max-video-preview:-1\" \/>\n<link rel=\"canonical\" href=\"https:\/\/radioplanetasaudade.com.br\/index.php\/2025\/02\/10\/vanessa-da-mata-comemora-hoje-49-anos-de-vida\/\" \/>\n<meta property=\"og:locale\" content=\"pt_BR\" \/>\n<meta property=\"og:type\" content=\"article\" \/>\n<meta property=\"og:title\" content=\"Vanessa da Mata comemora hoje 49 anos de vida! - R\u00c1DIO PLANETA SAUDADE\" \/>\n<meta property=\"og:description\" content=\"Vanessa da Mata, nascida em 10 de fevereiro de 1976, em Alto Gar\u00e7as, Mato Grosso,...\" \/>\n<meta property=\"og:url\" content=\"https:\/\/radioplanetasaudade.com.br\/index.php\/2025\/02\/10\/vanessa-da-mata-comemora-hoje-49-anos-de-vida\/\" \/>\n<meta property=\"og:site_name\" content=\"R\u00c1DIO PLANETA SAUDADE\" \/>\n<meta property=\"article:published_time\" content=\"2025-02-10T11:37:34+00:00\" \/>\n<meta property=\"article:modified_time\" content=\"2025-02-10T11:37:36+00:00\" \/>\n<meta property=\"og:image\" content=\"https:\/\/radioplanetasaudade.com.br\/wp-content\/uploads\/2025\/02\/NIVER-OFICIAL-1-scaled.jpg\" \/>\n\t<meta property=\"og:image:width\" content=\"2560\" \/>\n\t<meta property=\"og:image:height\" content=\"2510\" \/>\n\t<meta property=\"og:image:type\" content=\"image\/jpeg\" \/>\n<meta name=\"author\" content=\"Planeta Saudade\" \/>\n<meta name=\"twitter:card\" content=\"summary_large_image\" \/>\n<meta name=\"twitter:label1\" content=\"Escrito por\" \/>\n\t<meta name=\"twitter:data1\" content=\"Planeta Saudade\" \/>\n\t<meta name=\"twitter:label2\" content=\"Est. tempo de leitura\" \/>\n\t<meta name=\"twitter:data2\" content=\"3 minutos\" \/>\n<script type=\"application\/ld+json\" class=\"yoast-schema-graph\">{\"@context\":\"https:\/\/schema.org\",\"@graph\":[{\"@type\":\"Article\",\"@id\":\"https:\/\/radioplanetasaudade.com.br\/index.php\/2025\/02\/10\/vanessa-da-mata-comemora-hoje-49-anos-de-vida\/#article\",\"isPartOf\":{\"@id\":\"https:\/\/radioplanetasaudade.com.br\/index.php\/2025\/02\/10\/vanessa-da-mata-comemora-hoje-49-anos-de-vida\/\"},\"author\":{\"name\":\"Planeta Saudade\",\"@id\":\"https:\/\/radioplanetasaudade.com.br\/#\/schema\/person\/1a6f6fc0d987819324e7ed417a1a6581\"},\"headline\":\"Vanessa da Mata comemora hoje 49 anos de vida!\",\"datePublished\":\"2025-02-10T11:37:34+00:00\",\"dateModified\":\"2025-02-10T11:37:36+00:00\",\"mainEntityOfPage\":{\"@id\":\"https:\/\/radioplanetasaudade.com.br\/index.php\/2025\/02\/10\/vanessa-da-mata-comemora-hoje-49-anos-de-vida\/\"},\"wordCount\":468,\"commentCount\":0,\"publisher\":{\"@id\":\"https:\/\/radioplanetasaudade.com.br\/#organization\"},\"keywords\":[\"49 anos\",\"Anivers\u00e1rio\",\"Anos 70\",\"Anos 80\",\"Anos 90\",\"Baixe nosso App\",\"Flashaback\",\"Ouvir\",\"Ouvir r\u00e1dio\",\"R\u00e1dio\",\"R\u00e1dio Planeta Saudade\",\"Vanessa da Mata\"],\"articleSection\":[\"ARTISTAS ANIVERSARIANTES\"],\"inLanguage\":\"pt-BR\",\"potentialAction\":[{\"@type\":\"CommentAction\",\"name\":\"Comment\",\"target\":[\"https:\/\/radioplanetasaudade.com.br\/index.php\/2025\/02\/10\/vanessa-da-mata-comemora-hoje-49-anos-de-vida\/#respond\"]}]},{\"@type\":\"WebPage\",\"@id\":\"https:\/\/radioplanetasaudade.com.br\/index.php\/2025\/02\/10\/vanessa-da-mata-comemora-hoje-49-anos-de-vida\/\",\"url\":\"https:\/\/radioplanetasaudade.com.br\/index.php\/2025\/02\/10\/vanessa-da-mata-comemora-hoje-49-anos-de-vida\/\",\"name\":\"Vanessa da Mata comemora hoje 49 anos de vida! - R\u00c1DIO PLANETA SAUDADE\",\"isPartOf\":{\"@id\":\"https:\/\/radioplanetasaudade.com.br\/#website\"},\"datePublished\":\"2025-02-10T11:37:34+00:00\",\"dateModified\":\"2025-02-10T11:37:36+00:00\",\"breadcrumb\":{\"@id\":\"https:\/\/radioplanetasaudade.com.br\/index.php\/2025\/02\/10\/vanessa-da-mata-comemora-hoje-49-anos-de-vida\/#breadcrumb\"},\"inLanguage\":\"pt-BR\",\"potentialAction\":[{\"@type\":\"ReadAction\",\"target\":[\"https:\/\/radioplanetasaudade.com.br\/index.php\/2025\/02\/10\/vanessa-da-mata-comemora-hoje-49-anos-de-vida\/\"]}]},{\"@type\":\"BreadcrumbList\",\"@id\":\"https:\/\/radioplanetasaudade.com.br\/index.php\/2025\/02\/10\/vanessa-da-mata-comemora-hoje-49-anos-de-vida\/#breadcrumb\",\"itemListElement\":[{\"@type\":\"ListItem\",\"position\":1,\"name\":\"In\u00edcio\",\"item\":\"https:\/\/radioplanetasaudade.com.br\/\"},{\"@type\":\"ListItem\",\"position\":2,\"name\":\"Vanessa da Mata comemora hoje 49 anos de vida!\"}]},{\"@type\":\"WebSite\",\"@id\":\"https:\/\/radioplanetasaudade.com.br\/#website\",\"url\":\"https:\/\/radioplanetasaudade.com.br\/\",\"name\":\"R\u00e1dio Planeta Saudade\",\"description\":\"Relembrando grandes sucessos musicais e informando sobre os maiores artistas do mundo ou\u00e7a no seu celular.\",\"publisher\":{\"@id\":\"https:\/\/radioplanetasaudade.com.br\/#organization\"},\"potentialAction\":[{\"@type\":\"SearchAction\",\"target\":{\"@type\":\"EntryPoint\",\"urlTemplate\":\"https:\/\/radioplanetasaudade.com.br\/?s={search_term_string}\"},\"query-input\":\"required name=search_term_string\"}],\"inLanguage\":\"pt-BR\"},{\"@type\":\"Organization\",\"@id\":\"https:\/\/radioplanetasaudade.com.br\/#organization\",\"name\":\"R\u00e1dio Planeta Saudade\",\"url\":\"https:\/\/radioplanetasaudade.com.br\/\",\"logo\":{\"@type\":\"ImageObject\",\"inLanguage\":\"pt-BR\",\"@id\":\"https:\/\/radioplanetasaudade.com.br\/#\/schema\/logo\/image\/\",\"url\":\"https:\/\/radioplanetasaudade.com.br\/wp-content\/uploads\/2023\/10\/capture-20230607-202153.png\",\"contentUrl\":\"https:\/\/radioplanetasaudade.com.br\/wp-content\/uploads\/2023\/10\/capture-20230607-202153.png\",\"width\":1350,\"height\":358,\"caption\":\"R\u00e1dio Planeta Saudade\"},\"image\":{\"@id\":\"https:\/\/radioplanetasaudade.com.br\/#\/schema\/logo\/image\/\"}},{\"@type\":\"Person\",\"@id\":\"https:\/\/radioplanetasaudade.com.br\/#\/schema\/person\/1a6f6fc0d987819324e7ed417a1a6581\",\"name\":\"Planeta Saudade\",\"image\":{\"@type\":\"ImageObject\",\"inLanguage\":\"pt-BR\",\"@id\":\"https:\/\/radioplanetasaudade.com.br\/#\/schema\/person\/image\/\",\"url\":\"https:\/\/secure.gravatar.com\/avatar\/a893d552ce4b2abfa845a62f8434cf31?s=96&d=mm&r=g\",\"contentUrl\":\"https:\/\/secure.gravatar.com\/avatar\/a893d552ce4b2abfa845a62f8434cf31?s=96&d=mm&r=g\",\"caption\":\"Planeta Saudade\"},\"sameAs\":[\"https:\/\/radioplanetasaudade.com.br\"],\"url\":\"https:\/\/radioplanetasaudade.com.br\/index.php\/author\/wendelsantos4567\/\"}]}<\/script>\n<!-- \/ Yoast SEO plugin. -->","yoast_head_json":{"title":"Vanessa da Mata comemora hoje 49 anos de vida! - R\u00c1DIO PLANETA SAUDADE","robots":{"index":"index","follow":"follow","max-snippet":"max-snippet:-1","max-image-preview":"max-image-preview:large","max-video-preview":"max-video-preview:-1"},"canonical":"https:\/\/radioplanetasaudade.com.br\/index.php\/2025\/02\/10\/vanessa-da-mata-comemora-hoje-49-anos-de-vida\/","og_locale":"pt_BR","og_type":"article","og_title":"Vanessa da Mata comemora hoje 49 anos de vida! - R\u00c1DIO PLANETA SAUDADE","og_description":"Vanessa da Mata, nascida em 10 de fevereiro de 1976, em Alto Gar\u00e7as, Mato Grosso,...","og_url":"https:\/\/radioplanetasaudade.com.br\/index.php\/2025\/02\/10\/vanessa-da-mata-comemora-hoje-49-anos-de-vida\/","og_site_name":"R\u00c1DIO PLANETA SAUDADE","article_published_time":"2025-02-10T11:37:34+00:00","article_modified_time":"2025-02-10T11:37:36+00:00","og_image":[{"width":2560,"height":2510,"url":"https:\/\/radioplanetasaudade.com.br\/wp-content\/uploads\/2025\/02\/NIVER-OFICIAL-1-scaled.jpg","type":"image\/jpeg"}],"author":"Planeta Saudade","twitter_card":"summary_large_image","twitter_misc":{"Escrito por":"Planeta Saudade","Est. tempo de leitura":"3 minutos"},"schema":{"@context":"https:\/\/schema.org","@graph":[{"@type":"Article","@id":"https:\/\/radioplanetasaudade.com.br\/index.php\/2025\/02\/10\/vanessa-da-mata-comemora-hoje-49-anos-de-vida\/#article","isPartOf":{"@id":"https:\/\/radioplanetasaudade.com.br\/index.php\/2025\/02\/10\/vanessa-da-mata-comemora-hoje-49-anos-de-vida\/"},"author":{"name":"Planeta Saudade","@id":"https:\/\/radioplanetasaudade.com.br\/#\/schema\/person\/1a6f6fc0d987819324e7ed417a1a6581"},"headline":"Vanessa da Mata comemora hoje 49 anos de vida!","datePublished":"2025-02-10T11:37:34+00:00","dateModified":"2025-02-10T11:37:36+00:00","mainEntityOfPage":{"@id":"https:\/\/radioplanetasaudade.com.br\/index.php\/2025\/02\/10\/vanessa-da-mata-comemora-hoje-49-anos-de-vida\/"},"wordCount":468,"commentCount":0,"publisher":{"@id":"https:\/\/radioplanetasaudade.com.br\/#organization"},"keywords":["49 anos","Anivers\u00e1rio","Anos 70","Anos 80","Anos 90","Baixe nosso App","Flashaback","Ouvir","Ouvir r\u00e1dio","R\u00e1dio","R\u00e1dio Planeta Saudade","Vanessa da Mata"],"articleSection":["ARTISTAS ANIVERSARIANTES"],"inLanguage":"pt-BR","potentialAction":[{"@type":"CommentAction","name":"Comment","target":["https:\/\/radioplanetasaudade.com.br\/index.php\/2025\/02\/10\/vanessa-da-mata-comemora-hoje-49-anos-de-vida\/#respond"]}]},{"@type":"WebPage","@id":"https:\/\/radioplanetasaudade.com.br\/index.php\/2025\/02\/10\/vanessa-da-mata-comemora-hoje-49-anos-de-vida\/","url":"https:\/\/radioplanetasaudade.com.br\/index.php\/2025\/02\/10\/vanessa-da-mata-comemora-hoje-49-anos-de-vida\/","name":"Vanessa da Mata comemora hoje 49 anos de vida! - R\u00c1DIO PLANETA SAUDADE","isPartOf":{"@id":"https:\/\/radioplanetasaudade.com.br\/#website"},"datePublished":"2025-02-10T11:37:34+00:00","dateModified":"2025-02-10T11:37:36+00:00","breadcrumb":{"@id":"https:\/\/radioplanetasaudade.com.br\/index.php\/2025\/02\/10\/vanessa-da-mata-comemora-hoje-49-anos-de-vida\/#breadcrumb"},"inLanguage":"pt-BR","potentialAction":[{"@type":"ReadAction","target":["https:\/\/radioplanetasaudade.com.br\/index.php\/2025\/02\/10\/vanessa-da-mata-comemora-hoje-49-anos-de-vida\/"]}]},{"@type":"BreadcrumbList","@id":"https:\/\/radioplanetasaudade.com.br\/index.php\/2025\/02\/10\/vanessa-da-mata-comemora-hoje-49-anos-de-vida\/#breadcrumb","itemListElement":[{"@type":"ListItem","position":1,"name":"In\u00edcio","item":"https:\/\/radioplanetasaudade.com.br\/"},{"@type":"ListItem","position":2,"name":"Vanessa da Mata comemora hoje 49 anos de vida!"}]},{"@type":"WebSite","@id":"https:\/\/radioplanetasaudade.com.br\/#website","url":"https:\/\/radioplanetasaudade.com.br\/","name":"R\u00e1dio Planeta Saudade","description":"Relembrando grandes sucessos musicais e informando sobre os maiores artistas do mundo ou\u00e7a no seu celular.","publisher":{"@id":"https:\/\/radioplanetasaudade.com.br\/#organization"},"potentialAction":[{"@type":"SearchAction","target":{"@type":"EntryPoint","urlTemplate":"https:\/\/radioplanetasaudade.com.br\/?s={search_term_string}"},"query-input":"required name=search_term_string"}],"inLanguage":"pt-BR"},{"@type":"Organization","@id":"https:\/\/radioplanetasaudade.com.br\/#organization","name":"R\u00e1dio Planeta Saudade","url":"https:\/\/radioplanetasaudade.com.br\/","logo":{"@type":"ImageObject","inLanguage":"pt-BR","@id":"https:\/\/radioplanetasaudade.com.br\/#\/schema\/logo\/image\/","url":"https:\/\/radioplanetasaudade.com.br\/wp-content\/uploads\/2023\/10\/capture-20230607-202153.png","contentUrl":"https:\/\/radioplanetasaudade.com.br\/wp-content\/uploads\/2023\/10\/capture-20230607-202153.png","width":1350,"height":358,"caption":"R\u00e1dio Planeta Saudade"},"image":{"@id":"https:\/\/radioplanetasaudade.com.br\/#\/schema\/logo\/image\/"}},{"@type":"Person","@id":"https:\/\/radioplanetasaudade.com.br\/#\/schema\/person\/1a6f6fc0d987819324e7ed417a1a6581","name":"Planeta Saudade","image":{"@type":"ImageObject","inLanguage":"pt-BR","@id":"https:\/\/radioplanetasaudade.com.br\/#\/schema\/person\/image\/","url":"https:\/\/secure.gravatar.com\/avatar\/a893d552ce4b2abfa845a62f8434cf31?s=96&d=mm&r=g","contentUrl":"https:\/\/secure.gravatar.com\/avatar\/a893d552ce4b2abfa845a62f8434cf31?s=96&d=mm&r=g","caption":"Planeta Saudade"},"sameAs":["https:\/\/radioplanetasaudade.com.br"],"url":"https:\/\/radioplanetasaudade.com.br\/index.php\/author\/wendelsantos4567\/"}]}},"_links":{"self":[{"href":"https:\/\/radioplanetasaudade.com.br\/index.php\/wp-json\/wp\/v2\/posts\/3548","targetHints":{"allow":["GET"]}}],"collection":[{"href":"https:\/\/radioplanetasaudade.com.br\/index.php\/wp-json\/wp\/v2\/posts"}],"about":[{"href":"https:\/\/radioplanetasaudade.com.br\/index.php\/wp-json\/wp\/v2\/types\/post"}],"author":[{"embeddable":true,"href":"https:\/\/radioplanetasaudade.com.br\/index.php\/wp-json\/wp\/v2\/users\/1"}],"replies":[{"embeddable":true,"href":"https:\/\/radioplanetasaudade.com.br\/index.php\/wp-json\/wp\/v2\/comments?post=3548"}],"version-history":[{"count":1,"href":"https:\/\/radioplanetasaudade.com.br\/index.php\/wp-json\/wp\/v2\/posts\/3548\/revisions"}],"predecessor-version":[{"id":3550,"href":"https:\/\/radioplanetasaudade.com.br\/index.php\/wp-json\/wp\/v2\/posts\/3548\/revisions\/3550"}],"wp:featuredmedia":[{"embeddable":true,"href":"https:\/\/radioplanetasaudade.com.br\/index.php\/wp-json\/wp\/v2\/media\/3549"}],"wp:attachment":[{"href":"https:\/\/radioplanetasaudade.com.br\/index.php\/wp-json\/wp\/v2\/media?parent=3548"}],"wp:term":[{"taxonomy":"category","embeddable":true,"href":"https:\/\/radioplanetasaudade.com.br\/index.php\/wp-json\/wp\/v2\/categories?post=3548"},{"taxonomy":"post_tag","embeddable":true,"href":"https:\/\/radioplanetasaudade.com.br\/index.php\/wp-json\/wp\/v2\/tags?post=3548"}],"curies":[{"name":"wp","href":"https:\/\/api.w.org\/{rel}","templated":true}]}}