{"id":3567,"date":"2025-02-13T09:52:02","date_gmt":"2025-02-13T12:52:02","guid":{"rendered":"https:\/\/radioplanetasaudade.com.br\/?p=3567"},"modified":"2025-02-13T09:52:04","modified_gmt":"2025-02-13T12:52:04","slug":"more-than-words-a-balada-atemporal-do-extreme","status":"publish","type":"post","link":"https:\/\/radioplanetasaudade.com.br\/index.php\/2025\/02\/13\/more-than-words-a-balada-atemporal-do-extreme\/","title":{"rendered":"More Than Words \u2013 A Balada Atemporal do Extreme"},"content":{"rendered":"\n<p class=\"wp-block-paragraph\"><strong><em>Lan\u00e7ada em 1990 pela banda de rock Extreme, &#8220;More Than Words&#8221; \u00e9 uma das baladas rom\u00e2nticas mais ic\u00f4nicas de todos os tempos. Presente no \u00e1lbum Pornograffitti, a can\u00e7\u00e3o se destaca pelo seu arranjo minimalista, marcado pelos acordes suaves do viol\u00e3o de Nuno Bettencourt e a voz expressiva de Gary Cherone.<\/em><\/strong><\/p>\n\n\n\n<figure class=\"wp-block-image aligncenter size-full\"><img fetchpriority=\"high\" decoding=\"async\" width=\"600\" height=\"600\" src=\"https:\/\/radioplanetasaudade.com.br\/wp-content\/uploads\/2025\/02\/O-QUE-TOCA-NA-PLANETA-2-4.jpg\" alt=\"\" class=\"wp-image-3568\" srcset=\"https:\/\/radioplanetasaudade.com.br\/wp-content\/uploads\/2025\/02\/O-QUE-TOCA-NA-PLANETA-2-4.jpg 600w, https:\/\/radioplanetasaudade.com.br\/wp-content\/uploads\/2025\/02\/O-QUE-TOCA-NA-PLANETA-2-4-300x300.jpg 300w, https:\/\/radioplanetasaudade.com.br\/wp-content\/uploads\/2025\/02\/O-QUE-TOCA-NA-PLANETA-2-4-150x150.jpg 150w\" sizes=\"(max-width: 600px) 100vw, 600px\" \/><\/figure>\n\n\n\n<p class=\"wp-block-paragraph\">Diferente das outras can\u00e7oes do \u00e1lbum, que possuem uma forte influ\u00eancia do hard rock e do funk metal, &#8220;More Than Words&#8221; surpreendeu o p\u00fablico ao adotar um estilo ac\u00fastico e mel\u00f3dico, tornando-se um dos maiores sucessos da banda.<\/p>\n\n\n\n<p class=\"wp-block-paragraph\">A letra da m\u00fasica fala sobre a import\u00e2ncia de demonstrar o amor por meio de a\u00e7\u00f5es e n\u00e3o apenas palavras.<\/p>\n\n\n\n<p class=\"wp-block-paragraph\">O eu l\u00edrico expressa o desejo de que seu parceiro prove seus sentimentos sem precisar dizer &#8220;eu te amo&#8221;. Esse conceito simples, mas profundo, ressoou fortemente com os ouvintes, tornando a m\u00fasica um verdadeiro hino rom\u00e2ntico.<\/p>\n\n\n\n<p class=\"wp-block-paragraph\">O impacto de &#8220;More Than Words&#8221; foi instant\u00e2neo.<\/p>\n\n\n\n<p class=\"wp-block-paragraph\">A can\u00e7\u00e3o alcan\u00e7ou o topo da Billboard Hot 100 nos Estados Unidos e obteve grande sucesso em diversos pa\u00edses, como Canad\u00e1, Austr\u00e1lia, Reino Unido e Brasil. Seu clipe em preto e branco, que foca apenas na performance de Nuno e Gary, ajudou a refor\u00e7ar a atmosfera intimista e sincera da m\u00fasica.<\/p>\n\n\n\n<p class=\"wp-block-paragraph\">Na programa\u00e7\u00e3o da R\u00e1dio Planeta Saudade, &#8220;More Than Words&#8221; \u00e9 uma presen\u00e7a garantida nos programas mais rom\u00e2nticos.<\/p>\n\n\n\n<p class=\"wp-block-paragraph\">Sua melodia suave e seu tema apaixonante a tornam perfeita para momentos de nostalgia e emo\u00e7\u00e3o.<\/p>\n\n\n\n<p class=\"wp-block-paragraph\">A m\u00fasica se encaixa perfeitamente nos programas como:<\/p>\n\n\n\n<p class=\"wp-block-paragraph\">Love Night \u2013 Nas noites de segunda a quinta e nos s\u00e1bados, quando a programa\u00e7\u00e3o \u00e9 totalmente voltada para can\u00e7\u00f5es rom\u00e2nticas, &#8220;More Than Words&#8221; emociona os ouvintes que buscam recordar momentos especiais.<\/p>\n\n\n\n<p class=\"wp-block-paragraph\">Love Night \u2013 O campe\u00e3o de audi\u00eancia da r\u00e1dio, que traz o melhor da m\u00fasica rom\u00e2ntica nacional e internacional, n\u00e3o poderia deixar de incluir essa balada inesquec\u00edvel.<\/p>\n\n\n\n<p class=\"wp-block-paragraph\">Clube do Amor \u2013 Programa que vai ao ar nas noites de s\u00e1bado, oferecendo uma programa\u00e7\u00e3o especial com uma sele\u00e7\u00e3o refinada de m\u00fasicas para embalar as noites dos ouvintes, e &#8220;More Than Words&#8221; \u00e9 uma escolha frequente para criar um clima aconchegante e sentimental.<\/p>\n\n\n\n<p class=\"wp-block-paragraph\">Recorda\u00e7\u00f5es \u2013 Aos domingos, quando a nostalgia toma conta, a can\u00e7\u00e3o do Extreme se destaca entre os cl\u00e1ssicos dos internacionais dos anos 80 e 90, fazendo os ouvintes reviverem momentos marcantes.<\/p>\n\n\n\n<p class=\"wp-block-paragraph\">Mesmo mais de tr\u00eas d\u00e9cadas ap\u00f3s seu lan\u00e7amento, &#8220;More Than Words&#8221; continua sendo uma das m\u00fasicas mais pedidas na R\u00e1dio Planeta Saudade. Seu poder de emocionar permanece inalterado, consolidando-se como um dos maiores cl\u00e1ssicos rom\u00e2nticos da hist\u00f3ria da m\u00fasica.<\/p>\n\n\n\n<p class=\"wp-block-paragraph\"><a href=\"https:\/\/www.facebook.com\/photo\/?fbid=627646726861983&amp;set=a.109597812000213&amp;__cft__[0]=AZVKf6g5iqOkNVKLLEAZbePKYmwhHTM18-S1OGHwrk8wbbLcy6oHgC7Ub0as5OVVAvBN_P39xwaviB4Ov0clgyaPfIfaFoFY2Wb6VYidE0WPwyUsB_PlxCmVUHkQjIFjXMuKH8Vb7ChprzJv4VgsPPWB&amp;__tn__=EH-R\"><\/a><\/p>\n\n\n\n<figure class=\"wp-block-image\"><a href=\"https:\/\/www.facebook.com\/photo\/?fbid=627646726861983&amp;set=a.109597812000213&amp;__cft__[0]=AZVKf6g5iqOkNVKLLEAZbePKYmwhHTM18-S1OGHwrk8wbbLcy6oHgC7Ub0as5OVVAvBN_P39xwaviB4Ov0clgyaPfIfaFoFY2Wb6VYidE0WPwyUsB_PlxCmVUHkQjIFjXMuKH8Vb7ChprzJv4VgsPPWB&amp;__tn__=EH-R\"><img decoding=\"async\" src=\"https:\/\/scontent.fvix20-1.fna.fbcdn.net\/v\/t39.30808-6\/480002729_627646730195316_8053148908111207309_n.jpg?stp=dst-jpg_p526x296_tt6&amp;_nc_cat=101&amp;ccb=1-7&amp;_nc_sid=127cfc&amp;_nc_ohc=KXmFvweBbrsQ7kNvgGw9yS7&amp;_nc_oc=Adh_RpunMa3Ma0kyLm2n6_ReuK5vNKNyBRs9JY6Zw2k6ORaLvVqnuG-X2DVKA6LT9n3iMl6LuFXkuO-6247IcTTO&amp;_nc_zt=23&amp;_nc_ht=scontent.fvix20-1.fna&amp;_nc_gid=ALlYaT_X3C_jx2e-m4GMy7N&amp;oh=00_AYDY1w4RjVPMjJO9DmnUVRQX9Wh31vkeJnfoJSE4Mqs1NQ&amp;oe=67B3AF43\" alt=\"Pode ser uma imagem de 4 pessoas e texto que diz &quot;RARLANETA PLANETA SAUDADE Do QUE TOCA SAUDADE? SAUDADE NA PLANETA EXTREME MORE THAN WORDS BAIXE NOSSO BAIXENOSSO APP Google Play SITE: ACESSE R\u00c1DIO DIOPLANETASAUDADE.COM.BR PLANETA SAUDADE.COM.BR Kwai DG f&quot;\"\/><\/a><\/figure>\n","protected":false},"excerpt":{"rendered":"<p>Lan\u00e7ada em 1990 pela banda de rock Extreme, &#8220;More Than Words&#8221; \u00e9 uma das baladas&#8230;<\/p>\n","protected":false},"author":1,"featured_media":3568,"comment_status":"open","ping_status":"open","sticky":false,"template":"","format":"standard","meta":{"footnotes":""},"categories":[1675],"tags":[119,118,120,121,1701,1224,117,561,562,116,99],"class_list":["post-3567","post","type-post","status-publish","format-standard","has-post-thumbnail","hentry","category-o-que-toca-na-radio-planeta-saudade","tag-anos-70","tag-anos-80","tag-anos-90","tag-baixe-nosso-app","tag-extreme","tag-extreme-more-than-words","tag-flashaback","tag-ouvir","tag-ouvir-radio","tag-radio","tag-radio-planeta-saudade"],"yoast_head":"<!-- This site is optimized with the Yoast SEO plugin v28.4 - https:\/\/yoast.com\/product\/yoast-seo-wordpress\/ -->\n<title>More Than Words \u2013 A Balada Atemporal do Extreme - R\u00c1DIO PLANETA SAUDADE<\/title>\n<meta name=\"robots\" content=\"index, follow, max-snippet:-1, max-image-preview:large, max-video-preview:-1\" \/>\n<link rel=\"canonical\" href=\"https:\/\/radioplanetasaudade.com.br\/index.php\/2025\/02\/13\/more-than-words-a-balada-atemporal-do-extreme\/\" \/>\n<meta property=\"og:locale\" content=\"pt_BR\" \/>\n<meta property=\"og:type\" content=\"article\" \/>\n<meta property=\"og:title\" content=\"More Than Words \u2013 A Balada Atemporal do Extreme - R\u00c1DIO PLANETA SAUDADE\" \/>\n<meta property=\"og:description\" content=\"Lan\u00e7ada em 1990 pela banda de rock Extreme, &#8220;More Than Words&#8221; \u00e9 uma das baladas...\" \/>\n<meta property=\"og:url\" content=\"https:\/\/radioplanetasaudade.com.br\/index.php\/2025\/02\/13\/more-than-words-a-balada-atemporal-do-extreme\/\" \/>\n<meta property=\"og:site_name\" content=\"R\u00c1DIO PLANETA SAUDADE\" \/>\n<meta property=\"article:published_time\" content=\"2025-02-13T12:52:02+00:00\" \/>\n<meta property=\"article:modified_time\" content=\"2025-02-13T12:52:04+00:00\" \/>\n<meta property=\"og:image\" content=\"https:\/\/radioplanetasaudade.com.br\/wp-content\/uploads\/2025\/02\/O-QUE-TOCA-NA-PLANETA-2-4.jpg\" \/>\n\t<meta property=\"og:image:width\" content=\"600\" \/>\n\t<meta property=\"og:image:height\" content=\"600\" \/>\n\t<meta property=\"og:image:type\" content=\"image\/jpeg\" \/>\n<meta name=\"author\" content=\"Planeta Saudade\" \/>\n<meta name=\"twitter:card\" content=\"summary_large_image\" \/>\n<meta name=\"twitter:label1\" content=\"Escrito por\" \/>\n\t<meta name=\"twitter:data1\" content=\"Planeta Saudade\" \/>\n\t<meta name=\"twitter:label2\" content=\"Est. tempo de leitura\" \/>\n\t<meta name=\"twitter:data2\" content=\"3 minutos\" \/>\n<script type=\"application\/ld+json\" class=\"yoast-schema-graph\">{\"@context\":\"https:\\\/\\\/schema.org\",\"@graph\":[{\"@type\":\"Article\",\"@id\":\"https:\\\/\\\/radioplanetasaudade.com.br\\\/index.php\\\/2025\\\/02\\\/13\\\/more-than-words-a-balada-atemporal-do-extreme\\\/#article\",\"isPartOf\":{\"@id\":\"https:\\\/\\\/radioplanetasaudade.com.br\\\/index.php\\\/2025\\\/02\\\/13\\\/more-than-words-a-balada-atemporal-do-extreme\\\/\"},\"author\":{\"name\":\"Planeta Saudade\",\"@id\":\"https:\\\/\\\/radioplanetasaudade.com.br\\\/#\\\/schema\\\/person\\\/1a6f6fc0d987819324e7ed417a1a6581\"},\"headline\":\"More Than Words \u2013 A Balada Atemporal do Extreme\",\"datePublished\":\"2025-02-13T12:52:02+00:00\",\"dateModified\":\"2025-02-13T12:52:04+00:00\",\"mainEntityOfPage\":{\"@id\":\"https:\\\/\\\/radioplanetasaudade.com.br\\\/index.php\\\/2025\\\/02\\\/13\\\/more-than-words-a-balada-atemporal-do-extreme\\\/\"},\"wordCount\":471,\"commentCount\":0,\"publisher\":{\"@id\":\"https:\\\/\\\/radioplanetasaudade.com.br\\\/#organization\"},\"image\":{\"@id\":\"https:\\\/\\\/radioplanetasaudade.com.br\\\/index.php\\\/2025\\\/02\\\/13\\\/more-than-words-a-balada-atemporal-do-extreme\\\/#primaryimage\"},\"thumbnailUrl\":\"https:\\\/\\\/radioplanetasaudade.com.br\\\/wp-content\\\/uploads\\\/2025\\\/02\\\/O-QUE-TOCA-NA-PLANETA-2-4.jpg\",\"keywords\":[\"Anos 70\",\"Anos 80\",\"Anos 90\",\"Baixe nosso App\",\"Extreme\",\"Extreme - More Than Words\",\"Flashaback\",\"Ouvir\",\"Ouvir r\u00e1dio\",\"R\u00e1dio\",\"R\u00e1dio Planeta Saudade\"],\"articleSection\":[\"O QUE TOCA NA R\u00c1DIO PLANETA SAUDADE?\"],\"inLanguage\":\"pt-BR\",\"potentialAction\":[{\"@type\":\"CommentAction\",\"name\":\"Comment\",\"target\":[\"https:\\\/\\\/radioplanetasaudade.com.br\\\/index.php\\\/2025\\\/02\\\/13\\\/more-than-words-a-balada-atemporal-do-extreme\\\/#respond\"]}]},{\"@type\":\"WebPage\",\"@id\":\"https:\\\/\\\/radioplanetasaudade.com.br\\\/index.php\\\/2025\\\/02\\\/13\\\/more-than-words-a-balada-atemporal-do-extreme\\\/\",\"url\":\"https:\\\/\\\/radioplanetasaudade.com.br\\\/index.php\\\/2025\\\/02\\\/13\\\/more-than-words-a-balada-atemporal-do-extreme\\\/\",\"name\":\"More Than Words \u2013 A Balada Atemporal do Extreme - R\u00c1DIO PLANETA SAUDADE\",\"isPartOf\":{\"@id\":\"https:\\\/\\\/radioplanetasaudade.com.br\\\/#website\"},\"primaryImageOfPage\":{\"@id\":\"https:\\\/\\\/radioplanetasaudade.com.br\\\/index.php\\\/2025\\\/02\\\/13\\\/more-than-words-a-balada-atemporal-do-extreme\\\/#primaryimage\"},\"image\":{\"@id\":\"https:\\\/\\\/radioplanetasaudade.com.br\\\/index.php\\\/2025\\\/02\\\/13\\\/more-than-words-a-balada-atemporal-do-extreme\\\/#primaryimage\"},\"thumbnailUrl\":\"https:\\\/\\\/radioplanetasaudade.com.br\\\/wp-content\\\/uploads\\\/2025\\\/02\\\/O-QUE-TOCA-NA-PLANETA-2-4.jpg\",\"datePublished\":\"2025-02-13T12:52:02+00:00\",\"dateModified\":\"2025-02-13T12:52:04+00:00\",\"breadcrumb\":{\"@id\":\"https:\\\/\\\/radioplanetasaudade.com.br\\\/index.php\\\/2025\\\/02\\\/13\\\/more-than-words-a-balada-atemporal-do-extreme\\\/#breadcrumb\"},\"inLanguage\":\"pt-BR\",\"potentialAction\":[{\"@type\":\"ReadAction\",\"target\":[\"https:\\\/\\\/radioplanetasaudade.com.br\\\/index.php\\\/2025\\\/02\\\/13\\\/more-than-words-a-balada-atemporal-do-extreme\\\/\"]}]},{\"@type\":\"ImageObject\",\"inLanguage\":\"pt-BR\",\"@id\":\"https:\\\/\\\/radioplanetasaudade.com.br\\\/index.php\\\/2025\\\/02\\\/13\\\/more-than-words-a-balada-atemporal-do-extreme\\\/#primaryimage\",\"url\":\"https:\\\/\\\/radioplanetasaudade.com.br\\\/wp-content\\\/uploads\\\/2025\\\/02\\\/O-QUE-TOCA-NA-PLANETA-2-4.jpg\",\"contentUrl\":\"https:\\\/\\\/radioplanetasaudade.com.br\\\/wp-content\\\/uploads\\\/2025\\\/02\\\/O-QUE-TOCA-NA-PLANETA-2-4.jpg\",\"width\":600,\"height\":600},{\"@type\":\"BreadcrumbList\",\"@id\":\"https:\\\/\\\/radioplanetasaudade.com.br\\\/index.php\\\/2025\\\/02\\\/13\\\/more-than-words-a-balada-atemporal-do-extreme\\\/#breadcrumb\",\"itemListElement\":[{\"@type\":\"ListItem\",\"position\":1,\"name\":\"In\u00edcio\",\"item\":\"https:\\\/\\\/radioplanetasaudade.com.br\\\/\"},{\"@type\":\"ListItem\",\"position\":2,\"name\":\"More Than Words \u2013 A Balada Atemporal do Extreme\"}]},{\"@type\":\"WebSite\",\"@id\":\"https:\\\/\\\/radioplanetasaudade.com.br\\\/#website\",\"url\":\"https:\\\/\\\/radioplanetasaudade.com.br\\\/\",\"name\":\"R\u00e1dio Planeta Saudade\",\"description\":\"Relembrando grandes sucessos musicais e informando sobre os maiores artistas do mundo ou\u00e7a no seu celular.\",\"publisher\":{\"@id\":\"https:\\\/\\\/radioplanetasaudade.com.br\\\/#organization\"},\"potentialAction\":[{\"@type\":\"SearchAction\",\"target\":{\"@type\":\"EntryPoint\",\"urlTemplate\":\"https:\\\/\\\/radioplanetasaudade.com.br\\\/?s={search_term_string}\"},\"query-input\":{\"@type\":\"PropertyValueSpecification\",\"valueRequired\":true,\"valueName\":\"search_term_string\"}}],\"inLanguage\":\"pt-BR\"},{\"@type\":\"Organization\",\"@id\":\"https:\\\/\\\/radioplanetasaudade.com.br\\\/#organization\",\"name\":\"R\u00e1dio Planeta Saudade\",\"url\":\"https:\\\/\\\/radioplanetasaudade.com.br\\\/\",\"logo\":{\"@type\":\"ImageObject\",\"inLanguage\":\"pt-BR\",\"@id\":\"https:\\\/\\\/radioplanetasaudade.com.br\\\/#\\\/schema\\\/logo\\\/image\\\/\",\"url\":\"https:\\\/\\\/radioplanetasaudade.com.br\\\/wp-content\\\/uploads\\\/2023\\\/10\\\/capture-20230607-202153.png\",\"contentUrl\":\"https:\\\/\\\/radioplanetasaudade.com.br\\\/wp-content\\\/uploads\\\/2023\\\/10\\\/capture-20230607-202153.png\",\"width\":1350,\"height\":358,\"caption\":\"R\u00e1dio Planeta Saudade\"},\"image\":{\"@id\":\"https:\\\/\\\/radioplanetasaudade.com.br\\\/#\\\/schema\\\/logo\\\/image\\\/\"}},{\"@type\":\"Person\",\"@id\":\"https:\\\/\\\/radioplanetasaudade.com.br\\\/#\\\/schema\\\/person\\\/1a6f6fc0d987819324e7ed417a1a6581\",\"name\":\"Planeta Saudade\",\"image\":{\"@type\":\"ImageObject\",\"inLanguage\":\"pt-BR\",\"@id\":\"https:\\\/\\\/secure.gravatar.com\\\/avatar\\\/f81afe153fb6e9e1d38e83d127599e125ba7a0bd5cdb1f795af3d9b0af8ddeb0?s=96&d=mm&r=g\",\"url\":\"https:\\\/\\\/secure.gravatar.com\\\/avatar\\\/f81afe153fb6e9e1d38e83d127599e125ba7a0bd5cdb1f795af3d9b0af8ddeb0?s=96&d=mm&r=g\",\"contentUrl\":\"https:\\\/\\\/secure.gravatar.com\\\/avatar\\\/f81afe153fb6e9e1d38e83d127599e125ba7a0bd5cdb1f795af3d9b0af8ddeb0?s=96&d=mm&r=g\",\"caption\":\"Planeta Saudade\"},\"sameAs\":[\"https:\\\/\\\/radioplanetasaudade.com.br\"],\"url\":\"https:\\\/\\\/radioplanetasaudade.com.br\\\/index.php\\\/author\\\/wendelsantos4567\\\/\"}]}<\/script>\n<!-- \/ Yoast SEO plugin. -->","yoast_head_json":{"title":"More Than Words \u2013 A Balada Atemporal do Extreme - R\u00c1DIO PLANETA SAUDADE","robots":{"index":"index","follow":"follow","max-snippet":"max-snippet:-1","max-image-preview":"max-image-preview:large","max-video-preview":"max-video-preview:-1"},"canonical":"https:\/\/radioplanetasaudade.com.br\/index.php\/2025\/02\/13\/more-than-words-a-balada-atemporal-do-extreme\/","og_locale":"pt_BR","og_type":"article","og_title":"More Than Words \u2013 A Balada Atemporal do Extreme - R\u00c1DIO PLANETA SAUDADE","og_description":"Lan\u00e7ada em 1990 pela banda de rock Extreme, &#8220;More Than Words&#8221; \u00e9 uma das baladas...","og_url":"https:\/\/radioplanetasaudade.com.br\/index.php\/2025\/02\/13\/more-than-words-a-balada-atemporal-do-extreme\/","og_site_name":"R\u00c1DIO PLANETA SAUDADE","article_published_time":"2025-02-13T12:52:02+00:00","article_modified_time":"2025-02-13T12:52:04+00:00","og_image":[{"width":600,"height":600,"url":"https:\/\/radioplanetasaudade.com.br\/wp-content\/uploads\/2025\/02\/O-QUE-TOCA-NA-PLANETA-2-4.jpg","type":"image\/jpeg"}],"author":"Planeta Saudade","twitter_card":"summary_large_image","twitter_misc":{"Escrito por":"Planeta Saudade","Est. tempo de leitura":"3 minutos"},"schema":{"@context":"https:\/\/schema.org","@graph":[{"@type":"Article","@id":"https:\/\/radioplanetasaudade.com.br\/index.php\/2025\/02\/13\/more-than-words-a-balada-atemporal-do-extreme\/#article","isPartOf":{"@id":"https:\/\/radioplanetasaudade.com.br\/index.php\/2025\/02\/13\/more-than-words-a-balada-atemporal-do-extreme\/"},"author":{"name":"Planeta Saudade","@id":"https:\/\/radioplanetasaudade.com.br\/#\/schema\/person\/1a6f6fc0d987819324e7ed417a1a6581"},"headline":"More Than Words \u2013 A Balada Atemporal do Extreme","datePublished":"2025-02-13T12:52:02+00:00","dateModified":"2025-02-13T12:52:04+00:00","mainEntityOfPage":{"@id":"https:\/\/radioplanetasaudade.com.br\/index.php\/2025\/02\/13\/more-than-words-a-balada-atemporal-do-extreme\/"},"wordCount":471,"commentCount":0,"publisher":{"@id":"https:\/\/radioplanetasaudade.com.br\/#organization"},"image":{"@id":"https:\/\/radioplanetasaudade.com.br\/index.php\/2025\/02\/13\/more-than-words-a-balada-atemporal-do-extreme\/#primaryimage"},"thumbnailUrl":"https:\/\/radioplanetasaudade.com.br\/wp-content\/uploads\/2025\/02\/O-QUE-TOCA-NA-PLANETA-2-4.jpg","keywords":["Anos 70","Anos 80","Anos 90","Baixe nosso App","Extreme","Extreme - More Than Words","Flashaback","Ouvir","Ouvir r\u00e1dio","R\u00e1dio","R\u00e1dio Planeta Saudade"],"articleSection":["O QUE TOCA NA R\u00c1DIO PLANETA SAUDADE?"],"inLanguage":"pt-BR","potentialAction":[{"@type":"CommentAction","name":"Comment","target":["https:\/\/radioplanetasaudade.com.br\/index.php\/2025\/02\/13\/more-than-words-a-balada-atemporal-do-extreme\/#respond"]}]},{"@type":"WebPage","@id":"https:\/\/radioplanetasaudade.com.br\/index.php\/2025\/02\/13\/more-than-words-a-balada-atemporal-do-extreme\/","url":"https:\/\/radioplanetasaudade.com.br\/index.php\/2025\/02\/13\/more-than-words-a-balada-atemporal-do-extreme\/","name":"More Than Words \u2013 A Balada Atemporal do Extreme - R\u00c1DIO PLANETA SAUDADE","isPartOf":{"@id":"https:\/\/radioplanetasaudade.com.br\/#website"},"primaryImageOfPage":{"@id":"https:\/\/radioplanetasaudade.com.br\/index.php\/2025\/02\/13\/more-than-words-a-balada-atemporal-do-extreme\/#primaryimage"},"image":{"@id":"https:\/\/radioplanetasaudade.com.br\/index.php\/2025\/02\/13\/more-than-words-a-balada-atemporal-do-extreme\/#primaryimage"},"thumbnailUrl":"https:\/\/radioplanetasaudade.com.br\/wp-content\/uploads\/2025\/02\/O-QUE-TOCA-NA-PLANETA-2-4.jpg","datePublished":"2025-02-13T12:52:02+00:00","dateModified":"2025-02-13T12:52:04+00:00","breadcrumb":{"@id":"https:\/\/radioplanetasaudade.com.br\/index.php\/2025\/02\/13\/more-than-words-a-balada-atemporal-do-extreme\/#breadcrumb"},"inLanguage":"pt-BR","potentialAction":[{"@type":"ReadAction","target":["https:\/\/radioplanetasaudade.com.br\/index.php\/2025\/02\/13\/more-than-words-a-balada-atemporal-do-extreme\/"]}]},{"@type":"ImageObject","inLanguage":"pt-BR","@id":"https:\/\/radioplanetasaudade.com.br\/index.php\/2025\/02\/13\/more-than-words-a-balada-atemporal-do-extreme\/#primaryimage","url":"https:\/\/radioplanetasaudade.com.br\/wp-content\/uploads\/2025\/02\/O-QUE-TOCA-NA-PLANETA-2-4.jpg","contentUrl":"https:\/\/radioplanetasaudade.com.br\/wp-content\/uploads\/2025\/02\/O-QUE-TOCA-NA-PLANETA-2-4.jpg","width":600,"height":600},{"@type":"BreadcrumbList","@id":"https:\/\/radioplanetasaudade.com.br\/index.php\/2025\/02\/13\/more-than-words-a-balada-atemporal-do-extreme\/#breadcrumb","itemListElement":[{"@type":"ListItem","position":1,"name":"In\u00edcio","item":"https:\/\/radioplanetasaudade.com.br\/"},{"@type":"ListItem","position":2,"name":"More Than Words \u2013 A Balada Atemporal do Extreme"}]},{"@type":"WebSite","@id":"https:\/\/radioplanetasaudade.com.br\/#website","url":"https:\/\/radioplanetasaudade.com.br\/","name":"R\u00e1dio Planeta Saudade","description":"Relembrando grandes sucessos musicais e informando sobre os maiores artistas do mundo ou\u00e7a no seu celular.","publisher":{"@id":"https:\/\/radioplanetasaudade.com.br\/#organization"},"potentialAction":[{"@type":"SearchAction","target":{"@type":"EntryPoint","urlTemplate":"https:\/\/radioplanetasaudade.com.br\/?s={search_term_string}"},"query-input":{"@type":"PropertyValueSpecification","valueRequired":true,"valueName":"search_term_string"}}],"inLanguage":"pt-BR"},{"@type":"Organization","@id":"https:\/\/radioplanetasaudade.com.br\/#organization","name":"R\u00e1dio Planeta Saudade","url":"https:\/\/radioplanetasaudade.com.br\/","logo":{"@type":"ImageObject","inLanguage":"pt-BR","@id":"https:\/\/radioplanetasaudade.com.br\/#\/schema\/logo\/image\/","url":"https:\/\/radioplanetasaudade.com.br\/wp-content\/uploads\/2023\/10\/capture-20230607-202153.png","contentUrl":"https:\/\/radioplanetasaudade.com.br\/wp-content\/uploads\/2023\/10\/capture-20230607-202153.png","width":1350,"height":358,"caption":"R\u00e1dio Planeta Saudade"},"image":{"@id":"https:\/\/radioplanetasaudade.com.br\/#\/schema\/logo\/image\/"}},{"@type":"Person","@id":"https:\/\/radioplanetasaudade.com.br\/#\/schema\/person\/1a6f6fc0d987819324e7ed417a1a6581","name":"Planeta Saudade","image":{"@type":"ImageObject","inLanguage":"pt-BR","@id":"https:\/\/secure.gravatar.com\/avatar\/f81afe153fb6e9e1d38e83d127599e125ba7a0bd5cdb1f795af3d9b0af8ddeb0?s=96&d=mm&r=g","url":"https:\/\/secure.gravatar.com\/avatar\/f81afe153fb6e9e1d38e83d127599e125ba7a0bd5cdb1f795af3d9b0af8ddeb0?s=96&d=mm&r=g","contentUrl":"https:\/\/secure.gravatar.com\/avatar\/f81afe153fb6e9e1d38e83d127599e125ba7a0bd5cdb1f795af3d9b0af8ddeb0?s=96&d=mm&r=g","caption":"Planeta Saudade"},"sameAs":["https:\/\/radioplanetasaudade.com.br"],"url":"https:\/\/radioplanetasaudade.com.br\/index.php\/author\/wendelsantos4567\/"}]}},"_links":{"self":[{"href":"https:\/\/radioplanetasaudade.com.br\/index.php\/wp-json\/wp\/v2\/posts\/3567","targetHints":{"allow":["GET"]}}],"collection":[{"href":"https:\/\/radioplanetasaudade.com.br\/index.php\/wp-json\/wp\/v2\/posts"}],"about":[{"href":"https:\/\/radioplanetasaudade.com.br\/index.php\/wp-json\/wp\/v2\/types\/post"}],"author":[{"embeddable":true,"href":"https:\/\/radioplanetasaudade.com.br\/index.php\/wp-json\/wp\/v2\/users\/1"}],"replies":[{"embeddable":true,"href":"https:\/\/radioplanetasaudade.com.br\/index.php\/wp-json\/wp\/v2\/comments?post=3567"}],"version-history":[{"count":1,"href":"https:\/\/radioplanetasaudade.com.br\/index.php\/wp-json\/wp\/v2\/posts\/3567\/revisions"}],"predecessor-version":[{"id":3569,"href":"https:\/\/radioplanetasaudade.com.br\/index.php\/wp-json\/wp\/v2\/posts\/3567\/revisions\/3569"}],"wp:featuredmedia":[{"embeddable":true,"href":"https:\/\/radioplanetasaudade.com.br\/index.php\/wp-json\/wp\/v2\/media\/3568"}],"wp:attachment":[{"href":"https:\/\/radioplanetasaudade.com.br\/index.php\/wp-json\/wp\/v2\/media?parent=3567"}],"wp:term":[{"taxonomy":"category","embeddable":true,"href":"https:\/\/radioplanetasaudade.com.br\/index.php\/wp-json\/wp\/v2\/categories?post=3567"},{"taxonomy":"post_tag","embeddable":true,"href":"https:\/\/radioplanetasaudade.com.br\/index.php\/wp-json\/wp\/v2\/tags?post=3567"}],"curies":[{"name":"wp","href":"https:\/\/api.w.org\/{rel}","templated":true}]}}