{"id":3685,"date":"2025-03-03T18:06:33","date_gmt":"2025-03-03T21:06:33","guid":{"rendered":"https:\/\/radioplanetasaudade.com.br\/?p=3685"},"modified":"2025-03-03T18:06:56","modified_gmt":"2025-03-03T21:06:56","slug":"how-can-i-go-on-o-encontro-da-emocao-com-a-grandeza-vocal","status":"publish","type":"post","link":"https:\/\/radioplanetasaudade.com.br\/index.php\/2025\/03\/03\/how-can-i-go-on-o-encontro-da-emocao-com-a-grandeza-vocal\/","title":{"rendered":"&#8220;How Can I Go On&#8221; \u2013 O Encontro da Emo\u00e7\u00e3o com a Grandeza Vocal"},"content":{"rendered":"\n<p><strong>Lan\u00e7ada em 1988, a can\u00e7\u00e3o How Can I Go On \u00e9 um dos destaques do \u00e1lbum Barcelona, fruto da colabora\u00e7\u00e3o entre Freddie Mercury, lend\u00e1rio vocalista da banda Queen, e a soprano espanhola Montserrat Caball\u00e9. A m\u00fasica \u00e9 uma fus\u00e3o brilhante entre rock e \u00f3pera, um g\u00eanero que Freddie sempre admirou.<\/strong><\/p>\n\n\n<div class=\"wp-block-image\">\n<figure class=\"aligncenter size-full\"><img fetchpriority=\"high\" decoding=\"async\" width=\"489\" height=\"487\" src=\"https:\/\/radioplanetasaudade.com.br\/wp-content\/uploads\/2025\/03\/capture-20250303-173033.png\" alt=\"\" class=\"wp-image-3686\" srcset=\"https:\/\/radioplanetasaudade.com.br\/wp-content\/uploads\/2025\/03\/capture-20250303-173033.png 489w, https:\/\/radioplanetasaudade.com.br\/wp-content\/uploads\/2025\/03\/capture-20250303-173033-300x300.png 300w, https:\/\/radioplanetasaudade.com.br\/wp-content\/uploads\/2025\/03\/capture-20250303-173033-150x150.png 150w\" sizes=\"(max-width: 489px) 100vw, 489px\" \/><\/figure><\/div>\n\n\n<p>A can\u00e7\u00e3o fala sobre vulnerabilidade, perda e a busca por for\u00e7as para seguir em frente, transmitindo uma emo\u00e7\u00e3o intensa por meio da interpreta\u00e7\u00e3o visceral de Freddie e da grandiosidade vocal de Montserrat.<\/p>\n\n\n\n<p>O \u00e1lbum Barcelona foi um projeto especial para Freddie Mercury, que sempre teve uma grande paix\u00e3o pela \u00f3pera.<\/p>\n\n\n\n<p>Sua parceria com Montserrat Caball\u00e9 surgiu de uma admira\u00e7\u00e3o m\u00fatua e resultou em um trabalho inovador, diferente de tudo o que havia sido feito antes no mundo do rock. How Can I Go On \u00e9 uma das can\u00e7oes mais tocantes do \u00e1lbum, trazendo um instrumental sofisticado, que inclui uma participa\u00e7\u00e3o marcante do baixista John Deacon, colega de Freddie no Queen.<\/p>\n\n\n\n<p>Apesar de Barcelona n\u00e3o ter sido um sucesso comercial imediato, com o tempo, o \u00e1lbum ganhou reconhecimento e se tornou uma obra-prima cultuada por f\u00e3s de Freddie Mercury e da m\u00fasica cl\u00e1ssica. Ap\u00f3s a morte do cantor em 1991, a can\u00e7\u00e3o-t\u00edtulo Barcelona foi usada nos Jogos Ol\u00edmpicos de 1992, trazendo ainda mais destaque ao disco.<\/p>\n\n\n\n<p>Em 1989, How Can I Go On teve uma grande exposi\u00e7\u00e3o no Brasil ao ser inclu\u00edda na trilha sonora da novela Que Rei Sou Eu?, exibida pela Rede Globo.<\/p>\n\n\n\n<p>A novela, uma s\u00e1tira pol\u00edtica ambientada em um reino fict\u00edcio, conquistou enorme sucesso na \u00e9poca, e sua trilha sonora internacional se destacou com m\u00fasicas marcantes.<\/p>\n\n\n\n<p>A escolha da can\u00e7\u00e3o de Freddie e Montserrat combinava perfeitamente com o tom grandioso da novela, agregando ainda mais emo\u00e7\u00e3o a determinadas cenas.<\/p>\n\n\n\n<p>A presen\u00e7a de How Can I Go On na novela fez com que a m\u00fasica se tornasse ainda mais conhecida do p\u00fablico brasileiro, sendo executada com frequ\u00eancia nas r\u00e1dios do pa\u00eds.<\/p>\n\n\n\n<p>A mistura de drama, lirismo e intensidade vocal tornava a can\u00e7\u00e3o uma escolha certeira para embalar momentos marcantes da trama.<\/p>\n\n\n\n<p>Na programa\u00e7\u00e3o da R\u00e1dio Planeta Saudade, How Can I Go On segue encantando os ouvintes que apreciam as grandes vozes da m\u00fasica mundial. A can\u00e7\u00e3o \u00e9 constantemente lembrada nos programas mais rom\u00e2nticos da r\u00e1dio, como Boa Noite Planeta e Love Night, trazendo um clima de emo\u00e7\u00e3o e nostalgia.<\/p>\n\n\n\n<p>A combina\u00e7\u00e3o \u00fanica de Freddie Mercury e Montserrat Caball\u00e9 emociona gera\u00e7\u00f5es e mant\u00e9m viva a mem\u00f3ria de um dos maiores artistas da hist\u00f3ria da m\u00fasica.<\/p>\n\n\n\n<p>Seja na novela, nas r\u00e1dios dos anos 80 e 90, ou na programa\u00e7\u00e3o atual da R\u00e1dio Planeta Saudade, How Can I Go On permanece atemporal, tocando a alma de quem escuta e refor\u00e7ando a genialidade e sensibilidade de Freddie Mercury.<\/p>\n","protected":false},"excerpt":{"rendered":"<p>Lan\u00e7ada em 1988, a can\u00e7\u00e3o How Can I Go On \u00e9 um dos destaques do&#8230;<\/p>\n","protected":false},"author":1,"featured_media":3686,"comment_status":"open","ping_status":"open","sticky":false,"template":"","format":"standard","meta":{"footnotes":""},"categories":[1726],"tags":[119,118,120,121,117,561,562,116,99],"class_list":["post-3685","post","type-post","status-publish","format-standard","has-post-thumbnail","hentry","category-lembra-desse-dueto","tag-anos-70","tag-anos-80","tag-anos-90","tag-baixe-nosso-app","tag-flashaback","tag-ouvir","tag-ouvir-radio","tag-radio","tag-radio-planeta-saudade"],"yoast_head":"<!-- This site is optimized with the Yoast SEO plugin v21.3 - https:\/\/yoast.com\/wordpress\/plugins\/seo\/ -->\n<title>&quot;How Can I Go On&quot; \u2013 O Encontro da Emo\u00e7\u00e3o com a Grandeza Vocal - R\u00c1DIO PLANETA SAUDADE<\/title>\n<meta name=\"robots\" content=\"index, follow, max-snippet:-1, max-image-preview:large, max-video-preview:-1\" \/>\n<link rel=\"canonical\" href=\"https:\/\/radioplanetasaudade.com.br\/index.php\/2025\/03\/03\/how-can-i-go-on-o-encontro-da-emocao-com-a-grandeza-vocal\/\" \/>\n<meta property=\"og:locale\" content=\"pt_BR\" \/>\n<meta property=\"og:type\" content=\"article\" \/>\n<meta property=\"og:title\" content=\"&quot;How Can I Go On&quot; \u2013 O Encontro da Emo\u00e7\u00e3o com a Grandeza Vocal - R\u00c1DIO PLANETA SAUDADE\" \/>\n<meta property=\"og:description\" content=\"Lan\u00e7ada em 1988, a can\u00e7\u00e3o How Can I Go On \u00e9 um dos destaques do...\" \/>\n<meta property=\"og:url\" content=\"https:\/\/radioplanetasaudade.com.br\/index.php\/2025\/03\/03\/how-can-i-go-on-o-encontro-da-emocao-com-a-grandeza-vocal\/\" \/>\n<meta property=\"og:site_name\" content=\"R\u00c1DIO PLANETA SAUDADE\" \/>\n<meta property=\"article:published_time\" content=\"2025-03-03T21:06:33+00:00\" \/>\n<meta property=\"article:modified_time\" content=\"2025-03-03T21:06:56+00:00\" \/>\n<meta property=\"og:image\" content=\"https:\/\/radioplanetasaudade.com.br\/wp-content\/uploads\/2025\/03\/capture-20250303-173033.png\" \/>\n\t<meta property=\"og:image:width\" content=\"489\" \/>\n\t<meta property=\"og:image:height\" content=\"487\" \/>\n\t<meta property=\"og:image:type\" content=\"image\/png\" \/>\n<meta name=\"author\" content=\"Planeta Saudade\" \/>\n<meta name=\"twitter:card\" content=\"summary_large_image\" \/>\n<meta name=\"twitter:label1\" content=\"Escrito por\" \/>\n\t<meta name=\"twitter:data1\" content=\"Planeta Saudade\" \/>\n\t<meta name=\"twitter:label2\" content=\"Est. tempo de leitura\" \/>\n\t<meta name=\"twitter:data2\" content=\"3 minutos\" \/>\n<script type=\"application\/ld+json\" class=\"yoast-schema-graph\">{\"@context\":\"https:\/\/schema.org\",\"@graph\":[{\"@type\":\"Article\",\"@id\":\"https:\/\/radioplanetasaudade.com.br\/index.php\/2025\/03\/03\/how-can-i-go-on-o-encontro-da-emocao-com-a-grandeza-vocal\/#article\",\"isPartOf\":{\"@id\":\"https:\/\/radioplanetasaudade.com.br\/index.php\/2025\/03\/03\/how-can-i-go-on-o-encontro-da-emocao-com-a-grandeza-vocal\/\"},\"author\":{\"name\":\"Planeta Saudade\",\"@id\":\"https:\/\/radioplanetasaudade.com.br\/#\/schema\/person\/1a6f6fc0d987819324e7ed417a1a6581\"},\"headline\":\"&#8220;How Can I Go On&#8221; \u2013 O Encontro da Emo\u00e7\u00e3o com a Grandeza Vocal\",\"datePublished\":\"2025-03-03T21:06:33+00:00\",\"dateModified\":\"2025-03-03T21:06:56+00:00\",\"mainEntityOfPage\":{\"@id\":\"https:\/\/radioplanetasaudade.com.br\/index.php\/2025\/03\/03\/how-can-i-go-on-o-encontro-da-emocao-com-a-grandeza-vocal\/\"},\"wordCount\":516,\"commentCount\":0,\"publisher\":{\"@id\":\"https:\/\/radioplanetasaudade.com.br\/#organization\"},\"keywords\":[\"Anos 70\",\"Anos 80\",\"Anos 90\",\"Baixe nosso App\",\"Flashaback\",\"Ouvir\",\"Ouvir r\u00e1dio\",\"R\u00e1dio\",\"R\u00e1dio Planeta Saudade\"],\"articleSection\":[\"LEMBRA? DESSE DUETO\"],\"inLanguage\":\"pt-BR\",\"potentialAction\":[{\"@type\":\"CommentAction\",\"name\":\"Comment\",\"target\":[\"https:\/\/radioplanetasaudade.com.br\/index.php\/2025\/03\/03\/how-can-i-go-on-o-encontro-da-emocao-com-a-grandeza-vocal\/#respond\"]}]},{\"@type\":\"WebPage\",\"@id\":\"https:\/\/radioplanetasaudade.com.br\/index.php\/2025\/03\/03\/how-can-i-go-on-o-encontro-da-emocao-com-a-grandeza-vocal\/\",\"url\":\"https:\/\/radioplanetasaudade.com.br\/index.php\/2025\/03\/03\/how-can-i-go-on-o-encontro-da-emocao-com-a-grandeza-vocal\/\",\"name\":\"\\\"How Can I Go On\\\" \u2013 O Encontro da Emo\u00e7\u00e3o com a Grandeza Vocal - R\u00c1DIO PLANETA SAUDADE\",\"isPartOf\":{\"@id\":\"https:\/\/radioplanetasaudade.com.br\/#website\"},\"datePublished\":\"2025-03-03T21:06:33+00:00\",\"dateModified\":\"2025-03-03T21:06:56+00:00\",\"breadcrumb\":{\"@id\":\"https:\/\/radioplanetasaudade.com.br\/index.php\/2025\/03\/03\/how-can-i-go-on-o-encontro-da-emocao-com-a-grandeza-vocal\/#breadcrumb\"},\"inLanguage\":\"pt-BR\",\"potentialAction\":[{\"@type\":\"ReadAction\",\"target\":[\"https:\/\/radioplanetasaudade.com.br\/index.php\/2025\/03\/03\/how-can-i-go-on-o-encontro-da-emocao-com-a-grandeza-vocal\/\"]}]},{\"@type\":\"BreadcrumbList\",\"@id\":\"https:\/\/radioplanetasaudade.com.br\/index.php\/2025\/03\/03\/how-can-i-go-on-o-encontro-da-emocao-com-a-grandeza-vocal\/#breadcrumb\",\"itemListElement\":[{\"@type\":\"ListItem\",\"position\":1,\"name\":\"In\u00edcio\",\"item\":\"https:\/\/radioplanetasaudade.com.br\/\"},{\"@type\":\"ListItem\",\"position\":2,\"name\":\"&#8220;How Can I Go On&#8221; \u2013 O Encontro da Emo\u00e7\u00e3o com a Grandeza Vocal\"}]},{\"@type\":\"WebSite\",\"@id\":\"https:\/\/radioplanetasaudade.com.br\/#website\",\"url\":\"https:\/\/radioplanetasaudade.com.br\/\",\"name\":\"R\u00e1dio Planeta Saudade\",\"description\":\"Relembrando grandes sucessos musicais e informando sobre os maiores artistas do mundo ou\u00e7a no seu celular.\",\"publisher\":{\"@id\":\"https:\/\/radioplanetasaudade.com.br\/#organization\"},\"potentialAction\":[{\"@type\":\"SearchAction\",\"target\":{\"@type\":\"EntryPoint\",\"urlTemplate\":\"https:\/\/radioplanetasaudade.com.br\/?s={search_term_string}\"},\"query-input\":\"required name=search_term_string\"}],\"inLanguage\":\"pt-BR\"},{\"@type\":\"Organization\",\"@id\":\"https:\/\/radioplanetasaudade.com.br\/#organization\",\"name\":\"R\u00e1dio Planeta Saudade\",\"url\":\"https:\/\/radioplanetasaudade.com.br\/\",\"logo\":{\"@type\":\"ImageObject\",\"inLanguage\":\"pt-BR\",\"@id\":\"https:\/\/radioplanetasaudade.com.br\/#\/schema\/logo\/image\/\",\"url\":\"https:\/\/radioplanetasaudade.com.br\/wp-content\/uploads\/2023\/10\/capture-20230607-202153.png\",\"contentUrl\":\"https:\/\/radioplanetasaudade.com.br\/wp-content\/uploads\/2023\/10\/capture-20230607-202153.png\",\"width\":1350,\"height\":358,\"caption\":\"R\u00e1dio Planeta Saudade\"},\"image\":{\"@id\":\"https:\/\/radioplanetasaudade.com.br\/#\/schema\/logo\/image\/\"}},{\"@type\":\"Person\",\"@id\":\"https:\/\/radioplanetasaudade.com.br\/#\/schema\/person\/1a6f6fc0d987819324e7ed417a1a6581\",\"name\":\"Planeta Saudade\",\"image\":{\"@type\":\"ImageObject\",\"inLanguage\":\"pt-BR\",\"@id\":\"https:\/\/radioplanetasaudade.com.br\/#\/schema\/person\/image\/\",\"url\":\"https:\/\/secure.gravatar.com\/avatar\/a893d552ce4b2abfa845a62f8434cf31?s=96&d=mm&r=g\",\"contentUrl\":\"https:\/\/secure.gravatar.com\/avatar\/a893d552ce4b2abfa845a62f8434cf31?s=96&d=mm&r=g\",\"caption\":\"Planeta Saudade\"},\"sameAs\":[\"https:\/\/radioplanetasaudade.com.br\"],\"url\":\"https:\/\/radioplanetasaudade.com.br\/index.php\/author\/wendelsantos4567\/\"}]}<\/script>\n<!-- \/ Yoast SEO plugin. -->","yoast_head_json":{"title":"\"How Can I Go On\" \u2013 O Encontro da Emo\u00e7\u00e3o com a Grandeza Vocal - R\u00c1DIO PLANETA SAUDADE","robots":{"index":"index","follow":"follow","max-snippet":"max-snippet:-1","max-image-preview":"max-image-preview:large","max-video-preview":"max-video-preview:-1"},"canonical":"https:\/\/radioplanetasaudade.com.br\/index.php\/2025\/03\/03\/how-can-i-go-on-o-encontro-da-emocao-com-a-grandeza-vocal\/","og_locale":"pt_BR","og_type":"article","og_title":"\"How Can I Go On\" \u2013 O Encontro da Emo\u00e7\u00e3o com a Grandeza Vocal - R\u00c1DIO PLANETA SAUDADE","og_description":"Lan\u00e7ada em 1988, a can\u00e7\u00e3o How Can I Go On \u00e9 um dos destaques do...","og_url":"https:\/\/radioplanetasaudade.com.br\/index.php\/2025\/03\/03\/how-can-i-go-on-o-encontro-da-emocao-com-a-grandeza-vocal\/","og_site_name":"R\u00c1DIO PLANETA SAUDADE","article_published_time":"2025-03-03T21:06:33+00:00","article_modified_time":"2025-03-03T21:06:56+00:00","og_image":[{"width":489,"height":487,"url":"https:\/\/radioplanetasaudade.com.br\/wp-content\/uploads\/2025\/03\/capture-20250303-173033.png","type":"image\/png"}],"author":"Planeta Saudade","twitter_card":"summary_large_image","twitter_misc":{"Escrito por":"Planeta Saudade","Est. tempo de leitura":"3 minutos"},"schema":{"@context":"https:\/\/schema.org","@graph":[{"@type":"Article","@id":"https:\/\/radioplanetasaudade.com.br\/index.php\/2025\/03\/03\/how-can-i-go-on-o-encontro-da-emocao-com-a-grandeza-vocal\/#article","isPartOf":{"@id":"https:\/\/radioplanetasaudade.com.br\/index.php\/2025\/03\/03\/how-can-i-go-on-o-encontro-da-emocao-com-a-grandeza-vocal\/"},"author":{"name":"Planeta Saudade","@id":"https:\/\/radioplanetasaudade.com.br\/#\/schema\/person\/1a6f6fc0d987819324e7ed417a1a6581"},"headline":"&#8220;How Can I Go On&#8221; \u2013 O Encontro da Emo\u00e7\u00e3o com a Grandeza Vocal","datePublished":"2025-03-03T21:06:33+00:00","dateModified":"2025-03-03T21:06:56+00:00","mainEntityOfPage":{"@id":"https:\/\/radioplanetasaudade.com.br\/index.php\/2025\/03\/03\/how-can-i-go-on-o-encontro-da-emocao-com-a-grandeza-vocal\/"},"wordCount":516,"commentCount":0,"publisher":{"@id":"https:\/\/radioplanetasaudade.com.br\/#organization"},"keywords":["Anos 70","Anos 80","Anos 90","Baixe nosso App","Flashaback","Ouvir","Ouvir r\u00e1dio","R\u00e1dio","R\u00e1dio Planeta Saudade"],"articleSection":["LEMBRA? DESSE DUETO"],"inLanguage":"pt-BR","potentialAction":[{"@type":"CommentAction","name":"Comment","target":["https:\/\/radioplanetasaudade.com.br\/index.php\/2025\/03\/03\/how-can-i-go-on-o-encontro-da-emocao-com-a-grandeza-vocal\/#respond"]}]},{"@type":"WebPage","@id":"https:\/\/radioplanetasaudade.com.br\/index.php\/2025\/03\/03\/how-can-i-go-on-o-encontro-da-emocao-com-a-grandeza-vocal\/","url":"https:\/\/radioplanetasaudade.com.br\/index.php\/2025\/03\/03\/how-can-i-go-on-o-encontro-da-emocao-com-a-grandeza-vocal\/","name":"\"How Can I Go On\" \u2013 O Encontro da Emo\u00e7\u00e3o com a Grandeza Vocal - R\u00c1DIO PLANETA SAUDADE","isPartOf":{"@id":"https:\/\/radioplanetasaudade.com.br\/#website"},"datePublished":"2025-03-03T21:06:33+00:00","dateModified":"2025-03-03T21:06:56+00:00","breadcrumb":{"@id":"https:\/\/radioplanetasaudade.com.br\/index.php\/2025\/03\/03\/how-can-i-go-on-o-encontro-da-emocao-com-a-grandeza-vocal\/#breadcrumb"},"inLanguage":"pt-BR","potentialAction":[{"@type":"ReadAction","target":["https:\/\/radioplanetasaudade.com.br\/index.php\/2025\/03\/03\/how-can-i-go-on-o-encontro-da-emocao-com-a-grandeza-vocal\/"]}]},{"@type":"BreadcrumbList","@id":"https:\/\/radioplanetasaudade.com.br\/index.php\/2025\/03\/03\/how-can-i-go-on-o-encontro-da-emocao-com-a-grandeza-vocal\/#breadcrumb","itemListElement":[{"@type":"ListItem","position":1,"name":"In\u00edcio","item":"https:\/\/radioplanetasaudade.com.br\/"},{"@type":"ListItem","position":2,"name":"&#8220;How Can I Go On&#8221; \u2013 O Encontro da Emo\u00e7\u00e3o com a Grandeza Vocal"}]},{"@type":"WebSite","@id":"https:\/\/radioplanetasaudade.com.br\/#website","url":"https:\/\/radioplanetasaudade.com.br\/","name":"R\u00e1dio Planeta Saudade","description":"Relembrando grandes sucessos musicais e informando sobre os maiores artistas do mundo ou\u00e7a no seu celular.","publisher":{"@id":"https:\/\/radioplanetasaudade.com.br\/#organization"},"potentialAction":[{"@type":"SearchAction","target":{"@type":"EntryPoint","urlTemplate":"https:\/\/radioplanetasaudade.com.br\/?s={search_term_string}"},"query-input":"required name=search_term_string"}],"inLanguage":"pt-BR"},{"@type":"Organization","@id":"https:\/\/radioplanetasaudade.com.br\/#organization","name":"R\u00e1dio Planeta Saudade","url":"https:\/\/radioplanetasaudade.com.br\/","logo":{"@type":"ImageObject","inLanguage":"pt-BR","@id":"https:\/\/radioplanetasaudade.com.br\/#\/schema\/logo\/image\/","url":"https:\/\/radioplanetasaudade.com.br\/wp-content\/uploads\/2023\/10\/capture-20230607-202153.png","contentUrl":"https:\/\/radioplanetasaudade.com.br\/wp-content\/uploads\/2023\/10\/capture-20230607-202153.png","width":1350,"height":358,"caption":"R\u00e1dio Planeta Saudade"},"image":{"@id":"https:\/\/radioplanetasaudade.com.br\/#\/schema\/logo\/image\/"}},{"@type":"Person","@id":"https:\/\/radioplanetasaudade.com.br\/#\/schema\/person\/1a6f6fc0d987819324e7ed417a1a6581","name":"Planeta Saudade","image":{"@type":"ImageObject","inLanguage":"pt-BR","@id":"https:\/\/radioplanetasaudade.com.br\/#\/schema\/person\/image\/","url":"https:\/\/secure.gravatar.com\/avatar\/a893d552ce4b2abfa845a62f8434cf31?s=96&d=mm&r=g","contentUrl":"https:\/\/secure.gravatar.com\/avatar\/a893d552ce4b2abfa845a62f8434cf31?s=96&d=mm&r=g","caption":"Planeta Saudade"},"sameAs":["https:\/\/radioplanetasaudade.com.br"],"url":"https:\/\/radioplanetasaudade.com.br\/index.php\/author\/wendelsantos4567\/"}]}},"_links":{"self":[{"href":"https:\/\/radioplanetasaudade.com.br\/index.php\/wp-json\/wp\/v2\/posts\/3685","targetHints":{"allow":["GET"]}}],"collection":[{"href":"https:\/\/radioplanetasaudade.com.br\/index.php\/wp-json\/wp\/v2\/posts"}],"about":[{"href":"https:\/\/radioplanetasaudade.com.br\/index.php\/wp-json\/wp\/v2\/types\/post"}],"author":[{"embeddable":true,"href":"https:\/\/radioplanetasaudade.com.br\/index.php\/wp-json\/wp\/v2\/users\/1"}],"replies":[{"embeddable":true,"href":"https:\/\/radioplanetasaudade.com.br\/index.php\/wp-json\/wp\/v2\/comments?post=3685"}],"version-history":[{"count":1,"href":"https:\/\/radioplanetasaudade.com.br\/index.php\/wp-json\/wp\/v2\/posts\/3685\/revisions"}],"predecessor-version":[{"id":3687,"href":"https:\/\/radioplanetasaudade.com.br\/index.php\/wp-json\/wp\/v2\/posts\/3685\/revisions\/3687"}],"wp:featuredmedia":[{"embeddable":true,"href":"https:\/\/radioplanetasaudade.com.br\/index.php\/wp-json\/wp\/v2\/media\/3686"}],"wp:attachment":[{"href":"https:\/\/radioplanetasaudade.com.br\/index.php\/wp-json\/wp\/v2\/media?parent=3685"}],"wp:term":[{"taxonomy":"category","embeddable":true,"href":"https:\/\/radioplanetasaudade.com.br\/index.php\/wp-json\/wp\/v2\/categories?post=3685"},{"taxonomy":"post_tag","embeddable":true,"href":"https:\/\/radioplanetasaudade.com.br\/index.php\/wp-json\/wp\/v2\/tags?post=3685"}],"curies":[{"name":"wp","href":"https:\/\/api.w.org\/{rel}","templated":true}]}}