{"id":4035,"date":"2025-05-13T09:37:32","date_gmt":"2025-05-13T12:37:32","guid":{"rendered":"https:\/\/radioplanetasaudade.com.br\/?p=4035"},"modified":"2025-05-13T09:37:51","modified_gmt":"2025-05-13T12:37:51","slug":"luan-e-vanessa-formaram-uma-das-duplas-mais-marcantes-da-musica-romantica-dos-anos-90","status":"publish","type":"post","link":"https:\/\/radioplanetasaudade.com.br\/index.php\/2025\/05\/13\/luan-e-vanessa-formaram-uma-das-duplas-mais-marcantes-da-musica-romantica-dos-anos-90\/","title":{"rendered":"Luan e Vanessa formaram uma das duplas mais marcantes da m\u00fasica rom\u00e2ntica dos anos 90."},"content":{"rendered":"<div class=\"wp-block-image\">\n<figure class=\"aligncenter size-large\"><img fetchpriority=\"high\" decoding=\"async\" width=\"1024\" height=\"1024\" src=\"https:\/\/radioplanetasaudade.com.br\/wp-content\/uploads\/2025\/05\/LEBRA-DESSE-DUETO-1-1024x1024.jpg\" alt=\"\" class=\"wp-image-4036\" srcset=\"https:\/\/radioplanetasaudade.com.br\/wp-content\/uploads\/2025\/05\/LEBRA-DESSE-DUETO-1-1024x1024.jpg 1024w, https:\/\/radioplanetasaudade.com.br\/wp-content\/uploads\/2025\/05\/LEBRA-DESSE-DUETO-1-300x300.jpg 300w, https:\/\/radioplanetasaudade.com.br\/wp-content\/uploads\/2025\/05\/LEBRA-DESSE-DUETO-1-150x150.jpg 150w, https:\/\/radioplanetasaudade.com.br\/wp-content\/uploads\/2025\/05\/LEBRA-DESSE-DUETO-1-768x768.jpg 768w, https:\/\/radioplanetasaudade.com.br\/wp-content\/uploads\/2025\/05\/LEBRA-DESSE-DUETO-1-1536x1536.jpg 1536w, https:\/\/radioplanetasaudade.com.br\/wp-content\/uploads\/2025\/05\/LEBRA-DESSE-DUETO-1-2048x2048.jpg 2048w\" sizes=\"(max-width: 1024px) 100vw, 1024px\" \/><\/figure><\/div>\n\n\n<p><strong><em>Em 1990, conquistaram o Brasil com &#8220;Quatro Semanas de Amor&#8221;, vers\u00e3o em portugu\u00eas do cl\u00e1ssico &#8220;Sealed with a Kiss&#8221;, que embalou a novela Gente Fina. Luan, que j\u00e1 tinha participado do programa do Chacrinha, uniu-se a Vanessa, ex-integrante do grupo Trem da Alegria, para formar a dupla naquele mesmo ano.<\/em><\/strong><\/p>\n\n\n\n<p>A can\u00e7\u00e3o virou febre entre os adolescentes, presen\u00e7a certa em bailes escolares e programas de r\u00e1dio.<\/p>\n\n\n\n<p>At\u00e9 hoje, &#8220;Quatro Semanas de Amor&#8221; continua viva na mem\u00f3ria afetiva de muitos ouvintes, sendo destaque na programa\u00e7\u00e3o da r\u00e1dio Planeta Saudade.<\/p>\n\n\n\n<p><a href=\"https:\/\/www.facebook.com\/hashtag\/luanevanessa?__eep__=6&amp;__cft__[0]=AZXV6lhc9eqOd-BT17Tllrrhb1b5zQbeAl5eNEKuVwwPhmb3IDnrE715lSvY2-SAXkJahki5HkZGEHAXN_f_mHPwwW9YlZvBWLVqUrfaBb8yyrrudSY-zVWwMFUnU5OO_Yr_R3fGGcd_EngbtgbEMdTX&amp;__tn__=*NK-R\">#LuanEVanessa<\/a><a href=\"https:\/\/www.facebook.com\/hashtag\/quatrosemanasdeamor?__eep__=6&amp;__cft__[0]=AZXV6lhc9eqOd-BT17Tllrrhb1b5zQbeAl5eNEKuVwwPhmb3IDnrE715lSvY2-SAXkJahki5HkZGEHAXN_f_mHPwwW9YlZvBWLVqUrfaBb8yyrrudSY-zVWwMFUnU5OO_Yr_R3fGGcd_EngbtgbEMdTX&amp;__tn__=*NK-R\">#QuatroSemanasDeAmor<\/a><a href=\"https:\/\/www.facebook.com\/hashtag\/anos90?__eep__=6&amp;__cft__[0]=AZXV6lhc9eqOd-BT17Tllrrhb1b5zQbeAl5eNEKuVwwPhmb3IDnrE715lSvY2-SAXkJahki5HkZGEHAXN_f_mHPwwW9YlZvBWLVqUrfaBb8yyrrudSY-zVWwMFUnU5OO_Yr_R3fGGcd_EngbtgbEMdTX&amp;__tn__=*NK-R\">#Anos90<\/a><a href=\"https:\/\/www.facebook.com\/hashtag\/romantismo?__eep__=6&amp;__cft__[0]=AZXV6lhc9eqOd-BT17Tllrrhb1b5zQbeAl5eNEKuVwwPhmb3IDnrE715lSvY2-SAXkJahki5HkZGEHAXN_f_mHPwwW9YlZvBWLVqUrfaBb8yyrrudSY-zVWwMFUnU5OO_Yr_R3fGGcd_EngbtgbEMdTX&amp;__tn__=*NK-R\">#Romantismo<\/a><a href=\"https:\/\/www.facebook.com\/hashtag\/planetasaudade?__eep__=6&amp;__cft__[0]=AZXV6lhc9eqOd-BT17Tllrrhb1b5zQbeAl5eNEKuVwwPhmb3IDnrE715lSvY2-SAXkJahki5HkZGEHAXN_f_mHPwwW9YlZvBWLVqUrfaBb8yyrrudSY-zVWwMFUnU5OO_Yr_R3fGGcd_EngbtgbEMdTX&amp;__tn__=*NK-R\">#PlanetaSaudade<\/a><a href=\"https:\/\/www.facebook.com\/hashtag\/gentefina?__eep__=6&amp;__cft__[0]=AZXV6lhc9eqOd-BT17Tllrrhb1b5zQbeAl5eNEKuVwwPhmb3IDnrE715lSvY2-SAXkJahki5HkZGEHAXN_f_mHPwwW9YlZvBWLVqUrfaBb8yyrrudSY-zVWwMFUnU5OO_Yr_R3fGGcd_EngbtgbEMdTX&amp;__tn__=*NK-R\">#GenteFina<\/a><a href=\"https:\/\/www.facebook.com\/hashtag\/tremdaalegria?__eep__=6&amp;__cft__[0]=AZXV6lhc9eqOd-BT17Tllrrhb1b5zQbeAl5eNEKuVwwPhmb3IDnrE715lSvY2-SAXkJahki5HkZGEHAXN_f_mHPwwW9YlZvBWLVqUrfaBb8yyrrudSY-zVWwMFUnU5OO_Yr_R3fGGcd_EngbtgbEMdTX&amp;__tn__=*NK-R\">#TremDaAlegria<\/a><a href=\"https:\/\/www.facebook.com\/hashtag\/chacrinha?__eep__=6&amp;__cft__[0]=AZXV6lhc9eqOd-BT17Tllrrhb1b5zQbeAl5eNEKuVwwPhmb3IDnrE715lSvY2-SAXkJahki5HkZGEHAXN_f_mHPwwW9YlZvBWLVqUrfaBb8yyrrudSY-zVWwMFUnU5OO_Yr_R3fGGcd_EngbtgbEMdTX&amp;__tn__=*NK-R\">#Chacrinha<\/a><a href=\"https:\/\/www.facebook.com\/hashtag\/sucessonacional?__eep__=6&amp;__cft__[0]=AZXV6lhc9eqOd-BT17Tllrrhb1b5zQbeAl5eNEKuVwwPhmb3IDnrE715lSvY2-SAXkJahki5HkZGEHAXN_f_mHPwwW9YlZvBWLVqUrfaBb8yyrrudSY-zVWwMFUnU5OO_Yr_R3fGGcd_EngbtgbEMdTX&amp;__tn__=*NK-R\">#SucessoNacional<\/a><a href=\"https:\/\/www.facebook.com\/hashtag\/m%C3%BAsicarom%C3%A2ntica?__eep__=6&amp;__cft__[0]=AZXV6lhc9eqOd-BT17Tllrrhb1b5zQbeAl5eNEKuVwwPhmb3IDnrE715lSvY2-SAXkJahki5HkZGEHAXN_f_mHPwwW9YlZvBWLVqUrfaBb8yyrrudSY-zVWwMFUnU5OO_Yr_R3fGGcd_EngbtgbEMdTX&amp;__tn__=*NK-R\">#M\u00fasicaRom\u00e2ntica<\/a><\/p>\n","protected":false},"excerpt":{"rendered":"<p>Em 1990, conquistaram o Brasil com &#8220;Quatro Semanas de Amor&#8221;, vers\u00e3o em portugu\u00eas do cl\u00e1ssico&#8230;<\/p>\n","protected":false},"author":1,"featured_media":4036,"comment_status":"open","ping_status":"open","sticky":false,"template":"","format":"standard","meta":{"footnotes":""},"categories":[1726],"tags":[1881,119,118,120,121,117,1880,561,562,116,99],"class_list":["post-4035","post","type-post","status-publish","format-standard","has-post-thumbnail","hentry","category-lembra-desse-dueto","tag-quatro-semanas-de-amor","tag-anos-70","tag-anos-80","tag-anos-90","tag-baixe-nosso-app","tag-flashaback","tag-luan-e-vanessa","tag-ouvir","tag-ouvir-radio","tag-radio","tag-radio-planeta-saudade"],"yoast_head":"<!-- This site is optimized with the Yoast SEO plugin v21.3 - https:\/\/yoast.com\/wordpress\/plugins\/seo\/ -->\n<title>Luan e Vanessa formaram uma das duplas mais marcantes da m\u00fasica rom\u00e2ntica dos anos 90. - R\u00c1DIO PLANETA SAUDADE<\/title>\n<meta name=\"robots\" content=\"index, follow, max-snippet:-1, max-image-preview:large, max-video-preview:-1\" \/>\n<link rel=\"canonical\" href=\"https:\/\/radioplanetasaudade.com.br\/index.php\/2025\/05\/13\/luan-e-vanessa-formaram-uma-das-duplas-mais-marcantes-da-musica-romantica-dos-anos-90\/\" \/>\n<meta property=\"og:locale\" content=\"pt_BR\" \/>\n<meta property=\"og:type\" content=\"article\" \/>\n<meta property=\"og:title\" content=\"Luan e Vanessa formaram uma das duplas mais marcantes da m\u00fasica rom\u00e2ntica dos anos 90. - R\u00c1DIO PLANETA SAUDADE\" \/>\n<meta property=\"og:description\" content=\"Em 1990, conquistaram o Brasil com &#8220;Quatro Semanas de Amor&#8221;, vers\u00e3o em portugu\u00eas do cl\u00e1ssico...\" \/>\n<meta property=\"og:url\" content=\"https:\/\/radioplanetasaudade.com.br\/index.php\/2025\/05\/13\/luan-e-vanessa-formaram-uma-das-duplas-mais-marcantes-da-musica-romantica-dos-anos-90\/\" \/>\n<meta property=\"og:site_name\" content=\"R\u00c1DIO PLANETA SAUDADE\" \/>\n<meta property=\"article:published_time\" content=\"2025-05-13T12:37:32+00:00\" \/>\n<meta property=\"article:modified_time\" content=\"2025-05-13T12:37:51+00:00\" \/>\n<meta property=\"og:image\" content=\"https:\/\/radioplanetasaudade.com.br\/wp-content\/uploads\/2025\/05\/LEBRA-DESSE-DUETO-1-scaled.jpg\" \/>\n\t<meta property=\"og:image:width\" content=\"2560\" \/>\n\t<meta property=\"og:image:height\" content=\"2560\" \/>\n\t<meta property=\"og:image:type\" content=\"image\/jpeg\" \/>\n<meta name=\"author\" content=\"Planeta Saudade\" \/>\n<meta name=\"twitter:card\" content=\"summary_large_image\" \/>\n<meta name=\"twitter:label1\" content=\"Escrito por\" \/>\n\t<meta name=\"twitter:data1\" content=\"Planeta Saudade\" \/>\n\t<meta name=\"twitter:label2\" content=\"Est. tempo de leitura\" \/>\n\t<meta name=\"twitter:data2\" content=\"1 minuto\" \/>\n<script type=\"application\/ld+json\" class=\"yoast-schema-graph\">{\"@context\":\"https:\/\/schema.org\",\"@graph\":[{\"@type\":\"Article\",\"@id\":\"https:\/\/radioplanetasaudade.com.br\/index.php\/2025\/05\/13\/luan-e-vanessa-formaram-uma-das-duplas-mais-marcantes-da-musica-romantica-dos-anos-90\/#article\",\"isPartOf\":{\"@id\":\"https:\/\/radioplanetasaudade.com.br\/index.php\/2025\/05\/13\/luan-e-vanessa-formaram-uma-das-duplas-mais-marcantes-da-musica-romantica-dos-anos-90\/\"},\"author\":{\"name\":\"Planeta Saudade\",\"@id\":\"https:\/\/radioplanetasaudade.com.br\/#\/schema\/person\/1a6f6fc0d987819324e7ed417a1a6581\"},\"headline\":\"Luan e Vanessa formaram uma das duplas mais marcantes da m\u00fasica rom\u00e2ntica dos anos 90.\",\"datePublished\":\"2025-05-13T12:37:32+00:00\",\"dateModified\":\"2025-05-13T12:37:51+00:00\",\"mainEntityOfPage\":{\"@id\":\"https:\/\/radioplanetasaudade.com.br\/index.php\/2025\/05\/13\/luan-e-vanessa-formaram-uma-das-duplas-mais-marcantes-da-musica-romantica-dos-anos-90\/\"},\"wordCount\":124,\"commentCount\":0,\"publisher\":{\"@id\":\"https:\/\/radioplanetasaudade.com.br\/#organization\"},\"keywords\":[\"\\\"Quatro Semanas de Amor\\\"\",\"Anos 70\",\"Anos 80\",\"Anos 90\",\"Baixe nosso App\",\"Flashaback\",\"Luan e Vanessa\",\"Ouvir\",\"Ouvir r\u00e1dio\",\"R\u00e1dio\",\"R\u00e1dio Planeta Saudade\"],\"articleSection\":[\"LEMBRA? DESSE DUETO\"],\"inLanguage\":\"pt-BR\",\"potentialAction\":[{\"@type\":\"CommentAction\",\"name\":\"Comment\",\"target\":[\"https:\/\/radioplanetasaudade.com.br\/index.php\/2025\/05\/13\/luan-e-vanessa-formaram-uma-das-duplas-mais-marcantes-da-musica-romantica-dos-anos-90\/#respond\"]}]},{\"@type\":\"WebPage\",\"@id\":\"https:\/\/radioplanetasaudade.com.br\/index.php\/2025\/05\/13\/luan-e-vanessa-formaram-uma-das-duplas-mais-marcantes-da-musica-romantica-dos-anos-90\/\",\"url\":\"https:\/\/radioplanetasaudade.com.br\/index.php\/2025\/05\/13\/luan-e-vanessa-formaram-uma-das-duplas-mais-marcantes-da-musica-romantica-dos-anos-90\/\",\"name\":\"Luan e Vanessa formaram uma das duplas mais marcantes da m\u00fasica rom\u00e2ntica dos anos 90. - R\u00c1DIO PLANETA SAUDADE\",\"isPartOf\":{\"@id\":\"https:\/\/radioplanetasaudade.com.br\/#website\"},\"datePublished\":\"2025-05-13T12:37:32+00:00\",\"dateModified\":\"2025-05-13T12:37:51+00:00\",\"breadcrumb\":{\"@id\":\"https:\/\/radioplanetasaudade.com.br\/index.php\/2025\/05\/13\/luan-e-vanessa-formaram-uma-das-duplas-mais-marcantes-da-musica-romantica-dos-anos-90\/#breadcrumb\"},\"inLanguage\":\"pt-BR\",\"potentialAction\":[{\"@type\":\"ReadAction\",\"target\":[\"https:\/\/radioplanetasaudade.com.br\/index.php\/2025\/05\/13\/luan-e-vanessa-formaram-uma-das-duplas-mais-marcantes-da-musica-romantica-dos-anos-90\/\"]}]},{\"@type\":\"BreadcrumbList\",\"@id\":\"https:\/\/radioplanetasaudade.com.br\/index.php\/2025\/05\/13\/luan-e-vanessa-formaram-uma-das-duplas-mais-marcantes-da-musica-romantica-dos-anos-90\/#breadcrumb\",\"itemListElement\":[{\"@type\":\"ListItem\",\"position\":1,\"name\":\"In\u00edcio\",\"item\":\"https:\/\/radioplanetasaudade.com.br\/\"},{\"@type\":\"ListItem\",\"position\":2,\"name\":\"Luan e Vanessa formaram uma das duplas mais marcantes da m\u00fasica rom\u00e2ntica dos anos 90.\"}]},{\"@type\":\"WebSite\",\"@id\":\"https:\/\/radioplanetasaudade.com.br\/#website\",\"url\":\"https:\/\/radioplanetasaudade.com.br\/\",\"name\":\"R\u00e1dio Planeta Saudade\",\"description\":\"Relembrando grandes sucessos musicais e informando sobre os maiores artistas do mundo ou\u00e7a no seu celular.\",\"publisher\":{\"@id\":\"https:\/\/radioplanetasaudade.com.br\/#organization\"},\"potentialAction\":[{\"@type\":\"SearchAction\",\"target\":{\"@type\":\"EntryPoint\",\"urlTemplate\":\"https:\/\/radioplanetasaudade.com.br\/?s={search_term_string}\"},\"query-input\":\"required name=search_term_string\"}],\"inLanguage\":\"pt-BR\"},{\"@type\":\"Organization\",\"@id\":\"https:\/\/radioplanetasaudade.com.br\/#organization\",\"name\":\"R\u00e1dio Planeta Saudade\",\"url\":\"https:\/\/radioplanetasaudade.com.br\/\",\"logo\":{\"@type\":\"ImageObject\",\"inLanguage\":\"pt-BR\",\"@id\":\"https:\/\/radioplanetasaudade.com.br\/#\/schema\/logo\/image\/\",\"url\":\"https:\/\/radioplanetasaudade.com.br\/wp-content\/uploads\/2023\/10\/capture-20230607-202153.png\",\"contentUrl\":\"https:\/\/radioplanetasaudade.com.br\/wp-content\/uploads\/2023\/10\/capture-20230607-202153.png\",\"width\":1350,\"height\":358,\"caption\":\"R\u00e1dio Planeta Saudade\"},\"image\":{\"@id\":\"https:\/\/radioplanetasaudade.com.br\/#\/schema\/logo\/image\/\"}},{\"@type\":\"Person\",\"@id\":\"https:\/\/radioplanetasaudade.com.br\/#\/schema\/person\/1a6f6fc0d987819324e7ed417a1a6581\",\"name\":\"Planeta Saudade\",\"image\":{\"@type\":\"ImageObject\",\"inLanguage\":\"pt-BR\",\"@id\":\"https:\/\/radioplanetasaudade.com.br\/#\/schema\/person\/image\/\",\"url\":\"https:\/\/secure.gravatar.com\/avatar\/a893d552ce4b2abfa845a62f8434cf31?s=96&d=mm&r=g\",\"contentUrl\":\"https:\/\/secure.gravatar.com\/avatar\/a893d552ce4b2abfa845a62f8434cf31?s=96&d=mm&r=g\",\"caption\":\"Planeta Saudade\"},\"sameAs\":[\"https:\/\/radioplanetasaudade.com.br\"],\"url\":\"https:\/\/radioplanetasaudade.com.br\/index.php\/author\/wendelsantos4567\/\"}]}<\/script>\n<!-- \/ Yoast SEO plugin. -->","yoast_head_json":{"title":"Luan e Vanessa formaram uma das duplas mais marcantes da m\u00fasica rom\u00e2ntica dos anos 90. - R\u00c1DIO PLANETA SAUDADE","robots":{"index":"index","follow":"follow","max-snippet":"max-snippet:-1","max-image-preview":"max-image-preview:large","max-video-preview":"max-video-preview:-1"},"canonical":"https:\/\/radioplanetasaudade.com.br\/index.php\/2025\/05\/13\/luan-e-vanessa-formaram-uma-das-duplas-mais-marcantes-da-musica-romantica-dos-anos-90\/","og_locale":"pt_BR","og_type":"article","og_title":"Luan e Vanessa formaram uma das duplas mais marcantes da m\u00fasica rom\u00e2ntica dos anos 90. - R\u00c1DIO PLANETA SAUDADE","og_description":"Em 1990, conquistaram o Brasil com &#8220;Quatro Semanas de Amor&#8221;, vers\u00e3o em portugu\u00eas do cl\u00e1ssico...","og_url":"https:\/\/radioplanetasaudade.com.br\/index.php\/2025\/05\/13\/luan-e-vanessa-formaram-uma-das-duplas-mais-marcantes-da-musica-romantica-dos-anos-90\/","og_site_name":"R\u00c1DIO PLANETA SAUDADE","article_published_time":"2025-05-13T12:37:32+00:00","article_modified_time":"2025-05-13T12:37:51+00:00","og_image":[{"width":2560,"height":2560,"url":"https:\/\/radioplanetasaudade.com.br\/wp-content\/uploads\/2025\/05\/LEBRA-DESSE-DUETO-1-scaled.jpg","type":"image\/jpeg"}],"author":"Planeta Saudade","twitter_card":"summary_large_image","twitter_misc":{"Escrito por":"Planeta Saudade","Est. tempo de leitura":"1 minuto"},"schema":{"@context":"https:\/\/schema.org","@graph":[{"@type":"Article","@id":"https:\/\/radioplanetasaudade.com.br\/index.php\/2025\/05\/13\/luan-e-vanessa-formaram-uma-das-duplas-mais-marcantes-da-musica-romantica-dos-anos-90\/#article","isPartOf":{"@id":"https:\/\/radioplanetasaudade.com.br\/index.php\/2025\/05\/13\/luan-e-vanessa-formaram-uma-das-duplas-mais-marcantes-da-musica-romantica-dos-anos-90\/"},"author":{"name":"Planeta Saudade","@id":"https:\/\/radioplanetasaudade.com.br\/#\/schema\/person\/1a6f6fc0d987819324e7ed417a1a6581"},"headline":"Luan e Vanessa formaram uma das duplas mais marcantes da m\u00fasica rom\u00e2ntica dos anos 90.","datePublished":"2025-05-13T12:37:32+00:00","dateModified":"2025-05-13T12:37:51+00:00","mainEntityOfPage":{"@id":"https:\/\/radioplanetasaudade.com.br\/index.php\/2025\/05\/13\/luan-e-vanessa-formaram-uma-das-duplas-mais-marcantes-da-musica-romantica-dos-anos-90\/"},"wordCount":124,"commentCount":0,"publisher":{"@id":"https:\/\/radioplanetasaudade.com.br\/#organization"},"keywords":["\"Quatro Semanas de Amor\"","Anos 70","Anos 80","Anos 90","Baixe nosso App","Flashaback","Luan e Vanessa","Ouvir","Ouvir r\u00e1dio","R\u00e1dio","R\u00e1dio Planeta Saudade"],"articleSection":["LEMBRA? DESSE DUETO"],"inLanguage":"pt-BR","potentialAction":[{"@type":"CommentAction","name":"Comment","target":["https:\/\/radioplanetasaudade.com.br\/index.php\/2025\/05\/13\/luan-e-vanessa-formaram-uma-das-duplas-mais-marcantes-da-musica-romantica-dos-anos-90\/#respond"]}]},{"@type":"WebPage","@id":"https:\/\/radioplanetasaudade.com.br\/index.php\/2025\/05\/13\/luan-e-vanessa-formaram-uma-das-duplas-mais-marcantes-da-musica-romantica-dos-anos-90\/","url":"https:\/\/radioplanetasaudade.com.br\/index.php\/2025\/05\/13\/luan-e-vanessa-formaram-uma-das-duplas-mais-marcantes-da-musica-romantica-dos-anos-90\/","name":"Luan e Vanessa formaram uma das duplas mais marcantes da m\u00fasica rom\u00e2ntica dos anos 90. - R\u00c1DIO PLANETA SAUDADE","isPartOf":{"@id":"https:\/\/radioplanetasaudade.com.br\/#website"},"datePublished":"2025-05-13T12:37:32+00:00","dateModified":"2025-05-13T12:37:51+00:00","breadcrumb":{"@id":"https:\/\/radioplanetasaudade.com.br\/index.php\/2025\/05\/13\/luan-e-vanessa-formaram-uma-das-duplas-mais-marcantes-da-musica-romantica-dos-anos-90\/#breadcrumb"},"inLanguage":"pt-BR","potentialAction":[{"@type":"ReadAction","target":["https:\/\/radioplanetasaudade.com.br\/index.php\/2025\/05\/13\/luan-e-vanessa-formaram-uma-das-duplas-mais-marcantes-da-musica-romantica-dos-anos-90\/"]}]},{"@type":"BreadcrumbList","@id":"https:\/\/radioplanetasaudade.com.br\/index.php\/2025\/05\/13\/luan-e-vanessa-formaram-uma-das-duplas-mais-marcantes-da-musica-romantica-dos-anos-90\/#breadcrumb","itemListElement":[{"@type":"ListItem","position":1,"name":"In\u00edcio","item":"https:\/\/radioplanetasaudade.com.br\/"},{"@type":"ListItem","position":2,"name":"Luan e Vanessa formaram uma das duplas mais marcantes da m\u00fasica rom\u00e2ntica dos anos 90."}]},{"@type":"WebSite","@id":"https:\/\/radioplanetasaudade.com.br\/#website","url":"https:\/\/radioplanetasaudade.com.br\/","name":"R\u00e1dio Planeta Saudade","description":"Relembrando grandes sucessos musicais e informando sobre os maiores artistas do mundo ou\u00e7a no seu celular.","publisher":{"@id":"https:\/\/radioplanetasaudade.com.br\/#organization"},"potentialAction":[{"@type":"SearchAction","target":{"@type":"EntryPoint","urlTemplate":"https:\/\/radioplanetasaudade.com.br\/?s={search_term_string}"},"query-input":"required name=search_term_string"}],"inLanguage":"pt-BR"},{"@type":"Organization","@id":"https:\/\/radioplanetasaudade.com.br\/#organization","name":"R\u00e1dio Planeta Saudade","url":"https:\/\/radioplanetasaudade.com.br\/","logo":{"@type":"ImageObject","inLanguage":"pt-BR","@id":"https:\/\/radioplanetasaudade.com.br\/#\/schema\/logo\/image\/","url":"https:\/\/radioplanetasaudade.com.br\/wp-content\/uploads\/2023\/10\/capture-20230607-202153.png","contentUrl":"https:\/\/radioplanetasaudade.com.br\/wp-content\/uploads\/2023\/10\/capture-20230607-202153.png","width":1350,"height":358,"caption":"R\u00e1dio Planeta Saudade"},"image":{"@id":"https:\/\/radioplanetasaudade.com.br\/#\/schema\/logo\/image\/"}},{"@type":"Person","@id":"https:\/\/radioplanetasaudade.com.br\/#\/schema\/person\/1a6f6fc0d987819324e7ed417a1a6581","name":"Planeta Saudade","image":{"@type":"ImageObject","inLanguage":"pt-BR","@id":"https:\/\/radioplanetasaudade.com.br\/#\/schema\/person\/image\/","url":"https:\/\/secure.gravatar.com\/avatar\/a893d552ce4b2abfa845a62f8434cf31?s=96&d=mm&r=g","contentUrl":"https:\/\/secure.gravatar.com\/avatar\/a893d552ce4b2abfa845a62f8434cf31?s=96&d=mm&r=g","caption":"Planeta Saudade"},"sameAs":["https:\/\/radioplanetasaudade.com.br"],"url":"https:\/\/radioplanetasaudade.com.br\/index.php\/author\/wendelsantos4567\/"}]}},"_links":{"self":[{"href":"https:\/\/radioplanetasaudade.com.br\/index.php\/wp-json\/wp\/v2\/posts\/4035","targetHints":{"allow":["GET"]}}],"collection":[{"href":"https:\/\/radioplanetasaudade.com.br\/index.php\/wp-json\/wp\/v2\/posts"}],"about":[{"href":"https:\/\/radioplanetasaudade.com.br\/index.php\/wp-json\/wp\/v2\/types\/post"}],"author":[{"embeddable":true,"href":"https:\/\/radioplanetasaudade.com.br\/index.php\/wp-json\/wp\/v2\/users\/1"}],"replies":[{"embeddable":true,"href":"https:\/\/radioplanetasaudade.com.br\/index.php\/wp-json\/wp\/v2\/comments?post=4035"}],"version-history":[{"count":1,"href":"https:\/\/radioplanetasaudade.com.br\/index.php\/wp-json\/wp\/v2\/posts\/4035\/revisions"}],"predecessor-version":[{"id":4037,"href":"https:\/\/radioplanetasaudade.com.br\/index.php\/wp-json\/wp\/v2\/posts\/4035\/revisions\/4037"}],"wp:featuredmedia":[{"embeddable":true,"href":"https:\/\/radioplanetasaudade.com.br\/index.php\/wp-json\/wp\/v2\/media\/4036"}],"wp:attachment":[{"href":"https:\/\/radioplanetasaudade.com.br\/index.php\/wp-json\/wp\/v2\/media?parent=4035"}],"wp:term":[{"taxonomy":"category","embeddable":true,"href":"https:\/\/radioplanetasaudade.com.br\/index.php\/wp-json\/wp\/v2\/categories?post=4035"},{"taxonomy":"post_tag","embeddable":true,"href":"https:\/\/radioplanetasaudade.com.br\/index.php\/wp-json\/wp\/v2\/tags?post=4035"}],"curies":[{"name":"wp","href":"https:\/\/api.w.org\/{rel}","templated":true}]}}