{"id":4074,"date":"2025-05-19T12:56:28","date_gmt":"2025-05-19T15:56:28","guid":{"rendered":"https:\/\/radioplanetasaudade.com.br\/?p=4074"},"modified":"2025-05-19T13:04:05","modified_gmt":"2025-05-19T16:04:05","slug":"a-radio-planeta-saudade-esta-em-clima-de-celebracao","status":"publish","type":"post","link":"https:\/\/radioplanetasaudade.com.br\/index.php\/2025\/05\/19\/a-radio-planeta-saudade-esta-em-clima-de-celebracao\/","title":{"rendered":"A R\u00e1dio Planeta Saudade est\u00e1 em clima de celebra\u00e7\u00e3o!"},"content":{"rendered":"\n<p><strong>Hoje \u00e9 dia de homenagear o querido amigo e ouvinte F\u00e1bio Humberto Majeviski, l\u00e1 de Domingos Martins\/ES! <\/strong><img decoding=\"async\" height=\"16\" width=\"16\" src=\"https:\/\/static.xx.fbcdn.net\/images\/emoji.php\/v9\/te9\/1\/16\/1f496.png\" alt=\"\ud83d\udc96\"><\/p>\n\n\n<div class=\"wp-block-image\">\n<figure class=\"aligncenter size-large\"><img fetchpriority=\"high\" decoding=\"async\" width=\"1024\" height=\"1022\" src=\"https:\/\/radioplanetasaudade.com.br\/wp-content\/uploads\/2025\/05\/ANIVERSARIANTE-DO-DIA-1-1024x1022.jpg\" alt=\"\" class=\"wp-image-4078\" srcset=\"https:\/\/radioplanetasaudade.com.br\/wp-content\/uploads\/2025\/05\/ANIVERSARIANTE-DO-DIA-1-1024x1022.jpg 1024w, https:\/\/radioplanetasaudade.com.br\/wp-content\/uploads\/2025\/05\/ANIVERSARIANTE-DO-DIA-1-300x300.jpg 300w, https:\/\/radioplanetasaudade.com.br\/wp-content\/uploads\/2025\/05\/ANIVERSARIANTE-DO-DIA-1-150x150.jpg 150w, https:\/\/radioplanetasaudade.com.br\/wp-content\/uploads\/2025\/05\/ANIVERSARIANTE-DO-DIA-1-768x766.jpg 768w, https:\/\/radioplanetasaudade.com.br\/wp-content\/uploads\/2025\/05\/ANIVERSARIANTE-DO-DIA-1-1536x1533.jpg 1536w, https:\/\/radioplanetasaudade.com.br\/wp-content\/uploads\/2025\/05\/ANIVERSARIANTE-DO-DIA-1-2048x2044.jpg 2048w\" sizes=\"(max-width: 1024px) 100vw, 1024px\" \/><\/figure><\/div>\n\n\n<p>Que <a><\/a>esta data especial seja iluminada, repleta de paz, carinho e momentos inesquec\u00edveis!<\/p>\n\n\n\n<p>E que venha com sa\u00fade abundante, sonhos concretizados e alegrias sem fim.<\/p>\n\n\n\n<p>Sua energia ilumina nossa sintonia e somos gratos por sua presen\u00e7a t\u00e3o cativante! <img decoding=\"async\" height=\"16\" width=\"16\" alt=\"\ud83c\udf1f\" src=\"https:\/\/static.xx.fbcdn.net\/images\/emoji.php\/v9\/te0\/1\/16\/1f31f.png\"><\/p>\n\n\n\n<p>Sua participa\u00e7\u00e3o constante e \u00e9 um presente para todos n\u00f3s. Obrigado por compartilhar lembran\u00e7as, emo\u00e7\u00f5es e saudades que tocam o cora\u00e7\u00e3o de quem nos ouve.<\/p>\n\n\n\n<p>Com carinho da fam\u00edlia Planeta Saudade, enviamos um abra\u00e7o cheio de afeto e votos de felicidade.<\/p>\n\n\n\n<p>Que venham muitos anivers\u00e1rios incr\u00edveis, com m\u00fasica boa e alegria no ar! <img loading=\"lazy\" decoding=\"async\" height=\"16\" width=\"16\" alt=\"\ud83c\udf82\" src=\"https:\/\/static.xx.fbcdn.net\/images\/emoji.php\/v9\/t5\/1\/16\/1f382.png\"><img loading=\"lazy\" decoding=\"async\" height=\"16\" width=\"16\" alt=\"\ud83c\udf88\" src=\"https:\/\/static.xx.fbcdn.net\/images\/emoji.php\/v9\/tb\/1\/16\/1f388.png\"><img loading=\"lazy\" decoding=\"async\" height=\"16\" width=\"16\" alt=\"\ud83d\udcfb\" src=\"https:\/\/static.xx.fbcdn.net\/images\/emoji.php\/v9\/t8\/1\/16\/1f4fb.png\"><\/p>\n\n\n\n<p><a href=\"https:\/\/www.facebook.com\/hashtag\/felizanivers%C3%A1rio?__eep__=6&amp;__cft__[0]=AZU77Fu3jUTcs00_Ezl4ZQ4GlXhcyBCRTS4ppyR-bKsjomKyQUDrR5ThP2Yjec8RUl4PvgQa-JfpP2r0yrzOY2yi752niEHtEGstA7hElXIBajrJoBku3jfdVCLrUyEZWYT_Od-m3rOwt5z1jy9l5vBQ&amp;__tn__=*NK-R\">#FelizAnivers\u00e1rio<\/a><a href=\"https:\/\/www.facebook.com\/hashtag\/planetasaudade?__eep__=6&amp;__cft__[0]=AZU77Fu3jUTcs00_Ezl4ZQ4GlXhcyBCRTS4ppyR-bKsjomKyQUDrR5ThP2Yjec8RUl4PvgQa-JfpP2r0yrzOY2yi752niEHtEGstA7hElXIBajrJoBku3jfdVCLrUyEZWYT_Od-m3rOwt5z1jy9l5vBQ&amp;__tn__=*NK-R\">#PlanetaSaudade<\/a><a href=\"https:\/\/www.facebook.com\/hashtag\/f%C3%A1biomajeviski?__eep__=6&amp;__cft__[0]=AZU77Fu3jUTcs00_Ezl4ZQ4GlXhcyBCRTS4ppyR-bKsjomKyQUDrR5ThP2Yjec8RUl4PvgQa-JfpP2r0yrzOY2yi752niEHtEGstA7hElXIBajrJoBku3jfdVCLrUyEZWYT_Od-m3rOwt5z1jy9l5vBQ&amp;__tn__=*NK-R\">#F\u00e1bioMajeviski<\/a><a href=\"https:\/\/www.facebook.com\/hashtag\/domingosmartins?__eep__=6&amp;__cft__[0]=AZU77Fu3jUTcs00_Ezl4ZQ4GlXhcyBCRTS4ppyR-bKsjomKyQUDrR5ThP2Yjec8RUl4PvgQa-JfpP2r0yrzOY2yi752niEHtEGstA7hElXIBajrJoBku3jfdVCLrUyEZWYT_Od-m3rOwt5z1jy9l5vBQ&amp;__tn__=*NK-R\">#DomingosMartins<\/a><a href=\"https:\/\/www.facebook.com\/hashtag\/gratid%C3%A3o?__eep__=6&amp;__cft__[0]=AZU77Fu3jUTcs00_Ezl4ZQ4GlXhcyBCRTS4ppyR-bKsjomKyQUDrR5ThP2Yjec8RUl4PvgQa-JfpP2r0yrzOY2yi752niEHtEGstA7hElXIBajrJoBku3jfdVCLrUyEZWYT_Od-m3rOwt5z1jy9l5vBQ&amp;__tn__=*NK-R\">#Gratid\u00e3o<\/a><a href=\"https:\/\/www.facebook.com\/hashtag\/r%C3%A1diocomamor?__eep__=6&amp;__cft__[0]=AZU77Fu3jUTcs00_Ezl4ZQ4GlXhcyBCRTS4ppyR-bKsjomKyQUDrR5ThP2Yjec8RUl4PvgQa-JfpP2r0yrzOY2yi752niEHtEGstA7hElXIBajrJoBku3jfdVCLrUyEZWYT_Od-m3rOwt5z1jy9l5vBQ&amp;__tn__=*NK-R\">#R\u00e1dioComAmor<\/a><\/p>\n","protected":false},"excerpt":{"rendered":"<p>Hoje \u00e9 dia de homenagear o querido amigo e ouvinte F\u00e1bio Humberto Majeviski, l\u00e1 de&#8230;<\/p>\n","protected":false},"author":1,"featured_media":4075,"comment_status":"open","ping_status":"open","sticky":false,"template":"","format":"standard","meta":{"footnotes":""},"categories":[1706],"tags":[119,118,120,121,117,561,562,116,99],"class_list":["post-4074","post","type-post","status-publish","format-standard","has-post-thumbnail","hentry","category-ouvinte-aniversariante","tag-anos-70","tag-anos-80","tag-anos-90","tag-baixe-nosso-app","tag-flashaback","tag-ouvir","tag-ouvir-radio","tag-radio","tag-radio-planeta-saudade"],"yoast_head":"<!-- This site is optimized with the Yoast SEO plugin v21.3 - https:\/\/yoast.com\/wordpress\/plugins\/seo\/ -->\n<title>A R\u00e1dio Planeta Saudade est\u00e1 em clima de celebra\u00e7\u00e3o! - R\u00c1DIO PLANETA SAUDADE<\/title>\n<meta name=\"robots\" content=\"index, follow, max-snippet:-1, max-image-preview:large, max-video-preview:-1\" \/>\n<link rel=\"canonical\" href=\"https:\/\/radioplanetasaudade.com.br\/index.php\/2025\/05\/19\/a-radio-planeta-saudade-esta-em-clima-de-celebracao\/\" \/>\n<meta property=\"og:locale\" content=\"pt_BR\" \/>\n<meta property=\"og:type\" content=\"article\" \/>\n<meta property=\"og:title\" content=\"A R\u00e1dio Planeta Saudade est\u00e1 em clima de celebra\u00e7\u00e3o! - R\u00c1DIO PLANETA SAUDADE\" \/>\n<meta property=\"og:description\" content=\"Hoje \u00e9 dia de homenagear o querido amigo e ouvinte F\u00e1bio Humberto Majeviski, l\u00e1 de...\" \/>\n<meta property=\"og:url\" content=\"https:\/\/radioplanetasaudade.com.br\/index.php\/2025\/05\/19\/a-radio-planeta-saudade-esta-em-clima-de-celebracao\/\" \/>\n<meta property=\"og:site_name\" content=\"R\u00c1DIO PLANETA SAUDADE\" \/>\n<meta property=\"article:published_time\" content=\"2025-05-19T15:56:28+00:00\" \/>\n<meta property=\"article:modified_time\" content=\"2025-05-19T16:04:05+00:00\" \/>\n<meta property=\"og:image\" content=\"https:\/\/radioplanetasaudade.com.br\/wp-content\/uploads\/2025\/05\/ANIVERSARIANTE-DO-DIA-scaled.jpg\" \/>\n\t<meta property=\"og:image:width\" content=\"2560\" \/>\n\t<meta property=\"og:image:height\" content=\"2555\" \/>\n\t<meta property=\"og:image:type\" content=\"image\/jpeg\" \/>\n<meta name=\"author\" content=\"Planeta Saudade\" \/>\n<meta name=\"twitter:card\" content=\"summary_large_image\" \/>\n<meta name=\"twitter:label1\" content=\"Escrito por\" \/>\n\t<meta name=\"twitter:data1\" content=\"Planeta Saudade\" \/>\n\t<meta name=\"twitter:label2\" content=\"Est. tempo de leitura\" \/>\n\t<meta name=\"twitter:data2\" content=\"2 minutos\" \/>\n<script type=\"application\/ld+json\" class=\"yoast-schema-graph\">{\"@context\":\"https:\/\/schema.org\",\"@graph\":[{\"@type\":\"Article\",\"@id\":\"https:\/\/radioplanetasaudade.com.br\/index.php\/2025\/05\/19\/a-radio-planeta-saudade-esta-em-clima-de-celebracao\/#article\",\"isPartOf\":{\"@id\":\"https:\/\/radioplanetasaudade.com.br\/index.php\/2025\/05\/19\/a-radio-planeta-saudade-esta-em-clima-de-celebracao\/\"},\"author\":{\"name\":\"Planeta Saudade\",\"@id\":\"https:\/\/radioplanetasaudade.com.br\/#\/schema\/person\/1a6f6fc0d987819324e7ed417a1a6581\"},\"headline\":\"A R\u00e1dio Planeta Saudade est\u00e1 em clima de celebra\u00e7\u00e3o!\",\"datePublished\":\"2025-05-19T15:56:28+00:00\",\"dateModified\":\"2025-05-19T16:04:05+00:00\",\"mainEntityOfPage\":{\"@id\":\"https:\/\/radioplanetasaudade.com.br\/index.php\/2025\/05\/19\/a-radio-planeta-saudade-esta-em-clima-de-celebracao\/\"},\"wordCount\":143,\"commentCount\":0,\"publisher\":{\"@id\":\"https:\/\/radioplanetasaudade.com.br\/#organization\"},\"keywords\":[\"Anos 70\",\"Anos 80\",\"Anos 90\",\"Baixe nosso App\",\"Flashaback\",\"Ouvir\",\"Ouvir r\u00e1dio\",\"R\u00e1dio\",\"R\u00e1dio Planeta Saudade\"],\"articleSection\":[\"OUVINTE ANIVERSARIANTE\"],\"inLanguage\":\"pt-BR\",\"potentialAction\":[{\"@type\":\"CommentAction\",\"name\":\"Comment\",\"target\":[\"https:\/\/radioplanetasaudade.com.br\/index.php\/2025\/05\/19\/a-radio-planeta-saudade-esta-em-clima-de-celebracao\/#respond\"]}]},{\"@type\":\"WebPage\",\"@id\":\"https:\/\/radioplanetasaudade.com.br\/index.php\/2025\/05\/19\/a-radio-planeta-saudade-esta-em-clima-de-celebracao\/\",\"url\":\"https:\/\/radioplanetasaudade.com.br\/index.php\/2025\/05\/19\/a-radio-planeta-saudade-esta-em-clima-de-celebracao\/\",\"name\":\"A R\u00e1dio Planeta Saudade est\u00e1 em clima de celebra\u00e7\u00e3o! - R\u00c1DIO PLANETA SAUDADE\",\"isPartOf\":{\"@id\":\"https:\/\/radioplanetasaudade.com.br\/#website\"},\"datePublished\":\"2025-05-19T15:56:28+00:00\",\"dateModified\":\"2025-05-19T16:04:05+00:00\",\"breadcrumb\":{\"@id\":\"https:\/\/radioplanetasaudade.com.br\/index.php\/2025\/05\/19\/a-radio-planeta-saudade-esta-em-clima-de-celebracao\/#breadcrumb\"},\"inLanguage\":\"pt-BR\",\"potentialAction\":[{\"@type\":\"ReadAction\",\"target\":[\"https:\/\/radioplanetasaudade.com.br\/index.php\/2025\/05\/19\/a-radio-planeta-saudade-esta-em-clima-de-celebracao\/\"]}]},{\"@type\":\"BreadcrumbList\",\"@id\":\"https:\/\/radioplanetasaudade.com.br\/index.php\/2025\/05\/19\/a-radio-planeta-saudade-esta-em-clima-de-celebracao\/#breadcrumb\",\"itemListElement\":[{\"@type\":\"ListItem\",\"position\":1,\"name\":\"In\u00edcio\",\"item\":\"https:\/\/radioplanetasaudade.com.br\/\"},{\"@type\":\"ListItem\",\"position\":2,\"name\":\"A R\u00e1dio Planeta Saudade est\u00e1 em clima de celebra\u00e7\u00e3o!\"}]},{\"@type\":\"WebSite\",\"@id\":\"https:\/\/radioplanetasaudade.com.br\/#website\",\"url\":\"https:\/\/radioplanetasaudade.com.br\/\",\"name\":\"R\u00e1dio Planeta Saudade\",\"description\":\"Relembrando grandes sucessos musicais e informando sobre os maiores artistas do mundo ou\u00e7a no seu celular.\",\"publisher\":{\"@id\":\"https:\/\/radioplanetasaudade.com.br\/#organization\"},\"potentialAction\":[{\"@type\":\"SearchAction\",\"target\":{\"@type\":\"EntryPoint\",\"urlTemplate\":\"https:\/\/radioplanetasaudade.com.br\/?s={search_term_string}\"},\"query-input\":\"required name=search_term_string\"}],\"inLanguage\":\"pt-BR\"},{\"@type\":\"Organization\",\"@id\":\"https:\/\/radioplanetasaudade.com.br\/#organization\",\"name\":\"R\u00e1dio Planeta Saudade\",\"url\":\"https:\/\/radioplanetasaudade.com.br\/\",\"logo\":{\"@type\":\"ImageObject\",\"inLanguage\":\"pt-BR\",\"@id\":\"https:\/\/radioplanetasaudade.com.br\/#\/schema\/logo\/image\/\",\"url\":\"https:\/\/radioplanetasaudade.com.br\/wp-content\/uploads\/2023\/10\/capture-20230607-202153.png\",\"contentUrl\":\"https:\/\/radioplanetasaudade.com.br\/wp-content\/uploads\/2023\/10\/capture-20230607-202153.png\",\"width\":1350,\"height\":358,\"caption\":\"R\u00e1dio Planeta Saudade\"},\"image\":{\"@id\":\"https:\/\/radioplanetasaudade.com.br\/#\/schema\/logo\/image\/\"}},{\"@type\":\"Person\",\"@id\":\"https:\/\/radioplanetasaudade.com.br\/#\/schema\/person\/1a6f6fc0d987819324e7ed417a1a6581\",\"name\":\"Planeta Saudade\",\"image\":{\"@type\":\"ImageObject\",\"inLanguage\":\"pt-BR\",\"@id\":\"https:\/\/radioplanetasaudade.com.br\/#\/schema\/person\/image\/\",\"url\":\"https:\/\/secure.gravatar.com\/avatar\/a893d552ce4b2abfa845a62f8434cf31?s=96&d=mm&r=g\",\"contentUrl\":\"https:\/\/secure.gravatar.com\/avatar\/a893d552ce4b2abfa845a62f8434cf31?s=96&d=mm&r=g\",\"caption\":\"Planeta Saudade\"},\"sameAs\":[\"https:\/\/radioplanetasaudade.com.br\"],\"url\":\"https:\/\/radioplanetasaudade.com.br\/index.php\/author\/wendelsantos4567\/\"}]}<\/script>\n<!-- \/ Yoast SEO plugin. -->","yoast_head_json":{"title":"A R\u00e1dio Planeta Saudade est\u00e1 em clima de celebra\u00e7\u00e3o! - R\u00c1DIO PLANETA SAUDADE","robots":{"index":"index","follow":"follow","max-snippet":"max-snippet:-1","max-image-preview":"max-image-preview:large","max-video-preview":"max-video-preview:-1"},"canonical":"https:\/\/radioplanetasaudade.com.br\/index.php\/2025\/05\/19\/a-radio-planeta-saudade-esta-em-clima-de-celebracao\/","og_locale":"pt_BR","og_type":"article","og_title":"A R\u00e1dio Planeta Saudade est\u00e1 em clima de celebra\u00e7\u00e3o! - R\u00c1DIO PLANETA SAUDADE","og_description":"Hoje \u00e9 dia de homenagear o querido amigo e ouvinte F\u00e1bio Humberto Majeviski, l\u00e1 de...","og_url":"https:\/\/radioplanetasaudade.com.br\/index.php\/2025\/05\/19\/a-radio-planeta-saudade-esta-em-clima-de-celebracao\/","og_site_name":"R\u00c1DIO PLANETA SAUDADE","article_published_time":"2025-05-19T15:56:28+00:00","article_modified_time":"2025-05-19T16:04:05+00:00","og_image":[{"width":2560,"height":2555,"url":"https:\/\/radioplanetasaudade.com.br\/wp-content\/uploads\/2025\/05\/ANIVERSARIANTE-DO-DIA-scaled.jpg","type":"image\/jpeg"}],"author":"Planeta Saudade","twitter_card":"summary_large_image","twitter_misc":{"Escrito por":"Planeta Saudade","Est. tempo de leitura":"2 minutos"},"schema":{"@context":"https:\/\/schema.org","@graph":[{"@type":"Article","@id":"https:\/\/radioplanetasaudade.com.br\/index.php\/2025\/05\/19\/a-radio-planeta-saudade-esta-em-clima-de-celebracao\/#article","isPartOf":{"@id":"https:\/\/radioplanetasaudade.com.br\/index.php\/2025\/05\/19\/a-radio-planeta-saudade-esta-em-clima-de-celebracao\/"},"author":{"name":"Planeta Saudade","@id":"https:\/\/radioplanetasaudade.com.br\/#\/schema\/person\/1a6f6fc0d987819324e7ed417a1a6581"},"headline":"A R\u00e1dio Planeta Saudade est\u00e1 em clima de celebra\u00e7\u00e3o!","datePublished":"2025-05-19T15:56:28+00:00","dateModified":"2025-05-19T16:04:05+00:00","mainEntityOfPage":{"@id":"https:\/\/radioplanetasaudade.com.br\/index.php\/2025\/05\/19\/a-radio-planeta-saudade-esta-em-clima-de-celebracao\/"},"wordCount":143,"commentCount":0,"publisher":{"@id":"https:\/\/radioplanetasaudade.com.br\/#organization"},"keywords":["Anos 70","Anos 80","Anos 90","Baixe nosso App","Flashaback","Ouvir","Ouvir r\u00e1dio","R\u00e1dio","R\u00e1dio Planeta Saudade"],"articleSection":["OUVINTE ANIVERSARIANTE"],"inLanguage":"pt-BR","potentialAction":[{"@type":"CommentAction","name":"Comment","target":["https:\/\/radioplanetasaudade.com.br\/index.php\/2025\/05\/19\/a-radio-planeta-saudade-esta-em-clima-de-celebracao\/#respond"]}]},{"@type":"WebPage","@id":"https:\/\/radioplanetasaudade.com.br\/index.php\/2025\/05\/19\/a-radio-planeta-saudade-esta-em-clima-de-celebracao\/","url":"https:\/\/radioplanetasaudade.com.br\/index.php\/2025\/05\/19\/a-radio-planeta-saudade-esta-em-clima-de-celebracao\/","name":"A R\u00e1dio Planeta Saudade est\u00e1 em clima de celebra\u00e7\u00e3o! - R\u00c1DIO PLANETA SAUDADE","isPartOf":{"@id":"https:\/\/radioplanetasaudade.com.br\/#website"},"datePublished":"2025-05-19T15:56:28+00:00","dateModified":"2025-05-19T16:04:05+00:00","breadcrumb":{"@id":"https:\/\/radioplanetasaudade.com.br\/index.php\/2025\/05\/19\/a-radio-planeta-saudade-esta-em-clima-de-celebracao\/#breadcrumb"},"inLanguage":"pt-BR","potentialAction":[{"@type":"ReadAction","target":["https:\/\/radioplanetasaudade.com.br\/index.php\/2025\/05\/19\/a-radio-planeta-saudade-esta-em-clima-de-celebracao\/"]}]},{"@type":"BreadcrumbList","@id":"https:\/\/radioplanetasaudade.com.br\/index.php\/2025\/05\/19\/a-radio-planeta-saudade-esta-em-clima-de-celebracao\/#breadcrumb","itemListElement":[{"@type":"ListItem","position":1,"name":"In\u00edcio","item":"https:\/\/radioplanetasaudade.com.br\/"},{"@type":"ListItem","position":2,"name":"A R\u00e1dio Planeta Saudade est\u00e1 em clima de celebra\u00e7\u00e3o!"}]},{"@type":"WebSite","@id":"https:\/\/radioplanetasaudade.com.br\/#website","url":"https:\/\/radioplanetasaudade.com.br\/","name":"R\u00e1dio Planeta Saudade","description":"Relembrando grandes sucessos musicais e informando sobre os maiores artistas do mundo ou\u00e7a no seu celular.","publisher":{"@id":"https:\/\/radioplanetasaudade.com.br\/#organization"},"potentialAction":[{"@type":"SearchAction","target":{"@type":"EntryPoint","urlTemplate":"https:\/\/radioplanetasaudade.com.br\/?s={search_term_string}"},"query-input":"required name=search_term_string"}],"inLanguage":"pt-BR"},{"@type":"Organization","@id":"https:\/\/radioplanetasaudade.com.br\/#organization","name":"R\u00e1dio Planeta Saudade","url":"https:\/\/radioplanetasaudade.com.br\/","logo":{"@type":"ImageObject","inLanguage":"pt-BR","@id":"https:\/\/radioplanetasaudade.com.br\/#\/schema\/logo\/image\/","url":"https:\/\/radioplanetasaudade.com.br\/wp-content\/uploads\/2023\/10\/capture-20230607-202153.png","contentUrl":"https:\/\/radioplanetasaudade.com.br\/wp-content\/uploads\/2023\/10\/capture-20230607-202153.png","width":1350,"height":358,"caption":"R\u00e1dio Planeta Saudade"},"image":{"@id":"https:\/\/radioplanetasaudade.com.br\/#\/schema\/logo\/image\/"}},{"@type":"Person","@id":"https:\/\/radioplanetasaudade.com.br\/#\/schema\/person\/1a6f6fc0d987819324e7ed417a1a6581","name":"Planeta Saudade","image":{"@type":"ImageObject","inLanguage":"pt-BR","@id":"https:\/\/radioplanetasaudade.com.br\/#\/schema\/person\/image\/","url":"https:\/\/secure.gravatar.com\/avatar\/a893d552ce4b2abfa845a62f8434cf31?s=96&d=mm&r=g","contentUrl":"https:\/\/secure.gravatar.com\/avatar\/a893d552ce4b2abfa845a62f8434cf31?s=96&d=mm&r=g","caption":"Planeta Saudade"},"sameAs":["https:\/\/radioplanetasaudade.com.br"],"url":"https:\/\/radioplanetasaudade.com.br\/index.php\/author\/wendelsantos4567\/"}]}},"_links":{"self":[{"href":"https:\/\/radioplanetasaudade.com.br\/index.php\/wp-json\/wp\/v2\/posts\/4074","targetHints":{"allow":["GET"]}}],"collection":[{"href":"https:\/\/radioplanetasaudade.com.br\/index.php\/wp-json\/wp\/v2\/posts"}],"about":[{"href":"https:\/\/radioplanetasaudade.com.br\/index.php\/wp-json\/wp\/v2\/types\/post"}],"author":[{"embeddable":true,"href":"https:\/\/radioplanetasaudade.com.br\/index.php\/wp-json\/wp\/v2\/users\/1"}],"replies":[{"embeddable":true,"href":"https:\/\/radioplanetasaudade.com.br\/index.php\/wp-json\/wp\/v2\/comments?post=4074"}],"version-history":[{"count":2,"href":"https:\/\/radioplanetasaudade.com.br\/index.php\/wp-json\/wp\/v2\/posts\/4074\/revisions"}],"predecessor-version":[{"id":4080,"href":"https:\/\/radioplanetasaudade.com.br\/index.php\/wp-json\/wp\/v2\/posts\/4074\/revisions\/4080"}],"wp:featuredmedia":[{"embeddable":true,"href":"https:\/\/radioplanetasaudade.com.br\/index.php\/wp-json\/wp\/v2\/media\/4075"}],"wp:attachment":[{"href":"https:\/\/radioplanetasaudade.com.br\/index.php\/wp-json\/wp\/v2\/media?parent=4074"}],"wp:term":[{"taxonomy":"category","embeddable":true,"href":"https:\/\/radioplanetasaudade.com.br\/index.php\/wp-json\/wp\/v2\/categories?post=4074"},{"taxonomy":"post_tag","embeddable":true,"href":"https:\/\/radioplanetasaudade.com.br\/index.php\/wp-json\/wp\/v2\/tags?post=4074"}],"curies":[{"name":"wp","href":"https:\/\/api.w.org\/{rel}","templated":true}]}}