{"id":466,"date":"2023-11-15T12:26:12","date_gmt":"2023-11-15T15:26:12","guid":{"rendered":"https:\/\/radioplanetasaudade.com.br\/?p=466"},"modified":"2023-11-15T12:27:42","modified_gmt":"2023-11-15T15:27:42","slug":"alanis-morissette-desde-de-1995-no-topo-das-paradas-de-sucesso","status":"publish","type":"post","link":"https:\/\/radioplanetasaudade.com.br\/index.php\/2023\/11\/15\/alanis-morissette-desde-de-1995-no-topo-das-paradas-de-sucesso\/","title":{"rendered":"Alanis Morissette desde de 1995 no topo das paradas de sucesso"},"content":{"rendered":"\n<p><\/p>\n\n\n\n<p><strong>Em junho de 1995, a carreira de Alanis Morissette mudou para sempre. Naquele per\u00edodo, a cantora disponibilizou seu terceiro \u00e1lbum de est\u00fadio, \u201cJagged Little Pill\u201d, que inclui os seus maiores sucessos at\u00e9 hoje e que consolidou sua m\u00fasica mundo afora. N\u00e3o \u00e9 \u00e0 toa que \u00e9 considerado pela revista Rolling Stone o 69\u00b0 melhor disco da hist\u00f3ria.<\/strong><\/p>\n\n\n\n<p><\/p>\n\n\n\n<p><strong>A cantora decidiu marcar os 25 anos do trabalho com uma turn\u00ea &#8211; realizada com certo \u201catraso\u201d devido \u00e0 pandemia. Na \u00faltima ter\u00e7a-feira (14), a artista voltou ao Brasil pela primeira vez desde 2012 e trouxe seu show comemorativo para S\u00e3o Paulo, no Allianz Parque, onde cantou para um est\u00e1dio completamente lotado e sedento.<\/strong><\/p>\n\n\n\n<p><strong>Sorridente, hiperativa e dona de uma voz poderosa, Alanis mostrou porque, mesmo tanto tempo depois, seu trabalho continua relevante.<\/strong><\/p>\n","protected":false},"excerpt":{"rendered":"<p>Em junho de 1995, a carreira de Alanis Morissette mudou para sempre. Naquele per\u00edodo, a&#8230;<\/p>\n","protected":false},"author":1,"featured_media":470,"comment_status":"open","ping_status":"open","sticky":false,"template":"","format":"standard","meta":{"footnotes":""},"categories":[20],"tags":[131,119,118,120,117,116],"class_list":["post-466","post","type-post","status-publish","format-standard","has-post-thumbnail","hentry","category-cantoras","tag-alanis-morrissete","tag-anos-70","tag-anos-80","tag-anos-90","tag-flashaback","tag-radio"],"yoast_head":"<!-- This site is optimized with the Yoast SEO plugin v21.3 - https:\/\/yoast.com\/wordpress\/plugins\/seo\/ -->\n<title>Alanis Morissette desde de 1995 no topo das paradas de sucesso - R\u00c1DIO PLANETA SAUDADE<\/title>\n<meta name=\"robots\" content=\"index, follow, max-snippet:-1, max-image-preview:large, max-video-preview:-1\" \/>\n<link rel=\"canonical\" href=\"https:\/\/radioplanetasaudade.com.br\/index.php\/2023\/11\/15\/alanis-morissette-desde-de-1995-no-topo-das-paradas-de-sucesso\/\" \/>\n<meta property=\"og:locale\" content=\"pt_BR\" \/>\n<meta property=\"og:type\" content=\"article\" \/>\n<meta property=\"og:title\" content=\"Alanis Morissette desde de 1995 no topo das paradas de sucesso - R\u00c1DIO PLANETA SAUDADE\" \/>\n<meta property=\"og:description\" content=\"Em junho de 1995, a carreira de Alanis Morissette mudou para sempre. Naquele per\u00edodo, a...\" \/>\n<meta property=\"og:url\" content=\"https:\/\/radioplanetasaudade.com.br\/index.php\/2023\/11\/15\/alanis-morissette-desde-de-1995-no-topo-das-paradas-de-sucesso\/\" \/>\n<meta property=\"og:site_name\" content=\"R\u00c1DIO PLANETA SAUDADE\" \/>\n<meta property=\"article:published_time\" content=\"2023-11-15T15:26:12+00:00\" \/>\n<meta property=\"article:modified_time\" content=\"2023-11-15T15:27:42+00:00\" \/>\n<meta property=\"og:image\" content=\"https:\/\/radioplanetasaudade.com.br\/wp-content\/uploads\/2023\/11\/1700010022655418269a21e_1700010022_3x2_md.jpg\" \/>\n\t<meta property=\"og:image:width\" content=\"768\" \/>\n\t<meta property=\"og:image:height\" content=\"512\" \/>\n\t<meta property=\"og:image:type\" content=\"image\/jpeg\" \/>\n<meta name=\"author\" content=\"Planeta Saudade\" \/>\n<meta name=\"twitter:card\" content=\"summary_large_image\" \/>\n<meta name=\"twitter:label1\" content=\"Escrito por\" \/>\n\t<meta name=\"twitter:data1\" content=\"Planeta Saudade\" \/>\n\t<meta name=\"twitter:label2\" content=\"Est. tempo de leitura\" \/>\n\t<meta name=\"twitter:data2\" content=\"1 minuto\" \/>\n<script type=\"application\/ld+json\" class=\"yoast-schema-graph\">{\"@context\":\"https:\/\/schema.org\",\"@graph\":[{\"@type\":\"Article\",\"@id\":\"https:\/\/radioplanetasaudade.com.br\/index.php\/2023\/11\/15\/alanis-morissette-desde-de-1995-no-topo-das-paradas-de-sucesso\/#article\",\"isPartOf\":{\"@id\":\"https:\/\/radioplanetasaudade.com.br\/index.php\/2023\/11\/15\/alanis-morissette-desde-de-1995-no-topo-das-paradas-de-sucesso\/\"},\"author\":{\"name\":\"Planeta Saudade\",\"@id\":\"https:\/\/radioplanetasaudade.com.br\/#\/schema\/person\/1a6f6fc0d987819324e7ed417a1a6581\"},\"headline\":\"Alanis Morissette desde de 1995 no topo das paradas de sucesso\",\"datePublished\":\"2023-11-15T15:26:12+00:00\",\"dateModified\":\"2023-11-15T15:27:42+00:00\",\"mainEntityOfPage\":{\"@id\":\"https:\/\/radioplanetasaudade.com.br\/index.php\/2023\/11\/15\/alanis-morissette-desde-de-1995-no-topo-das-paradas-de-sucesso\/\"},\"wordCount\":139,\"commentCount\":0,\"publisher\":{\"@id\":\"https:\/\/radioplanetasaudade.com.br\/#organization\"},\"keywords\":[\"Alanis Morrissete\",\"Anos 70\",\"Anos 80\",\"Anos 90\",\"Flashaback\",\"R\u00e1dio\"],\"articleSection\":[\"CANTORAS\"],\"inLanguage\":\"pt-BR\",\"potentialAction\":[{\"@type\":\"CommentAction\",\"name\":\"Comment\",\"target\":[\"https:\/\/radioplanetasaudade.com.br\/index.php\/2023\/11\/15\/alanis-morissette-desde-de-1995-no-topo-das-paradas-de-sucesso\/#respond\"]}]},{\"@type\":\"WebPage\",\"@id\":\"https:\/\/radioplanetasaudade.com.br\/index.php\/2023\/11\/15\/alanis-morissette-desde-de-1995-no-topo-das-paradas-de-sucesso\/\",\"url\":\"https:\/\/radioplanetasaudade.com.br\/index.php\/2023\/11\/15\/alanis-morissette-desde-de-1995-no-topo-das-paradas-de-sucesso\/\",\"name\":\"Alanis Morissette desde de 1995 no topo das paradas de sucesso - R\u00c1DIO PLANETA SAUDADE\",\"isPartOf\":{\"@id\":\"https:\/\/radioplanetasaudade.com.br\/#website\"},\"datePublished\":\"2023-11-15T15:26:12+00:00\",\"dateModified\":\"2023-11-15T15:27:42+00:00\",\"breadcrumb\":{\"@id\":\"https:\/\/radioplanetasaudade.com.br\/index.php\/2023\/11\/15\/alanis-morissette-desde-de-1995-no-topo-das-paradas-de-sucesso\/#breadcrumb\"},\"inLanguage\":\"pt-BR\",\"potentialAction\":[{\"@type\":\"ReadAction\",\"target\":[\"https:\/\/radioplanetasaudade.com.br\/index.php\/2023\/11\/15\/alanis-morissette-desde-de-1995-no-topo-das-paradas-de-sucesso\/\"]}]},{\"@type\":\"BreadcrumbList\",\"@id\":\"https:\/\/radioplanetasaudade.com.br\/index.php\/2023\/11\/15\/alanis-morissette-desde-de-1995-no-topo-das-paradas-de-sucesso\/#breadcrumb\",\"itemListElement\":[{\"@type\":\"ListItem\",\"position\":1,\"name\":\"In\u00edcio\",\"item\":\"https:\/\/radioplanetasaudade.com.br\/\"},{\"@type\":\"ListItem\",\"position\":2,\"name\":\"Alanis Morissette desde de 1995 no topo das paradas de sucesso\"}]},{\"@type\":\"WebSite\",\"@id\":\"https:\/\/radioplanetasaudade.com.br\/#website\",\"url\":\"https:\/\/radioplanetasaudade.com.br\/\",\"name\":\"R\u00e1dio Planeta Saudade\",\"description\":\"Relembrando grandes sucessos musicais e informando sobre os maiores artistas do mundo ou\u00e7a no seu celular.\",\"publisher\":{\"@id\":\"https:\/\/radioplanetasaudade.com.br\/#organization\"},\"potentialAction\":[{\"@type\":\"SearchAction\",\"target\":{\"@type\":\"EntryPoint\",\"urlTemplate\":\"https:\/\/radioplanetasaudade.com.br\/?s={search_term_string}\"},\"query-input\":\"required name=search_term_string\"}],\"inLanguage\":\"pt-BR\"},{\"@type\":\"Organization\",\"@id\":\"https:\/\/radioplanetasaudade.com.br\/#organization\",\"name\":\"R\u00e1dio Planeta Saudade\",\"url\":\"https:\/\/radioplanetasaudade.com.br\/\",\"logo\":{\"@type\":\"ImageObject\",\"inLanguage\":\"pt-BR\",\"@id\":\"https:\/\/radioplanetasaudade.com.br\/#\/schema\/logo\/image\/\",\"url\":\"https:\/\/radioplanetasaudade.com.br\/wp-content\/uploads\/2023\/10\/capture-20230607-202153.png\",\"contentUrl\":\"https:\/\/radioplanetasaudade.com.br\/wp-content\/uploads\/2023\/10\/capture-20230607-202153.png\",\"width\":1350,\"height\":358,\"caption\":\"R\u00e1dio Planeta Saudade\"},\"image\":{\"@id\":\"https:\/\/radioplanetasaudade.com.br\/#\/schema\/logo\/image\/\"}},{\"@type\":\"Person\",\"@id\":\"https:\/\/radioplanetasaudade.com.br\/#\/schema\/person\/1a6f6fc0d987819324e7ed417a1a6581\",\"name\":\"Planeta Saudade\",\"image\":{\"@type\":\"ImageObject\",\"inLanguage\":\"pt-BR\",\"@id\":\"https:\/\/radioplanetasaudade.com.br\/#\/schema\/person\/image\/\",\"url\":\"https:\/\/secure.gravatar.com\/avatar\/a893d552ce4b2abfa845a62f8434cf31?s=96&d=mm&r=g\",\"contentUrl\":\"https:\/\/secure.gravatar.com\/avatar\/a893d552ce4b2abfa845a62f8434cf31?s=96&d=mm&r=g\",\"caption\":\"Planeta Saudade\"},\"sameAs\":[\"https:\/\/radioplanetasaudade.com.br\"],\"url\":\"https:\/\/radioplanetasaudade.com.br\/index.php\/author\/wendelsantos4567\/\"}]}<\/script>\n<!-- \/ Yoast SEO plugin. -->","yoast_head_json":{"title":"Alanis Morissette desde de 1995 no topo das paradas de sucesso - R\u00c1DIO PLANETA SAUDADE","robots":{"index":"index","follow":"follow","max-snippet":"max-snippet:-1","max-image-preview":"max-image-preview:large","max-video-preview":"max-video-preview:-1"},"canonical":"https:\/\/radioplanetasaudade.com.br\/index.php\/2023\/11\/15\/alanis-morissette-desde-de-1995-no-topo-das-paradas-de-sucesso\/","og_locale":"pt_BR","og_type":"article","og_title":"Alanis Morissette desde de 1995 no topo das paradas de sucesso - R\u00c1DIO PLANETA SAUDADE","og_description":"Em junho de 1995, a carreira de Alanis Morissette mudou para sempre. Naquele per\u00edodo, a...","og_url":"https:\/\/radioplanetasaudade.com.br\/index.php\/2023\/11\/15\/alanis-morissette-desde-de-1995-no-topo-das-paradas-de-sucesso\/","og_site_name":"R\u00c1DIO PLANETA SAUDADE","article_published_time":"2023-11-15T15:26:12+00:00","article_modified_time":"2023-11-15T15:27:42+00:00","og_image":[{"width":768,"height":512,"url":"https:\/\/radioplanetasaudade.com.br\/wp-content\/uploads\/2023\/11\/1700010022655418269a21e_1700010022_3x2_md.jpg","type":"image\/jpeg"}],"author":"Planeta Saudade","twitter_card":"summary_large_image","twitter_misc":{"Escrito por":"Planeta Saudade","Est. tempo de leitura":"1 minuto"},"schema":{"@context":"https:\/\/schema.org","@graph":[{"@type":"Article","@id":"https:\/\/radioplanetasaudade.com.br\/index.php\/2023\/11\/15\/alanis-morissette-desde-de-1995-no-topo-das-paradas-de-sucesso\/#article","isPartOf":{"@id":"https:\/\/radioplanetasaudade.com.br\/index.php\/2023\/11\/15\/alanis-morissette-desde-de-1995-no-topo-das-paradas-de-sucesso\/"},"author":{"name":"Planeta Saudade","@id":"https:\/\/radioplanetasaudade.com.br\/#\/schema\/person\/1a6f6fc0d987819324e7ed417a1a6581"},"headline":"Alanis Morissette desde de 1995 no topo das paradas de sucesso","datePublished":"2023-11-15T15:26:12+00:00","dateModified":"2023-11-15T15:27:42+00:00","mainEntityOfPage":{"@id":"https:\/\/radioplanetasaudade.com.br\/index.php\/2023\/11\/15\/alanis-morissette-desde-de-1995-no-topo-das-paradas-de-sucesso\/"},"wordCount":139,"commentCount":0,"publisher":{"@id":"https:\/\/radioplanetasaudade.com.br\/#organization"},"keywords":["Alanis Morrissete","Anos 70","Anos 80","Anos 90","Flashaback","R\u00e1dio"],"articleSection":["CANTORAS"],"inLanguage":"pt-BR","potentialAction":[{"@type":"CommentAction","name":"Comment","target":["https:\/\/radioplanetasaudade.com.br\/index.php\/2023\/11\/15\/alanis-morissette-desde-de-1995-no-topo-das-paradas-de-sucesso\/#respond"]}]},{"@type":"WebPage","@id":"https:\/\/radioplanetasaudade.com.br\/index.php\/2023\/11\/15\/alanis-morissette-desde-de-1995-no-topo-das-paradas-de-sucesso\/","url":"https:\/\/radioplanetasaudade.com.br\/index.php\/2023\/11\/15\/alanis-morissette-desde-de-1995-no-topo-das-paradas-de-sucesso\/","name":"Alanis Morissette desde de 1995 no topo das paradas de sucesso - R\u00c1DIO PLANETA SAUDADE","isPartOf":{"@id":"https:\/\/radioplanetasaudade.com.br\/#website"},"datePublished":"2023-11-15T15:26:12+00:00","dateModified":"2023-11-15T15:27:42+00:00","breadcrumb":{"@id":"https:\/\/radioplanetasaudade.com.br\/index.php\/2023\/11\/15\/alanis-morissette-desde-de-1995-no-topo-das-paradas-de-sucesso\/#breadcrumb"},"inLanguage":"pt-BR","potentialAction":[{"@type":"ReadAction","target":["https:\/\/radioplanetasaudade.com.br\/index.php\/2023\/11\/15\/alanis-morissette-desde-de-1995-no-topo-das-paradas-de-sucesso\/"]}]},{"@type":"BreadcrumbList","@id":"https:\/\/radioplanetasaudade.com.br\/index.php\/2023\/11\/15\/alanis-morissette-desde-de-1995-no-topo-das-paradas-de-sucesso\/#breadcrumb","itemListElement":[{"@type":"ListItem","position":1,"name":"In\u00edcio","item":"https:\/\/radioplanetasaudade.com.br\/"},{"@type":"ListItem","position":2,"name":"Alanis Morissette desde de 1995 no topo das paradas de sucesso"}]},{"@type":"WebSite","@id":"https:\/\/radioplanetasaudade.com.br\/#website","url":"https:\/\/radioplanetasaudade.com.br\/","name":"R\u00e1dio Planeta Saudade","description":"Relembrando grandes sucessos musicais e informando sobre os maiores artistas do mundo ou\u00e7a no seu celular.","publisher":{"@id":"https:\/\/radioplanetasaudade.com.br\/#organization"},"potentialAction":[{"@type":"SearchAction","target":{"@type":"EntryPoint","urlTemplate":"https:\/\/radioplanetasaudade.com.br\/?s={search_term_string}"},"query-input":"required name=search_term_string"}],"inLanguage":"pt-BR"},{"@type":"Organization","@id":"https:\/\/radioplanetasaudade.com.br\/#organization","name":"R\u00e1dio Planeta Saudade","url":"https:\/\/radioplanetasaudade.com.br\/","logo":{"@type":"ImageObject","inLanguage":"pt-BR","@id":"https:\/\/radioplanetasaudade.com.br\/#\/schema\/logo\/image\/","url":"https:\/\/radioplanetasaudade.com.br\/wp-content\/uploads\/2023\/10\/capture-20230607-202153.png","contentUrl":"https:\/\/radioplanetasaudade.com.br\/wp-content\/uploads\/2023\/10\/capture-20230607-202153.png","width":1350,"height":358,"caption":"R\u00e1dio Planeta Saudade"},"image":{"@id":"https:\/\/radioplanetasaudade.com.br\/#\/schema\/logo\/image\/"}},{"@type":"Person","@id":"https:\/\/radioplanetasaudade.com.br\/#\/schema\/person\/1a6f6fc0d987819324e7ed417a1a6581","name":"Planeta Saudade","image":{"@type":"ImageObject","inLanguage":"pt-BR","@id":"https:\/\/radioplanetasaudade.com.br\/#\/schema\/person\/image\/","url":"https:\/\/secure.gravatar.com\/avatar\/a893d552ce4b2abfa845a62f8434cf31?s=96&d=mm&r=g","contentUrl":"https:\/\/secure.gravatar.com\/avatar\/a893d552ce4b2abfa845a62f8434cf31?s=96&d=mm&r=g","caption":"Planeta Saudade"},"sameAs":["https:\/\/radioplanetasaudade.com.br"],"url":"https:\/\/radioplanetasaudade.com.br\/index.php\/author\/wendelsantos4567\/"}]}},"_links":{"self":[{"href":"https:\/\/radioplanetasaudade.com.br\/index.php\/wp-json\/wp\/v2\/posts\/466","targetHints":{"allow":["GET"]}}],"collection":[{"href":"https:\/\/radioplanetasaudade.com.br\/index.php\/wp-json\/wp\/v2\/posts"}],"about":[{"href":"https:\/\/radioplanetasaudade.com.br\/index.php\/wp-json\/wp\/v2\/types\/post"}],"author":[{"embeddable":true,"href":"https:\/\/radioplanetasaudade.com.br\/index.php\/wp-json\/wp\/v2\/users\/1"}],"replies":[{"embeddable":true,"href":"https:\/\/radioplanetasaudade.com.br\/index.php\/wp-json\/wp\/v2\/comments?post=466"}],"version-history":[{"count":1,"href":"https:\/\/radioplanetasaudade.com.br\/index.php\/wp-json\/wp\/v2\/posts\/466\/revisions"}],"predecessor-version":[{"id":468,"href":"https:\/\/radioplanetasaudade.com.br\/index.php\/wp-json\/wp\/v2\/posts\/466\/revisions\/468"}],"wp:featuredmedia":[{"embeddable":true,"href":"https:\/\/radioplanetasaudade.com.br\/index.php\/wp-json\/wp\/v2\/media\/470"}],"wp:attachment":[{"href":"https:\/\/radioplanetasaudade.com.br\/index.php\/wp-json\/wp\/v2\/media?parent=466"}],"wp:term":[{"taxonomy":"category","embeddable":true,"href":"https:\/\/radioplanetasaudade.com.br\/index.php\/wp-json\/wp\/v2\/categories?post=466"},{"taxonomy":"post_tag","embeddable":true,"href":"https:\/\/radioplanetasaudade.com.br\/index.php\/wp-json\/wp\/v2\/tags?post=466"}],"curies":[{"name":"wp","href":"https:\/\/api.w.org\/{rel}","templated":true}]}}