{"id":4982,"date":"2025-10-10T14:58:17","date_gmt":"2025-10-10T17:58:17","guid":{"rendered":"https:\/\/radioplanetasaudade.com.br\/?p=4982"},"modified":"2025-10-10T14:58:19","modified_gmt":"2025-10-10T17:58:19","slug":"hoje-e-dia-de-festa-em-campina-da-lagoa-pr-e-tambem-aqui-na-radio-planeta-saudade-porque-celebramos-o-aniversario-de-uma-das-ouvintes-mais-queridas-e-fieis-da-nossa-programacao","status":"publish","type":"post","link":"https:\/\/radioplanetasaudade.com.br\/index.php\/2025\/10\/10\/hoje-e-dia-de-festa-em-campina-da-lagoa-pr-e-tambem-aqui-na-radio-planeta-saudade-porque-celebramos-o-aniversario-de-uma-das-ouvintes-mais-queridas-e-fieis-da-nossa-programacao\/","title":{"rendered":"Hoje \u00e9 dia de festa em Campina da Lagoa \u2013 PR e tamb\u00e9m aqui na R\u00e1dio Planeta Saudade, porque celebramos o anivers\u00e1rio de uma das ouvintes mais queridas e fi\u00e9is da nossa programa\u00e7\u00e3o."},"content":{"rendered":"\n<p><strong><em>Marilena Martins, a grande embaixadora do \u201cClube da Ins\u00f4nia\u201d, \u00e9 presen\u00e7a marcante nas madrugadas da nossa emissora \u2014 sempre transmitindo carinho, alegria e valorizando cada instante vivido com a R\u00e1dio Planeta Saudade<\/em><\/strong>. <img decoding=\"async\" height=\"16\" width=\"16\" src=\"https:\/\/static.xx.fbcdn.net\/images\/emoji.php\/v9\/tf4\/1\/16\/2728.png\" alt=\"\u2728\"><\/p>\n\n\n<div class=\"wp-block-image\">\n<figure class=\"alignleft size-full\"><img fetchpriority=\"high\" decoding=\"async\" width=\"489\" height=\"489\" src=\"https:\/\/radioplanetasaudade.com.br\/wp-content\/uploads\/2025\/10\/capture-20251010-143855.png\" alt=\"\" class=\"wp-image-4983\" srcset=\"https:\/\/radioplanetasaudade.com.br\/wp-content\/uploads\/2025\/10\/capture-20251010-143855.png 489w, https:\/\/radioplanetasaudade.com.br\/wp-content\/uploads\/2025\/10\/capture-20251010-143855-300x300.png 300w, https:\/\/radioplanetasaudade.com.br\/wp-content\/uploads\/2025\/10\/capture-20251010-143855-150x150.png 150w\" sizes=\"(max-width: 489px) 100vw, 489px\" \/><\/figure><\/div>\n\n\n<p>Amiga e ouvinte dedicada, Marilena \u00e9 apaixonada pelos cl\u00e1ssicos do seu cantor favorito, Tim Maia, especialmente pela inesquec\u00edvel can\u00e7\u00e3o \u201cMe D\u00ea Motivos\u201d, que traduz toda a emo\u00e7\u00e3o e o romantismo que ela tanto ama ouvir. <img decoding=\"async\" height=\"16\" width=\"16\" alt=\"\ud83c\udfb5\" src=\"https:\/\/static.xx.fbcdn.net\/images\/emoji.php\/v9\/t9e\/1\/16\/1f3b5.png\"><\/p>\n\n\n\n<p>Neste novo ciclo, desejamos que sua vida seja uma linda melodia \u2014 repleta de sa\u00fade, amor, paz, boa m\u00fasica e momentos inesquec\u00edveis que toquem sua alma. <img loading=\"lazy\" decoding=\"async\" height=\"16\" width=\"16\" alt=\"\ud83d\udcab\" src=\"https:\/\/static.xx.fbcdn.net\/images\/emoji.php\/v9\/ted\/1\/16\/1f4ab.png\"><\/p>\n\n\n\n<p>Somos profundamente gratos por tantos anos de companhia, carinho e audi\u00eancia.<\/p>\n\n\n\n<p>Voc\u00ea \u00e9 parte viva da nossa hist\u00f3ria e simboliza a emo\u00e7\u00e3o que a R\u00e1dio Planeta Saudade leva todos os dias aos seus milhares de ouvintes. <img loading=\"lazy\" decoding=\"async\" height=\"16\" width=\"16\" alt=\"\ud83c\udf37\" src=\"https:\/\/static.xx.fbcdn.net\/images\/emoji.php\/v9\/t6f\/1\/16\/1f337.png\"><img loading=\"lazy\" decoding=\"async\" height=\"16\" width=\"16\" alt=\"\ud83c\udf1f\" src=\"https:\/\/static.xx.fbcdn.net\/images\/emoji.php\/v9\/te0\/1\/16\/1f31f.png\"><\/p>\n\n\n\n<p><img loading=\"lazy\" decoding=\"async\" height=\"16\" width=\"16\" alt=\"\ud83c\udf82\" src=\"https:\/\/static.xx.fbcdn.net\/images\/emoji.php\/v9\/t5\/1\/16\/1f382.png\"> Receba nosso abra\u00e7o cheio de gratid\u00e3o, afeto e votos de um anivers\u00e1rio maravilhoso!<\/p>\n\n\n\n<p><img loading=\"lazy\" decoding=\"async\" height=\"16\" width=\"16\" alt=\"\ud83d\udd16\" src=\"https:\/\/static.xx.fbcdn.net\/images\/emoji.php\/v9\/t32\/1\/16\/1f516.png\"> E lembre-se sempre:<\/p>\n\n\n\n<p>SE \u00c9 SAUDADE, \u00c9 R\u00c1DIO PLANETA SAUDADE! <img loading=\"lazy\" decoding=\"async\" height=\"16\" width=\"16\" alt=\"\ud83c\udfb6\" src=\"https:\/\/static.xx.fbcdn.net\/images\/emoji.php\/v9\/t1f\/1\/16\/1f3b6.png\"><\/p>\n\n\n\n<p><a href=\"https:\/\/www.facebook.com\/hashtag\/radioplanetasaudade?__cft__[0]=AZUFXLHiDYOu5m09gRItr82uFm0PKRHai9MLXPqo9TCqFdlEa6Lhjpwqp_Rehpku6XdbBhK8Dp10w-RnUPPCmq_q4mNepOvQeDTGGr4nRwtTr_rcp5K-AKv5XO4Y4p3US4OSlCb6ZWZW2SEE33VPqlDd&amp;__tn__=*NK-R\">#RadioPlanetaSaudade<\/a><a href=\"https:\/\/www.facebook.com\/hashtag\/felizaniversario?__cft__[0]=AZUFXLHiDYOu5m09gRItr82uFm0PKRHai9MLXPqo9TCqFdlEa6Lhjpwqp_Rehpku6XdbBhK8Dp10w-RnUPPCmq_q4mNepOvQeDTGGr4nRwtTr_rcp5K-AKv5XO4Y4p3US4OSlCb6ZWZW2SEE33VPqlDd&amp;__tn__=*NK-R\">#FelizAniversario<\/a><a href=\"https:\/\/www.facebook.com\/hashtag\/clubedains%C3%B4nia?__cft__[0]=AZUFXLHiDYOu5m09gRItr82uFm0PKRHai9MLXPqo9TCqFdlEa6Lhjpwqp_Rehpku6XdbBhK8Dp10w-RnUPPCmq_q4mNepOvQeDTGGr4nRwtTr_rcp5K-AKv5XO4Y4p3US4OSlCb6ZWZW2SEE33VPqlDd&amp;__tn__=*NK-R\">#ClubeDaIns\u00f4nia<\/a><a href=\"https:\/\/www.facebook.com\/hashtag\/planetasaudade?__cft__[0]=AZUFXLHiDYOu5m09gRItr82uFm0PKRHai9MLXPqo9TCqFdlEa6Lhjpwqp_Rehpku6XdbBhK8Dp10w-RnUPPCmq_q4mNepOvQeDTGGr4nRwtTr_rcp5K-AKv5XO4Y4p3US4OSlCb6ZWZW2SEE33VPqlDd&amp;__tn__=*NK-R\">#PlanetaSaudade<\/a><a href=\"https:\/\/www.facebook.com\/hashtag\/ouvintefiel?__cft__[0]=AZUFXLHiDYOu5m09gRItr82uFm0PKRHai9MLXPqo9TCqFdlEa6Lhjpwqp_Rehpku6XdbBhK8Dp10w-RnUPPCmq_q4mNepOvQeDTGGr4nRwtTr_rcp5K-AKv5XO4Y4p3US4OSlCb6ZWZW2SEE33VPqlDd&amp;__tn__=*NK-R\">#OuvinteFiel<\/a><a href=\"https:\/\/www.facebook.com\/hashtag\/timmaia?__cft__[0]=AZUFXLHiDYOu5m09gRItr82uFm0PKRHai9MLXPqo9TCqFdlEa6Lhjpwqp_Rehpku6XdbBhK8Dp10w-RnUPPCmq_q4mNepOvQeDTGGr4nRwtTr_rcp5K-AKv5XO4Y4p3US4OSlCb6ZWZW2SEE33VPqlDd&amp;__tn__=*NK-R\">#TimMaia<\/a><a href=\"https:\/\/www.facebook.com\/hashtag\/medemotivos?__cft__[0]=AZUFXLHiDYOu5m09gRItr82uFm0PKRHai9MLXPqo9TCqFdlEa6Lhjpwqp_Rehpku6XdbBhK8Dp10w-RnUPPCmq_q4mNepOvQeDTGGr4nRwtTr_rcp5K-AKv5XO4Y4p3US4OSlCb6ZWZW2SEE33VPqlDd&amp;__tn__=*NK-R\">#MeDeMotivos<\/a><a href=\"https:\/\/www.facebook.com\/hashtag\/nostalgiamusical?__cft__[0]=AZUFXLHiDYOu5m09gRItr82uFm0PKRHai9MLXPqo9TCqFdlEa6Lhjpwqp_Rehpku6XdbBhK8Dp10w-RnUPPCmq_q4mNepOvQeDTGGr4nRwtTr_rcp5K-AKv5XO4Y4p3US4OSlCb6ZWZW2SEE33VPqlDd&amp;__tn__=*NK-R\">#NostalgiaMusical<\/a><a href=\"https:\/\/www.facebook.com\/hashtag\/classicosquemarcam?__cft__[0]=AZUFXLHiDYOu5m09gRItr82uFm0PKRHai9MLXPqo9TCqFdlEa6Lhjpwqp_Rehpku6XdbBhK8Dp10w-RnUPPCmq_q4mNepOvQeDTGGr4nRwtTr_rcp5K-AKv5XO4Y4p3US4OSlCb6ZWZW2SEE33VPqlDd&amp;__tn__=*NK-R\">#ClassicosQueMarcam<\/a><a href=\"https:\/\/www.facebook.com\/hashtag\/musicadaalma?__cft__[0]=AZUFXLHiDYOu5m09gRItr82uFm0PKRHai9MLXPqo9TCqFdlEa6Lhjpwqp_Rehpku6XdbBhK8Dp10w-RnUPPCmq_q4mNepOvQeDTGGr4nRwtTr_rcp5K-AKv5XO4Y4p3US4OSlCb6ZWZW2SEE33VPqlDd&amp;__tn__=*NK-R\">#MusicaDaAlma<\/a><\/p>\n","protected":false},"excerpt":{"rendered":"<p>Marilena Martins, a grande embaixadora do \u201cClube da Ins\u00f4nia\u201d, \u00e9 presen\u00e7a marcante nas madrugadas da&#8230;<\/p>\n","protected":false},"author":1,"featured_media":4983,"comment_status":"open","ping_status":"open","sticky":false,"template":"","format":"standard","meta":{"footnotes":""},"categories":[1706],"tags":[1578,119,118,120,121,117,2280,561,562,116,99,472],"class_list":["post-4982","post","type-post","status-publish","format-standard","has-post-thumbnail","hentry","category-ouvinte-aniversariante","tag-aniversariante","tag-anos-70","tag-anos-80","tag-anos-90","tag-baixe-nosso-app","tag-flashaback","tag-marilena-martins","tag-ouvir","tag-ouvir-radio","tag-radio","tag-radio-planeta-saudade","tag-tim-maia"],"yoast_head":"<!-- This site is optimized with the Yoast SEO plugin v21.3 - https:\/\/yoast.com\/wordpress\/plugins\/seo\/ -->\n<title>Hoje \u00e9 dia de festa em Campina da Lagoa \u2013 PR e tamb\u00e9m aqui na R\u00e1dio Planeta Saudade, porque celebramos o anivers\u00e1rio de uma das ouvintes mais queridas e fi\u00e9is da nossa programa\u00e7\u00e3o. - R\u00c1DIO PLANETA SAUDADE<\/title>\n<meta name=\"robots\" content=\"index, follow, max-snippet:-1, max-image-preview:large, max-video-preview:-1\" \/>\n<link rel=\"canonical\" href=\"https:\/\/radioplanetasaudade.com.br\/index.php\/2025\/10\/10\/hoje-e-dia-de-festa-em-campina-da-lagoa-pr-e-tambem-aqui-na-radio-planeta-saudade-porque-celebramos-o-aniversario-de-uma-das-ouvintes-mais-queridas-e-fieis-da-nossa-programacao\/\" \/>\n<meta property=\"og:locale\" content=\"pt_BR\" \/>\n<meta property=\"og:type\" content=\"article\" \/>\n<meta property=\"og:title\" content=\"Hoje \u00e9 dia de festa em Campina da Lagoa \u2013 PR e tamb\u00e9m aqui na R\u00e1dio Planeta Saudade, porque celebramos o anivers\u00e1rio de uma das ouvintes mais queridas e fi\u00e9is da nossa programa\u00e7\u00e3o. - R\u00c1DIO PLANETA SAUDADE\" \/>\n<meta property=\"og:description\" content=\"Marilena Martins, a grande embaixadora do \u201cClube da Ins\u00f4nia\u201d, \u00e9 presen\u00e7a marcante nas madrugadas da...\" \/>\n<meta property=\"og:url\" content=\"https:\/\/radioplanetasaudade.com.br\/index.php\/2025\/10\/10\/hoje-e-dia-de-festa-em-campina-da-lagoa-pr-e-tambem-aqui-na-radio-planeta-saudade-porque-celebramos-o-aniversario-de-uma-das-ouvintes-mais-queridas-e-fieis-da-nossa-programacao\/\" \/>\n<meta property=\"og:site_name\" content=\"R\u00c1DIO PLANETA SAUDADE\" \/>\n<meta property=\"article:published_time\" content=\"2025-10-10T17:58:17+00:00\" \/>\n<meta property=\"article:modified_time\" content=\"2025-10-10T17:58:19+00:00\" \/>\n<meta property=\"og:image\" content=\"https:\/\/radioplanetasaudade.com.br\/wp-content\/uploads\/2025\/10\/capture-20251010-143855.png\" \/>\n\t<meta property=\"og:image:width\" content=\"489\" \/>\n\t<meta property=\"og:image:height\" content=\"489\" \/>\n\t<meta property=\"og:image:type\" content=\"image\/png\" \/>\n<meta name=\"author\" content=\"Planeta Saudade\" \/>\n<meta name=\"twitter:card\" content=\"summary_large_image\" \/>\n<meta name=\"twitter:label1\" content=\"Escrito por\" \/>\n\t<meta name=\"twitter:data1\" content=\"Planeta Saudade\" \/>\n\t<meta name=\"twitter:label2\" content=\"Est. tempo de leitura\" \/>\n\t<meta name=\"twitter:data2\" content=\"3 minutos\" \/>\n<script type=\"application\/ld+json\" class=\"yoast-schema-graph\">{\"@context\":\"https:\/\/schema.org\",\"@graph\":[{\"@type\":\"Article\",\"@id\":\"https:\/\/radioplanetasaudade.com.br\/index.php\/2025\/10\/10\/hoje-e-dia-de-festa-em-campina-da-lagoa-pr-e-tambem-aqui-na-radio-planeta-saudade-porque-celebramos-o-aniversario-de-uma-das-ouvintes-mais-queridas-e-fieis-da-nossa-programacao\/#article\",\"isPartOf\":{\"@id\":\"https:\/\/radioplanetasaudade.com.br\/index.php\/2025\/10\/10\/hoje-e-dia-de-festa-em-campina-da-lagoa-pr-e-tambem-aqui-na-radio-planeta-saudade-porque-celebramos-o-aniversario-de-uma-das-ouvintes-mais-queridas-e-fieis-da-nossa-programacao\/\"},\"author\":{\"name\":\"Planeta Saudade\",\"@id\":\"https:\/\/radioplanetasaudade.com.br\/#\/schema\/person\/1a6f6fc0d987819324e7ed417a1a6581\"},\"headline\":\"Hoje \u00e9 dia de festa em Campina da Lagoa \u2013 PR e tamb\u00e9m aqui na R\u00e1dio Planeta Saudade, porque celebramos o anivers\u00e1rio de uma das ouvintes mais queridas e fi\u00e9is da nossa programa\u00e7\u00e3o.\",\"datePublished\":\"2025-10-10T17:58:17+00:00\",\"dateModified\":\"2025-10-10T17:58:19+00:00\",\"mainEntityOfPage\":{\"@id\":\"https:\/\/radioplanetasaudade.com.br\/index.php\/2025\/10\/10\/hoje-e-dia-de-festa-em-campina-da-lagoa-pr-e-tambem-aqui-na-radio-planeta-saudade-porque-celebramos-o-aniversario-de-uma-das-ouvintes-mais-queridas-e-fieis-da-nossa-programacao\/\"},\"wordCount\":210,\"commentCount\":0,\"publisher\":{\"@id\":\"https:\/\/radioplanetasaudade.com.br\/#organization\"},\"keywords\":[\"Aniversariante\",\"Anos 70\",\"Anos 80\",\"Anos 90\",\"Baixe nosso App\",\"Flashaback\",\"Marilena Martins\",\"Ouvir\",\"Ouvir r\u00e1dio\",\"R\u00e1dio\",\"R\u00e1dio Planeta Saudade\",\"Tim Maia\"],\"articleSection\":[\"OUVINTE ANIVERSARIANTE\"],\"inLanguage\":\"pt-BR\",\"potentialAction\":[{\"@type\":\"CommentAction\",\"name\":\"Comment\",\"target\":[\"https:\/\/radioplanetasaudade.com.br\/index.php\/2025\/10\/10\/hoje-e-dia-de-festa-em-campina-da-lagoa-pr-e-tambem-aqui-na-radio-planeta-saudade-porque-celebramos-o-aniversario-de-uma-das-ouvintes-mais-queridas-e-fieis-da-nossa-programacao\/#respond\"]}]},{\"@type\":\"WebPage\",\"@id\":\"https:\/\/radioplanetasaudade.com.br\/index.php\/2025\/10\/10\/hoje-e-dia-de-festa-em-campina-da-lagoa-pr-e-tambem-aqui-na-radio-planeta-saudade-porque-celebramos-o-aniversario-de-uma-das-ouvintes-mais-queridas-e-fieis-da-nossa-programacao\/\",\"url\":\"https:\/\/radioplanetasaudade.com.br\/index.php\/2025\/10\/10\/hoje-e-dia-de-festa-em-campina-da-lagoa-pr-e-tambem-aqui-na-radio-planeta-saudade-porque-celebramos-o-aniversario-de-uma-das-ouvintes-mais-queridas-e-fieis-da-nossa-programacao\/\",\"name\":\"Hoje \u00e9 dia de festa em Campina da Lagoa \u2013 PR e tamb\u00e9m aqui na R\u00e1dio Planeta Saudade, porque celebramos o anivers\u00e1rio de uma das ouvintes mais queridas e fi\u00e9is da nossa programa\u00e7\u00e3o. - R\u00c1DIO PLANETA SAUDADE\",\"isPartOf\":{\"@id\":\"https:\/\/radioplanetasaudade.com.br\/#website\"},\"datePublished\":\"2025-10-10T17:58:17+00:00\",\"dateModified\":\"2025-10-10T17:58:19+00:00\",\"breadcrumb\":{\"@id\":\"https:\/\/radioplanetasaudade.com.br\/index.php\/2025\/10\/10\/hoje-e-dia-de-festa-em-campina-da-lagoa-pr-e-tambem-aqui-na-radio-planeta-saudade-porque-celebramos-o-aniversario-de-uma-das-ouvintes-mais-queridas-e-fieis-da-nossa-programacao\/#breadcrumb\"},\"inLanguage\":\"pt-BR\",\"potentialAction\":[{\"@type\":\"ReadAction\",\"target\":[\"https:\/\/radioplanetasaudade.com.br\/index.php\/2025\/10\/10\/hoje-e-dia-de-festa-em-campina-da-lagoa-pr-e-tambem-aqui-na-radio-planeta-saudade-porque-celebramos-o-aniversario-de-uma-das-ouvintes-mais-queridas-e-fieis-da-nossa-programacao\/\"]}]},{\"@type\":\"BreadcrumbList\",\"@id\":\"https:\/\/radioplanetasaudade.com.br\/index.php\/2025\/10\/10\/hoje-e-dia-de-festa-em-campina-da-lagoa-pr-e-tambem-aqui-na-radio-planeta-saudade-porque-celebramos-o-aniversario-de-uma-das-ouvintes-mais-queridas-e-fieis-da-nossa-programacao\/#breadcrumb\",\"itemListElement\":[{\"@type\":\"ListItem\",\"position\":1,\"name\":\"In\u00edcio\",\"item\":\"https:\/\/radioplanetasaudade.com.br\/\"},{\"@type\":\"ListItem\",\"position\":2,\"name\":\"Hoje \u00e9 dia de festa em Campina da Lagoa \u2013 PR e tamb\u00e9m aqui na R\u00e1dio Planeta Saudade, porque celebramos o anivers\u00e1rio de uma das ouvintes mais queridas e fi\u00e9is da nossa programa\u00e7\u00e3o.\"}]},{\"@type\":\"WebSite\",\"@id\":\"https:\/\/radioplanetasaudade.com.br\/#website\",\"url\":\"https:\/\/radioplanetasaudade.com.br\/\",\"name\":\"R\u00e1dio Planeta Saudade\",\"description\":\"Relembrando grandes sucessos musicais e informando sobre os maiores artistas do mundo ou\u00e7a no seu celular.\",\"publisher\":{\"@id\":\"https:\/\/radioplanetasaudade.com.br\/#organization\"},\"potentialAction\":[{\"@type\":\"SearchAction\",\"target\":{\"@type\":\"EntryPoint\",\"urlTemplate\":\"https:\/\/radioplanetasaudade.com.br\/?s={search_term_string}\"},\"query-input\":\"required name=search_term_string\"}],\"inLanguage\":\"pt-BR\"},{\"@type\":\"Organization\",\"@id\":\"https:\/\/radioplanetasaudade.com.br\/#organization\",\"name\":\"R\u00e1dio Planeta Saudade\",\"url\":\"https:\/\/radioplanetasaudade.com.br\/\",\"logo\":{\"@type\":\"ImageObject\",\"inLanguage\":\"pt-BR\",\"@id\":\"https:\/\/radioplanetasaudade.com.br\/#\/schema\/logo\/image\/\",\"url\":\"https:\/\/radioplanetasaudade.com.br\/wp-content\/uploads\/2023\/10\/capture-20230607-202153.png\",\"contentUrl\":\"https:\/\/radioplanetasaudade.com.br\/wp-content\/uploads\/2023\/10\/capture-20230607-202153.png\",\"width\":1350,\"height\":358,\"caption\":\"R\u00e1dio Planeta Saudade\"},\"image\":{\"@id\":\"https:\/\/radioplanetasaudade.com.br\/#\/schema\/logo\/image\/\"}},{\"@type\":\"Person\",\"@id\":\"https:\/\/radioplanetasaudade.com.br\/#\/schema\/person\/1a6f6fc0d987819324e7ed417a1a6581\",\"name\":\"Planeta Saudade\",\"image\":{\"@type\":\"ImageObject\",\"inLanguage\":\"pt-BR\",\"@id\":\"https:\/\/radioplanetasaudade.com.br\/#\/schema\/person\/image\/\",\"url\":\"https:\/\/secure.gravatar.com\/avatar\/a893d552ce4b2abfa845a62f8434cf31?s=96&d=mm&r=g\",\"contentUrl\":\"https:\/\/secure.gravatar.com\/avatar\/a893d552ce4b2abfa845a62f8434cf31?s=96&d=mm&r=g\",\"caption\":\"Planeta Saudade\"},\"sameAs\":[\"https:\/\/radioplanetasaudade.com.br\"],\"url\":\"https:\/\/radioplanetasaudade.com.br\/index.php\/author\/wendelsantos4567\/\"}]}<\/script>\n<!-- \/ Yoast SEO plugin. -->","yoast_head_json":{"title":"Hoje \u00e9 dia de festa em Campina da Lagoa \u2013 PR e tamb\u00e9m aqui na R\u00e1dio Planeta Saudade, porque celebramos o anivers\u00e1rio de uma das ouvintes mais queridas e fi\u00e9is da nossa programa\u00e7\u00e3o. - R\u00c1DIO PLANETA SAUDADE","robots":{"index":"index","follow":"follow","max-snippet":"max-snippet:-1","max-image-preview":"max-image-preview:large","max-video-preview":"max-video-preview:-1"},"canonical":"https:\/\/radioplanetasaudade.com.br\/index.php\/2025\/10\/10\/hoje-e-dia-de-festa-em-campina-da-lagoa-pr-e-tambem-aqui-na-radio-planeta-saudade-porque-celebramos-o-aniversario-de-uma-das-ouvintes-mais-queridas-e-fieis-da-nossa-programacao\/","og_locale":"pt_BR","og_type":"article","og_title":"Hoje \u00e9 dia de festa em Campina da Lagoa \u2013 PR e tamb\u00e9m aqui na R\u00e1dio Planeta Saudade, porque celebramos o anivers\u00e1rio de uma das ouvintes mais queridas e fi\u00e9is da nossa programa\u00e7\u00e3o. - R\u00c1DIO PLANETA SAUDADE","og_description":"Marilena Martins, a grande embaixadora do \u201cClube da Ins\u00f4nia\u201d, \u00e9 presen\u00e7a marcante nas madrugadas da...","og_url":"https:\/\/radioplanetasaudade.com.br\/index.php\/2025\/10\/10\/hoje-e-dia-de-festa-em-campina-da-lagoa-pr-e-tambem-aqui-na-radio-planeta-saudade-porque-celebramos-o-aniversario-de-uma-das-ouvintes-mais-queridas-e-fieis-da-nossa-programacao\/","og_site_name":"R\u00c1DIO PLANETA SAUDADE","article_published_time":"2025-10-10T17:58:17+00:00","article_modified_time":"2025-10-10T17:58:19+00:00","og_image":[{"width":489,"height":489,"url":"https:\/\/radioplanetasaudade.com.br\/wp-content\/uploads\/2025\/10\/capture-20251010-143855.png","type":"image\/png"}],"author":"Planeta Saudade","twitter_card":"summary_large_image","twitter_misc":{"Escrito por":"Planeta Saudade","Est. tempo de leitura":"3 minutos"},"schema":{"@context":"https:\/\/schema.org","@graph":[{"@type":"Article","@id":"https:\/\/radioplanetasaudade.com.br\/index.php\/2025\/10\/10\/hoje-e-dia-de-festa-em-campina-da-lagoa-pr-e-tambem-aqui-na-radio-planeta-saudade-porque-celebramos-o-aniversario-de-uma-das-ouvintes-mais-queridas-e-fieis-da-nossa-programacao\/#article","isPartOf":{"@id":"https:\/\/radioplanetasaudade.com.br\/index.php\/2025\/10\/10\/hoje-e-dia-de-festa-em-campina-da-lagoa-pr-e-tambem-aqui-na-radio-planeta-saudade-porque-celebramos-o-aniversario-de-uma-das-ouvintes-mais-queridas-e-fieis-da-nossa-programacao\/"},"author":{"name":"Planeta Saudade","@id":"https:\/\/radioplanetasaudade.com.br\/#\/schema\/person\/1a6f6fc0d987819324e7ed417a1a6581"},"headline":"Hoje \u00e9 dia de festa em Campina da Lagoa \u2013 PR e tamb\u00e9m aqui na R\u00e1dio Planeta Saudade, porque celebramos o anivers\u00e1rio de uma das ouvintes mais queridas e fi\u00e9is da nossa programa\u00e7\u00e3o.","datePublished":"2025-10-10T17:58:17+00:00","dateModified":"2025-10-10T17:58:19+00:00","mainEntityOfPage":{"@id":"https:\/\/radioplanetasaudade.com.br\/index.php\/2025\/10\/10\/hoje-e-dia-de-festa-em-campina-da-lagoa-pr-e-tambem-aqui-na-radio-planeta-saudade-porque-celebramos-o-aniversario-de-uma-das-ouvintes-mais-queridas-e-fieis-da-nossa-programacao\/"},"wordCount":210,"commentCount":0,"publisher":{"@id":"https:\/\/radioplanetasaudade.com.br\/#organization"},"keywords":["Aniversariante","Anos 70","Anos 80","Anos 90","Baixe nosso App","Flashaback","Marilena Martins","Ouvir","Ouvir r\u00e1dio","R\u00e1dio","R\u00e1dio Planeta Saudade","Tim Maia"],"articleSection":["OUVINTE ANIVERSARIANTE"],"inLanguage":"pt-BR","potentialAction":[{"@type":"CommentAction","name":"Comment","target":["https:\/\/radioplanetasaudade.com.br\/index.php\/2025\/10\/10\/hoje-e-dia-de-festa-em-campina-da-lagoa-pr-e-tambem-aqui-na-radio-planeta-saudade-porque-celebramos-o-aniversario-de-uma-das-ouvintes-mais-queridas-e-fieis-da-nossa-programacao\/#respond"]}]},{"@type":"WebPage","@id":"https:\/\/radioplanetasaudade.com.br\/index.php\/2025\/10\/10\/hoje-e-dia-de-festa-em-campina-da-lagoa-pr-e-tambem-aqui-na-radio-planeta-saudade-porque-celebramos-o-aniversario-de-uma-das-ouvintes-mais-queridas-e-fieis-da-nossa-programacao\/","url":"https:\/\/radioplanetasaudade.com.br\/index.php\/2025\/10\/10\/hoje-e-dia-de-festa-em-campina-da-lagoa-pr-e-tambem-aqui-na-radio-planeta-saudade-porque-celebramos-o-aniversario-de-uma-das-ouvintes-mais-queridas-e-fieis-da-nossa-programacao\/","name":"Hoje \u00e9 dia de festa em Campina da Lagoa \u2013 PR e tamb\u00e9m aqui na R\u00e1dio Planeta Saudade, porque celebramos o anivers\u00e1rio de uma das ouvintes mais queridas e fi\u00e9is da nossa programa\u00e7\u00e3o. - R\u00c1DIO PLANETA SAUDADE","isPartOf":{"@id":"https:\/\/radioplanetasaudade.com.br\/#website"},"datePublished":"2025-10-10T17:58:17+00:00","dateModified":"2025-10-10T17:58:19+00:00","breadcrumb":{"@id":"https:\/\/radioplanetasaudade.com.br\/index.php\/2025\/10\/10\/hoje-e-dia-de-festa-em-campina-da-lagoa-pr-e-tambem-aqui-na-radio-planeta-saudade-porque-celebramos-o-aniversario-de-uma-das-ouvintes-mais-queridas-e-fieis-da-nossa-programacao\/#breadcrumb"},"inLanguage":"pt-BR","potentialAction":[{"@type":"ReadAction","target":["https:\/\/radioplanetasaudade.com.br\/index.php\/2025\/10\/10\/hoje-e-dia-de-festa-em-campina-da-lagoa-pr-e-tambem-aqui-na-radio-planeta-saudade-porque-celebramos-o-aniversario-de-uma-das-ouvintes-mais-queridas-e-fieis-da-nossa-programacao\/"]}]},{"@type":"BreadcrumbList","@id":"https:\/\/radioplanetasaudade.com.br\/index.php\/2025\/10\/10\/hoje-e-dia-de-festa-em-campina-da-lagoa-pr-e-tambem-aqui-na-radio-planeta-saudade-porque-celebramos-o-aniversario-de-uma-das-ouvintes-mais-queridas-e-fieis-da-nossa-programacao\/#breadcrumb","itemListElement":[{"@type":"ListItem","position":1,"name":"In\u00edcio","item":"https:\/\/radioplanetasaudade.com.br\/"},{"@type":"ListItem","position":2,"name":"Hoje \u00e9 dia de festa em Campina da Lagoa \u2013 PR e tamb\u00e9m aqui na R\u00e1dio Planeta Saudade, porque celebramos o anivers\u00e1rio de uma das ouvintes mais queridas e fi\u00e9is da nossa programa\u00e7\u00e3o."}]},{"@type":"WebSite","@id":"https:\/\/radioplanetasaudade.com.br\/#website","url":"https:\/\/radioplanetasaudade.com.br\/","name":"R\u00e1dio Planeta Saudade","description":"Relembrando grandes sucessos musicais e informando sobre os maiores artistas do mundo ou\u00e7a no seu celular.","publisher":{"@id":"https:\/\/radioplanetasaudade.com.br\/#organization"},"potentialAction":[{"@type":"SearchAction","target":{"@type":"EntryPoint","urlTemplate":"https:\/\/radioplanetasaudade.com.br\/?s={search_term_string}"},"query-input":"required name=search_term_string"}],"inLanguage":"pt-BR"},{"@type":"Organization","@id":"https:\/\/radioplanetasaudade.com.br\/#organization","name":"R\u00e1dio Planeta Saudade","url":"https:\/\/radioplanetasaudade.com.br\/","logo":{"@type":"ImageObject","inLanguage":"pt-BR","@id":"https:\/\/radioplanetasaudade.com.br\/#\/schema\/logo\/image\/","url":"https:\/\/radioplanetasaudade.com.br\/wp-content\/uploads\/2023\/10\/capture-20230607-202153.png","contentUrl":"https:\/\/radioplanetasaudade.com.br\/wp-content\/uploads\/2023\/10\/capture-20230607-202153.png","width":1350,"height":358,"caption":"R\u00e1dio Planeta Saudade"},"image":{"@id":"https:\/\/radioplanetasaudade.com.br\/#\/schema\/logo\/image\/"}},{"@type":"Person","@id":"https:\/\/radioplanetasaudade.com.br\/#\/schema\/person\/1a6f6fc0d987819324e7ed417a1a6581","name":"Planeta Saudade","image":{"@type":"ImageObject","inLanguage":"pt-BR","@id":"https:\/\/radioplanetasaudade.com.br\/#\/schema\/person\/image\/","url":"https:\/\/secure.gravatar.com\/avatar\/a893d552ce4b2abfa845a62f8434cf31?s=96&d=mm&r=g","contentUrl":"https:\/\/secure.gravatar.com\/avatar\/a893d552ce4b2abfa845a62f8434cf31?s=96&d=mm&r=g","caption":"Planeta Saudade"},"sameAs":["https:\/\/radioplanetasaudade.com.br"],"url":"https:\/\/radioplanetasaudade.com.br\/index.php\/author\/wendelsantos4567\/"}]}},"_links":{"self":[{"href":"https:\/\/radioplanetasaudade.com.br\/index.php\/wp-json\/wp\/v2\/posts\/4982","targetHints":{"allow":["GET"]}}],"collection":[{"href":"https:\/\/radioplanetasaudade.com.br\/index.php\/wp-json\/wp\/v2\/posts"}],"about":[{"href":"https:\/\/radioplanetasaudade.com.br\/index.php\/wp-json\/wp\/v2\/types\/post"}],"author":[{"embeddable":true,"href":"https:\/\/radioplanetasaudade.com.br\/index.php\/wp-json\/wp\/v2\/users\/1"}],"replies":[{"embeddable":true,"href":"https:\/\/radioplanetasaudade.com.br\/index.php\/wp-json\/wp\/v2\/comments?post=4982"}],"version-history":[{"count":1,"href":"https:\/\/radioplanetasaudade.com.br\/index.php\/wp-json\/wp\/v2\/posts\/4982\/revisions"}],"predecessor-version":[{"id":4984,"href":"https:\/\/radioplanetasaudade.com.br\/index.php\/wp-json\/wp\/v2\/posts\/4982\/revisions\/4984"}],"wp:featuredmedia":[{"embeddable":true,"href":"https:\/\/radioplanetasaudade.com.br\/index.php\/wp-json\/wp\/v2\/media\/4983"}],"wp:attachment":[{"href":"https:\/\/radioplanetasaudade.com.br\/index.php\/wp-json\/wp\/v2\/media?parent=4982"}],"wp:term":[{"taxonomy":"category","embeddable":true,"href":"https:\/\/radioplanetasaudade.com.br\/index.php\/wp-json\/wp\/v2\/categories?post=4982"},{"taxonomy":"post_tag","embeddable":true,"href":"https:\/\/radioplanetasaudade.com.br\/index.php\/wp-json\/wp\/v2\/tags?post=4982"}],"curies":[{"name":"wp","href":"https:\/\/api.w.org\/{rel}","templated":true}]}}