{"id":5058,"date":"2025-10-25T09:27:30","date_gmt":"2025-10-25T12:27:30","guid":{"rendered":"https:\/\/radioplanetasaudade.com.br\/?p=5058"},"modified":"2025-10-25T09:27:48","modified_gmt":"2025-10-25T12:27:48","slug":"fun-we-are-young-o-hino-que-marcou-uma-geracao","status":"publish","type":"post","link":"https:\/\/radioplanetasaudade.com.br\/index.php\/2025\/10\/25\/fun-we-are-young-o-hino-que-marcou-uma-geracao\/","title":{"rendered":"\u201cFun. \u2013 We Are Young: O Hino que Marcou uma Gera\u00e7\u00e3o\u201d"},"content":{"rendered":"\n<p><strong><em>Em 2012, o mundo se rendeu ao poder emocional de \u201cWe Are Young\u201d, da banda americana Fun. em parceria com Janelle Mon\u00e1e. A can\u00e7\u00e3o, lan\u00e7ada no \u00e1lbum Some Nights, transformou-se em um verdadeiro hino de juventude, esperan\u00e7a e supera\u00e7\u00e3o<\/em><\/strong>. <img decoding=\"async\" height=\"16\" width=\"16\" src=\"https:\/\/static.xx.fbcdn.net\/images\/emoji.php\/v9\/tf4\/1\/16\/2728.png\" alt=\"\u2728\"><\/p>\n\n\n<div class=\"wp-block-image\">\n<figure class=\"alignleft size-full\"><img fetchpriority=\"high\" decoding=\"async\" width=\"487\" height=\"477\" src=\"https:\/\/radioplanetasaudade.com.br\/wp-content\/uploads\/2025\/10\/FUN.png\" alt=\"\" class=\"wp-image-5059\" srcset=\"https:\/\/radioplanetasaudade.com.br\/wp-content\/uploads\/2025\/10\/FUN.png 487w, https:\/\/radioplanetasaudade.com.br\/wp-content\/uploads\/2025\/10\/FUN-300x294.png 300w\" sizes=\"(max-width: 487px) 100vw, 487px\" \/><\/figure><\/div>\n\n\n<p>A letra reflete um sentimento agridoce \u2014 fala de erros, arrependimentos e recome\u00e7os, mas tamb\u00e9m celebra a capacidade de seguir em frente, mesmo quando a noite parece longa demais. <img decoding=\"async\" height=\"16\" width=\"16\" alt=\"\ud83d\udcab\" src=\"https:\/\/static.xx.fbcdn.net\/images\/emoji.php\/v9\/ted\/1\/16\/1f4ab.png\"> O refr\u00e3o explosivo \u201cTonight, we are young \/ So let\u2019s set the world on fire\u201d convida todos a viver o momento e reacender os sonhos que o tempo tentou apagar.<\/p>\n\n\n\n<p>O sucesso foi arrebatador: topo da Billboard Hot 100, n\u00famero 1 no Reino Unido e vencedora do Grammy de Can\u00e7\u00e3o do Ano, consolidando o Fun. como um dos grandes nomes da d\u00e9cada.<\/p>\n\n\n\n<p>E \u00e9 claro que esse cl\u00e1ssico n\u00e3o poderia faltar na programa\u00e7\u00e3o da R\u00e1dio Planeta Saudade, onde a emo\u00e7\u00e3o e a nostalgia caminham lado a lado. <img loading=\"lazy\" decoding=\"async\" height=\"16\" width=\"16\" alt=\"\ud83d\udc96\" src=\"https:\/\/static.xx.fbcdn.net\/images\/emoji.php\/v9\/te9\/1\/16\/1f496.png\"><\/p>\n\n\n\n<p><img loading=\"lazy\" decoding=\"async\" height=\"16\" width=\"16\" alt=\"\ud83d\udcf2\" src=\"https:\/\/static.xx.fbcdn.net\/images\/emoji.php\/v9\/td8\/1\/16\/1f4f2.png\"> Estamos dispon\u00edveis em Android, iOS e tamb\u00e9m nos principais agregadores como R\u00e1dios Net, CX R\u00e1dios e muitos outros!<\/p>\n\n\n\n<p><a href=\"https:\/\/www.facebook.com\/hashtag\/%EF%B8%8F?__eep__=6&amp;__cft__[0]=AZXn8MI-ff6iInulVlJySBw4-Sb7LEMmXzhJjGals-d3sdvhG_kTB2R6pClh0SuZJix0F-89cK14DbfoXem5Wnql-4vMk-whM2M-XipwrdGVrRSTKDdAk4C5seguzHJO6kmHt5TT1n_YCTff9ivT_WjJzTZcFSH3-N9UuYyHngpc2Q&amp;__tn__=*NK-R\">#\ufe0f<\/a>\u20e3<a href=\"https:\/\/www.facebook.com\/hashtag\/cl%C3%A1ssicosquemarcaram?__eep__=6&amp;__cft__[0]=AZXn8MI-ff6iInulVlJySBw4-Sb7LEMmXzhJjGals-d3sdvhG_kTB2R6pClh0SuZJix0F-89cK14DbfoXem5Wnql-4vMk-whM2M-XipwrdGVrRSTKDdAk4C5seguzHJO6kmHt5TT1n_YCTff9ivT_WjJzTZcFSH3-N9UuYyHngpc2Q&amp;__tn__=*NK-R\">#Cl\u00e1ssicosQueMarcaram<\/a><img loading=\"lazy\" decoding=\"async\" height=\"16\" width=\"16\" alt=\"\ud83c\udfb5\" src=\"https:\/\/static.xx.fbcdn.net\/images\/emoji.php\/v9\/t9e\/1\/16\/1f3b5.png\"><a href=\"https:\/\/www.facebook.com\/hashtag\/popindie?__eep__=6&amp;__cft__[0]=AZXn8MI-ff6iInulVlJySBw4-Sb7LEMmXzhJjGals-d3sdvhG_kTB2R6pClh0SuZJix0F-89cK14DbfoXem5Wnql-4vMk-whM2M-XipwrdGVrRSTKDdAk4C5seguzHJO6kmHt5TT1n_YCTff9ivT_WjJzTZcFSH3-N9UuYyHngpc2Q&amp;__tn__=*NK-R\">#PopIndie<\/a><img loading=\"lazy\" decoding=\"async\" height=\"16\" width=\"16\" alt=\"\ud83d\udcbf\" src=\"https:\/\/static.xx.fbcdn.net\/images\/emoji.php\/v9\/t90\/1\/16\/1f4bf.png\"><a href=\"https:\/\/www.facebook.com\/hashtag\/anos2010?__eep__=6&amp;__cft__[0]=AZXn8MI-ff6iInulVlJySBw4-Sb7LEMmXzhJjGals-d3sdvhG_kTB2R6pClh0SuZJix0F-89cK14DbfoXem5Wnql-4vMk-whM2M-XipwrdGVrRSTKDdAk4C5seguzHJO6kmHt5TT1n_YCTff9ivT_WjJzTZcFSH3-N9UuYyHngpc2Q&amp;__tn__=*NK-R\">#Anos2010<\/a><img loading=\"lazy\" decoding=\"async\" height=\"16\" width=\"16\" alt=\"\u2728\" src=\"https:\/\/static.xx.fbcdn.net\/images\/emoji.php\/v9\/tf4\/1\/16\/2728.png\"><a href=\"https:\/\/www.facebook.com\/hashtag\/boam%C3%BAsicasempre?__eep__=6&amp;__cft__[0]=AZXn8MI-ff6iInulVlJySBw4-Sb7LEMmXzhJjGals-d3sdvhG_kTB2R6pClh0SuZJix0F-89cK14DbfoXem5Wnql-4vMk-whM2M-XipwrdGVrRSTKDdAk4C5seguzHJO6kmHt5TT1n_YCTff9ivT_WjJzTZcFSH3-N9UuYyHngpc2Q&amp;__tn__=*NK-R\">#BoaM\u00fasicaSempre<\/a><img loading=\"lazy\" decoding=\"async\" height=\"16\" width=\"16\" alt=\"\ud83c\udf99\ufe0f\" src=\"https:\/\/static.xx.fbcdn.net\/images\/emoji.php\/v9\/t2b\/1\/16\/1f399.png\"><a href=\"https:\/\/www.facebook.com\/hashtag\/somquetocaaalma?__eep__=6&amp;__cft__[0]=AZXn8MI-ff6iInulVlJySBw4-Sb7LEMmXzhJjGals-d3sdvhG_kTB2R6pClh0SuZJix0F-89cK14DbfoXem5Wnql-4vMk-whM2M-XipwrdGVrRSTKDdAk4C5seguzHJO6kmHt5TT1n_YCTff9ivT_WjJzTZcFSH3-N9UuYyHngpc2Q&amp;__tn__=*NK-R\">#SomQueTocaAAlma<\/a><img loading=\"lazy\" decoding=\"async\" height=\"16\" width=\"16\" alt=\"\u2764\ufe0f\" src=\"https:\/\/static.xx.fbcdn.net\/images\/emoji.php\/v9\/t6c\/1\/16\/2764.png\"><a href=\"https:\/\/www.facebook.com\/hashtag\/mem%C3%B3riasmusicais?__eep__=6&amp;__cft__[0]=AZXn8MI-ff6iInulVlJySBw4-Sb7LEMmXzhJjGals-d3sdvhG_kTB2R6pClh0SuZJix0F-89cK14DbfoXem5Wnql-4vMk-whM2M-XipwrdGVrRSTKDdAk4C5seguzHJO6kmHt5TT1n_YCTff9ivT_WjJzTZcFSH3-N9UuYyHngpc2Q&amp;__tn__=*NK-R\">#Mem\u00f3riasMusicais<\/a><img decoding=\"async\" height=\"16\" width=\"16\" alt=\"\ud83d\udcab\" src=\"https:\/\/static.xx.fbcdn.net\/images\/emoji.php\/v9\/ted\/1\/16\/1f4ab.png\"><a href=\"https:\/\/www.facebook.com\/hashtag\/hitsquefazemhist%C3%B3ria?__eep__=6&amp;__cft__[0]=AZXn8MI-ff6iInulVlJySBw4-Sb7LEMmXzhJjGals-d3sdvhG_kTB2R6pClh0SuZJix0F-89cK14DbfoXem5Wnql-4vMk-whM2M-XipwrdGVrRSTKDdAk4C5seguzHJO6kmHt5TT1n_YCTff9ivT_WjJzTZcFSH3-N9UuYyHngpc2Q&amp;__tn__=*NK-R\">#HitsQueFazemHist\u00f3ria<\/a><img loading=\"lazy\" decoding=\"async\" height=\"16\" width=\"16\" alt=\"\ud83d\udd25\" src=\"https:\/\/static.xx.fbcdn.net\/images\/emoji.php\/v9\/t50\/1\/16\/1f525.png\"><a href=\"https:\/\/www.facebook.com\/hashtag\/planetasaudade?__eep__=6&amp;__cft__[0]=AZXn8MI-ff6iInulVlJySBw4-Sb7LEMmXzhJjGals-d3sdvhG_kTB2R6pClh0SuZJix0F-89cK14DbfoXem5Wnql-4vMk-whM2M-XipwrdGVrRSTKDdAk4C5seguzHJO6kmHt5TT1n_YCTff9ivT_WjJzTZcFSH3-N9UuYyHngpc2Q&amp;__tn__=*NK-R\">#PlanetaSaudade<\/a><img loading=\"lazy\" decoding=\"async\" height=\"16\" width=\"16\" alt=\"\ud83c\udf0e\" src=\"https:\/\/static.xx.fbcdn.net\/images\/emoji.php\/v9\/tc0\/1\/16\/1f30e.png\"><a href=\"https:\/\/www.facebook.com\/hashtag\/m%C3%BAsica%C3%A9vida?__eep__=6&amp;__cft__[0]=AZXn8MI-ff6iInulVlJySBw4-Sb7LEMmXzhJjGals-d3sdvhG_kTB2R6pClh0SuZJix0F-89cK14DbfoXem5Wnql-4vMk-whM2M-XipwrdGVrRSTKDdAk4C5seguzHJO6kmHt5TT1n_YCTff9ivT_WjJzTZcFSH3-N9UuYyHngpc2Q&amp;__tn__=*NK-R\">#M\u00fasica\u00c9Vida<\/a><img loading=\"lazy\" decoding=\"async\" height=\"16\" width=\"16\" alt=\"\ud83c\udfa7\" src=\"https:\/\/static.xx.fbcdn.net\/images\/emoji.php\/v9\/t1\/1\/16\/1f3a7.png\"><a href=\"https:\/\/www.facebook.com\/hashtag\/emo%C3%A7%C3%A3onoar?__eep__=6&amp;__cft__[0]=AZXn8MI-ff6iInulVlJySBw4-Sb7LEMmXzhJjGals-d3sdvhG_kTB2R6pClh0SuZJix0F-89cK14DbfoXem5Wnql-4vMk-whM2M-XipwrdGVrRSTKDdAk4C5seguzHJO6kmHt5TT1n_YCTff9ivT_WjJzTZcFSH3-N9UuYyHngpc2Q&amp;__tn__=*NK-R\">#Emo\u00e7\u00e3oNoAr<\/a><img loading=\"lazy\" decoding=\"async\" height=\"16\" width=\"16\" alt=\"\ud83d\udcfb\" src=\"https:\/\/static.xx.fbcdn.net\/images\/emoji.php\/v9\/t8\/1\/16\/1f4fb.png\"><\/p>\n","protected":false},"excerpt":{"rendered":"<p>Em 2012, o mundo se rendeu ao poder emocional de \u201cWe Are Young\u201d, da banda&#8230;<\/p>\n","protected":false},"author":1,"featured_media":5059,"comment_status":"open","ping_status":"open","sticky":false,"template":"","format":"standard","meta":{"footnotes":""},"categories":[92],"tags":[119,118,120,121,117,2320,561,562,116,99,2321],"class_list":["post-5058","post","type-post","status-publish","format-standard","has-post-thumbnail","hentry","category-baixe-nosso-aplicativo","tag-anos-70","tag-anos-80","tag-anos-90","tag-baixe-nosso-app","tag-flashaback","tag-fun","tag-ouvir","tag-ouvir-radio","tag-radio","tag-radio-planeta-saudade","tag-we-are-young"],"yoast_head":"<!-- This site is optimized with the Yoast SEO plugin v21.3 - https:\/\/yoast.com\/wordpress\/plugins\/seo\/ -->\n<title>\u201cFun. \u2013 We Are Young: O Hino que Marcou uma Gera\u00e7\u00e3o\u201d - R\u00c1DIO PLANETA SAUDADE<\/title>\n<meta name=\"robots\" content=\"index, follow, max-snippet:-1, max-image-preview:large, max-video-preview:-1\" \/>\n<link rel=\"canonical\" href=\"https:\/\/radioplanetasaudade.com.br\/index.php\/2025\/10\/25\/fun-we-are-young-o-hino-que-marcou-uma-geracao\/\" \/>\n<meta property=\"og:locale\" content=\"pt_BR\" \/>\n<meta property=\"og:type\" content=\"article\" \/>\n<meta property=\"og:title\" content=\"\u201cFun. \u2013 We Are Young: O Hino que Marcou uma Gera\u00e7\u00e3o\u201d - R\u00c1DIO PLANETA SAUDADE\" \/>\n<meta property=\"og:description\" content=\"Em 2012, o mundo se rendeu ao poder emocional de \u201cWe Are Young\u201d, da banda...\" \/>\n<meta property=\"og:url\" content=\"https:\/\/radioplanetasaudade.com.br\/index.php\/2025\/10\/25\/fun-we-are-young-o-hino-que-marcou-uma-geracao\/\" \/>\n<meta property=\"og:site_name\" content=\"R\u00c1DIO PLANETA SAUDADE\" \/>\n<meta property=\"article:published_time\" content=\"2025-10-25T12:27:30+00:00\" \/>\n<meta property=\"article:modified_time\" content=\"2025-10-25T12:27:48+00:00\" \/>\n<meta property=\"og:image\" content=\"https:\/\/radioplanetasaudade.com.br\/wp-content\/uploads\/2025\/10\/FUN.png\" \/>\n\t<meta property=\"og:image:width\" content=\"487\" \/>\n\t<meta property=\"og:image:height\" content=\"477\" \/>\n\t<meta property=\"og:image:type\" content=\"image\/png\" \/>\n<meta name=\"author\" content=\"Planeta Saudade\" \/>\n<meta name=\"twitter:card\" content=\"summary_large_image\" \/>\n<meta name=\"twitter:label1\" content=\"Escrito por\" \/>\n\t<meta name=\"twitter:data1\" content=\"Planeta Saudade\" \/>\n\t<meta name=\"twitter:label2\" content=\"Est. tempo de leitura\" \/>\n\t<meta name=\"twitter:data2\" content=\"5 minutos\" \/>\n<script type=\"application\/ld+json\" class=\"yoast-schema-graph\">{\"@context\":\"https:\/\/schema.org\",\"@graph\":[{\"@type\":\"Article\",\"@id\":\"https:\/\/radioplanetasaudade.com.br\/index.php\/2025\/10\/25\/fun-we-are-young-o-hino-que-marcou-uma-geracao\/#article\",\"isPartOf\":{\"@id\":\"https:\/\/radioplanetasaudade.com.br\/index.php\/2025\/10\/25\/fun-we-are-young-o-hino-que-marcou-uma-geracao\/\"},\"author\":{\"name\":\"Planeta Saudade\",\"@id\":\"https:\/\/radioplanetasaudade.com.br\/#\/schema\/person\/1a6f6fc0d987819324e7ed417a1a6581\"},\"headline\":\"\u201cFun. \u2013 We Are Young: O Hino que Marcou uma Gera\u00e7\u00e3o\u201d\",\"datePublished\":\"2025-10-25T12:27:30+00:00\",\"dateModified\":\"2025-10-25T12:27:48+00:00\",\"mainEntityOfPage\":{\"@id\":\"https:\/\/radioplanetasaudade.com.br\/index.php\/2025\/10\/25\/fun-we-are-young-o-hino-que-marcou-uma-geracao\/\"},\"wordCount\":216,\"commentCount\":0,\"publisher\":{\"@id\":\"https:\/\/radioplanetasaudade.com.br\/#organization\"},\"keywords\":[\"Anos 70\",\"Anos 80\",\"Anos 90\",\"Baixe nosso App\",\"Flashaback\",\"Fun.\",\"Ouvir\",\"Ouvir r\u00e1dio\",\"R\u00e1dio\",\"R\u00e1dio Planeta Saudade\",\"We Are Young\"],\"articleSection\":[\"BAIXE NOSSO APLICATIVO\"],\"inLanguage\":\"pt-BR\",\"potentialAction\":[{\"@type\":\"CommentAction\",\"name\":\"Comment\",\"target\":[\"https:\/\/radioplanetasaudade.com.br\/index.php\/2025\/10\/25\/fun-we-are-young-o-hino-que-marcou-uma-geracao\/#respond\"]}]},{\"@type\":\"WebPage\",\"@id\":\"https:\/\/radioplanetasaudade.com.br\/index.php\/2025\/10\/25\/fun-we-are-young-o-hino-que-marcou-uma-geracao\/\",\"url\":\"https:\/\/radioplanetasaudade.com.br\/index.php\/2025\/10\/25\/fun-we-are-young-o-hino-que-marcou-uma-geracao\/\",\"name\":\"\u201cFun. \u2013 We Are Young: O Hino que Marcou uma Gera\u00e7\u00e3o\u201d - R\u00c1DIO PLANETA SAUDADE\",\"isPartOf\":{\"@id\":\"https:\/\/radioplanetasaudade.com.br\/#website\"},\"datePublished\":\"2025-10-25T12:27:30+00:00\",\"dateModified\":\"2025-10-25T12:27:48+00:00\",\"breadcrumb\":{\"@id\":\"https:\/\/radioplanetasaudade.com.br\/index.php\/2025\/10\/25\/fun-we-are-young-o-hino-que-marcou-uma-geracao\/#breadcrumb\"},\"inLanguage\":\"pt-BR\",\"potentialAction\":[{\"@type\":\"ReadAction\",\"target\":[\"https:\/\/radioplanetasaudade.com.br\/index.php\/2025\/10\/25\/fun-we-are-young-o-hino-que-marcou-uma-geracao\/\"]}]},{\"@type\":\"BreadcrumbList\",\"@id\":\"https:\/\/radioplanetasaudade.com.br\/index.php\/2025\/10\/25\/fun-we-are-young-o-hino-que-marcou-uma-geracao\/#breadcrumb\",\"itemListElement\":[{\"@type\":\"ListItem\",\"position\":1,\"name\":\"In\u00edcio\",\"item\":\"https:\/\/radioplanetasaudade.com.br\/\"},{\"@type\":\"ListItem\",\"position\":2,\"name\":\"\u201cFun. \u2013 We Are Young: O Hino que Marcou uma Gera\u00e7\u00e3o\u201d\"}]},{\"@type\":\"WebSite\",\"@id\":\"https:\/\/radioplanetasaudade.com.br\/#website\",\"url\":\"https:\/\/radioplanetasaudade.com.br\/\",\"name\":\"R\u00e1dio Planeta Saudade\",\"description\":\"Relembrando grandes sucessos musicais e informando sobre os maiores artistas do mundo ou\u00e7a no seu celular.\",\"publisher\":{\"@id\":\"https:\/\/radioplanetasaudade.com.br\/#organization\"},\"potentialAction\":[{\"@type\":\"SearchAction\",\"target\":{\"@type\":\"EntryPoint\",\"urlTemplate\":\"https:\/\/radioplanetasaudade.com.br\/?s={search_term_string}\"},\"query-input\":\"required name=search_term_string\"}],\"inLanguage\":\"pt-BR\"},{\"@type\":\"Organization\",\"@id\":\"https:\/\/radioplanetasaudade.com.br\/#organization\",\"name\":\"R\u00e1dio Planeta Saudade\",\"url\":\"https:\/\/radioplanetasaudade.com.br\/\",\"logo\":{\"@type\":\"ImageObject\",\"inLanguage\":\"pt-BR\",\"@id\":\"https:\/\/radioplanetasaudade.com.br\/#\/schema\/logo\/image\/\",\"url\":\"https:\/\/radioplanetasaudade.com.br\/wp-content\/uploads\/2023\/10\/capture-20230607-202153.png\",\"contentUrl\":\"https:\/\/radioplanetasaudade.com.br\/wp-content\/uploads\/2023\/10\/capture-20230607-202153.png\",\"width\":1350,\"height\":358,\"caption\":\"R\u00e1dio Planeta Saudade\"},\"image\":{\"@id\":\"https:\/\/radioplanetasaudade.com.br\/#\/schema\/logo\/image\/\"}},{\"@type\":\"Person\",\"@id\":\"https:\/\/radioplanetasaudade.com.br\/#\/schema\/person\/1a6f6fc0d987819324e7ed417a1a6581\",\"name\":\"Planeta Saudade\",\"image\":{\"@type\":\"ImageObject\",\"inLanguage\":\"pt-BR\",\"@id\":\"https:\/\/radioplanetasaudade.com.br\/#\/schema\/person\/image\/\",\"url\":\"https:\/\/secure.gravatar.com\/avatar\/a893d552ce4b2abfa845a62f8434cf31?s=96&d=mm&r=g\",\"contentUrl\":\"https:\/\/secure.gravatar.com\/avatar\/a893d552ce4b2abfa845a62f8434cf31?s=96&d=mm&r=g\",\"caption\":\"Planeta Saudade\"},\"sameAs\":[\"https:\/\/radioplanetasaudade.com.br\"],\"url\":\"https:\/\/radioplanetasaudade.com.br\/index.php\/author\/wendelsantos4567\/\"}]}<\/script>\n<!-- \/ Yoast SEO plugin. -->","yoast_head_json":{"title":"\u201cFun. \u2013 We Are Young: O Hino que Marcou uma Gera\u00e7\u00e3o\u201d - R\u00c1DIO PLANETA SAUDADE","robots":{"index":"index","follow":"follow","max-snippet":"max-snippet:-1","max-image-preview":"max-image-preview:large","max-video-preview":"max-video-preview:-1"},"canonical":"https:\/\/radioplanetasaudade.com.br\/index.php\/2025\/10\/25\/fun-we-are-young-o-hino-que-marcou-uma-geracao\/","og_locale":"pt_BR","og_type":"article","og_title":"\u201cFun. \u2013 We Are Young: O Hino que Marcou uma Gera\u00e7\u00e3o\u201d - R\u00c1DIO PLANETA SAUDADE","og_description":"Em 2012, o mundo se rendeu ao poder emocional de \u201cWe Are Young\u201d, da banda...","og_url":"https:\/\/radioplanetasaudade.com.br\/index.php\/2025\/10\/25\/fun-we-are-young-o-hino-que-marcou-uma-geracao\/","og_site_name":"R\u00c1DIO PLANETA SAUDADE","article_published_time":"2025-10-25T12:27:30+00:00","article_modified_time":"2025-10-25T12:27:48+00:00","og_image":[{"width":487,"height":477,"url":"https:\/\/radioplanetasaudade.com.br\/wp-content\/uploads\/2025\/10\/FUN.png","type":"image\/png"}],"author":"Planeta Saudade","twitter_card":"summary_large_image","twitter_misc":{"Escrito por":"Planeta Saudade","Est. tempo de leitura":"5 minutos"},"schema":{"@context":"https:\/\/schema.org","@graph":[{"@type":"Article","@id":"https:\/\/radioplanetasaudade.com.br\/index.php\/2025\/10\/25\/fun-we-are-young-o-hino-que-marcou-uma-geracao\/#article","isPartOf":{"@id":"https:\/\/radioplanetasaudade.com.br\/index.php\/2025\/10\/25\/fun-we-are-young-o-hino-que-marcou-uma-geracao\/"},"author":{"name":"Planeta Saudade","@id":"https:\/\/radioplanetasaudade.com.br\/#\/schema\/person\/1a6f6fc0d987819324e7ed417a1a6581"},"headline":"\u201cFun. \u2013 We Are Young: O Hino que Marcou uma Gera\u00e7\u00e3o\u201d","datePublished":"2025-10-25T12:27:30+00:00","dateModified":"2025-10-25T12:27:48+00:00","mainEntityOfPage":{"@id":"https:\/\/radioplanetasaudade.com.br\/index.php\/2025\/10\/25\/fun-we-are-young-o-hino-que-marcou-uma-geracao\/"},"wordCount":216,"commentCount":0,"publisher":{"@id":"https:\/\/radioplanetasaudade.com.br\/#organization"},"keywords":["Anos 70","Anos 80","Anos 90","Baixe nosso App","Flashaback","Fun.","Ouvir","Ouvir r\u00e1dio","R\u00e1dio","R\u00e1dio Planeta Saudade","We Are Young"],"articleSection":["BAIXE NOSSO APLICATIVO"],"inLanguage":"pt-BR","potentialAction":[{"@type":"CommentAction","name":"Comment","target":["https:\/\/radioplanetasaudade.com.br\/index.php\/2025\/10\/25\/fun-we-are-young-o-hino-que-marcou-uma-geracao\/#respond"]}]},{"@type":"WebPage","@id":"https:\/\/radioplanetasaudade.com.br\/index.php\/2025\/10\/25\/fun-we-are-young-o-hino-que-marcou-uma-geracao\/","url":"https:\/\/radioplanetasaudade.com.br\/index.php\/2025\/10\/25\/fun-we-are-young-o-hino-que-marcou-uma-geracao\/","name":"\u201cFun. \u2013 We Are Young: O Hino que Marcou uma Gera\u00e7\u00e3o\u201d - R\u00c1DIO PLANETA SAUDADE","isPartOf":{"@id":"https:\/\/radioplanetasaudade.com.br\/#website"},"datePublished":"2025-10-25T12:27:30+00:00","dateModified":"2025-10-25T12:27:48+00:00","breadcrumb":{"@id":"https:\/\/radioplanetasaudade.com.br\/index.php\/2025\/10\/25\/fun-we-are-young-o-hino-que-marcou-uma-geracao\/#breadcrumb"},"inLanguage":"pt-BR","potentialAction":[{"@type":"ReadAction","target":["https:\/\/radioplanetasaudade.com.br\/index.php\/2025\/10\/25\/fun-we-are-young-o-hino-que-marcou-uma-geracao\/"]}]},{"@type":"BreadcrumbList","@id":"https:\/\/radioplanetasaudade.com.br\/index.php\/2025\/10\/25\/fun-we-are-young-o-hino-que-marcou-uma-geracao\/#breadcrumb","itemListElement":[{"@type":"ListItem","position":1,"name":"In\u00edcio","item":"https:\/\/radioplanetasaudade.com.br\/"},{"@type":"ListItem","position":2,"name":"\u201cFun. \u2013 We Are Young: O Hino que Marcou uma Gera\u00e7\u00e3o\u201d"}]},{"@type":"WebSite","@id":"https:\/\/radioplanetasaudade.com.br\/#website","url":"https:\/\/radioplanetasaudade.com.br\/","name":"R\u00e1dio Planeta Saudade","description":"Relembrando grandes sucessos musicais e informando sobre os maiores artistas do mundo ou\u00e7a no seu celular.","publisher":{"@id":"https:\/\/radioplanetasaudade.com.br\/#organization"},"potentialAction":[{"@type":"SearchAction","target":{"@type":"EntryPoint","urlTemplate":"https:\/\/radioplanetasaudade.com.br\/?s={search_term_string}"},"query-input":"required name=search_term_string"}],"inLanguage":"pt-BR"},{"@type":"Organization","@id":"https:\/\/radioplanetasaudade.com.br\/#organization","name":"R\u00e1dio Planeta Saudade","url":"https:\/\/radioplanetasaudade.com.br\/","logo":{"@type":"ImageObject","inLanguage":"pt-BR","@id":"https:\/\/radioplanetasaudade.com.br\/#\/schema\/logo\/image\/","url":"https:\/\/radioplanetasaudade.com.br\/wp-content\/uploads\/2023\/10\/capture-20230607-202153.png","contentUrl":"https:\/\/radioplanetasaudade.com.br\/wp-content\/uploads\/2023\/10\/capture-20230607-202153.png","width":1350,"height":358,"caption":"R\u00e1dio Planeta Saudade"},"image":{"@id":"https:\/\/radioplanetasaudade.com.br\/#\/schema\/logo\/image\/"}},{"@type":"Person","@id":"https:\/\/radioplanetasaudade.com.br\/#\/schema\/person\/1a6f6fc0d987819324e7ed417a1a6581","name":"Planeta Saudade","image":{"@type":"ImageObject","inLanguage":"pt-BR","@id":"https:\/\/radioplanetasaudade.com.br\/#\/schema\/person\/image\/","url":"https:\/\/secure.gravatar.com\/avatar\/a893d552ce4b2abfa845a62f8434cf31?s=96&d=mm&r=g","contentUrl":"https:\/\/secure.gravatar.com\/avatar\/a893d552ce4b2abfa845a62f8434cf31?s=96&d=mm&r=g","caption":"Planeta Saudade"},"sameAs":["https:\/\/radioplanetasaudade.com.br"],"url":"https:\/\/radioplanetasaudade.com.br\/index.php\/author\/wendelsantos4567\/"}]}},"_links":{"self":[{"href":"https:\/\/radioplanetasaudade.com.br\/index.php\/wp-json\/wp\/v2\/posts\/5058","targetHints":{"allow":["GET"]}}],"collection":[{"href":"https:\/\/radioplanetasaudade.com.br\/index.php\/wp-json\/wp\/v2\/posts"}],"about":[{"href":"https:\/\/radioplanetasaudade.com.br\/index.php\/wp-json\/wp\/v2\/types\/post"}],"author":[{"embeddable":true,"href":"https:\/\/radioplanetasaudade.com.br\/index.php\/wp-json\/wp\/v2\/users\/1"}],"replies":[{"embeddable":true,"href":"https:\/\/radioplanetasaudade.com.br\/index.php\/wp-json\/wp\/v2\/comments?post=5058"}],"version-history":[{"count":1,"href":"https:\/\/radioplanetasaudade.com.br\/index.php\/wp-json\/wp\/v2\/posts\/5058\/revisions"}],"predecessor-version":[{"id":5060,"href":"https:\/\/radioplanetasaudade.com.br\/index.php\/wp-json\/wp\/v2\/posts\/5058\/revisions\/5060"}],"wp:featuredmedia":[{"embeddable":true,"href":"https:\/\/radioplanetasaudade.com.br\/index.php\/wp-json\/wp\/v2\/media\/5059"}],"wp:attachment":[{"href":"https:\/\/radioplanetasaudade.com.br\/index.php\/wp-json\/wp\/v2\/media?parent=5058"}],"wp:term":[{"taxonomy":"category","embeddable":true,"href":"https:\/\/radioplanetasaudade.com.br\/index.php\/wp-json\/wp\/v2\/categories?post=5058"},{"taxonomy":"post_tag","embeddable":true,"href":"https:\/\/radioplanetasaudade.com.br\/index.php\/wp-json\/wp\/v2\/tags?post=5058"}],"curies":[{"name":"wp","href":"https:\/\/api.w.org\/{rel}","templated":true}]}}