{"id":5070,"date":"2025-10-28T08:44:09","date_gmt":"2025-10-28T11:44:09","guid":{"rendered":"https:\/\/radioplanetasaudade.com.br\/?p=5070"},"modified":"2025-10-28T08:44:11","modified_gmt":"2025-10-28T11:44:11","slug":"zelia-duncan-61-anos-de-pura-emocao-e-40-anos-de-musica-que-tocam-a-alma","status":"publish","type":"post","link":"https:\/\/radioplanetasaudade.com.br\/index.php\/2025\/10\/28\/zelia-duncan-61-anos-de-pura-emocao-e-40-anos-de-musica-que-tocam-a-alma\/","title":{"rendered":"Z\u00e9lia Duncan: 61 Anos de Pura Emo\u00e7\u00e3o e 40 Anos de M\u00fasica que Tocam a Alma!"},"content":{"rendered":"\n<p class=\"wp-block-paragraph\"><strong><em>H\u00e1 61 anos nascia uma das vozes mais marcantes da m\u00fasica brasileira: Z\u00e9lia Duncan, cantora, compositora, musicista e atriz que conquistou gera\u00e7\u00f5es com seu talento, sua sensibilidade e sua verdade art\u00edstica.<\/em><\/strong><\/p>\n\n\n\n<figure class=\"wp-block-image alignleft size-full\"><img fetchpriority=\"high\" decoding=\"async\" width=\"488\" height=\"482\" src=\"https:\/\/radioplanetasaudade.com.br\/wp-content\/uploads\/2025\/10\/capture-20251028-080857.png\" alt=\"\" class=\"wp-image-5071\" srcset=\"https:\/\/radioplanetasaudade.com.br\/wp-content\/uploads\/2025\/10\/capture-20251028-080857.png 488w, https:\/\/radioplanetasaudade.com.br\/wp-content\/uploads\/2025\/10\/capture-20251028-080857-300x296.png 300w\" sizes=\"(max-width: 488px) 100vw, 488px\" \/><\/figure>\n\n\n\n<p class=\"wp-block-paragraph\">Natural de Niter\u00f3i (RJ), Z\u00e9lia come\u00e7ou a cantar ainda jovem e rapidamente chamou aten\u00e7\u00e3o por sua voz \u00fanica e interpreta\u00e7\u00e3o profunda.<\/p>\n\n\n\n<p class=\"wp-block-paragraph\">Desde ent\u00e3o, construiu uma trajet\u00f3ria s\u00f3lida, repleta de sucessos que atravessam o tempo \u2014 como \u201cCatedral\u201d, \u201cAlma\u201d, e \u201cEnquanto Durmo\u201d.<\/p>\n\n\n\n<p class=\"wp-block-paragraph\">Suas can\u00e7\u00f5es misturam poesia, liberdade e emo\u00e7\u00e3o, sempre com uma sonoridade que passeia pelo rock, MPB, pop e reggae, mantendo-se atual e inovadora ao longo das d\u00e9cadas.<\/p>\n\n\n\n<p class=\"wp-block-paragraph\">Com 40 anos de carreira e 15 \u00e1lbuns de est\u00fadio, Z\u00e9lia continua sendo refer\u00eancia de autenticidade e arte no Brasil.<\/p>\n\n\n\n<p class=\"wp-block-paragraph\">Seu trabalho inspira novos artistas e encanta quem ama boa m\u00fasica \u2014 daquelas que a gente ouve e sente.<\/p>\n\n\n\n<p class=\"wp-block-paragraph\">Voc\u00ea pode celebrar o anivers\u00e1rio dessa estrela ouvindo seus maiores sucessos em nosso aplicativo para Android, iOS, ou pelos principais agregadores, como R\u00e1dios Net, CX R\u00e1dio e muitos outros. Basta dar o play e deixar Z\u00e9lia Duncan embalar seu dia! <img decoding=\"async\" height=\"16\" width=\"16\" alt=\"\ud83c\udfa7\" src=\"https:\/\/static.xx.fbcdn.net\/images\/emoji.php\/v9\/t1\/1\/16\/1f3a7.png\"><img decoding=\"async\" height=\"16\" width=\"16\" alt=\"\ud83d\udcab\" src=\"https:\/\/static.xx.fbcdn.net\/images\/emoji.php\/v9\/ted\/1\/16\/1f4ab.png\"><\/p>\n\n\n\n<p class=\"wp-block-paragraph\"><a href=\"https:\/\/www.facebook.com\/hashtag\/zeliaduncan?__eep__=6&amp;__cft__[0]=AZVSuzoJ757I--MxqGuEEypYtHphvZdBDOqKwJgZ_4Njp2_cDp3D3ulq5bOU7GM0KUvyn9eLxDhzscWXWrXIFlyhZlfTAN48i-OKz6n97qTPIAoeX8UZ7JC4kbQ05lRDEZUV6ZdRvoqLid2Qeq6x_I7SnG2MHxis1REjc5E9Vfr-BohIPHMcTyuld6YcEW6tyY0&amp;__tn__=*NK-R\">#ZeliaDuncan<\/a><a href=\"https:\/\/www.facebook.com\/hashtag\/mpb?__eep__=6&amp;__cft__[0]=AZVSuzoJ757I--MxqGuEEypYtHphvZdBDOqKwJgZ_4Njp2_cDp3D3ulq5bOU7GM0KUvyn9eLxDhzscWXWrXIFlyhZlfTAN48i-OKz6n97qTPIAoeX8UZ7JC4kbQ05lRDEZUV6ZdRvoqLid2Qeq6x_I7SnG2MHxis1REjc5E9Vfr-BohIPHMcTyuld6YcEW6tyY0&amp;__tn__=*NK-R\">#MPB<\/a><a href=\"https:\/\/www.facebook.com\/hashtag\/m%C3%BAsicabrasileira?__eep__=6&amp;__cft__[0]=AZVSuzoJ757I--MxqGuEEypYtHphvZdBDOqKwJgZ_4Njp2_cDp3D3ulq5bOU7GM0KUvyn9eLxDhzscWXWrXIFlyhZlfTAN48i-OKz6n97qTPIAoeX8UZ7JC4kbQ05lRDEZUV6ZdRvoqLid2Qeq6x_I7SnG2MHxis1REjc5E9Vfr-BohIPHMcTyuld6YcEW6tyY0&amp;__tn__=*NK-R\">#M\u00fasicaBrasileira<\/a><a href=\"https:\/\/www.facebook.com\/hashtag\/rockbrasil?__eep__=6&amp;__cft__[0]=AZVSuzoJ757I--MxqGuEEypYtHphvZdBDOqKwJgZ_4Njp2_cDp3D3ulq5bOU7GM0KUvyn9eLxDhzscWXWrXIFlyhZlfTAN48i-OKz6n97qTPIAoeX8UZ7JC4kbQ05lRDEZUV6ZdRvoqLid2Qeq6x_I7SnG2MHxis1REjc5E9Vfr-BohIPHMcTyuld6YcEW6tyY0&amp;__tn__=*NK-R\">#RockBrasil<\/a><a href=\"https:\/\/www.facebook.com\/hashtag\/popnacional?__eep__=6&amp;__cft__[0]=AZVSuzoJ757I--MxqGuEEypYtHphvZdBDOqKwJgZ_4Njp2_cDp3D3ulq5bOU7GM0KUvyn9eLxDhzscWXWrXIFlyhZlfTAN48i-OKz6n97qTPIAoeX8UZ7JC4kbQ05lRDEZUV6ZdRvoqLid2Qeq6x_I7SnG2MHxis1REjc5E9Vfr-BohIPHMcTyuld6YcEW6tyY0&amp;__tn__=*NK-R\">#PopNacional<\/a><a href=\"https:\/\/www.facebook.com\/hashtag\/sambasoul?__eep__=6&amp;__cft__[0]=AZVSuzoJ757I--MxqGuEEypYtHphvZdBDOqKwJgZ_4Njp2_cDp3D3ulq5bOU7GM0KUvyn9eLxDhzscWXWrXIFlyhZlfTAN48i-OKz6n97qTPIAoeX8UZ7JC4kbQ05lRDEZUV6ZdRvoqLid2Qeq6x_I7SnG2MHxis1REjc5E9Vfr-BohIPHMcTyuld6YcEW6tyY0&amp;__tn__=*NK-R\">#SambaSoul<\/a><a href=\"https:\/\/www.facebook.com\/hashtag\/reggaebrasil?__eep__=6&amp;__cft__[0]=AZVSuzoJ757I--MxqGuEEypYtHphvZdBDOqKwJgZ_4Njp2_cDp3D3ulq5bOU7GM0KUvyn9eLxDhzscWXWrXIFlyhZlfTAN48i-OKz6n97qTPIAoeX8UZ7JC4kbQ05lRDEZUV6ZdRvoqLid2Qeq6x_I7SnG2MHxis1REjc5E9Vfr-BohIPHMcTyuld6YcEW6tyY0&amp;__tn__=*NK-R\">#ReggaeBrasil<\/a><a href=\"https:\/\/www.facebook.com\/hashtag\/anivers%C3%A1riomusical?__eep__=6&amp;__cft__[0]=AZVSuzoJ757I--MxqGuEEypYtHphvZdBDOqKwJgZ_4Njp2_cDp3D3ulq5bOU7GM0KUvyn9eLxDhzscWXWrXIFlyhZlfTAN48i-OKz6n97qTPIAoeX8UZ7JC4kbQ05lRDEZUV6ZdRvoqLid2Qeq6x_I7SnG2MHxis1REjc5E9Vfr-BohIPHMcTyuld6YcEW6tyY0&amp;__tn__=*NK-R\">#Anivers\u00e1rioMusical<\/a><a href=\"https:\/\/www.facebook.com\/hashtag\/vozdobrasil?__eep__=6&amp;__cft__[0]=AZVSuzoJ757I--MxqGuEEypYtHphvZdBDOqKwJgZ_4Njp2_cDp3D3ulq5bOU7GM0KUvyn9eLxDhzscWXWrXIFlyhZlfTAN48i-OKz6n97qTPIAoeX8UZ7JC4kbQ05lRDEZUV6ZdRvoqLid2Qeq6x_I7SnG2MHxis1REjc5E9Vfr-BohIPHMcTyuld6YcEW6tyY0&amp;__tn__=*NK-R\">#VozDoBrasil<\/a><a href=\"https:\/\/www.facebook.com\/hashtag\/planetasaudade?__eep__=6&amp;__cft__[0]=AZVSuzoJ757I--MxqGuEEypYtHphvZdBDOqKwJgZ_4Njp2_cDp3D3ulq5bOU7GM0KUvyn9eLxDhzscWXWrXIFlyhZlfTAN48i-OKz6n97qTPIAoeX8UZ7JC4kbQ05lRDEZUV6ZdRvoqLid2Qeq6x_I7SnG2MHxis1REjc5E9Vfr-BohIPHMcTyuld6YcEW6tyY0&amp;__tn__=*NK-R\">#PlanetaSaudade<\/a><\/p>\n","protected":false},"excerpt":{"rendered":"<p>H\u00e1 61 anos nascia uma das vozes mais marcantes da m\u00fasica brasileira: Z\u00e9lia Duncan, cantora,&#8230;<\/p>\n","protected":false},"author":1,"featured_media":5071,"comment_status":"open","ping_status":"open","sticky":false,"template":"","format":"standard","meta":{"footnotes":""},"categories":[1229],"tags":[1532,1527,119,118,120,121,117,561,562,116,99,268],"class_list":["post-5070","post","type-post","status-publish","format-standard","has-post-thumbnail","hentry","category-artistas-aniversariantes","tag-61-anos","tag-aniversario","tag-anos-70","tag-anos-80","tag-anos-90","tag-baixe-nosso-app","tag-flashaback","tag-ouvir","tag-ouvir-radio","tag-radio","tag-radio-planeta-saudade","tag-zelia-duncan"],"yoast_head":"<!-- This site is optimized with the Yoast SEO plugin v28.4 - https:\/\/yoast.com\/product\/yoast-seo-wordpress\/ -->\n<title>Z\u00e9lia Duncan: 61 Anos de Pura Emo\u00e7\u00e3o e 40 Anos de M\u00fasica que Tocam a Alma! - R\u00c1DIO PLANETA SAUDADE<\/title>\n<meta name=\"robots\" content=\"index, follow, max-snippet:-1, max-image-preview:large, max-video-preview:-1\" \/>\n<link rel=\"canonical\" href=\"https:\/\/radioplanetasaudade.com.br\/index.php\/2025\/10\/28\/zelia-duncan-61-anos-de-pura-emocao-e-40-anos-de-musica-que-tocam-a-alma\/\" \/>\n<meta property=\"og:locale\" content=\"pt_BR\" \/>\n<meta property=\"og:type\" content=\"article\" \/>\n<meta property=\"og:title\" content=\"Z\u00e9lia Duncan: 61 Anos de Pura Emo\u00e7\u00e3o e 40 Anos de M\u00fasica que Tocam a Alma! - R\u00c1DIO PLANETA SAUDADE\" \/>\n<meta property=\"og:description\" content=\"H\u00e1 61 anos nascia uma das vozes mais marcantes da m\u00fasica brasileira: Z\u00e9lia Duncan, cantora,...\" \/>\n<meta property=\"og:url\" content=\"https:\/\/radioplanetasaudade.com.br\/index.php\/2025\/10\/28\/zelia-duncan-61-anos-de-pura-emocao-e-40-anos-de-musica-que-tocam-a-alma\/\" \/>\n<meta property=\"og:site_name\" content=\"R\u00c1DIO PLANETA SAUDADE\" \/>\n<meta property=\"article:published_time\" content=\"2025-10-28T11:44:09+00:00\" \/>\n<meta property=\"article:modified_time\" content=\"2025-10-28T11:44:11+00:00\" \/>\n<meta property=\"og:image\" content=\"https:\/\/radioplanetasaudade.com.br\/wp-content\/uploads\/2025\/10\/capture-20251028-080857.png\" \/>\n\t<meta property=\"og:image:width\" content=\"488\" \/>\n\t<meta property=\"og:image:height\" content=\"482\" \/>\n\t<meta property=\"og:image:type\" content=\"image\/png\" \/>\n<meta name=\"author\" content=\"Planeta Saudade\" \/>\n<meta name=\"twitter:card\" content=\"summary_large_image\" \/>\n<meta name=\"twitter:label1\" content=\"Escrito por\" \/>\n\t<meta name=\"twitter:data1\" content=\"Planeta Saudade\" \/>\n\t<meta name=\"twitter:label2\" content=\"Est. tempo de leitura\" \/>\n\t<meta name=\"twitter:data2\" content=\"2 minutos\" \/>\n<script type=\"application\/ld+json\" class=\"yoast-schema-graph\">{\"@context\":\"https:\\\/\\\/schema.org\",\"@graph\":[{\"@type\":\"Article\",\"@id\":\"https:\\\/\\\/radioplanetasaudade.com.br\\\/index.php\\\/2025\\\/10\\\/28\\\/zelia-duncan-61-anos-de-pura-emocao-e-40-anos-de-musica-que-tocam-a-alma\\\/#article\",\"isPartOf\":{\"@id\":\"https:\\\/\\\/radioplanetasaudade.com.br\\\/index.php\\\/2025\\\/10\\\/28\\\/zelia-duncan-61-anos-de-pura-emocao-e-40-anos-de-musica-que-tocam-a-alma\\\/\"},\"author\":{\"name\":\"Planeta Saudade\",\"@id\":\"https:\\\/\\\/radioplanetasaudade.com.br\\\/#\\\/schema\\\/person\\\/1a6f6fc0d987819324e7ed417a1a6581\"},\"headline\":\"Z\u00e9lia Duncan: 61 Anos de Pura Emo\u00e7\u00e3o e 40 Anos de M\u00fasica que Tocam a Alma!\",\"datePublished\":\"2025-10-28T11:44:09+00:00\",\"dateModified\":\"2025-10-28T11:44:11+00:00\",\"mainEntityOfPage\":{\"@id\":\"https:\\\/\\\/radioplanetasaudade.com.br\\\/index.php\\\/2025\\\/10\\\/28\\\/zelia-duncan-61-anos-de-pura-emocao-e-40-anos-de-musica-que-tocam-a-alma\\\/\"},\"wordCount\":225,\"commentCount\":0,\"publisher\":{\"@id\":\"https:\\\/\\\/radioplanetasaudade.com.br\\\/#organization\"},\"image\":{\"@id\":\"https:\\\/\\\/radioplanetasaudade.com.br\\\/index.php\\\/2025\\\/10\\\/28\\\/zelia-duncan-61-anos-de-pura-emocao-e-40-anos-de-musica-que-tocam-a-alma\\\/#primaryimage\"},\"thumbnailUrl\":\"https:\\\/\\\/radioplanetasaudade.com.br\\\/wp-content\\\/uploads\\\/2025\\\/10\\\/capture-20251028-080857.png\",\"keywords\":[\"61 anos\",\"Anivers\u00e1rio\",\"Anos 70\",\"Anos 80\",\"Anos 90\",\"Baixe nosso App\",\"Flashaback\",\"Ouvir\",\"Ouvir r\u00e1dio\",\"R\u00e1dio\",\"R\u00e1dio Planeta Saudade\",\"Z\u00e9lia Duncan\"],\"articleSection\":[\"ARTISTAS ANIVERSARIANTES\"],\"inLanguage\":\"pt-BR\",\"potentialAction\":[{\"@type\":\"CommentAction\",\"name\":\"Comment\",\"target\":[\"https:\\\/\\\/radioplanetasaudade.com.br\\\/index.php\\\/2025\\\/10\\\/28\\\/zelia-duncan-61-anos-de-pura-emocao-e-40-anos-de-musica-que-tocam-a-alma\\\/#respond\"]}]},{\"@type\":\"WebPage\",\"@id\":\"https:\\\/\\\/radioplanetasaudade.com.br\\\/index.php\\\/2025\\\/10\\\/28\\\/zelia-duncan-61-anos-de-pura-emocao-e-40-anos-de-musica-que-tocam-a-alma\\\/\",\"url\":\"https:\\\/\\\/radioplanetasaudade.com.br\\\/index.php\\\/2025\\\/10\\\/28\\\/zelia-duncan-61-anos-de-pura-emocao-e-40-anos-de-musica-que-tocam-a-alma\\\/\",\"name\":\"Z\u00e9lia Duncan: 61 Anos de Pura Emo\u00e7\u00e3o e 40 Anos de M\u00fasica que Tocam a Alma! - R\u00c1DIO PLANETA SAUDADE\",\"isPartOf\":{\"@id\":\"https:\\\/\\\/radioplanetasaudade.com.br\\\/#website\"},\"primaryImageOfPage\":{\"@id\":\"https:\\\/\\\/radioplanetasaudade.com.br\\\/index.php\\\/2025\\\/10\\\/28\\\/zelia-duncan-61-anos-de-pura-emocao-e-40-anos-de-musica-que-tocam-a-alma\\\/#primaryimage\"},\"image\":{\"@id\":\"https:\\\/\\\/radioplanetasaudade.com.br\\\/index.php\\\/2025\\\/10\\\/28\\\/zelia-duncan-61-anos-de-pura-emocao-e-40-anos-de-musica-que-tocam-a-alma\\\/#primaryimage\"},\"thumbnailUrl\":\"https:\\\/\\\/radioplanetasaudade.com.br\\\/wp-content\\\/uploads\\\/2025\\\/10\\\/capture-20251028-080857.png\",\"datePublished\":\"2025-10-28T11:44:09+00:00\",\"dateModified\":\"2025-10-28T11:44:11+00:00\",\"breadcrumb\":{\"@id\":\"https:\\\/\\\/radioplanetasaudade.com.br\\\/index.php\\\/2025\\\/10\\\/28\\\/zelia-duncan-61-anos-de-pura-emocao-e-40-anos-de-musica-que-tocam-a-alma\\\/#breadcrumb\"},\"inLanguage\":\"pt-BR\",\"potentialAction\":[{\"@type\":\"ReadAction\",\"target\":[\"https:\\\/\\\/radioplanetasaudade.com.br\\\/index.php\\\/2025\\\/10\\\/28\\\/zelia-duncan-61-anos-de-pura-emocao-e-40-anos-de-musica-que-tocam-a-alma\\\/\"]}]},{\"@type\":\"ImageObject\",\"inLanguage\":\"pt-BR\",\"@id\":\"https:\\\/\\\/radioplanetasaudade.com.br\\\/index.php\\\/2025\\\/10\\\/28\\\/zelia-duncan-61-anos-de-pura-emocao-e-40-anos-de-musica-que-tocam-a-alma\\\/#primaryimage\",\"url\":\"https:\\\/\\\/radioplanetasaudade.com.br\\\/wp-content\\\/uploads\\\/2025\\\/10\\\/capture-20251028-080857.png\",\"contentUrl\":\"https:\\\/\\\/radioplanetasaudade.com.br\\\/wp-content\\\/uploads\\\/2025\\\/10\\\/capture-20251028-080857.png\",\"width\":488,\"height\":482},{\"@type\":\"BreadcrumbList\",\"@id\":\"https:\\\/\\\/radioplanetasaudade.com.br\\\/index.php\\\/2025\\\/10\\\/28\\\/zelia-duncan-61-anos-de-pura-emocao-e-40-anos-de-musica-que-tocam-a-alma\\\/#breadcrumb\",\"itemListElement\":[{\"@type\":\"ListItem\",\"position\":1,\"name\":\"In\u00edcio\",\"item\":\"https:\\\/\\\/radioplanetasaudade.com.br\\\/\"},{\"@type\":\"ListItem\",\"position\":2,\"name\":\"Z\u00e9lia Duncan: 61 Anos de Pura Emo\u00e7\u00e3o e 40 Anos de M\u00fasica que Tocam a Alma!\"}]},{\"@type\":\"WebSite\",\"@id\":\"https:\\\/\\\/radioplanetasaudade.com.br\\\/#website\",\"url\":\"https:\\\/\\\/radioplanetasaudade.com.br\\\/\",\"name\":\"R\u00e1dio Planeta Saudade\",\"description\":\"Relembrando grandes sucessos musicais e informando sobre os maiores artistas do mundo ou\u00e7a no seu celular.\",\"publisher\":{\"@id\":\"https:\\\/\\\/radioplanetasaudade.com.br\\\/#organization\"},\"potentialAction\":[{\"@type\":\"SearchAction\",\"target\":{\"@type\":\"EntryPoint\",\"urlTemplate\":\"https:\\\/\\\/radioplanetasaudade.com.br\\\/?s={search_term_string}\"},\"query-input\":{\"@type\":\"PropertyValueSpecification\",\"valueRequired\":true,\"valueName\":\"search_term_string\"}}],\"inLanguage\":\"pt-BR\"},{\"@type\":\"Organization\",\"@id\":\"https:\\\/\\\/radioplanetasaudade.com.br\\\/#organization\",\"name\":\"R\u00e1dio Planeta Saudade\",\"url\":\"https:\\\/\\\/radioplanetasaudade.com.br\\\/\",\"logo\":{\"@type\":\"ImageObject\",\"inLanguage\":\"pt-BR\",\"@id\":\"https:\\\/\\\/radioplanetasaudade.com.br\\\/#\\\/schema\\\/logo\\\/image\\\/\",\"url\":\"https:\\\/\\\/radioplanetasaudade.com.br\\\/wp-content\\\/uploads\\\/2023\\\/10\\\/capture-20230607-202153.png\",\"contentUrl\":\"https:\\\/\\\/radioplanetasaudade.com.br\\\/wp-content\\\/uploads\\\/2023\\\/10\\\/capture-20230607-202153.png\",\"width\":1350,\"height\":358,\"caption\":\"R\u00e1dio Planeta Saudade\"},\"image\":{\"@id\":\"https:\\\/\\\/radioplanetasaudade.com.br\\\/#\\\/schema\\\/logo\\\/image\\\/\"}},{\"@type\":\"Person\",\"@id\":\"https:\\\/\\\/radioplanetasaudade.com.br\\\/#\\\/schema\\\/person\\\/1a6f6fc0d987819324e7ed417a1a6581\",\"name\":\"Planeta Saudade\",\"image\":{\"@type\":\"ImageObject\",\"inLanguage\":\"pt-BR\",\"@id\":\"https:\\\/\\\/secure.gravatar.com\\\/avatar\\\/f81afe153fb6e9e1d38e83d127599e125ba7a0bd5cdb1f795af3d9b0af8ddeb0?s=96&d=mm&r=g\",\"url\":\"https:\\\/\\\/secure.gravatar.com\\\/avatar\\\/f81afe153fb6e9e1d38e83d127599e125ba7a0bd5cdb1f795af3d9b0af8ddeb0?s=96&d=mm&r=g\",\"contentUrl\":\"https:\\\/\\\/secure.gravatar.com\\\/avatar\\\/f81afe153fb6e9e1d38e83d127599e125ba7a0bd5cdb1f795af3d9b0af8ddeb0?s=96&d=mm&r=g\",\"caption\":\"Planeta Saudade\"},\"sameAs\":[\"https:\\\/\\\/radioplanetasaudade.com.br\"],\"url\":\"https:\\\/\\\/radioplanetasaudade.com.br\\\/index.php\\\/author\\\/wendelsantos4567\\\/\"}]}<\/script>\n<!-- \/ Yoast SEO plugin. -->","yoast_head_json":{"title":"Z\u00e9lia Duncan: 61 Anos de Pura Emo\u00e7\u00e3o e 40 Anos de M\u00fasica que Tocam a Alma! - R\u00c1DIO PLANETA SAUDADE","robots":{"index":"index","follow":"follow","max-snippet":"max-snippet:-1","max-image-preview":"max-image-preview:large","max-video-preview":"max-video-preview:-1"},"canonical":"https:\/\/radioplanetasaudade.com.br\/index.php\/2025\/10\/28\/zelia-duncan-61-anos-de-pura-emocao-e-40-anos-de-musica-que-tocam-a-alma\/","og_locale":"pt_BR","og_type":"article","og_title":"Z\u00e9lia Duncan: 61 Anos de Pura Emo\u00e7\u00e3o e 40 Anos de M\u00fasica que Tocam a Alma! - R\u00c1DIO PLANETA SAUDADE","og_description":"H\u00e1 61 anos nascia uma das vozes mais marcantes da m\u00fasica brasileira: Z\u00e9lia Duncan, cantora,...","og_url":"https:\/\/radioplanetasaudade.com.br\/index.php\/2025\/10\/28\/zelia-duncan-61-anos-de-pura-emocao-e-40-anos-de-musica-que-tocam-a-alma\/","og_site_name":"R\u00c1DIO PLANETA SAUDADE","article_published_time":"2025-10-28T11:44:09+00:00","article_modified_time":"2025-10-28T11:44:11+00:00","og_image":[{"width":488,"height":482,"url":"https:\/\/radioplanetasaudade.com.br\/wp-content\/uploads\/2025\/10\/capture-20251028-080857.png","type":"image\/png"}],"author":"Planeta Saudade","twitter_card":"summary_large_image","twitter_misc":{"Escrito por":"Planeta Saudade","Est. tempo de leitura":"2 minutos"},"schema":{"@context":"https:\/\/schema.org","@graph":[{"@type":"Article","@id":"https:\/\/radioplanetasaudade.com.br\/index.php\/2025\/10\/28\/zelia-duncan-61-anos-de-pura-emocao-e-40-anos-de-musica-que-tocam-a-alma\/#article","isPartOf":{"@id":"https:\/\/radioplanetasaudade.com.br\/index.php\/2025\/10\/28\/zelia-duncan-61-anos-de-pura-emocao-e-40-anos-de-musica-que-tocam-a-alma\/"},"author":{"name":"Planeta Saudade","@id":"https:\/\/radioplanetasaudade.com.br\/#\/schema\/person\/1a6f6fc0d987819324e7ed417a1a6581"},"headline":"Z\u00e9lia Duncan: 61 Anos de Pura Emo\u00e7\u00e3o e 40 Anos de M\u00fasica que Tocam a Alma!","datePublished":"2025-10-28T11:44:09+00:00","dateModified":"2025-10-28T11:44:11+00:00","mainEntityOfPage":{"@id":"https:\/\/radioplanetasaudade.com.br\/index.php\/2025\/10\/28\/zelia-duncan-61-anos-de-pura-emocao-e-40-anos-de-musica-que-tocam-a-alma\/"},"wordCount":225,"commentCount":0,"publisher":{"@id":"https:\/\/radioplanetasaudade.com.br\/#organization"},"image":{"@id":"https:\/\/radioplanetasaudade.com.br\/index.php\/2025\/10\/28\/zelia-duncan-61-anos-de-pura-emocao-e-40-anos-de-musica-que-tocam-a-alma\/#primaryimage"},"thumbnailUrl":"https:\/\/radioplanetasaudade.com.br\/wp-content\/uploads\/2025\/10\/capture-20251028-080857.png","keywords":["61 anos","Anivers\u00e1rio","Anos 70","Anos 80","Anos 90","Baixe nosso App","Flashaback","Ouvir","Ouvir r\u00e1dio","R\u00e1dio","R\u00e1dio Planeta Saudade","Z\u00e9lia Duncan"],"articleSection":["ARTISTAS ANIVERSARIANTES"],"inLanguage":"pt-BR","potentialAction":[{"@type":"CommentAction","name":"Comment","target":["https:\/\/radioplanetasaudade.com.br\/index.php\/2025\/10\/28\/zelia-duncan-61-anos-de-pura-emocao-e-40-anos-de-musica-que-tocam-a-alma\/#respond"]}]},{"@type":"WebPage","@id":"https:\/\/radioplanetasaudade.com.br\/index.php\/2025\/10\/28\/zelia-duncan-61-anos-de-pura-emocao-e-40-anos-de-musica-que-tocam-a-alma\/","url":"https:\/\/radioplanetasaudade.com.br\/index.php\/2025\/10\/28\/zelia-duncan-61-anos-de-pura-emocao-e-40-anos-de-musica-que-tocam-a-alma\/","name":"Z\u00e9lia Duncan: 61 Anos de Pura Emo\u00e7\u00e3o e 40 Anos de M\u00fasica que Tocam a Alma! - R\u00c1DIO PLANETA SAUDADE","isPartOf":{"@id":"https:\/\/radioplanetasaudade.com.br\/#website"},"primaryImageOfPage":{"@id":"https:\/\/radioplanetasaudade.com.br\/index.php\/2025\/10\/28\/zelia-duncan-61-anos-de-pura-emocao-e-40-anos-de-musica-que-tocam-a-alma\/#primaryimage"},"image":{"@id":"https:\/\/radioplanetasaudade.com.br\/index.php\/2025\/10\/28\/zelia-duncan-61-anos-de-pura-emocao-e-40-anos-de-musica-que-tocam-a-alma\/#primaryimage"},"thumbnailUrl":"https:\/\/radioplanetasaudade.com.br\/wp-content\/uploads\/2025\/10\/capture-20251028-080857.png","datePublished":"2025-10-28T11:44:09+00:00","dateModified":"2025-10-28T11:44:11+00:00","breadcrumb":{"@id":"https:\/\/radioplanetasaudade.com.br\/index.php\/2025\/10\/28\/zelia-duncan-61-anos-de-pura-emocao-e-40-anos-de-musica-que-tocam-a-alma\/#breadcrumb"},"inLanguage":"pt-BR","potentialAction":[{"@type":"ReadAction","target":["https:\/\/radioplanetasaudade.com.br\/index.php\/2025\/10\/28\/zelia-duncan-61-anos-de-pura-emocao-e-40-anos-de-musica-que-tocam-a-alma\/"]}]},{"@type":"ImageObject","inLanguage":"pt-BR","@id":"https:\/\/radioplanetasaudade.com.br\/index.php\/2025\/10\/28\/zelia-duncan-61-anos-de-pura-emocao-e-40-anos-de-musica-que-tocam-a-alma\/#primaryimage","url":"https:\/\/radioplanetasaudade.com.br\/wp-content\/uploads\/2025\/10\/capture-20251028-080857.png","contentUrl":"https:\/\/radioplanetasaudade.com.br\/wp-content\/uploads\/2025\/10\/capture-20251028-080857.png","width":488,"height":482},{"@type":"BreadcrumbList","@id":"https:\/\/radioplanetasaudade.com.br\/index.php\/2025\/10\/28\/zelia-duncan-61-anos-de-pura-emocao-e-40-anos-de-musica-que-tocam-a-alma\/#breadcrumb","itemListElement":[{"@type":"ListItem","position":1,"name":"In\u00edcio","item":"https:\/\/radioplanetasaudade.com.br\/"},{"@type":"ListItem","position":2,"name":"Z\u00e9lia Duncan: 61 Anos de Pura Emo\u00e7\u00e3o e 40 Anos de M\u00fasica que Tocam a Alma!"}]},{"@type":"WebSite","@id":"https:\/\/radioplanetasaudade.com.br\/#website","url":"https:\/\/radioplanetasaudade.com.br\/","name":"R\u00e1dio Planeta Saudade","description":"Relembrando grandes sucessos musicais e informando sobre os maiores artistas do mundo ou\u00e7a no seu celular.","publisher":{"@id":"https:\/\/radioplanetasaudade.com.br\/#organization"},"potentialAction":[{"@type":"SearchAction","target":{"@type":"EntryPoint","urlTemplate":"https:\/\/radioplanetasaudade.com.br\/?s={search_term_string}"},"query-input":{"@type":"PropertyValueSpecification","valueRequired":true,"valueName":"search_term_string"}}],"inLanguage":"pt-BR"},{"@type":"Organization","@id":"https:\/\/radioplanetasaudade.com.br\/#organization","name":"R\u00e1dio Planeta Saudade","url":"https:\/\/radioplanetasaudade.com.br\/","logo":{"@type":"ImageObject","inLanguage":"pt-BR","@id":"https:\/\/radioplanetasaudade.com.br\/#\/schema\/logo\/image\/","url":"https:\/\/radioplanetasaudade.com.br\/wp-content\/uploads\/2023\/10\/capture-20230607-202153.png","contentUrl":"https:\/\/radioplanetasaudade.com.br\/wp-content\/uploads\/2023\/10\/capture-20230607-202153.png","width":1350,"height":358,"caption":"R\u00e1dio Planeta Saudade"},"image":{"@id":"https:\/\/radioplanetasaudade.com.br\/#\/schema\/logo\/image\/"}},{"@type":"Person","@id":"https:\/\/radioplanetasaudade.com.br\/#\/schema\/person\/1a6f6fc0d987819324e7ed417a1a6581","name":"Planeta Saudade","image":{"@type":"ImageObject","inLanguage":"pt-BR","@id":"https:\/\/secure.gravatar.com\/avatar\/f81afe153fb6e9e1d38e83d127599e125ba7a0bd5cdb1f795af3d9b0af8ddeb0?s=96&d=mm&r=g","url":"https:\/\/secure.gravatar.com\/avatar\/f81afe153fb6e9e1d38e83d127599e125ba7a0bd5cdb1f795af3d9b0af8ddeb0?s=96&d=mm&r=g","contentUrl":"https:\/\/secure.gravatar.com\/avatar\/f81afe153fb6e9e1d38e83d127599e125ba7a0bd5cdb1f795af3d9b0af8ddeb0?s=96&d=mm&r=g","caption":"Planeta Saudade"},"sameAs":["https:\/\/radioplanetasaudade.com.br"],"url":"https:\/\/radioplanetasaudade.com.br\/index.php\/author\/wendelsantos4567\/"}]}},"_links":{"self":[{"href":"https:\/\/radioplanetasaudade.com.br\/index.php\/wp-json\/wp\/v2\/posts\/5070","targetHints":{"allow":["GET"]}}],"collection":[{"href":"https:\/\/radioplanetasaudade.com.br\/index.php\/wp-json\/wp\/v2\/posts"}],"about":[{"href":"https:\/\/radioplanetasaudade.com.br\/index.php\/wp-json\/wp\/v2\/types\/post"}],"author":[{"embeddable":true,"href":"https:\/\/radioplanetasaudade.com.br\/index.php\/wp-json\/wp\/v2\/users\/1"}],"replies":[{"embeddable":true,"href":"https:\/\/radioplanetasaudade.com.br\/index.php\/wp-json\/wp\/v2\/comments?post=5070"}],"version-history":[{"count":1,"href":"https:\/\/radioplanetasaudade.com.br\/index.php\/wp-json\/wp\/v2\/posts\/5070\/revisions"}],"predecessor-version":[{"id":5072,"href":"https:\/\/radioplanetasaudade.com.br\/index.php\/wp-json\/wp\/v2\/posts\/5070\/revisions\/5072"}],"wp:featuredmedia":[{"embeddable":true,"href":"https:\/\/radioplanetasaudade.com.br\/index.php\/wp-json\/wp\/v2\/media\/5071"}],"wp:attachment":[{"href":"https:\/\/radioplanetasaudade.com.br\/index.php\/wp-json\/wp\/v2\/media?parent=5070"}],"wp:term":[{"taxonomy":"category","embeddable":true,"href":"https:\/\/radioplanetasaudade.com.br\/index.php\/wp-json\/wp\/v2\/categories?post=5070"},{"taxonomy":"post_tag","embeddable":true,"href":"https:\/\/radioplanetasaudade.com.br\/index.php\/wp-json\/wp\/v2\/tags?post=5070"}],"curies":[{"name":"wp","href":"https:\/\/api.w.org\/{rel}","templated":true}]}}