{"id":5230,"date":"2025-12-05T09:36:44","date_gmt":"2025-12-05T12:36:44","guid":{"rendered":"https:\/\/radioplanetasaudade.com.br\/?p=5230"},"modified":"2025-12-05T09:36:46","modified_gmt":"2025-12-05T12:36:46","slug":"i-will-always-love-you-o-hino-que-parou-o-mundo-em-1992-e-marcou-a-eternidade-de-whitney-houston","status":"publish","type":"post","link":"https:\/\/radioplanetasaudade.com.br\/index.php\/2025\/12\/05\/i-will-always-love-you-o-hino-que-parou-o-mundo-em-1992-e-marcou-a-eternidade-de-whitney-houston\/","title":{"rendered":"\u201cI Will Always Love You: O Hino Que Parou o Mundo em 1992 e Marcou a Eternidade de Whitney Houston\u201d"},"content":{"rendered":"\n<p><strong><em>Hoje vamos voltar a 1992, um ano que ficou eternizado na hist\u00f3ria da m\u00fasica gra\u00e7as \u00e0 voz \u00fanica, poderosa e inesquec\u00edvel de Whitney Houston.<\/em><\/strong><\/p>\n\n\n<div class=\"wp-block-image\">\n<figure class=\"alignleft size-full\"><img fetchpriority=\"high\" decoding=\"async\" width=\"487\" height=\"483\" src=\"https:\/\/radioplanetasaudade.com.br\/wp-content\/uploads\/2025\/12\/capture-20251205-090340.png\" alt=\"\" class=\"wp-image-5231\" srcset=\"https:\/\/radioplanetasaudade.com.br\/wp-content\/uploads\/2025\/12\/capture-20251205-090340.png 487w, https:\/\/radioplanetasaudade.com.br\/wp-content\/uploads\/2025\/12\/capture-20251205-090340-300x298.png 300w, https:\/\/radioplanetasaudade.com.br\/wp-content\/uploads\/2025\/12\/capture-20251205-090340-150x150.png 150w\" sizes=\"(max-width: 487px) 100vw, 487px\" \/><\/figure><\/div>\n\n\n<p>No in\u00edcio de dezembro \u2013 e especialmente no dia 5 de dezembro de 1992 \u2013 \u201cI Will Always Love You\u201d dominava as paradas do mundo inteiro, quebrando recordes, emocionando multid\u00f5es e se transformando em um dos maiores sucessos de todos os tempos.<\/p>\n\n\n\n<p>Originalmente escrita por Dolly Parton, a can\u00e7\u00e3o ganhou uma nova vida quando Whitney a regravou para o filme O Guarda-Costas.<\/p>\n\n\n\n<p>Com sua interpreta\u00e7\u00e3o intensa e vocal impec\u00e1vel, a m\u00fasica ultrapassou qualquer expectativa da ind\u00fastria, alcan\u00e7ando o topo da Billboard Hot 100 e permanecendo l\u00e1 por 14 semanas consecutivas, um feito impressionante para a \u00e9poca.<\/p>\n\n\n\n<p>No dia 5 de dezembro de 1992, o mundo estava completamente tomado pela magia dessa can\u00e7\u00e3o.<\/p>\n\n\n\n<p>As r\u00e1dios tocavam sem parar, as vendas explodiam e a voz de Whitney se transformava em trilha sonora de milh\u00f5es de vidas.<\/p>\n\n\n\n<p>Seu alcance emocional, a suavidade dos versos iniciais e o impacto explosivo das notas finais criaram um momento hist\u00f3rico que marcou gera\u00e7\u00f5es.<\/p>\n\n\n\n<p>E hoje, aqui na Planeta Saudade, celebramos essa mem\u00f3ria musical com carinho e nostalgia .<\/p>\n\n\n\n<p>Aproveite para curtir nossa programa\u00e7\u00e3o especial acessando o site oficial, al\u00e9m dos apps para Android, iOS, R\u00e1dios Net, CX R\u00e1dio e tantas outras plataformas.<\/p>\n\n\n\n<p>Onde quer que voc\u00ea esteja, a nossa r\u00e1dio est\u00e1 com voc\u00ea! <img decoding=\"async\" height=\"16\" width=\"16\" alt=\"\ud83c\udf0d\" src=\"https:\/\/static.xx.fbcdn.net\/images\/emoji.php\/v9\/t3f\/1\/16\/1f30d.png\"><img decoding=\"async\" height=\"16\" width=\"16\" alt=\"\ud83d\udcfb\" src=\"https:\/\/static.xx.fbcdn.net\/images\/emoji.php\/v9\/t8\/1\/16\/1f4fb.png\"><img loading=\"lazy\" decoding=\"async\" height=\"16\" width=\"16\" alt=\"\u2728\" src=\"https:\/\/static.xx.fbcdn.net\/images\/emoji.php\/v9\/tf4\/1\/16\/2728.png\"><\/p>\n\n\n\n<p>.<\/p>\n\n\n\n<p>.<\/p>\n\n\n\n<p>.<\/p>\n\n\n\n<p>.<\/p>\n\n\n\n<p>.<\/p>\n\n\n\n<p>.<\/p>\n\n\n\n<p>.<\/p>\n\n\n\n<p>.<\/p>\n\n\n\n<p>.<\/p>\n\n\n\n<p>.<\/p>\n\n\n\n<p><a href=\"https:\/\/www.facebook.com\/hashtag\/radioplanetasaudade?__eep__=6&amp;__cft__[0]=AZXQLJ1oK0VgwvpOiU7bxYtNuBV5LD7NavDez9IcTBx6emsocfO4CVSmY1m-JFW8ceNhgkZwqE3jlT3KRSaQtCKWxAiYTc0OhW2Mq6a_wv0Z7CXO7BbIa9yGJ1jMgaAJUEdYfXhGR5A8yf4Vn_0YvwYiYBZrAuP6AxVPybOjoUjjWxWoYRoKiCZYOFoEbvS3_Emwfl8gyy2A9LzWyEVmTRvT&amp;__tn__=*NK-R\">#radioPlanetaSaudade<\/a><a href=\"https:\/\/www.facebook.com\/hashtag\/planetasaudade?__eep__=6&amp;__cft__[0]=AZXQLJ1oK0VgwvpOiU7bxYtNuBV5LD7NavDez9IcTBx6emsocfO4CVSmY1m-JFW8ceNhgkZwqE3jlT3KRSaQtCKWxAiYTc0OhW2Mq6a_wv0Z7CXO7BbIa9yGJ1jMgaAJUEdYfXhGR5A8yf4Vn_0YvwYiYBZrAuP6AxVPybOjoUjjWxWoYRoKiCZYOFoEbvS3_Emwfl8gyy2A9LzWyEVmTRvT&amp;__tn__=*NK-R\">#PlanetaSaudade<\/a><a href=\"https:\/\/www.facebook.com\/hashtag\/radioonline?__eep__=6&amp;__cft__[0]=AZXQLJ1oK0VgwvpOiU7bxYtNuBV5LD7NavDez9IcTBx6emsocfO4CVSmY1m-JFW8ceNhgkZwqE3jlT3KRSaQtCKWxAiYTc0OhW2Mq6a_wv0Z7CXO7BbIa9yGJ1jMgaAJUEdYfXhGR5A8yf4Vn_0YvwYiYBZrAuP6AxVPybOjoUjjWxWoYRoKiCZYOFoEbvS3_Emwfl8gyy2A9LzWyEVmTRvT&amp;__tn__=*NK-R\">#radioonline<\/a><\/p>\n\n\n\n<p><a href=\"https:\/\/www.facebook.com\/hashtag\/whitneyhouston?__eep__=6&amp;__cft__[0]=AZXQLJ1oK0VgwvpOiU7bxYtNuBV5LD7NavDez9IcTBx6emsocfO4CVSmY1m-JFW8ceNhgkZwqE3jlT3KRSaQtCKWxAiYTc0OhW2Mq6a_wv0Z7CXO7BbIa9yGJ1jMgaAJUEdYfXhGR5A8yf4Vn_0YvwYiYBZrAuP6AxVPybOjoUjjWxWoYRoKiCZYOFoEbvS3_Emwfl8gyy2A9LzWyEVmTRvT&amp;__tn__=*NK-R\">#WhitneyHouston<\/a><a href=\"https:\/\/www.facebook.com\/hashtag\/iwillalwaysloveyou?__eep__=6&amp;__cft__[0]=AZXQLJ1oK0VgwvpOiU7bxYtNuBV5LD7NavDez9IcTBx6emsocfO4CVSmY1m-JFW8ceNhgkZwqE3jlT3KRSaQtCKWxAiYTc0OhW2Mq6a_wv0Z7CXO7BbIa9yGJ1jMgaAJUEdYfXhGR5A8yf4Vn_0YvwYiYBZrAuP6AxVPybOjoUjjWxWoYRoKiCZYOFoEbvS3_Emwfl8gyy2A9LzWyEVmTRvT&amp;__tn__=*NK-R\">#IWillAlwaysLoveYou<\/a><a href=\"https:\/\/www.facebook.com\/hashtag\/anos90?__eep__=6&amp;__cft__[0]=AZXQLJ1oK0VgwvpOiU7bxYtNuBV5LD7NavDez9IcTBx6emsocfO4CVSmY1m-JFW8ceNhgkZwqE3jlT3KRSaQtCKWxAiYTc0OhW2Mq6a_wv0Z7CXO7BbIa9yGJ1jMgaAJUEdYfXhGR5A8yf4Vn_0YvwYiYBZrAuP6AxVPybOjoUjjWxWoYRoKiCZYOFoEbvS3_Emwfl8gyy2A9LzWyEVmTRvT&amp;__tn__=*NK-R\">#Anos90<\/a><a href=\"https:\/\/www.facebook.com\/hashtag\/musicaboa?__eep__=6&amp;__cft__[0]=AZXQLJ1oK0VgwvpOiU7bxYtNuBV5LD7NavDez9IcTBx6emsocfO4CVSmY1m-JFW8ceNhgkZwqE3jlT3KRSaQtCKWxAiYTc0OhW2Mq6a_wv0Z7CXO7BbIa9yGJ1jMgaAJUEdYfXhGR5A8yf4Vn_0YvwYiYBZrAuP6AxVPybOjoUjjWxWoYRoKiCZYOFoEbvS3_Emwfl8gyy2A9LzWyEVmTRvT&amp;__tn__=*NK-R\">#MusicaBoa<\/a><\/p>\n\n\n\n<p><a href=\"https:\/\/www.facebook.com\/hashtag\/classicosdamusica?__eep__=6&amp;__cft__[0]=AZXQLJ1oK0VgwvpOiU7bxYtNuBV5LD7NavDez9IcTBx6emsocfO4CVSmY1m-JFW8ceNhgkZwqE3jlT3KRSaQtCKWxAiYTc0OhW2Mq6a_wv0Z7CXO7BbIa9yGJ1jMgaAJUEdYfXhGR5A8yf4Vn_0YvwYiYBZrAuP6AxVPybOjoUjjWxWoYRoKiCZYOFoEbvS3_Emwfl8gyy2A9LzWyEVmTRvT&amp;__tn__=*NK-R\">#ClassicosDaMusica<\/a><a href=\"https:\/\/www.facebook.com\/hashtag\/nostalgiamusical?__eep__=6&amp;__cft__[0]=AZXQLJ1oK0VgwvpOiU7bxYtNuBV5LD7NavDez9IcTBx6emsocfO4CVSmY1m-JFW8ceNhgkZwqE3jlT3KRSaQtCKWxAiYTc0OhW2Mq6a_wv0Z7CXO7BbIa9yGJ1jMgaAJUEdYfXhGR5A8yf4Vn_0YvwYiYBZrAuP6AxVPybOjoUjjWxWoYRoKiCZYOFoEbvS3_Emwfl8gyy2A9LzWyEVmTRvT&amp;__tn__=*NK-R\">#NostalgiaMusical<\/a><a href=\"https:\/\/www.facebook.com\/hashtag\/oguardacostas?__eep__=6&amp;__cft__[0]=AZXQLJ1oK0VgwvpOiU7bxYtNuBV5LD7NavDez9IcTBx6emsocfO4CVSmY1m-JFW8ceNhgkZwqE3jlT3KRSaQtCKWxAiYTc0OhW2Mq6a_wv0Z7CXO7BbIa9yGJ1jMgaAJUEdYfXhGR5A8yf4Vn_0YvwYiYBZrAuP6AxVPybOjoUjjWxWoYRoKiCZYOFoEbvS3_Emwfl8gyy2A9LzWyEVmTRvT&amp;__tn__=*NK-R\">#OGuardacostas<\/a><\/p>\n","protected":false},"excerpt":{"rendered":"<p>Hoje vamos voltar a 1992, um ano que ficou eternizado na hist\u00f3ria da m\u00fasica gra\u00e7as&#8230;<\/p>\n","protected":false},"author":1,"featured_media":5231,"comment_status":"open","ping_status":"open","sticky":false,"template":"","format":"standard","meta":{"footnotes":""},"categories":[153],"tags":[119,118,120,121,117,2175,1638,2401,2400,561,562,116,99,2399,189],"class_list":["post-5230","post","type-post","status-publish","format-standard","has-post-thumbnail","hentry","category-voce-sabia","tag-anos-70","tag-anos-80","tag-anos-90","tag-baixe-nosso-app","tag-flashaback","tag-i-will-always-love-you","tag-kevin-costner","tag-no-dia-5-de-dezembro","tag-o-guarda-costas","tag-ouvir","tag-ouvir-radio","tag-radio","tag-radio-planeta-saudade","tag-the-bodyguard","tag-whitney-houston"],"yoast_head":"<!-- This site is optimized with the Yoast SEO plugin v21.3 - https:\/\/yoast.com\/wordpress\/plugins\/seo\/ -->\n<title>\u201cI Will Always Love You: O Hino Que Parou o Mundo em 1992 e Marcou a Eternidade de Whitney Houston\u201d - R\u00c1DIO PLANETA SAUDADE<\/title>\n<meta name=\"robots\" content=\"index, follow, max-snippet:-1, max-image-preview:large, max-video-preview:-1\" \/>\n<link rel=\"canonical\" href=\"https:\/\/radioplanetasaudade.com.br\/index.php\/2025\/12\/05\/i-will-always-love-you-o-hino-que-parou-o-mundo-em-1992-e-marcou-a-eternidade-de-whitney-houston\/\" \/>\n<meta property=\"og:locale\" content=\"pt_BR\" \/>\n<meta property=\"og:type\" content=\"article\" \/>\n<meta property=\"og:title\" content=\"\u201cI Will Always Love You: O Hino Que Parou o Mundo em 1992 e Marcou a Eternidade de Whitney Houston\u201d - R\u00c1DIO PLANETA SAUDADE\" \/>\n<meta property=\"og:description\" content=\"Hoje vamos voltar a 1992, um ano que ficou eternizado na hist\u00f3ria da m\u00fasica gra\u00e7as...\" \/>\n<meta property=\"og:url\" content=\"https:\/\/radioplanetasaudade.com.br\/index.php\/2025\/12\/05\/i-will-always-love-you-o-hino-que-parou-o-mundo-em-1992-e-marcou-a-eternidade-de-whitney-houston\/\" \/>\n<meta property=\"og:site_name\" content=\"R\u00c1DIO PLANETA SAUDADE\" \/>\n<meta property=\"article:published_time\" content=\"2025-12-05T12:36:44+00:00\" \/>\n<meta property=\"article:modified_time\" content=\"2025-12-05T12:36:46+00:00\" \/>\n<meta property=\"og:image\" content=\"https:\/\/radioplanetasaudade.com.br\/wp-content\/uploads\/2025\/12\/capture-20251205-090340.png\" \/>\n\t<meta property=\"og:image:width\" content=\"487\" \/>\n\t<meta property=\"og:image:height\" content=\"483\" \/>\n\t<meta property=\"og:image:type\" content=\"image\/png\" \/>\n<meta name=\"author\" content=\"Planeta Saudade\" \/>\n<meta name=\"twitter:card\" content=\"summary_large_image\" \/>\n<meta name=\"twitter:label1\" content=\"Escrito por\" \/>\n\t<meta name=\"twitter:data1\" content=\"Planeta Saudade\" \/>\n\t<meta name=\"twitter:label2\" content=\"Est. tempo de leitura\" \/>\n\t<meta name=\"twitter:data2\" content=\"3 minutos\" \/>\n<script type=\"application\/ld+json\" class=\"yoast-schema-graph\">{\"@context\":\"https:\/\/schema.org\",\"@graph\":[{\"@type\":\"Article\",\"@id\":\"https:\/\/radioplanetasaudade.com.br\/index.php\/2025\/12\/05\/i-will-always-love-you-o-hino-que-parou-o-mundo-em-1992-e-marcou-a-eternidade-de-whitney-houston\/#article\",\"isPartOf\":{\"@id\":\"https:\/\/radioplanetasaudade.com.br\/index.php\/2025\/12\/05\/i-will-always-love-you-o-hino-que-parou-o-mundo-em-1992-e-marcou-a-eternidade-de-whitney-houston\/\"},\"author\":{\"name\":\"Planeta Saudade\",\"@id\":\"https:\/\/radioplanetasaudade.com.br\/#\/schema\/person\/1a6f6fc0d987819324e7ed417a1a6581\"},\"headline\":\"\u201cI Will Always Love You: O Hino Que Parou o Mundo em 1992 e Marcou a Eternidade de Whitney Houston\u201d\",\"datePublished\":\"2025-12-05T12:36:44+00:00\",\"dateModified\":\"2025-12-05T12:36:46+00:00\",\"mainEntityOfPage\":{\"@id\":\"https:\/\/radioplanetasaudade.com.br\/index.php\/2025\/12\/05\/i-will-always-love-you-o-hino-que-parou-o-mundo-em-1992-e-marcou-a-eternidade-de-whitney-houston\/\"},\"wordCount\":271,\"commentCount\":0,\"publisher\":{\"@id\":\"https:\/\/radioplanetasaudade.com.br\/#organization\"},\"keywords\":[\"Anos 70\",\"Anos 80\",\"Anos 90\",\"Baixe nosso App\",\"Flashaback\",\"I Will Always Love You\",\"Kevin Costner\",\"No dia 5 de dezembro\",\"O Guarda Costas\",\"Ouvir\",\"Ouvir r\u00e1dio\",\"R\u00e1dio\",\"R\u00e1dio Planeta Saudade\",\"The BodyGuard\",\"Whitney Houston\"],\"articleSection\":[\"VOC\u00ca SABIA ?\"],\"inLanguage\":\"pt-BR\",\"potentialAction\":[{\"@type\":\"CommentAction\",\"name\":\"Comment\",\"target\":[\"https:\/\/radioplanetasaudade.com.br\/index.php\/2025\/12\/05\/i-will-always-love-you-o-hino-que-parou-o-mundo-em-1992-e-marcou-a-eternidade-de-whitney-houston\/#respond\"]}]},{\"@type\":\"WebPage\",\"@id\":\"https:\/\/radioplanetasaudade.com.br\/index.php\/2025\/12\/05\/i-will-always-love-you-o-hino-que-parou-o-mundo-em-1992-e-marcou-a-eternidade-de-whitney-houston\/\",\"url\":\"https:\/\/radioplanetasaudade.com.br\/index.php\/2025\/12\/05\/i-will-always-love-you-o-hino-que-parou-o-mundo-em-1992-e-marcou-a-eternidade-de-whitney-houston\/\",\"name\":\"\u201cI Will Always Love You: O Hino Que Parou o Mundo em 1992 e Marcou a Eternidade de Whitney Houston\u201d - R\u00c1DIO PLANETA SAUDADE\",\"isPartOf\":{\"@id\":\"https:\/\/radioplanetasaudade.com.br\/#website\"},\"datePublished\":\"2025-12-05T12:36:44+00:00\",\"dateModified\":\"2025-12-05T12:36:46+00:00\",\"breadcrumb\":{\"@id\":\"https:\/\/radioplanetasaudade.com.br\/index.php\/2025\/12\/05\/i-will-always-love-you-o-hino-que-parou-o-mundo-em-1992-e-marcou-a-eternidade-de-whitney-houston\/#breadcrumb\"},\"inLanguage\":\"pt-BR\",\"potentialAction\":[{\"@type\":\"ReadAction\",\"target\":[\"https:\/\/radioplanetasaudade.com.br\/index.php\/2025\/12\/05\/i-will-always-love-you-o-hino-que-parou-o-mundo-em-1992-e-marcou-a-eternidade-de-whitney-houston\/\"]}]},{\"@type\":\"BreadcrumbList\",\"@id\":\"https:\/\/radioplanetasaudade.com.br\/index.php\/2025\/12\/05\/i-will-always-love-you-o-hino-que-parou-o-mundo-em-1992-e-marcou-a-eternidade-de-whitney-houston\/#breadcrumb\",\"itemListElement\":[{\"@type\":\"ListItem\",\"position\":1,\"name\":\"In\u00edcio\",\"item\":\"https:\/\/radioplanetasaudade.com.br\/\"},{\"@type\":\"ListItem\",\"position\":2,\"name\":\"\u201cI Will Always Love You: O Hino Que Parou o Mundo em 1992 e Marcou a Eternidade de Whitney Houston\u201d\"}]},{\"@type\":\"WebSite\",\"@id\":\"https:\/\/radioplanetasaudade.com.br\/#website\",\"url\":\"https:\/\/radioplanetasaudade.com.br\/\",\"name\":\"R\u00e1dio Planeta Saudade\",\"description\":\"Relembrando grandes sucessos musicais e informando sobre os maiores artistas do mundo ou\u00e7a no seu celular.\",\"publisher\":{\"@id\":\"https:\/\/radioplanetasaudade.com.br\/#organization\"},\"potentialAction\":[{\"@type\":\"SearchAction\",\"target\":{\"@type\":\"EntryPoint\",\"urlTemplate\":\"https:\/\/radioplanetasaudade.com.br\/?s={search_term_string}\"},\"query-input\":\"required name=search_term_string\"}],\"inLanguage\":\"pt-BR\"},{\"@type\":\"Organization\",\"@id\":\"https:\/\/radioplanetasaudade.com.br\/#organization\",\"name\":\"R\u00e1dio Planeta Saudade\",\"url\":\"https:\/\/radioplanetasaudade.com.br\/\",\"logo\":{\"@type\":\"ImageObject\",\"inLanguage\":\"pt-BR\",\"@id\":\"https:\/\/radioplanetasaudade.com.br\/#\/schema\/logo\/image\/\",\"url\":\"https:\/\/radioplanetasaudade.com.br\/wp-content\/uploads\/2023\/10\/capture-20230607-202153.png\",\"contentUrl\":\"https:\/\/radioplanetasaudade.com.br\/wp-content\/uploads\/2023\/10\/capture-20230607-202153.png\",\"width\":1350,\"height\":358,\"caption\":\"R\u00e1dio Planeta Saudade\"},\"image\":{\"@id\":\"https:\/\/radioplanetasaudade.com.br\/#\/schema\/logo\/image\/\"}},{\"@type\":\"Person\",\"@id\":\"https:\/\/radioplanetasaudade.com.br\/#\/schema\/person\/1a6f6fc0d987819324e7ed417a1a6581\",\"name\":\"Planeta Saudade\",\"image\":{\"@type\":\"ImageObject\",\"inLanguage\":\"pt-BR\",\"@id\":\"https:\/\/radioplanetasaudade.com.br\/#\/schema\/person\/image\/\",\"url\":\"https:\/\/secure.gravatar.com\/avatar\/a893d552ce4b2abfa845a62f8434cf31?s=96&d=mm&r=g\",\"contentUrl\":\"https:\/\/secure.gravatar.com\/avatar\/a893d552ce4b2abfa845a62f8434cf31?s=96&d=mm&r=g\",\"caption\":\"Planeta Saudade\"},\"sameAs\":[\"https:\/\/radioplanetasaudade.com.br\"],\"url\":\"https:\/\/radioplanetasaudade.com.br\/index.php\/author\/wendelsantos4567\/\"}]}<\/script>\n<!-- \/ Yoast SEO plugin. -->","yoast_head_json":{"title":"\u201cI Will Always Love You: O Hino Que Parou o Mundo em 1992 e Marcou a Eternidade de Whitney Houston\u201d - R\u00c1DIO PLANETA SAUDADE","robots":{"index":"index","follow":"follow","max-snippet":"max-snippet:-1","max-image-preview":"max-image-preview:large","max-video-preview":"max-video-preview:-1"},"canonical":"https:\/\/radioplanetasaudade.com.br\/index.php\/2025\/12\/05\/i-will-always-love-you-o-hino-que-parou-o-mundo-em-1992-e-marcou-a-eternidade-de-whitney-houston\/","og_locale":"pt_BR","og_type":"article","og_title":"\u201cI Will Always Love You: O Hino Que Parou o Mundo em 1992 e Marcou a Eternidade de Whitney Houston\u201d - R\u00c1DIO PLANETA SAUDADE","og_description":"Hoje vamos voltar a 1992, um ano que ficou eternizado na hist\u00f3ria da m\u00fasica gra\u00e7as...","og_url":"https:\/\/radioplanetasaudade.com.br\/index.php\/2025\/12\/05\/i-will-always-love-you-o-hino-que-parou-o-mundo-em-1992-e-marcou-a-eternidade-de-whitney-houston\/","og_site_name":"R\u00c1DIO PLANETA SAUDADE","article_published_time":"2025-12-05T12:36:44+00:00","article_modified_time":"2025-12-05T12:36:46+00:00","og_image":[{"width":487,"height":483,"url":"https:\/\/radioplanetasaudade.com.br\/wp-content\/uploads\/2025\/12\/capture-20251205-090340.png","type":"image\/png"}],"author":"Planeta Saudade","twitter_card":"summary_large_image","twitter_misc":{"Escrito por":"Planeta Saudade","Est. tempo de leitura":"3 minutos"},"schema":{"@context":"https:\/\/schema.org","@graph":[{"@type":"Article","@id":"https:\/\/radioplanetasaudade.com.br\/index.php\/2025\/12\/05\/i-will-always-love-you-o-hino-que-parou-o-mundo-em-1992-e-marcou-a-eternidade-de-whitney-houston\/#article","isPartOf":{"@id":"https:\/\/radioplanetasaudade.com.br\/index.php\/2025\/12\/05\/i-will-always-love-you-o-hino-que-parou-o-mundo-em-1992-e-marcou-a-eternidade-de-whitney-houston\/"},"author":{"name":"Planeta Saudade","@id":"https:\/\/radioplanetasaudade.com.br\/#\/schema\/person\/1a6f6fc0d987819324e7ed417a1a6581"},"headline":"\u201cI Will Always Love You: O Hino Que Parou o Mundo em 1992 e Marcou a Eternidade de Whitney Houston\u201d","datePublished":"2025-12-05T12:36:44+00:00","dateModified":"2025-12-05T12:36:46+00:00","mainEntityOfPage":{"@id":"https:\/\/radioplanetasaudade.com.br\/index.php\/2025\/12\/05\/i-will-always-love-you-o-hino-que-parou-o-mundo-em-1992-e-marcou-a-eternidade-de-whitney-houston\/"},"wordCount":271,"commentCount":0,"publisher":{"@id":"https:\/\/radioplanetasaudade.com.br\/#organization"},"keywords":["Anos 70","Anos 80","Anos 90","Baixe nosso App","Flashaback","I Will Always Love You","Kevin Costner","No dia 5 de dezembro","O Guarda Costas","Ouvir","Ouvir r\u00e1dio","R\u00e1dio","R\u00e1dio Planeta Saudade","The BodyGuard","Whitney Houston"],"articleSection":["VOC\u00ca SABIA ?"],"inLanguage":"pt-BR","potentialAction":[{"@type":"CommentAction","name":"Comment","target":["https:\/\/radioplanetasaudade.com.br\/index.php\/2025\/12\/05\/i-will-always-love-you-o-hino-que-parou-o-mundo-em-1992-e-marcou-a-eternidade-de-whitney-houston\/#respond"]}]},{"@type":"WebPage","@id":"https:\/\/radioplanetasaudade.com.br\/index.php\/2025\/12\/05\/i-will-always-love-you-o-hino-que-parou-o-mundo-em-1992-e-marcou-a-eternidade-de-whitney-houston\/","url":"https:\/\/radioplanetasaudade.com.br\/index.php\/2025\/12\/05\/i-will-always-love-you-o-hino-que-parou-o-mundo-em-1992-e-marcou-a-eternidade-de-whitney-houston\/","name":"\u201cI Will Always Love You: O Hino Que Parou o Mundo em 1992 e Marcou a Eternidade de Whitney Houston\u201d - R\u00c1DIO PLANETA SAUDADE","isPartOf":{"@id":"https:\/\/radioplanetasaudade.com.br\/#website"},"datePublished":"2025-12-05T12:36:44+00:00","dateModified":"2025-12-05T12:36:46+00:00","breadcrumb":{"@id":"https:\/\/radioplanetasaudade.com.br\/index.php\/2025\/12\/05\/i-will-always-love-you-o-hino-que-parou-o-mundo-em-1992-e-marcou-a-eternidade-de-whitney-houston\/#breadcrumb"},"inLanguage":"pt-BR","potentialAction":[{"@type":"ReadAction","target":["https:\/\/radioplanetasaudade.com.br\/index.php\/2025\/12\/05\/i-will-always-love-you-o-hino-que-parou-o-mundo-em-1992-e-marcou-a-eternidade-de-whitney-houston\/"]}]},{"@type":"BreadcrumbList","@id":"https:\/\/radioplanetasaudade.com.br\/index.php\/2025\/12\/05\/i-will-always-love-you-o-hino-que-parou-o-mundo-em-1992-e-marcou-a-eternidade-de-whitney-houston\/#breadcrumb","itemListElement":[{"@type":"ListItem","position":1,"name":"In\u00edcio","item":"https:\/\/radioplanetasaudade.com.br\/"},{"@type":"ListItem","position":2,"name":"\u201cI Will Always Love You: O Hino Que Parou o Mundo em 1992 e Marcou a Eternidade de Whitney Houston\u201d"}]},{"@type":"WebSite","@id":"https:\/\/radioplanetasaudade.com.br\/#website","url":"https:\/\/radioplanetasaudade.com.br\/","name":"R\u00e1dio Planeta Saudade","description":"Relembrando grandes sucessos musicais e informando sobre os maiores artistas do mundo ou\u00e7a no seu celular.","publisher":{"@id":"https:\/\/radioplanetasaudade.com.br\/#organization"},"potentialAction":[{"@type":"SearchAction","target":{"@type":"EntryPoint","urlTemplate":"https:\/\/radioplanetasaudade.com.br\/?s={search_term_string}"},"query-input":"required name=search_term_string"}],"inLanguage":"pt-BR"},{"@type":"Organization","@id":"https:\/\/radioplanetasaudade.com.br\/#organization","name":"R\u00e1dio Planeta Saudade","url":"https:\/\/radioplanetasaudade.com.br\/","logo":{"@type":"ImageObject","inLanguage":"pt-BR","@id":"https:\/\/radioplanetasaudade.com.br\/#\/schema\/logo\/image\/","url":"https:\/\/radioplanetasaudade.com.br\/wp-content\/uploads\/2023\/10\/capture-20230607-202153.png","contentUrl":"https:\/\/radioplanetasaudade.com.br\/wp-content\/uploads\/2023\/10\/capture-20230607-202153.png","width":1350,"height":358,"caption":"R\u00e1dio Planeta Saudade"},"image":{"@id":"https:\/\/radioplanetasaudade.com.br\/#\/schema\/logo\/image\/"}},{"@type":"Person","@id":"https:\/\/radioplanetasaudade.com.br\/#\/schema\/person\/1a6f6fc0d987819324e7ed417a1a6581","name":"Planeta Saudade","image":{"@type":"ImageObject","inLanguage":"pt-BR","@id":"https:\/\/radioplanetasaudade.com.br\/#\/schema\/person\/image\/","url":"https:\/\/secure.gravatar.com\/avatar\/a893d552ce4b2abfa845a62f8434cf31?s=96&d=mm&r=g","contentUrl":"https:\/\/secure.gravatar.com\/avatar\/a893d552ce4b2abfa845a62f8434cf31?s=96&d=mm&r=g","caption":"Planeta Saudade"},"sameAs":["https:\/\/radioplanetasaudade.com.br"],"url":"https:\/\/radioplanetasaudade.com.br\/index.php\/author\/wendelsantos4567\/"}]}},"_links":{"self":[{"href":"https:\/\/radioplanetasaudade.com.br\/index.php\/wp-json\/wp\/v2\/posts\/5230","targetHints":{"allow":["GET"]}}],"collection":[{"href":"https:\/\/radioplanetasaudade.com.br\/index.php\/wp-json\/wp\/v2\/posts"}],"about":[{"href":"https:\/\/radioplanetasaudade.com.br\/index.php\/wp-json\/wp\/v2\/types\/post"}],"author":[{"embeddable":true,"href":"https:\/\/radioplanetasaudade.com.br\/index.php\/wp-json\/wp\/v2\/users\/1"}],"replies":[{"embeddable":true,"href":"https:\/\/radioplanetasaudade.com.br\/index.php\/wp-json\/wp\/v2\/comments?post=5230"}],"version-history":[{"count":1,"href":"https:\/\/radioplanetasaudade.com.br\/index.php\/wp-json\/wp\/v2\/posts\/5230\/revisions"}],"predecessor-version":[{"id":5232,"href":"https:\/\/radioplanetasaudade.com.br\/index.php\/wp-json\/wp\/v2\/posts\/5230\/revisions\/5232"}],"wp:featuredmedia":[{"embeddable":true,"href":"https:\/\/radioplanetasaudade.com.br\/index.php\/wp-json\/wp\/v2\/media\/5231"}],"wp:attachment":[{"href":"https:\/\/radioplanetasaudade.com.br\/index.php\/wp-json\/wp\/v2\/media?parent=5230"}],"wp:term":[{"taxonomy":"category","embeddable":true,"href":"https:\/\/radioplanetasaudade.com.br\/index.php\/wp-json\/wp\/v2\/categories?post=5230"},{"taxonomy":"post_tag","embeddable":true,"href":"https:\/\/radioplanetasaudade.com.br\/index.php\/wp-json\/wp\/v2\/tags?post=5230"}],"curies":[{"name":"wp","href":"https:\/\/api.w.org\/{rel}","templated":true}]}}