{"id":5247,"date":"2025-12-08T10:15:07","date_gmt":"2025-12-08T13:15:07","guid":{"rendered":"https:\/\/radioplanetasaudade.com.br\/?p=5247"},"modified":"2025-12-08T10:15:10","modified_gmt":"2025-12-08T13:15:10","slug":"marina-elali-one-last-cry-a-voz-que-trasnformou-um-choro-em-eternidade","status":"publish","type":"post","link":"https:\/\/radioplanetasaudade.com.br\/index.php\/2025\/12\/08\/marina-elali-one-last-cry-a-voz-que-trasnformou-um-choro-em-eternidade\/","title":{"rendered":"Marina Elali &#8220;One Last Cry&#8221; A voz que trasnformou um choro em eternidade!"},"content":{"rendered":"\n<p><strong><em>Sua vers\u00e3o ganhou vida pr\u00f3pria e se eternizou como trilha sonora da inesquec\u00edvel personagem Nanda, interpretada por Fernanda Vasconcellos, na novela P\u00e1ginas da Vida (2006). A m\u00fasica, com sua atmosfera de despedida e supera\u00e7\u00e3o, se transformou em s\u00edmbolo de sensibilidade e for\u00e7a emocional, tocando milh\u00f5es de pessoas que acompanharam o drama da personagem.<\/em><\/strong><\/p>\n\n\n<div class=\"wp-block-image\">\n<figure class=\"alignleft size-full\"><img fetchpriority=\"high\" decoding=\"async\" width=\"486\" height=\"482\" src=\"https:\/\/radioplanetasaudade.com.br\/wp-content\/uploads\/2025\/12\/Marina-Elali.png\" alt=\"\" class=\"wp-image-5248\" srcset=\"https:\/\/radioplanetasaudade.com.br\/wp-content\/uploads\/2025\/12\/Marina-Elali.png 486w, https:\/\/radioplanetasaudade.com.br\/wp-content\/uploads\/2025\/12\/Marina-Elali-300x298.png 300w, https:\/\/radioplanetasaudade.com.br\/wp-content\/uploads\/2025\/12\/Marina-Elali-150x150.png 150w\" sizes=\"(max-width: 486px) 100vw, 486px\" \/><\/figure><\/div>\n\n\n<p>Antes disso, Marina j\u00e1 havia chamado aten\u00e7\u00e3o com \u201cVoc\u00ea\u201d, tema da novela Am\u00e9rica, mas foi com \u201cOne Last Cry\u201d que sua voz ganhou o pa\u00eds, alcan\u00e7ando o estrelato e conquistando Disco de Ouro.<\/p>\n\n\n\n<p>A interpreta\u00e7\u00e3o potente e ao mesmo tempo delicada representou perfeitamente a ess\u00eancia da letra original \u2014 um cora\u00e7\u00e3o que precisa viver a \u00faltima tristeza para finalmente reencontrar a pr\u00f3pria verdade.<\/p>\n\n\n\n<p>Essa can\u00e7\u00e3o n\u00e3o apenas impulsionou a carreira da artista, mas tamb\u00e9m se tornou parte do imagin\u00e1rio afetivo de quem viveu intensamente a \u00e9poca das novelas marcantes da TV brasileira.<\/p>\n\n\n\n<p>Hoje, relembramos essa hist\u00f3ria com carinho na R\u00e1dio Planeta Saudade, onde a emo\u00e7\u00e3o \u00e9 sempre protagonista.<\/p>\n\n\n\n<p>Voc\u00ea pode ouvir nossa programa\u00e7\u00e3o onde estiver: no site oficial <a href=\"https:\/\/l.facebook.com\/l.php?u=http%3A%2F%2Fradioplanetasaudade.com.br%2F%3Ffbclid%3DIwZXh0bgNhZW0CMTAAYnJpZBExU0FSekdsOEJBNGNzeFlsZHNydGMGYXBwX2lkEDIyMjAzOTE3ODgyMDA4OTIAAR4cV0fQb3E_z8m1KrotHrXUZNSRAFPbgt_oRjVheFFYnbriN_m4FDaSVdBErQ_aem_23KAy0pgraw1E3RUB6LxaA&amp;h=AT1qKEYPqYTSAqDmTU2-iqQOUmIBUooVuXEYumr_VWjlgEAlm1xrE5hsJ0xwQwMnLI4BkDCOmdJCmsnMqH8qyRBHYoREs2V34OqVpmOeluwr7oki38z2plJGx485tCHAJJWemEWRh9TzpdB5WqXyIsfWN6Pd6dp1&amp;__tn__=-UK-R&amp;c[0]=AT3g_R7EoYnTTYPnloMGoOTyr2dZq5yGdNrKacugrbYGJ_WtHjC8iQgAKScDvjjKNjQ5L-E-M-EfIH-LTunaMwUEOhNlBe_-pdZKPlW5NitkAQvYkRFXY5iQwchR0qeMVK5nv6Uy0x4w1817GqlRp2wLC44EZqIzG3K_9PvzAS8hmJaDI2JLTXmaiW2ZHEwgZ863zQlev1o3x2xfe9DePaQw\" rel=\"noreferrer noopener\" target=\"_blank\">radioplanetasaudade.com.br<\/a>, no Android, iOS, R\u00e1dios Net e CX R\u00e1dio. Conecte-se com a nostalgia que abra\u00e7a e com a m\u00fasica que nunca envelhece. <img decoding=\"async\" height=\"16\" width=\"16\" alt=\"\ud83c\udfa7\" src=\"https:\/\/static.xx.fbcdn.net\/images\/emoji.php\/v9\/t1\/1\/16\/1f3a7.png\"><img decoding=\"async\" height=\"16\" width=\"16\" alt=\"\ud83d\udc9b\" src=\"https:\/\/static.xx.fbcdn.net\/images\/emoji.php\/v9\/t15\/1\/16\/1f49b.png\"><img loading=\"lazy\" decoding=\"async\" height=\"16\" width=\"16\" alt=\"\u2728\" src=\"https:\/\/static.xx.fbcdn.net\/images\/emoji.php\/v9\/tf4\/1\/16\/2728.png\"><\/p>\n\n\n\n<p>\u2022<\/p>\n\n\n\n<p>\u2022<\/p>\n\n\n\n<p>\u2022<\/p>\n\n\n\n<p>\u2022<\/p>\n\n\n\n<p>\u2022<\/p>\n\n\n\n<p>\u2022<\/p>\n\n\n\n<p>\u2022<\/p>\n\n\n\n<p>\u2022<\/p>\n\n\n\n<p>\u2022<\/p>\n\n\n\n<p>\u2022<\/p>\n\n\n\n<p><a href=\"https:\/\/www.facebook.com\/hashtag\/radioplanetasaudade?__eep__=6&amp;__cft__[0]=AZVc9vSJD47Nw-KqRPjO9OwVtQdPwr5l_yHNPfaizi8vW0WdxKdByMXF6M-4ocpHoUMfsACZFw0OV9QlAjFjmbW_mtzISyDtO1MS6s5RX618lFuPtH34MAaOIsSpKXTZD_aAKOaXSH3F0HlgPdSIWytsGxCUdNxObL9ldITmHcK6E2JOFc-2oj3yPPXhp39YnPE&amp;__tn__=*NK-R\">#RadioPlanetaSaudade<\/a><\/p>\n\n\n\n<p><a href=\"https:\/\/www.facebook.com\/hashtag\/planetasaudade?__eep__=6&amp;__cft__[0]=AZVc9vSJD47Nw-KqRPjO9OwVtQdPwr5l_yHNPfaizi8vW0WdxKdByMXF6M-4ocpHoUMfsACZFw0OV9QlAjFjmbW_mtzISyDtO1MS6s5RX618lFuPtH34MAaOIsSpKXTZD_aAKOaXSH3F0HlgPdSIWytsGxCUdNxObL9ldITmHcK6E2JOFc-2oj3yPPXhp39YnPE&amp;__tn__=*NK-R\">#PlanetaSaudade<\/a><\/p>\n\n\n\n<p><a href=\"https:\/\/www.facebook.com\/hashtag\/radioonline?__eep__=6&amp;__cft__[0]=AZVc9vSJD47Nw-KqRPjO9OwVtQdPwr5l_yHNPfaizi8vW0WdxKdByMXF6M-4ocpHoUMfsACZFw0OV9QlAjFjmbW_mtzISyDtO1MS6s5RX618lFuPtH34MAaOIsSpKXTZD_aAKOaXSH3F0HlgPdSIWytsGxCUdNxObL9ldITmHcK6E2JOFc-2oj3yPPXhp39YnPE&amp;__tn__=*NK-R\">#RadioOnline<\/a><\/p>\n\n\n\n<p><a href=\"https:\/\/www.facebook.com\/hashtag\/marinaelali?__eep__=6&amp;__cft__[0]=AZVc9vSJD47Nw-KqRPjO9OwVtQdPwr5l_yHNPfaizi8vW0WdxKdByMXF6M-4ocpHoUMfsACZFw0OV9QlAjFjmbW_mtzISyDtO1MS6s5RX618lFuPtH34MAaOIsSpKXTZD_aAKOaXSH3F0HlgPdSIWytsGxCUdNxObL9ldITmHcK6E2JOFc-2oj3yPPXhp39YnPE&amp;__tn__=*NK-R\">#MarinaElali<\/a><\/p>\n\n\n\n<p><a href=\"https:\/\/www.facebook.com\/hashtag\/onelastcry?__eep__=6&amp;__cft__[0]=AZVc9vSJD47Nw-KqRPjO9OwVtQdPwr5l_yHNPfaizi8vW0WdxKdByMXF6M-4ocpHoUMfsACZFw0OV9QlAjFjmbW_mtzISyDtO1MS6s5RX618lFuPtH34MAaOIsSpKXTZD_aAKOaXSH3F0HlgPdSIWytsGxCUdNxObL9ldITmHcK6E2JOFc-2oj3yPPXhp39YnPE&amp;__tn__=*NK-R\">#OneLastCry<\/a><\/p>\n\n\n\n<p><a href=\"https:\/\/www.facebook.com\/hashtag\/paginasdavida?__eep__=6&amp;__cft__[0]=AZVc9vSJD47Nw-KqRPjO9OwVtQdPwr5l_yHNPfaizi8vW0WdxKdByMXF6M-4ocpHoUMfsACZFw0OV9QlAjFjmbW_mtzISyDtO1MS6s5RX618lFuPtH34MAaOIsSpKXTZD_aAKOaXSH3F0HlgPdSIWytsGxCUdNxObL9ldITmHcK6E2JOFc-2oj3yPPXhp39YnPE&amp;__tn__=*NK-R\">#PaginasDaVida<\/a><\/p>\n\n\n\n<p><a href=\"https:\/\/www.facebook.com\/hashtag\/novelasquemarcaram?__eep__=6&amp;__cft__[0]=AZVc9vSJD47Nw-KqRPjO9OwVtQdPwr5l_yHNPfaizi8vW0WdxKdByMXF6M-4ocpHoUMfsACZFw0OV9QlAjFjmbW_mtzISyDtO1MS6s5RX618lFuPtH34MAaOIsSpKXTZD_aAKOaXSH3F0HlgPdSIWytsGxCUdNxObL9ldITmHcK6E2JOFc-2oj3yPPXhp39YnPE&amp;__tn__=*NK-R\">#NovelasQueMarcaram<\/a><\/p>\n\n\n\n<p><a href=\"https:\/\/www.facebook.com\/hashtag\/musicaboa?__eep__=6&amp;__cft__[0]=AZVc9vSJD47Nw-KqRPjO9OwVtQdPwr5l_yHNPfaizi8vW0WdxKdByMXF6M-4ocpHoUMfsACZFw0OV9QlAjFjmbW_mtzISyDtO1MS6s5RX618lFuPtH34MAaOIsSpKXTZD_aAKOaXSH3F0HlgPdSIWytsGxCUdNxObL9ldITmHcK6E2JOFc-2oj3yPPXhp39YnPE&amp;__tn__=*NK-R\">#MusicaBoa<\/a><\/p>\n\n\n\n<p><a href=\"https:\/\/www.facebook.com\/hashtag\/saudadedotempo?__eep__=6&amp;__cft__[0]=AZVc9vSJD47Nw-KqRPjO9OwVtQdPwr5l_yHNPfaizi8vW0WdxKdByMXF6M-4ocpHoUMfsACZFw0OV9QlAjFjmbW_mtzISyDtO1MS6s5RX618lFuPtH34MAaOIsSpKXTZD_aAKOaXSH3F0HlgPdSIWytsGxCUdNxObL9ldITmHcK6E2JOFc-2oj3yPPXhp39YnPE&amp;__tn__=*NK-R\">#SaudadeDoTempo<\/a><\/p>\n\n\n\n<p><a href=\"https:\/\/www.facebook.com\/hashtag\/emo%C3%A7%C3%A3onoar?__eep__=6&amp;__cft__[0]=AZVc9vSJD47Nw-KqRPjO9OwVtQdPwr5l_yHNPfaizi8vW0WdxKdByMXF6M-4ocpHoUMfsACZFw0OV9QlAjFjmbW_mtzISyDtO1MS6s5RX618lFuPtH34MAaOIsSpKXTZD_aAKOaXSH3F0HlgPdSIWytsGxCUdNxObL9ldITmHcK6E2JOFc-2oj3yPPXhp39YnPE&amp;__tn__=*NK-R\">#Emo\u00e7\u00e3oNoAr<\/a><img loading=\"lazy\" decoding=\"async\" height=\"16\" width=\"16\" alt=\"\ud83c\udfb6\" src=\"https:\/\/static.xx.fbcdn.net\/images\/emoji.php\/v9\/t1f\/1\/16\/1f3b6.png\"><img decoding=\"async\" height=\"16\" width=\"16\" alt=\"\ud83d\udc9b\" src=\"https:\/\/static.xx.fbcdn.net\/images\/emoji.php\/v9\/t15\/1\/16\/1f49b.png\"><\/p>\n","protected":false},"excerpt":{"rendered":"<p>Sua vers\u00e3o ganhou vida pr\u00f3pria e se eternizou como trilha sonora da inesquec\u00edvel personagem Nanda,&#8230;<\/p>\n","protected":false},"author":1,"featured_media":5248,"comment_status":"open","ping_status":"open","sticky":false,"template":"","format":"standard","meta":{"footnotes":""},"categories":[92],"tags":[119,118,120,121,117,2407,625,2408,561,562,2409,116,99],"class_list":["post-5247","post","type-post","status-publish","format-standard","has-post-thumbnail","hentry","category-baixe-nosso-aplicativo","tag-anos-70","tag-anos-80","tag-anos-90","tag-baixe-nosso-app","tag-flashaback","tag-marina-elali","tag-novela","tag-one-last-cry","tag-ouvir","tag-ouvir-radio","tag-paginas-da-vida","tag-radio","tag-radio-planeta-saudade"],"yoast_head":"<!-- This site is optimized with the Yoast SEO plugin v21.3 - https:\/\/yoast.com\/wordpress\/plugins\/seo\/ -->\n<title>Marina Elali &quot;One Last Cry&quot; A voz que trasnformou um choro em eternidade! - R\u00c1DIO PLANETA SAUDADE<\/title>\n<meta name=\"robots\" content=\"index, follow, max-snippet:-1, max-image-preview:large, max-video-preview:-1\" \/>\n<link rel=\"canonical\" href=\"https:\/\/radioplanetasaudade.com.br\/index.php\/2025\/12\/08\/marina-elali-one-last-cry-a-voz-que-trasnformou-um-choro-em-eternidade\/\" \/>\n<meta property=\"og:locale\" content=\"pt_BR\" \/>\n<meta property=\"og:type\" content=\"article\" \/>\n<meta property=\"og:title\" content=\"Marina Elali &quot;One Last Cry&quot; A voz que trasnformou um choro em eternidade! - R\u00c1DIO PLANETA SAUDADE\" \/>\n<meta property=\"og:description\" content=\"Sua vers\u00e3o ganhou vida pr\u00f3pria e se eternizou como trilha sonora da inesquec\u00edvel personagem Nanda,...\" \/>\n<meta property=\"og:url\" content=\"https:\/\/radioplanetasaudade.com.br\/index.php\/2025\/12\/08\/marina-elali-one-last-cry-a-voz-que-trasnformou-um-choro-em-eternidade\/\" \/>\n<meta property=\"og:site_name\" content=\"R\u00c1DIO PLANETA SAUDADE\" \/>\n<meta property=\"article:published_time\" content=\"2025-12-08T13:15:07+00:00\" \/>\n<meta property=\"article:modified_time\" content=\"2025-12-08T13:15:10+00:00\" \/>\n<meta property=\"og:image\" content=\"https:\/\/radioplanetasaudade.com.br\/wp-content\/uploads\/2025\/12\/Marina-Elali.png\" \/>\n\t<meta property=\"og:image:width\" content=\"486\" \/>\n\t<meta property=\"og:image:height\" content=\"482\" \/>\n\t<meta property=\"og:image:type\" content=\"image\/png\" \/>\n<meta name=\"author\" content=\"Planeta Saudade\" \/>\n<meta name=\"twitter:card\" content=\"summary_large_image\" \/>\n<meta name=\"twitter:label1\" content=\"Escrito por\" \/>\n\t<meta name=\"twitter:data1\" content=\"Planeta Saudade\" \/>\n\t<meta name=\"twitter:label2\" content=\"Est. tempo de leitura\" \/>\n\t<meta name=\"twitter:data2\" content=\"3 minutos\" \/>\n<script type=\"application\/ld+json\" class=\"yoast-schema-graph\">{\"@context\":\"https:\/\/schema.org\",\"@graph\":[{\"@type\":\"Article\",\"@id\":\"https:\/\/radioplanetasaudade.com.br\/index.php\/2025\/12\/08\/marina-elali-one-last-cry-a-voz-que-trasnformou-um-choro-em-eternidade\/#article\",\"isPartOf\":{\"@id\":\"https:\/\/radioplanetasaudade.com.br\/index.php\/2025\/12\/08\/marina-elali-one-last-cry-a-voz-que-trasnformou-um-choro-em-eternidade\/\"},\"author\":{\"name\":\"Planeta Saudade\",\"@id\":\"https:\/\/radioplanetasaudade.com.br\/#\/schema\/person\/1a6f6fc0d987819324e7ed417a1a6581\"},\"headline\":\"Marina Elali &#8220;One Last Cry&#8221; A voz que trasnformou um choro em eternidade!\",\"datePublished\":\"2025-12-08T13:15:07+00:00\",\"dateModified\":\"2025-12-08T13:15:10+00:00\",\"mainEntityOfPage\":{\"@id\":\"https:\/\/radioplanetasaudade.com.br\/index.php\/2025\/12\/08\/marina-elali-one-last-cry-a-voz-que-trasnformou-um-choro-em-eternidade\/\"},\"wordCount\":245,\"commentCount\":0,\"publisher\":{\"@id\":\"https:\/\/radioplanetasaudade.com.br\/#organization\"},\"keywords\":[\"Anos 70\",\"Anos 80\",\"Anos 90\",\"Baixe nosso App\",\"Flashaback\",\"Marina Elali\",\"Novela\",\"One Last Cry\",\"Ouvir\",\"Ouvir r\u00e1dio\",\"P\u00e1ginas da Vida\",\"R\u00e1dio\",\"R\u00e1dio Planeta Saudade\"],\"articleSection\":[\"BAIXE NOSSO APLICATIVO\"],\"inLanguage\":\"pt-BR\",\"potentialAction\":[{\"@type\":\"CommentAction\",\"name\":\"Comment\",\"target\":[\"https:\/\/radioplanetasaudade.com.br\/index.php\/2025\/12\/08\/marina-elali-one-last-cry-a-voz-que-trasnformou-um-choro-em-eternidade\/#respond\"]}]},{\"@type\":\"WebPage\",\"@id\":\"https:\/\/radioplanetasaudade.com.br\/index.php\/2025\/12\/08\/marina-elali-one-last-cry-a-voz-que-trasnformou-um-choro-em-eternidade\/\",\"url\":\"https:\/\/radioplanetasaudade.com.br\/index.php\/2025\/12\/08\/marina-elali-one-last-cry-a-voz-que-trasnformou-um-choro-em-eternidade\/\",\"name\":\"Marina Elali \\\"One Last Cry\\\" A voz que trasnformou um choro em eternidade! - R\u00c1DIO PLANETA SAUDADE\",\"isPartOf\":{\"@id\":\"https:\/\/radioplanetasaudade.com.br\/#website\"},\"datePublished\":\"2025-12-08T13:15:07+00:00\",\"dateModified\":\"2025-12-08T13:15:10+00:00\",\"breadcrumb\":{\"@id\":\"https:\/\/radioplanetasaudade.com.br\/index.php\/2025\/12\/08\/marina-elali-one-last-cry-a-voz-que-trasnformou-um-choro-em-eternidade\/#breadcrumb\"},\"inLanguage\":\"pt-BR\",\"potentialAction\":[{\"@type\":\"ReadAction\",\"target\":[\"https:\/\/radioplanetasaudade.com.br\/index.php\/2025\/12\/08\/marina-elali-one-last-cry-a-voz-que-trasnformou-um-choro-em-eternidade\/\"]}]},{\"@type\":\"BreadcrumbList\",\"@id\":\"https:\/\/radioplanetasaudade.com.br\/index.php\/2025\/12\/08\/marina-elali-one-last-cry-a-voz-que-trasnformou-um-choro-em-eternidade\/#breadcrumb\",\"itemListElement\":[{\"@type\":\"ListItem\",\"position\":1,\"name\":\"In\u00edcio\",\"item\":\"https:\/\/radioplanetasaudade.com.br\/\"},{\"@type\":\"ListItem\",\"position\":2,\"name\":\"Marina Elali &#8220;One Last Cry&#8221; A voz que trasnformou um choro em eternidade!\"}]},{\"@type\":\"WebSite\",\"@id\":\"https:\/\/radioplanetasaudade.com.br\/#website\",\"url\":\"https:\/\/radioplanetasaudade.com.br\/\",\"name\":\"R\u00e1dio Planeta Saudade\",\"description\":\"Relembrando grandes sucessos musicais e informando sobre os maiores artistas do mundo ou\u00e7a no seu celular.\",\"publisher\":{\"@id\":\"https:\/\/radioplanetasaudade.com.br\/#organization\"},\"potentialAction\":[{\"@type\":\"SearchAction\",\"target\":{\"@type\":\"EntryPoint\",\"urlTemplate\":\"https:\/\/radioplanetasaudade.com.br\/?s={search_term_string}\"},\"query-input\":\"required name=search_term_string\"}],\"inLanguage\":\"pt-BR\"},{\"@type\":\"Organization\",\"@id\":\"https:\/\/radioplanetasaudade.com.br\/#organization\",\"name\":\"R\u00e1dio Planeta Saudade\",\"url\":\"https:\/\/radioplanetasaudade.com.br\/\",\"logo\":{\"@type\":\"ImageObject\",\"inLanguage\":\"pt-BR\",\"@id\":\"https:\/\/radioplanetasaudade.com.br\/#\/schema\/logo\/image\/\",\"url\":\"https:\/\/radioplanetasaudade.com.br\/wp-content\/uploads\/2023\/10\/capture-20230607-202153.png\",\"contentUrl\":\"https:\/\/radioplanetasaudade.com.br\/wp-content\/uploads\/2023\/10\/capture-20230607-202153.png\",\"width\":1350,\"height\":358,\"caption\":\"R\u00e1dio Planeta Saudade\"},\"image\":{\"@id\":\"https:\/\/radioplanetasaudade.com.br\/#\/schema\/logo\/image\/\"}},{\"@type\":\"Person\",\"@id\":\"https:\/\/radioplanetasaudade.com.br\/#\/schema\/person\/1a6f6fc0d987819324e7ed417a1a6581\",\"name\":\"Planeta Saudade\",\"image\":{\"@type\":\"ImageObject\",\"inLanguage\":\"pt-BR\",\"@id\":\"https:\/\/radioplanetasaudade.com.br\/#\/schema\/person\/image\/\",\"url\":\"https:\/\/secure.gravatar.com\/avatar\/a893d552ce4b2abfa845a62f8434cf31?s=96&d=mm&r=g\",\"contentUrl\":\"https:\/\/secure.gravatar.com\/avatar\/a893d552ce4b2abfa845a62f8434cf31?s=96&d=mm&r=g\",\"caption\":\"Planeta Saudade\"},\"sameAs\":[\"https:\/\/radioplanetasaudade.com.br\"],\"url\":\"https:\/\/radioplanetasaudade.com.br\/index.php\/author\/wendelsantos4567\/\"}]}<\/script>\n<!-- \/ Yoast SEO plugin. -->","yoast_head_json":{"title":"Marina Elali \"One Last Cry\" A voz que trasnformou um choro em eternidade! - R\u00c1DIO PLANETA SAUDADE","robots":{"index":"index","follow":"follow","max-snippet":"max-snippet:-1","max-image-preview":"max-image-preview:large","max-video-preview":"max-video-preview:-1"},"canonical":"https:\/\/radioplanetasaudade.com.br\/index.php\/2025\/12\/08\/marina-elali-one-last-cry-a-voz-que-trasnformou-um-choro-em-eternidade\/","og_locale":"pt_BR","og_type":"article","og_title":"Marina Elali \"One Last Cry\" A voz que trasnformou um choro em eternidade! - R\u00c1DIO PLANETA SAUDADE","og_description":"Sua vers\u00e3o ganhou vida pr\u00f3pria e se eternizou como trilha sonora da inesquec\u00edvel personagem Nanda,...","og_url":"https:\/\/radioplanetasaudade.com.br\/index.php\/2025\/12\/08\/marina-elali-one-last-cry-a-voz-que-trasnformou-um-choro-em-eternidade\/","og_site_name":"R\u00c1DIO PLANETA SAUDADE","article_published_time":"2025-12-08T13:15:07+00:00","article_modified_time":"2025-12-08T13:15:10+00:00","og_image":[{"width":486,"height":482,"url":"https:\/\/radioplanetasaudade.com.br\/wp-content\/uploads\/2025\/12\/Marina-Elali.png","type":"image\/png"}],"author":"Planeta Saudade","twitter_card":"summary_large_image","twitter_misc":{"Escrito por":"Planeta Saudade","Est. tempo de leitura":"3 minutos"},"schema":{"@context":"https:\/\/schema.org","@graph":[{"@type":"Article","@id":"https:\/\/radioplanetasaudade.com.br\/index.php\/2025\/12\/08\/marina-elali-one-last-cry-a-voz-que-trasnformou-um-choro-em-eternidade\/#article","isPartOf":{"@id":"https:\/\/radioplanetasaudade.com.br\/index.php\/2025\/12\/08\/marina-elali-one-last-cry-a-voz-que-trasnformou-um-choro-em-eternidade\/"},"author":{"name":"Planeta Saudade","@id":"https:\/\/radioplanetasaudade.com.br\/#\/schema\/person\/1a6f6fc0d987819324e7ed417a1a6581"},"headline":"Marina Elali &#8220;One Last Cry&#8221; A voz que trasnformou um choro em eternidade!","datePublished":"2025-12-08T13:15:07+00:00","dateModified":"2025-12-08T13:15:10+00:00","mainEntityOfPage":{"@id":"https:\/\/radioplanetasaudade.com.br\/index.php\/2025\/12\/08\/marina-elali-one-last-cry-a-voz-que-trasnformou-um-choro-em-eternidade\/"},"wordCount":245,"commentCount":0,"publisher":{"@id":"https:\/\/radioplanetasaudade.com.br\/#organization"},"keywords":["Anos 70","Anos 80","Anos 90","Baixe nosso App","Flashaback","Marina Elali","Novela","One Last Cry","Ouvir","Ouvir r\u00e1dio","P\u00e1ginas da Vida","R\u00e1dio","R\u00e1dio Planeta Saudade"],"articleSection":["BAIXE NOSSO APLICATIVO"],"inLanguage":"pt-BR","potentialAction":[{"@type":"CommentAction","name":"Comment","target":["https:\/\/radioplanetasaudade.com.br\/index.php\/2025\/12\/08\/marina-elali-one-last-cry-a-voz-que-trasnformou-um-choro-em-eternidade\/#respond"]}]},{"@type":"WebPage","@id":"https:\/\/radioplanetasaudade.com.br\/index.php\/2025\/12\/08\/marina-elali-one-last-cry-a-voz-que-trasnformou-um-choro-em-eternidade\/","url":"https:\/\/radioplanetasaudade.com.br\/index.php\/2025\/12\/08\/marina-elali-one-last-cry-a-voz-que-trasnformou-um-choro-em-eternidade\/","name":"Marina Elali \"One Last Cry\" A voz que trasnformou um choro em eternidade! - R\u00c1DIO PLANETA SAUDADE","isPartOf":{"@id":"https:\/\/radioplanetasaudade.com.br\/#website"},"datePublished":"2025-12-08T13:15:07+00:00","dateModified":"2025-12-08T13:15:10+00:00","breadcrumb":{"@id":"https:\/\/radioplanetasaudade.com.br\/index.php\/2025\/12\/08\/marina-elali-one-last-cry-a-voz-que-trasnformou-um-choro-em-eternidade\/#breadcrumb"},"inLanguage":"pt-BR","potentialAction":[{"@type":"ReadAction","target":["https:\/\/radioplanetasaudade.com.br\/index.php\/2025\/12\/08\/marina-elali-one-last-cry-a-voz-que-trasnformou-um-choro-em-eternidade\/"]}]},{"@type":"BreadcrumbList","@id":"https:\/\/radioplanetasaudade.com.br\/index.php\/2025\/12\/08\/marina-elali-one-last-cry-a-voz-que-trasnformou-um-choro-em-eternidade\/#breadcrumb","itemListElement":[{"@type":"ListItem","position":1,"name":"In\u00edcio","item":"https:\/\/radioplanetasaudade.com.br\/"},{"@type":"ListItem","position":2,"name":"Marina Elali &#8220;One Last Cry&#8221; A voz que trasnformou um choro em eternidade!"}]},{"@type":"WebSite","@id":"https:\/\/radioplanetasaudade.com.br\/#website","url":"https:\/\/radioplanetasaudade.com.br\/","name":"R\u00e1dio Planeta Saudade","description":"Relembrando grandes sucessos musicais e informando sobre os maiores artistas do mundo ou\u00e7a no seu celular.","publisher":{"@id":"https:\/\/radioplanetasaudade.com.br\/#organization"},"potentialAction":[{"@type":"SearchAction","target":{"@type":"EntryPoint","urlTemplate":"https:\/\/radioplanetasaudade.com.br\/?s={search_term_string}"},"query-input":"required name=search_term_string"}],"inLanguage":"pt-BR"},{"@type":"Organization","@id":"https:\/\/radioplanetasaudade.com.br\/#organization","name":"R\u00e1dio Planeta Saudade","url":"https:\/\/radioplanetasaudade.com.br\/","logo":{"@type":"ImageObject","inLanguage":"pt-BR","@id":"https:\/\/radioplanetasaudade.com.br\/#\/schema\/logo\/image\/","url":"https:\/\/radioplanetasaudade.com.br\/wp-content\/uploads\/2023\/10\/capture-20230607-202153.png","contentUrl":"https:\/\/radioplanetasaudade.com.br\/wp-content\/uploads\/2023\/10\/capture-20230607-202153.png","width":1350,"height":358,"caption":"R\u00e1dio Planeta Saudade"},"image":{"@id":"https:\/\/radioplanetasaudade.com.br\/#\/schema\/logo\/image\/"}},{"@type":"Person","@id":"https:\/\/radioplanetasaudade.com.br\/#\/schema\/person\/1a6f6fc0d987819324e7ed417a1a6581","name":"Planeta Saudade","image":{"@type":"ImageObject","inLanguage":"pt-BR","@id":"https:\/\/radioplanetasaudade.com.br\/#\/schema\/person\/image\/","url":"https:\/\/secure.gravatar.com\/avatar\/a893d552ce4b2abfa845a62f8434cf31?s=96&d=mm&r=g","contentUrl":"https:\/\/secure.gravatar.com\/avatar\/a893d552ce4b2abfa845a62f8434cf31?s=96&d=mm&r=g","caption":"Planeta Saudade"},"sameAs":["https:\/\/radioplanetasaudade.com.br"],"url":"https:\/\/radioplanetasaudade.com.br\/index.php\/author\/wendelsantos4567\/"}]}},"_links":{"self":[{"href":"https:\/\/radioplanetasaudade.com.br\/index.php\/wp-json\/wp\/v2\/posts\/5247","targetHints":{"allow":["GET"]}}],"collection":[{"href":"https:\/\/radioplanetasaudade.com.br\/index.php\/wp-json\/wp\/v2\/posts"}],"about":[{"href":"https:\/\/radioplanetasaudade.com.br\/index.php\/wp-json\/wp\/v2\/types\/post"}],"author":[{"embeddable":true,"href":"https:\/\/radioplanetasaudade.com.br\/index.php\/wp-json\/wp\/v2\/users\/1"}],"replies":[{"embeddable":true,"href":"https:\/\/radioplanetasaudade.com.br\/index.php\/wp-json\/wp\/v2\/comments?post=5247"}],"version-history":[{"count":1,"href":"https:\/\/radioplanetasaudade.com.br\/index.php\/wp-json\/wp\/v2\/posts\/5247\/revisions"}],"predecessor-version":[{"id":5249,"href":"https:\/\/radioplanetasaudade.com.br\/index.php\/wp-json\/wp\/v2\/posts\/5247\/revisions\/5249"}],"wp:featuredmedia":[{"embeddable":true,"href":"https:\/\/radioplanetasaudade.com.br\/index.php\/wp-json\/wp\/v2\/media\/5248"}],"wp:attachment":[{"href":"https:\/\/radioplanetasaudade.com.br\/index.php\/wp-json\/wp\/v2\/media?parent=5247"}],"wp:term":[{"taxonomy":"category","embeddable":true,"href":"https:\/\/radioplanetasaudade.com.br\/index.php\/wp-json\/wp\/v2\/categories?post=5247"},{"taxonomy":"post_tag","embeddable":true,"href":"https:\/\/radioplanetasaudade.com.br\/index.php\/wp-json\/wp\/v2\/tags?post=5247"}],"curies":[{"name":"wp","href":"https:\/\/api.w.org\/{rel}","templated":true}]}}