{"id":5259,"date":"2025-12-10T09:51:29","date_gmt":"2025-12-10T12:51:29","guid":{"rendered":"https:\/\/radioplanetasaudade.com.br\/?p=5259"},"modified":"2025-12-10T09:51:31","modified_gmt":"2025-12-10T12:51:31","slug":"quando-take-my-breath-away-quase-sumiu-do-mapa-da-musica-e-a-culpa-seria-de-giorgio-moroder","status":"publish","type":"post","link":"https:\/\/radioplanetasaudade.com.br\/index.php\/2025\/12\/10\/quando-take-my-breath-away-quase-sumiu-do-mapa-da-musica-e-a-culpa-seria-de-giorgio-moroder\/","title":{"rendered":"Quando \u201cTake My Breath Away\u201d Quase Sumiu do Mapa da M\u00fasica \u2014 e a Culpa Seria de Giorgio Moroder"},"content":{"rendered":"\n<p><strong><em>Imagine por um segundo o mundo dos anos 80 sem \u201cTake My Breath Away\u201d, aquele hino melado, elegante e irresist\u00edvel que toca at\u00e9 hoje em casamentos, comerciais, novelas e naquela sua playlist secreta de m\u00fasicas que voc\u00ea finge que n\u00e3o gosta. Dif\u00edcil, n\u00e9? Pois acredite: isso quase aconteceu.<\/em><\/strong><\/p>\n\n\n<div class=\"wp-block-image\">\n<figure class=\"alignleft size-full\"><img fetchpriority=\"high\" decoding=\"async\" width=\"479\" height=\"480\" src=\"https:\/\/radioplanetasaudade.com.br\/wp-content\/uploads\/2025\/12\/597635056_873876172252119_458954616837763652_n.jpg\" alt=\"\" class=\"wp-image-5260\" srcset=\"https:\/\/radioplanetasaudade.com.br\/wp-content\/uploads\/2025\/12\/597635056_873876172252119_458954616837763652_n.jpg 479w, https:\/\/radioplanetasaudade.com.br\/wp-content\/uploads\/2025\/12\/597635056_873876172252119_458954616837763652_n-300x300.jpg 300w, https:\/\/radioplanetasaudade.com.br\/wp-content\/uploads\/2025\/12\/597635056_873876172252119_458954616837763652_n-150x150.jpg 150w\" sizes=\"(max-width: 479px) 100vw, 479px\" \/><\/figure><\/div>\n\n\n<p>Sim, quase ficamos sem um dos maiores cl\u00e1ssicos de todos os tempos\u2026 por pura \u201clentid\u00e3o\u201d.<\/p>\n\n\n\n<p>A hist\u00f3ria \u00e9 simples e inacredit\u00e1vel: Giorgio Moroder \u2014 o mago por tr\u00e1s de metade dos hits do planeta naquela \u00e9poca \u2014 ouviu a m\u00fasica pela primeira vez, fez cara de \u201chmmm\u2026 n\u00e3o sei, hein\u201d e pensou seriamente em descartar a m\u00fasica.<\/p>\n\n\n\n<p>Para ele, \u201cTake My Breath Away\u201d era lenta demais, suave demais, sentimental demais.<\/p>\n\n\n\n<p>Em resumo: ele achou que n\u00e3o ia dar em nada.<\/p>\n\n\n\n<p>E a\u00ed a gente respira fundo e pensa:<\/p>\n\n\n\n<p>\u201cGiorgio, meu querido, ainda bem que voc\u00ea mudou de ideia!\u201d<\/p>\n\n\n\n<p>O milagre aconteceu quando Terri Nunn, vocalista do Berlin, entrou no est\u00fadio e colocou a voz na demo.<\/p>\n\n\n\n<p>Bastaram alguns versos para Giorgio Moroder perceber que aquilo ali n\u00e3o era apenas uma m\u00fasica: era A M\u00fasica.<\/p>\n\n\n\n<p>Daquelas que chegam quietinhas, mas tomam conta do mundo como quem abre a porta de um bar e rouba a cena.<\/p>\n\n\n\n<p>E olha que ironia deliciosa: a m\u00fasica que quase ficou engavetada virou tema do filme Top Gun, ganhou Oscar, Globo de Ouro, dominou r\u00e1dios no mundo inteiro e se transformou em trilha sonora oficial de apaixonados desde 1986 at\u00e9 hoje.<\/p>\n\n\n\n<p>Agora imagine mesmo \u2014 de verdade \u2014 um mundo em que \u201cTake My Breath Away\u201d nunca existiu.<\/p>\n\n\n\n<p>A cena rom\u00e2ntica de Top Gun ia ser o qu\u00ea? Tom Cruise jogando charme com um r\u00e1dio tocando rock acelerado?<\/p>\n\n\n\n<p>N\u00e3o d\u00e1, n\u00e9?<\/p>\n\n\n\n<p>Ainda bem que algu\u00e9m deu o play, ouviu Terri Nunn e\u2026 pronto. Um cl\u00e1ssico nasceu. <img decoding=\"async\" height=\"16\" width=\"16\" alt=\"\ud83d\udc99\" src=\"https:\/\/static.xx.fbcdn.net\/images\/emoji.php\/v9\/t6c\/1\/16\/1f499.png\"><img decoding=\"async\" height=\"16\" width=\"16\" alt=\"\ud83c\udfb6\" src=\"https:\/\/static.xx.fbcdn.net\/images\/emoji.php\/v9\/t1f\/1\/16\/1f3b6.png\"><\/p>\n\n\n\n<p><img loading=\"lazy\" decoding=\"async\" height=\"16\" width=\"16\" alt=\"\ud83d\udcfb\" src=\"https:\/\/static.xx.fbcdn.net\/images\/emoji.php\/v9\/t8\/1\/16\/1f4fb.png\"> E voc\u00ea pode ouvir \u201cTake My Breath Away\u201d na programa\u00e7\u00e3o da R\u00e1dio Planeta Saudade!<\/p>\n\n\n\n<p>Acesse: <a href=\"http:\/\/radioplanetasaudade.com.br\/?fbclid=IwZXh0bgNhZW0CMTAAYnJpZBExczdQRXlkcURGTWV1TXNmUXNydGMGYXBwX2lkEDIyMjAzOTE3ODgyMDA4OTIAAR6_vwC_N82bks4OlkrOBsFipvl8ijqULkdJ-oS2bhgJUatGXSI8etgUfuNOtg_aem_iNyyyEOQKuuCU09FQfsdnQ\" rel=\"noreferrer noopener\" target=\"_blank\">radioplanetasaudade.com.br<\/a><\/p>\n\n\n\n<p>Dispon\u00edvel tamb\u00e9m em Android, iOS, R\u00e1dios Net, CX R\u00e1dio e diversas outras plataformas. <img loading=\"lazy\" decoding=\"async\" height=\"16\" width=\"16\" alt=\"\ud83c\udf10\" src=\"https:\/\/static.xx.fbcdn.net\/images\/emoji.php\/v9\/taa\/1\/16\/1f310.png\"><img loading=\"lazy\" decoding=\"async\" height=\"16\" width=\"16\" alt=\"\ud83c\udfa7\" src=\"https:\/\/static.xx.fbcdn.net\/images\/emoji.php\/v9\/t1\/1\/16\/1f3a7.png\"><\/p>\n\n\n\n<p>\u2800\u2800\u2800\u2800\u2800\u2800\u2800\u2800\u2800\u2800\u2800\u2800\u2800\u2800\u2800\u2800\u2800\u2800\u2800\u2800<\/p>\n\n\n\n<p>\u2022<\/p>\n\n\n\n<p>\u2022<\/p>\n\n\n\n<p>\u2022<\/p>\n\n\n\n<p><a href=\"https:\/\/www.facebook.com\/hashtag\/radioplanetasaudade?__eep__=6&amp;__cft__[0]=AZVD3M1o02gO34o9S6paiasfas1tS-JrhDjcbO4Pmvl9mifwg81koh34_8xUjMNoN2FPjOE0NvFu6YNngvd91hBL6-j81C9rwYlzt5_i_JtRyEyzFobIMFmWjUhjCeikxbvGiuawzaIEJxrUn_dPokKAJ9ZCJgWuE-voQiOGaRV1DTFmnNcDiZygdhVO79REjWs&amp;__tn__=*NK-R\">#RadioPlanetaSaudade<\/a><\/p>\n\n\n\n<p><a href=\"https:\/\/www.facebook.com\/hashtag\/radioonline?__eep__=6&amp;__cft__[0]=AZVD3M1o02gO34o9S6paiasfas1tS-JrhDjcbO4Pmvl9mifwg81koh34_8xUjMNoN2FPjOE0NvFu6YNngvd91hBL6-j81C9rwYlzt5_i_JtRyEyzFobIMFmWjUhjCeikxbvGiuawzaIEJxrUn_dPokKAJ9ZCJgWuE-voQiOGaRV1DTFmnNcDiZygdhVO79REjWs&amp;__tn__=*NK-R\">#RadioOnline<\/a><\/p>\n\n\n\n<p><a href=\"https:\/\/www.facebook.com\/hashtag\/musicasanos80?__eep__=6&amp;__cft__[0]=AZVD3M1o02gO34o9S6paiasfas1tS-JrhDjcbO4Pmvl9mifwg81koh34_8xUjMNoN2FPjOE0NvFu6YNngvd91hBL6-j81C9rwYlzt5_i_JtRyEyzFobIMFmWjUhjCeikxbvGiuawzaIEJxrUn_dPokKAJ9ZCJgWuE-voQiOGaRV1DTFmnNcDiZygdhVO79REjWs&amp;__tn__=*NK-R\">#MusicasAnos80<\/a><\/p>\n\n\n\n<p><a href=\"https:\/\/www.facebook.com\/hashtag\/classicosdopop?__eep__=6&amp;__cft__[0]=AZVD3M1o02gO34o9S6paiasfas1tS-JrhDjcbO4Pmvl9mifwg81koh34_8xUjMNoN2FPjOE0NvFu6YNngvd91hBL6-j81C9rwYlzt5_i_JtRyEyzFobIMFmWjUhjCeikxbvGiuawzaIEJxrUn_dPokKAJ9ZCJgWuE-voQiOGaRV1DTFmnNcDiZygdhVO79REjWs&amp;__tn__=*NK-R\">#ClassicosDoPop<\/a><\/p>\n\n\n\n<p><a href=\"https:\/\/www.facebook.com\/hashtag\/topgunvibes?__eep__=6&amp;__cft__[0]=AZVD3M1o02gO34o9S6paiasfas1tS-JrhDjcbO4Pmvl9mifwg81koh34_8xUjMNoN2FPjOE0NvFu6YNngvd91hBL6-j81C9rwYlzt5_i_JtRyEyzFobIMFmWjUhjCeikxbvGiuawzaIEJxrUn_dPokKAJ9ZCJgWuE-voQiOGaRV1DTFmnNcDiZygdhVO79REjWs&amp;__tn__=*NK-R\">#TopGunVibes<\/a><\/p>\n\n\n\n<p><a href=\"https:\/\/www.facebook.com\/hashtag\/berlinoficial?__eep__=6&amp;__cft__[0]=AZVD3M1o02gO34o9S6paiasfas1tS-JrhDjcbO4Pmvl9mifwg81koh34_8xUjMNoN2FPjOE0NvFu6YNngvd91hBL6-j81C9rwYlzt5_i_JtRyEyzFobIMFmWjUhjCeikxbvGiuawzaIEJxrUn_dPokKAJ9ZCJgWuE-voQiOGaRV1DTFmnNcDiZygdhVO79REjWs&amp;__tn__=*NK-R\">#BerlinOficial<\/a><\/p>\n\n\n\n<p><a href=\"https:\/\/www.facebook.com\/hashtag\/flashback80?__eep__=6&amp;__cft__[0]=AZVD3M1o02gO34o9S6paiasfas1tS-JrhDjcbO4Pmvl9mifwg81koh34_8xUjMNoN2FPjOE0NvFu6YNngvd91hBL6-j81C9rwYlzt5_i_JtRyEyzFobIMFmWjUhjCeikxbvGiuawzaIEJxrUn_dPokKAJ9ZCJgWuE-voQiOGaRV1DTFmnNcDiZygdhVO79REjWs&amp;__tn__=*NK-R\">#Flashback80<\/a><\/p>\n\n\n\n<p><a href=\"https:\/\/www.facebook.com\/hashtag\/giorgiomoroder?__eep__=6&amp;__cft__[0]=AZVD3M1o02gO34o9S6paiasfas1tS-JrhDjcbO4Pmvl9mifwg81koh34_8xUjMNoN2FPjOE0NvFu6YNngvd91hBL6-j81C9rwYlzt5_i_JtRyEyzFobIMFmWjUhjCeikxbvGiuawzaIEJxrUn_dPokKAJ9ZCJgWuE-voQiOGaRV1DTFmnNcDiZygdhVO79REjWs&amp;__tn__=*NK-R\">#GiorgioMoroder<\/a><\/p>\n\n\n\n<p><a href=\"https:\/\/www.facebook.com\/hashtag\/baladaseternas?__eep__=6&amp;__cft__[0]=AZVD3M1o02gO34o9S6paiasfas1tS-JrhDjcbO4Pmvl9mifwg81koh34_8xUjMNoN2FPjOE0NvFu6YNngvd91hBL6-j81C9rwYlzt5_i_JtRyEyzFobIMFmWjUhjCeikxbvGiuawzaIEJxrUn_dPokKAJ9ZCJgWuE-voQiOGaRV1DTFmnNcDiZygdhVO79REjWs&amp;__tn__=*NK-R\">#BaladasEternas<\/a><\/p>\n\n\n\n<p><a href=\"https:\/\/www.facebook.com\/hashtag\/hitnostalgia?__eep__=6&amp;__cft__[0]=AZVD3M1o02gO34o9S6paiasfas1tS-JrhDjcbO4Pmvl9mifwg81koh34_8xUjMNoN2FPjOE0NvFu6YNngvd91hBL6-j81C9rwYlzt5_i_JtRyEyzFobIMFmWjUhjCeikxbvGiuawzaIEJxrUn_dPokKAJ9ZCJgWuE-voQiOGaRV1DTFmnNcDiZygdhVO79REjWs&amp;__tn__=*NK-R\">#HitNostalgia<\/a><img loading=\"lazy\" decoding=\"async\" height=\"16\" width=\"16\" alt=\"\ud83c\udfb5\" src=\"https:\/\/static.xx.fbcdn.net\/images\/emoji.php\/v9\/t9e\/1\/16\/1f3b5.png\"><img loading=\"lazy\" decoding=\"async\" height=\"16\" width=\"16\" alt=\"\ud83d\udcab\" src=\"https:\/\/static.xx.fbcdn.net\/images\/emoji.php\/v9\/ted\/1\/16\/1f4ab.png\"><\/p>\n","protected":false},"excerpt":{"rendered":"<p>Imagine por um segundo o mundo dos anos 80 sem \u201cTake My Breath Away\u201d, aquele&#8230;<\/p>\n","protected":false},"author":1,"featured_media":5260,"comment_status":"open","ping_status":"open","sticky":false,"template":"","format":"standard","meta":{"footnotes":""},"categories":[92],"tags":[119,118,120,121,298,117,2413,561,562,116,99,897,609],"class_list":["post-5259","post","type-post","status-publish","format-standard","has-post-thumbnail","hentry","category-baixe-nosso-aplicativo","tag-anos-70","tag-anos-80","tag-anos-90","tag-baixe-nosso-app","tag-berlin","tag-flashaback","tag-giorgio-moroder","tag-ouvir","tag-ouvir-radio","tag-radio","tag-radio-planeta-saudade","tag-take-my-breath-away","tag-top-gun"],"yoast_head":"<!-- This site is optimized with the Yoast SEO plugin v21.3 - https:\/\/yoast.com\/wordpress\/plugins\/seo\/ -->\n<title>Quando \u201cTake My Breath Away\u201d Quase Sumiu do Mapa da M\u00fasica \u2014 e a Culpa Seria de Giorgio Moroder - R\u00c1DIO PLANETA SAUDADE<\/title>\n<meta name=\"robots\" content=\"index, follow, max-snippet:-1, max-image-preview:large, max-video-preview:-1\" \/>\n<link rel=\"canonical\" href=\"https:\/\/radioplanetasaudade.com.br\/index.php\/2025\/12\/10\/quando-take-my-breath-away-quase-sumiu-do-mapa-da-musica-e-a-culpa-seria-de-giorgio-moroder\/\" \/>\n<meta property=\"og:locale\" content=\"pt_BR\" \/>\n<meta property=\"og:type\" content=\"article\" \/>\n<meta property=\"og:title\" content=\"Quando \u201cTake My Breath Away\u201d Quase Sumiu do Mapa da M\u00fasica \u2014 e a Culpa Seria de Giorgio Moroder - R\u00c1DIO PLANETA SAUDADE\" \/>\n<meta property=\"og:description\" content=\"Imagine por um segundo o mundo dos anos 80 sem \u201cTake My Breath Away\u201d, aquele...\" \/>\n<meta property=\"og:url\" content=\"https:\/\/radioplanetasaudade.com.br\/index.php\/2025\/12\/10\/quando-take-my-breath-away-quase-sumiu-do-mapa-da-musica-e-a-culpa-seria-de-giorgio-moroder\/\" \/>\n<meta property=\"og:site_name\" content=\"R\u00c1DIO PLANETA SAUDADE\" \/>\n<meta property=\"article:published_time\" content=\"2025-12-10T12:51:29+00:00\" \/>\n<meta property=\"article:modified_time\" content=\"2025-12-10T12:51:31+00:00\" \/>\n<meta property=\"og:image\" content=\"https:\/\/radioplanetasaudade.com.br\/wp-content\/uploads\/2025\/12\/597635056_873876172252119_458954616837763652_n.jpg\" \/>\n\t<meta property=\"og:image:width\" content=\"479\" \/>\n\t<meta property=\"og:image:height\" content=\"480\" \/>\n\t<meta property=\"og:image:type\" content=\"image\/jpeg\" \/>\n<meta name=\"author\" content=\"Planeta Saudade\" \/>\n<meta name=\"twitter:card\" content=\"summary_large_image\" \/>\n<meta name=\"twitter:label1\" content=\"Escrito por\" \/>\n\t<meta name=\"twitter:data1\" content=\"Planeta Saudade\" \/>\n\t<meta name=\"twitter:label2\" content=\"Est. tempo de leitura\" \/>\n\t<meta name=\"twitter:data2\" content=\"4 minutos\" \/>\n<script type=\"application\/ld+json\" class=\"yoast-schema-graph\">{\"@context\":\"https:\/\/schema.org\",\"@graph\":[{\"@type\":\"Article\",\"@id\":\"https:\/\/radioplanetasaudade.com.br\/index.php\/2025\/12\/10\/quando-take-my-breath-away-quase-sumiu-do-mapa-da-musica-e-a-culpa-seria-de-giorgio-moroder\/#article\",\"isPartOf\":{\"@id\":\"https:\/\/radioplanetasaudade.com.br\/index.php\/2025\/12\/10\/quando-take-my-breath-away-quase-sumiu-do-mapa-da-musica-e-a-culpa-seria-de-giorgio-moroder\/\"},\"author\":{\"name\":\"Planeta Saudade\",\"@id\":\"https:\/\/radioplanetasaudade.com.br\/#\/schema\/person\/1a6f6fc0d987819324e7ed417a1a6581\"},\"headline\":\"Quando \u201cTake My Breath Away\u201d Quase Sumiu do Mapa da M\u00fasica \u2014 e a Culpa Seria de Giorgio Moroder\",\"datePublished\":\"2025-12-10T12:51:29+00:00\",\"dateModified\":\"2025-12-10T12:51:31+00:00\",\"mainEntityOfPage\":{\"@id\":\"https:\/\/radioplanetasaudade.com.br\/index.php\/2025\/12\/10\/quando-take-my-breath-away-quase-sumiu-do-mapa-da-musica-e-a-culpa-seria-de-giorgio-moroder\/\"},\"wordCount\":381,\"commentCount\":0,\"publisher\":{\"@id\":\"https:\/\/radioplanetasaudade.com.br\/#organization\"},\"keywords\":[\"Anos 70\",\"Anos 80\",\"Anos 90\",\"Baixe nosso App\",\"Berlin\",\"Flashaback\",\"Giorgio Moroder\",\"Ouvir\",\"Ouvir r\u00e1dio\",\"R\u00e1dio\",\"R\u00e1dio Planeta Saudade\",\"Take My Breath Away\",\"Top Gun\"],\"articleSection\":[\"BAIXE NOSSO APLICATIVO\"],\"inLanguage\":\"pt-BR\",\"potentialAction\":[{\"@type\":\"CommentAction\",\"name\":\"Comment\",\"target\":[\"https:\/\/radioplanetasaudade.com.br\/index.php\/2025\/12\/10\/quando-take-my-breath-away-quase-sumiu-do-mapa-da-musica-e-a-culpa-seria-de-giorgio-moroder\/#respond\"]}]},{\"@type\":\"WebPage\",\"@id\":\"https:\/\/radioplanetasaudade.com.br\/index.php\/2025\/12\/10\/quando-take-my-breath-away-quase-sumiu-do-mapa-da-musica-e-a-culpa-seria-de-giorgio-moroder\/\",\"url\":\"https:\/\/radioplanetasaudade.com.br\/index.php\/2025\/12\/10\/quando-take-my-breath-away-quase-sumiu-do-mapa-da-musica-e-a-culpa-seria-de-giorgio-moroder\/\",\"name\":\"Quando \u201cTake My Breath Away\u201d Quase Sumiu do Mapa da M\u00fasica \u2014 e a Culpa Seria de Giorgio Moroder - R\u00c1DIO PLANETA SAUDADE\",\"isPartOf\":{\"@id\":\"https:\/\/radioplanetasaudade.com.br\/#website\"},\"datePublished\":\"2025-12-10T12:51:29+00:00\",\"dateModified\":\"2025-12-10T12:51:31+00:00\",\"breadcrumb\":{\"@id\":\"https:\/\/radioplanetasaudade.com.br\/index.php\/2025\/12\/10\/quando-take-my-breath-away-quase-sumiu-do-mapa-da-musica-e-a-culpa-seria-de-giorgio-moroder\/#breadcrumb\"},\"inLanguage\":\"pt-BR\",\"potentialAction\":[{\"@type\":\"ReadAction\",\"target\":[\"https:\/\/radioplanetasaudade.com.br\/index.php\/2025\/12\/10\/quando-take-my-breath-away-quase-sumiu-do-mapa-da-musica-e-a-culpa-seria-de-giorgio-moroder\/\"]}]},{\"@type\":\"BreadcrumbList\",\"@id\":\"https:\/\/radioplanetasaudade.com.br\/index.php\/2025\/12\/10\/quando-take-my-breath-away-quase-sumiu-do-mapa-da-musica-e-a-culpa-seria-de-giorgio-moroder\/#breadcrumb\",\"itemListElement\":[{\"@type\":\"ListItem\",\"position\":1,\"name\":\"In\u00edcio\",\"item\":\"https:\/\/radioplanetasaudade.com.br\/\"},{\"@type\":\"ListItem\",\"position\":2,\"name\":\"Quando \u201cTake My Breath Away\u201d Quase Sumiu do Mapa da M\u00fasica \u2014 e a Culpa Seria de Giorgio Moroder\"}]},{\"@type\":\"WebSite\",\"@id\":\"https:\/\/radioplanetasaudade.com.br\/#website\",\"url\":\"https:\/\/radioplanetasaudade.com.br\/\",\"name\":\"R\u00e1dio Planeta Saudade\",\"description\":\"Relembrando grandes sucessos musicais e informando sobre os maiores artistas do mundo ou\u00e7a no seu celular.\",\"publisher\":{\"@id\":\"https:\/\/radioplanetasaudade.com.br\/#organization\"},\"potentialAction\":[{\"@type\":\"SearchAction\",\"target\":{\"@type\":\"EntryPoint\",\"urlTemplate\":\"https:\/\/radioplanetasaudade.com.br\/?s={search_term_string}\"},\"query-input\":\"required name=search_term_string\"}],\"inLanguage\":\"pt-BR\"},{\"@type\":\"Organization\",\"@id\":\"https:\/\/radioplanetasaudade.com.br\/#organization\",\"name\":\"R\u00e1dio Planeta Saudade\",\"url\":\"https:\/\/radioplanetasaudade.com.br\/\",\"logo\":{\"@type\":\"ImageObject\",\"inLanguage\":\"pt-BR\",\"@id\":\"https:\/\/radioplanetasaudade.com.br\/#\/schema\/logo\/image\/\",\"url\":\"https:\/\/radioplanetasaudade.com.br\/wp-content\/uploads\/2023\/10\/capture-20230607-202153.png\",\"contentUrl\":\"https:\/\/radioplanetasaudade.com.br\/wp-content\/uploads\/2023\/10\/capture-20230607-202153.png\",\"width\":1350,\"height\":358,\"caption\":\"R\u00e1dio Planeta Saudade\"},\"image\":{\"@id\":\"https:\/\/radioplanetasaudade.com.br\/#\/schema\/logo\/image\/\"}},{\"@type\":\"Person\",\"@id\":\"https:\/\/radioplanetasaudade.com.br\/#\/schema\/person\/1a6f6fc0d987819324e7ed417a1a6581\",\"name\":\"Planeta Saudade\",\"image\":{\"@type\":\"ImageObject\",\"inLanguage\":\"pt-BR\",\"@id\":\"https:\/\/radioplanetasaudade.com.br\/#\/schema\/person\/image\/\",\"url\":\"https:\/\/secure.gravatar.com\/avatar\/a893d552ce4b2abfa845a62f8434cf31?s=96&d=mm&r=g\",\"contentUrl\":\"https:\/\/secure.gravatar.com\/avatar\/a893d552ce4b2abfa845a62f8434cf31?s=96&d=mm&r=g\",\"caption\":\"Planeta Saudade\"},\"sameAs\":[\"https:\/\/radioplanetasaudade.com.br\"],\"url\":\"https:\/\/radioplanetasaudade.com.br\/index.php\/author\/wendelsantos4567\/\"}]}<\/script>\n<!-- \/ Yoast SEO plugin. -->","yoast_head_json":{"title":"Quando \u201cTake My Breath Away\u201d Quase Sumiu do Mapa da M\u00fasica \u2014 e a Culpa Seria de Giorgio Moroder - R\u00c1DIO PLANETA SAUDADE","robots":{"index":"index","follow":"follow","max-snippet":"max-snippet:-1","max-image-preview":"max-image-preview:large","max-video-preview":"max-video-preview:-1"},"canonical":"https:\/\/radioplanetasaudade.com.br\/index.php\/2025\/12\/10\/quando-take-my-breath-away-quase-sumiu-do-mapa-da-musica-e-a-culpa-seria-de-giorgio-moroder\/","og_locale":"pt_BR","og_type":"article","og_title":"Quando \u201cTake My Breath Away\u201d Quase Sumiu do Mapa da M\u00fasica \u2014 e a Culpa Seria de Giorgio Moroder - R\u00c1DIO PLANETA SAUDADE","og_description":"Imagine por um segundo o mundo dos anos 80 sem \u201cTake My Breath Away\u201d, aquele...","og_url":"https:\/\/radioplanetasaudade.com.br\/index.php\/2025\/12\/10\/quando-take-my-breath-away-quase-sumiu-do-mapa-da-musica-e-a-culpa-seria-de-giorgio-moroder\/","og_site_name":"R\u00c1DIO PLANETA SAUDADE","article_published_time":"2025-12-10T12:51:29+00:00","article_modified_time":"2025-12-10T12:51:31+00:00","og_image":[{"width":479,"height":480,"url":"https:\/\/radioplanetasaudade.com.br\/wp-content\/uploads\/2025\/12\/597635056_873876172252119_458954616837763652_n.jpg","type":"image\/jpeg"}],"author":"Planeta Saudade","twitter_card":"summary_large_image","twitter_misc":{"Escrito por":"Planeta Saudade","Est. tempo de leitura":"4 minutos"},"schema":{"@context":"https:\/\/schema.org","@graph":[{"@type":"Article","@id":"https:\/\/radioplanetasaudade.com.br\/index.php\/2025\/12\/10\/quando-take-my-breath-away-quase-sumiu-do-mapa-da-musica-e-a-culpa-seria-de-giorgio-moroder\/#article","isPartOf":{"@id":"https:\/\/radioplanetasaudade.com.br\/index.php\/2025\/12\/10\/quando-take-my-breath-away-quase-sumiu-do-mapa-da-musica-e-a-culpa-seria-de-giorgio-moroder\/"},"author":{"name":"Planeta Saudade","@id":"https:\/\/radioplanetasaudade.com.br\/#\/schema\/person\/1a6f6fc0d987819324e7ed417a1a6581"},"headline":"Quando \u201cTake My Breath Away\u201d Quase Sumiu do Mapa da M\u00fasica \u2014 e a Culpa Seria de Giorgio Moroder","datePublished":"2025-12-10T12:51:29+00:00","dateModified":"2025-12-10T12:51:31+00:00","mainEntityOfPage":{"@id":"https:\/\/radioplanetasaudade.com.br\/index.php\/2025\/12\/10\/quando-take-my-breath-away-quase-sumiu-do-mapa-da-musica-e-a-culpa-seria-de-giorgio-moroder\/"},"wordCount":381,"commentCount":0,"publisher":{"@id":"https:\/\/radioplanetasaudade.com.br\/#organization"},"keywords":["Anos 70","Anos 80","Anos 90","Baixe nosso App","Berlin","Flashaback","Giorgio Moroder","Ouvir","Ouvir r\u00e1dio","R\u00e1dio","R\u00e1dio Planeta Saudade","Take My Breath Away","Top Gun"],"articleSection":["BAIXE NOSSO APLICATIVO"],"inLanguage":"pt-BR","potentialAction":[{"@type":"CommentAction","name":"Comment","target":["https:\/\/radioplanetasaudade.com.br\/index.php\/2025\/12\/10\/quando-take-my-breath-away-quase-sumiu-do-mapa-da-musica-e-a-culpa-seria-de-giorgio-moroder\/#respond"]}]},{"@type":"WebPage","@id":"https:\/\/radioplanetasaudade.com.br\/index.php\/2025\/12\/10\/quando-take-my-breath-away-quase-sumiu-do-mapa-da-musica-e-a-culpa-seria-de-giorgio-moroder\/","url":"https:\/\/radioplanetasaudade.com.br\/index.php\/2025\/12\/10\/quando-take-my-breath-away-quase-sumiu-do-mapa-da-musica-e-a-culpa-seria-de-giorgio-moroder\/","name":"Quando \u201cTake My Breath Away\u201d Quase Sumiu do Mapa da M\u00fasica \u2014 e a Culpa Seria de Giorgio Moroder - R\u00c1DIO PLANETA SAUDADE","isPartOf":{"@id":"https:\/\/radioplanetasaudade.com.br\/#website"},"datePublished":"2025-12-10T12:51:29+00:00","dateModified":"2025-12-10T12:51:31+00:00","breadcrumb":{"@id":"https:\/\/radioplanetasaudade.com.br\/index.php\/2025\/12\/10\/quando-take-my-breath-away-quase-sumiu-do-mapa-da-musica-e-a-culpa-seria-de-giorgio-moroder\/#breadcrumb"},"inLanguage":"pt-BR","potentialAction":[{"@type":"ReadAction","target":["https:\/\/radioplanetasaudade.com.br\/index.php\/2025\/12\/10\/quando-take-my-breath-away-quase-sumiu-do-mapa-da-musica-e-a-culpa-seria-de-giorgio-moroder\/"]}]},{"@type":"BreadcrumbList","@id":"https:\/\/radioplanetasaudade.com.br\/index.php\/2025\/12\/10\/quando-take-my-breath-away-quase-sumiu-do-mapa-da-musica-e-a-culpa-seria-de-giorgio-moroder\/#breadcrumb","itemListElement":[{"@type":"ListItem","position":1,"name":"In\u00edcio","item":"https:\/\/radioplanetasaudade.com.br\/"},{"@type":"ListItem","position":2,"name":"Quando \u201cTake My Breath Away\u201d Quase Sumiu do Mapa da M\u00fasica \u2014 e a Culpa Seria de Giorgio Moroder"}]},{"@type":"WebSite","@id":"https:\/\/radioplanetasaudade.com.br\/#website","url":"https:\/\/radioplanetasaudade.com.br\/","name":"R\u00e1dio Planeta Saudade","description":"Relembrando grandes sucessos musicais e informando sobre os maiores artistas do mundo ou\u00e7a no seu celular.","publisher":{"@id":"https:\/\/radioplanetasaudade.com.br\/#organization"},"potentialAction":[{"@type":"SearchAction","target":{"@type":"EntryPoint","urlTemplate":"https:\/\/radioplanetasaudade.com.br\/?s={search_term_string}"},"query-input":"required name=search_term_string"}],"inLanguage":"pt-BR"},{"@type":"Organization","@id":"https:\/\/radioplanetasaudade.com.br\/#organization","name":"R\u00e1dio Planeta Saudade","url":"https:\/\/radioplanetasaudade.com.br\/","logo":{"@type":"ImageObject","inLanguage":"pt-BR","@id":"https:\/\/radioplanetasaudade.com.br\/#\/schema\/logo\/image\/","url":"https:\/\/radioplanetasaudade.com.br\/wp-content\/uploads\/2023\/10\/capture-20230607-202153.png","contentUrl":"https:\/\/radioplanetasaudade.com.br\/wp-content\/uploads\/2023\/10\/capture-20230607-202153.png","width":1350,"height":358,"caption":"R\u00e1dio Planeta Saudade"},"image":{"@id":"https:\/\/radioplanetasaudade.com.br\/#\/schema\/logo\/image\/"}},{"@type":"Person","@id":"https:\/\/radioplanetasaudade.com.br\/#\/schema\/person\/1a6f6fc0d987819324e7ed417a1a6581","name":"Planeta Saudade","image":{"@type":"ImageObject","inLanguage":"pt-BR","@id":"https:\/\/radioplanetasaudade.com.br\/#\/schema\/person\/image\/","url":"https:\/\/secure.gravatar.com\/avatar\/a893d552ce4b2abfa845a62f8434cf31?s=96&d=mm&r=g","contentUrl":"https:\/\/secure.gravatar.com\/avatar\/a893d552ce4b2abfa845a62f8434cf31?s=96&d=mm&r=g","caption":"Planeta Saudade"},"sameAs":["https:\/\/radioplanetasaudade.com.br"],"url":"https:\/\/radioplanetasaudade.com.br\/index.php\/author\/wendelsantos4567\/"}]}},"_links":{"self":[{"href":"https:\/\/radioplanetasaudade.com.br\/index.php\/wp-json\/wp\/v2\/posts\/5259","targetHints":{"allow":["GET"]}}],"collection":[{"href":"https:\/\/radioplanetasaudade.com.br\/index.php\/wp-json\/wp\/v2\/posts"}],"about":[{"href":"https:\/\/radioplanetasaudade.com.br\/index.php\/wp-json\/wp\/v2\/types\/post"}],"author":[{"embeddable":true,"href":"https:\/\/radioplanetasaudade.com.br\/index.php\/wp-json\/wp\/v2\/users\/1"}],"replies":[{"embeddable":true,"href":"https:\/\/radioplanetasaudade.com.br\/index.php\/wp-json\/wp\/v2\/comments?post=5259"}],"version-history":[{"count":1,"href":"https:\/\/radioplanetasaudade.com.br\/index.php\/wp-json\/wp\/v2\/posts\/5259\/revisions"}],"predecessor-version":[{"id":5261,"href":"https:\/\/radioplanetasaudade.com.br\/index.php\/wp-json\/wp\/v2\/posts\/5259\/revisions\/5261"}],"wp:featuredmedia":[{"embeddable":true,"href":"https:\/\/radioplanetasaudade.com.br\/index.php\/wp-json\/wp\/v2\/media\/5260"}],"wp:attachment":[{"href":"https:\/\/radioplanetasaudade.com.br\/index.php\/wp-json\/wp\/v2\/media?parent=5259"}],"wp:term":[{"taxonomy":"category","embeddable":true,"href":"https:\/\/radioplanetasaudade.com.br\/index.php\/wp-json\/wp\/v2\/categories?post=5259"},{"taxonomy":"post_tag","embeddable":true,"href":"https:\/\/radioplanetasaudade.com.br\/index.php\/wp-json\/wp\/v2\/tags?post=5259"}],"curies":[{"name":"wp","href":"https:\/\/api.w.org\/{rel}","templated":true}]}}