{"id":6287,"date":"2026-08-31T09:41:10","date_gmt":"2026-08-31T12:41:10","guid":{"rendered":"https:\/\/radioplanetasaudade.com.br\/?p=6287"},"modified":"2026-08-31T09:41:12","modified_gmt":"2026-08-31T12:41:12","slug":"chao-de-giz-o-que-ze-ramalho-contou-e-o-que-a-historia-da-cancao-ainda-nao-revela","status":"publish","type":"post","link":"https:\/\/radioplanetasaudade.com.br\/index.php\/2026\/08\/31\/chao-de-giz-o-que-ze-ramalho-contou-e-o-que-a-historia-da-cancao-ainda-nao-revela\/","title":{"rendered":"\u201cCh\u00e3o de Giz\u201d: o que Z\u00e9 Ramalho contou \u2014 e o que a hist\u00f3ria da can\u00e7\u00e3o ainda n\u00e3o revela"},"content":{"rendered":"\n<h3 class=\"wp-block-heading\">Entre uma paix\u00e3o de juventude, os anos em que ainda cursava Medicina e uma fase de cria\u00e7\u00e3o que tamb\u00e9m produziu \u201cAv\u00f4hai\u201d e \u201cVila do Sossego\u201d, a hist\u00f3ria de uma das can\u00e7\u00f5es mais enigm\u00e1ticas de Z\u00e9 Ramalho tem mais de uma camada<\/h3>\n\n\n<div class=\"wp-block-image\">\n<figure class=\"aligncenter size-large\"><img fetchpriority=\"high\" decoding=\"async\" width=\"1024\" height=\"1024\" src=\"https:\/\/radioplanetasaudade.com.br\/wp-content\/uploads\/2026\/08\/Ze-Ramalho-1024x1024.jpeg\" alt=\"\" class=\"wp-image-6288\" srcset=\"https:\/\/radioplanetasaudade.com.br\/wp-content\/uploads\/2026\/08\/Ze-Ramalho-1024x1024-1.jpeg 1024w, https:\/\/radioplanetasaudade.com.br\/wp-content\/uploads\/2026\/08\/Ze-Ramalho-300x300.jpeg 300w, https:\/\/radioplanetasaudade.com.br\/wp-content\/uploads\/2026\/08\/Ze-Ramalho-150x150.jpeg 150w, https:\/\/radioplanetasaudade.com.br\/wp-content\/uploads\/2026\/08\/Ze-Ramalho-768x768.jpeg 768w, https:\/\/radioplanetasaudade.com.br\/wp-content\/uploads\/2026\/08\/Ze-Ramalho.jpeg 1254w\" sizes=\"(max-width: 1024px) 100vw, 1024px\" \/><\/figure>\n<\/div>\n\n\n<p class=\"wp-block-paragraph\"><strong>Por Reda\u00e7\u00e3o Planeta Saudade<\/strong><br><strong>Publicado em: 31 de agosto de 2026<\/strong><\/p>\n\n\n\n<p class=\"wp-block-paragraph\">H\u00e1 m\u00fasicas que parecem confessar alguma coisa.<\/p>\n\n\n\n<p class=\"wp-block-paragraph\">\u201cCh\u00e3o de Giz\u201d \u00e9 uma delas.<\/p>\n\n\n\n<p class=\"wp-block-paragraph\">Desde os primeiros versos, a can\u00e7\u00e3o transmite a sensa\u00e7\u00e3o de algu\u00e9m tentando organizar os restos de uma hist\u00f3ria que terminou \u2014 fotografias, lembran\u00e7as, desejo, frustra\u00e7\u00e3o, orgulho, despedida. Mas quanto mais se procura uma explica\u00e7\u00e3o definitiva para aquilo que est\u00e1 sendo contado, mais a m\u00fasica parece escapar.<\/p>\n\n\n\n<p class=\"wp-block-paragraph\">Isso acontece porque \u201cCh\u00e3o de Giz\u201d nasceu de uma experi\u00eancia pessoal, mas n\u00e3o \u00e9 simplesmente um relato literal dessa experi\u00eancia.<\/p>\n\n\n\n<p class=\"wp-block-paragraph\">O pr\u00f3prio Z\u00e9 Ramalho j\u00e1 associou a composi\u00e7\u00e3o a uma paix\u00e3o vivida na juventude por uma mulher mais velha, casada e pertencente a um c\u00edrculo social importante de Jo\u00e3o Pessoa. Essa hist\u00f3ria aparece em diferentes registros sobre sua trajet\u00f3ria e foi retomada pelo pr\u00f3prio universo audiovisual da can\u00e7\u00e3o d\u00e9cadas depois.<\/p>\n\n\n\n<p class=\"wp-block-paragraph\">Mas h\u00e1 outra informa\u00e7\u00e3o, talvez ainda mais reveladora.<\/p>\n\n\n\n<p class=\"wp-block-paragraph\">A m\u00fasica j\u00e1 existia antes de Z\u00e9 Ramalho ser conhecido nacionalmente. Antes do primeiro LP. Antes das grandes turn\u00eas. Antes de \u201cAdmir\u00e1vel Gado Novo\u201d se transformar em cl\u00e1ssico. E antes mesmo de o jovem paraibano saber se conseguiria viver profissionalmente de m\u00fasica.<\/p>\n\n\n\n<p class=\"wp-block-paragraph\">Segundo relatos do pr\u00f3prio compositor, \u201cCh\u00e3o de Giz\u201d estava entre as can\u00e7\u00f5es que ele j\u00e1 carregava quando ainda cursava Medicina, ao lado de \u201cAv\u00f4hai\u201d e \u201cVila do Sossego\u201d.<\/p>\n\n\n\n<p class=\"wp-block-paragraph\">Essa informa\u00e7\u00e3o muda tudo.<\/p>\n\n\n\n<p class=\"wp-block-paragraph\">Porque a hist\u00f3ria de \u201cCh\u00e3o de Giz\u201d n\u00e3o \u00e9 apenas a hist\u00f3ria de uma paix\u00e3o.<\/p>\n\n\n\n<p class=\"wp-block-paragraph\">\u00c9 tamb\u00e9m a hist\u00f3ria de um jovem que abandonou o caminho profissional que a fam\u00edlia havia imaginado para ele e levou algumas can\u00e7\u00f5es na bagagem para tentar construir uma vida que ainda n\u00e3o existia.<\/p>\n\n\n\n<p class=\"wp-block-paragraph\">E talvez seja justamente por isso que, quase cinco d\u00e9cadas depois, \u201cCh\u00e3o de Giz\u201d continue parecendo t\u00e3o \u00edntima.<\/p>\n\n\n\n<h2 class=\"wp-block-heading\">Antes do disco, j\u00e1 existia o compositor<\/h2>\n\n\n\n<p class=\"wp-block-paragraph\">Jos\u00e9 Ramalho Neto nasceu em Brejo do Cruz, na Para\u00edba, em 1949, e construiu sua forma\u00e7\u00e3o art\u00edstica em meio a refer\u00eancias muito diferentes.<\/p>\n\n\n\n<p class=\"wp-block-paragraph\">De um lado, estavam o rock, Bob Dylan, Beatles, Rolling Stones e a m\u00fasica que chegava pelas r\u00e1dios.<\/p>\n\n\n\n<p class=\"wp-block-paragraph\">De outro, estavam o repente, a viola, os cantadores, a literatura de cordel e a tradi\u00e7\u00e3o musical nordestina.<\/p>\n\n\n\n<p class=\"wp-block-paragraph\">Essa mistura n\u00e3o foi apenas uma caracter\u00edstica posterior de sua carreira.<\/p>\n\n\n\n<p class=\"wp-block-paragraph\">Ela j\u00e1 fazia parte da forma\u00e7\u00e3o do artista.<\/p>\n\n\n\n<p class=\"wp-block-paragraph\">Quando entrou para a Universidade Federal da Para\u00edba para estudar Medicina, Z\u00e9 Ramalho ainda estava muito distante da imagem do cantor e compositor que o Brasil conheceria no final da d\u00e9cada de 1970.<\/p>\n\n\n\n<p class=\"wp-block-paragraph\">Mas a m\u00fasica j\u00e1 ocupava um espa\u00e7o cada vez maior.<\/p>\n\n\n\n<p class=\"wp-block-paragraph\">Registros biogr\u00e1ficos sobre sua trajet\u00f3ria indicam que as can\u00e7\u00f5es que posteriormente apareceriam em seu primeiro \u00e1lbum foram criadas ainda durante o per\u00edodo em que ele cursava Medicina, entre 1975 e 1976.<\/p>\n\n\n\n<p class=\"wp-block-paragraph\">Entre elas estavam justamente \u201cAv\u00f4hai\u201d, \u201cVila do Sossego\u201d e \u201cCh\u00e3o de Giz\u201d.<\/p>\n\n\n\n<p class=\"wp-block-paragraph\">Ou seja: quando o p\u00fablico conheceu essas m\u00fasicas, em 1978, elas j\u00e1 carregavam alguns anos de exist\u00eancia.<\/p>\n\n\n\n<h2 class=\"wp-block-heading\">O dia em que Medicina ficou para tr\u00e1s<\/h2>\n\n\n\n<p class=\"wp-block-paragraph\">Z\u00e9 Ramalho chegou a cursar Medicina, mas abandonou a faculdade no segundo ano.<\/p>\n\n\n\n<p class=\"wp-block-paragraph\">A decis\u00e3o significava mais do que trocar uma faculdade por outra.<\/p>\n\n\n\n<p class=\"wp-block-paragraph\">Ele estava abrindo m\u00e3o de uma profiss\u00e3o considerada segura para apostar em uma carreira art\u00edstica que ainda n\u00e3o oferecia nenhuma garantia.<\/p>\n\n\n\n<p class=\"wp-block-paragraph\">E n\u00e3o tomou essa decis\u00e3o depois de um primeiro grande sucesso.<\/p>\n\n\n\n<p class=\"wp-block-paragraph\">Tomou antes.<\/p>\n\n\n\n<p class=\"wp-block-paragraph\">Com algumas m\u00fasicas prontas.<\/p>\n\n\n\n<p class=\"wp-block-paragraph\">Com elas, deixou a Para\u00edba e seguiu para o Rio de Janeiro em busca de uma oportunidade.<\/p>\n\n\n\n<p class=\"wp-block-paragraph\">A biografia oficial do artista descreve esse per\u00edodo como uma fase de dificuldades, com quase dois anos de tentativas at\u00e9 que finalmente surgisse uma oportunidade para gravar seu primeiro trabalho.<\/p>\n\n\n\n<p class=\"wp-block-paragraph\">\u00c9 uma passagem importante porque ajuda a compreender o que \u201cCh\u00e3o de Giz\u201d significava naquele momento.<\/p>\n\n\n\n<p class=\"wp-block-paragraph\">N\u00e3o era uma m\u00fasica escrita por algu\u00e9m que j\u00e1 havia conquistado o mercado.<\/p>\n\n\n\n<p class=\"wp-block-paragraph\">Era uma composi\u00e7\u00e3o de um artista que ainda estava tentando encontrar seu lugar nele.<\/p>\n\n\n\n<h2 class=\"wp-block-heading\">1977: quando \u201cCh\u00e3o de Giz\u201d ganhou registro<\/h2>\n\n\n\n<p class=\"wp-block-paragraph\">Existe uma pequena diferen\u00e7a de datas que merece ser esclarecida.<\/p>\n\n\n\n<p class=\"wp-block-paragraph\">O \u00e1lbum de estreia de Z\u00e9 Ramalho \u00e9 conhecido como um disco de <strong>1978<\/strong>, ano de seu lan\u00e7amento comercial.<\/p>\n\n\n\n<p class=\"wp-block-paragraph\">Mas a grava\u00e7\u00e3o ocorreu anteriormente.<\/p>\n\n\n\n<p class=\"wp-block-paragraph\">Assim, a cronologia correta \u00e9:<\/p>\n\n\n\n<p class=\"wp-block-paragraph\"><strong>1977 \u2014 grava\u00e7\u00e3o do \u00e1lbum.<\/strong><br><strong>1978 \u2014 lan\u00e7amento de \u201cZ\u00e9 Ramalho\u201d, seu primeiro disco solo.<\/strong><\/p>\n\n\n\n<p class=\"wp-block-paragraph\">Essa distin\u00e7\u00e3o \u00e9 importante porque impede uma confus\u00e3o comum entre o momento em que uma obra \u00e9 registrada e aquele em que chega oficialmente ao p\u00fablico.<\/p>\n\n\n\n<p class=\"wp-block-paragraph\">No \u00e1lbum, \u201cCh\u00e3o de Giz\u201d aparece como a terceira faixa e tem Z\u00e9 Ramalho como compositor.<\/p>\n\n\n\n<p class=\"wp-block-paragraph\">O disco tamb\u00e9m apresentava uma caracter\u00edstica que ajudaria a definir o artista: a capacidade de colocar em um mesmo universo musical refer\u00eancias nordestinas, rock, psicodelia e diferentes tradi\u00e7\u00f5es instrumentais.<\/p>\n\n\n\n<p class=\"wp-block-paragraph\">Entre os m\u00fasicos associados ao \u00e1lbum est\u00e3o nomes como S\u00e9rgio Dias, dos Mutantes, Dominguinhos, Altamiro Carrilho, Bezerra da Silva, Paulo Moura e Patrick Moraz, tecladista que havia integrado o Yes.<\/p>\n\n\n\n<p class=\"wp-block-paragraph\">N\u00e3o era um disco que apresentava ao Brasil um compositor facilmente classific\u00e1vel.<\/p>\n\n\n\n<p class=\"wp-block-paragraph\">E \u201cCh\u00e3o de Giz\u201d era uma das melhores demonstra\u00e7\u00f5es disso.<\/p>\n\n\n\n<h2 class=\"wp-block-heading\">A mulher que inspirou a can\u00e7\u00e3o<\/h2>\n\n\n\n<p class=\"wp-block-paragraph\">\u00c9 aqui que a hist\u00f3ria costuma ganhar contornos de lenda.<\/p>\n\n\n\n<p class=\"wp-block-paragraph\">A vers\u00e3o mais conhecida diz que Z\u00e9 Ramalho viveu, ainda jovem, um relacionamento secreto com uma mulher mais velha, casada e ligada \u00e0 elite de Jo\u00e3o Pessoa.<\/p>\n\n\n\n<p class=\"wp-block-paragraph\">A associa\u00e7\u00e3o n\u00e3o \u00e9 apenas uma inven\u00e7\u00e3o recente da internet. A hist\u00f3ria foi relatada em diferentes fontes como parte da pr\u00f3pria narrativa de origem da m\u00fasica.<\/p>\n\n\n\n<p class=\"wp-block-paragraph\">Mas existe uma diferen\u00e7a fundamental entre <strong>o fato de Z\u00e9 ter associado a can\u00e7\u00e3o a essa experi\u00eancia<\/strong> e a tentativa de reconstruir todos os detalhes dessa mulher e desse relacionamento.<\/p>\n\n\n\n<p class=\"wp-block-paragraph\">A identidade completa dela e v\u00e1rios dos detalhes que circulam em vers\u00f5es populares n\u00e3o possuem documenta\u00e7\u00e3o p\u00fablica suficientemente s\u00f3lida para serem tratados como fatos definitivos.<\/p>\n\n\n\n<p class=\"wp-block-paragraph\">Por isso, uma reportagem respons\u00e1vel precisa parar antes da especula\u00e7\u00e3o.<\/p>\n\n\n\n<p class=\"wp-block-paragraph\">O que sabemos \u00e9 suficiente:<\/p>\n\n\n\n<p class=\"wp-block-paragraph\">havia uma paix\u00e3o.<\/p>\n\n\n\n<p class=\"wp-block-paragraph\">Era uma rela\u00e7\u00e3o dif\u00edcil.<\/p>\n\n\n\n<p class=\"wp-block-paragraph\">A mulher era mais velha.<\/p>\n\n\n\n<p class=\"wp-block-paragraph\">Era casada.<\/p>\n\n\n\n<p class=\"wp-block-paragraph\">E essa experi\u00eancia foi associada pelo pr\u00f3prio Z\u00e9 \u00e0 origem emocional de \u201cCh\u00e3o de Giz\u201d.<\/p>\n\n\n\n<p class=\"wp-block-paragraph\">O restante pertence a uma zona em que mem\u00f3ria, relato e imagina\u00e7\u00e3o se encontram.<\/p>\n\n\n\n<h2 class=\"wp-block-heading\">Mas ent\u00e3o a m\u00fasica \u00e9 sobre ela?<\/h2>\n\n\n\n<p class=\"wp-block-paragraph\">Sim \u2014 e n\u00e3o apenas.<\/p>\n\n\n\n<p class=\"wp-block-paragraph\">Essa talvez seja a resposta mais honesta.<\/p>\n\n\n\n<p class=\"wp-block-paragraph\">A experi\u00eancia amorosa ajuda a explicar a emo\u00e7\u00e3o da can\u00e7\u00e3o.<\/p>\n\n\n\n<p class=\"wp-block-paragraph\">Mas n\u00e3o explica sozinha a forma como \u201cCh\u00e3o de Giz\u201d foi constru\u00edda.<\/p>\n\n\n\n<p class=\"wp-block-paragraph\">Em entrevista \u00e0 <em>Rolling Stone<\/em>, Z\u00e9 Ramalho relacionou uma sequ\u00eancia de cria\u00e7\u00f5es a uma experi\u00eancia que chamou de \u201cSemana da Ilumina\u00e7\u00e3o\u201d. Segundo seu relato, depois dessa experi\u00eancia surgiram \u201cCh\u00e3o de Giz\u201d, \u201cVila do Sossego\u201d e \u201cJardins das Ac\u00e1cias\u201d.<\/p>\n\n\n\n<p class=\"wp-block-paragraph\">Isso coloca a composi\u00e7\u00e3o dentro de um per\u00edodo criativo muito espec\u00edfico.<\/p>\n\n\n\n<p class=\"wp-block-paragraph\">A can\u00e7\u00e3o n\u00e3o nasceu somente de uma lembran\u00e7a amorosa.<\/p>\n\n\n\n<p class=\"wp-block-paragraph\">Nasceu dentro de um momento em que experi\u00eancias pessoais, imagina\u00e7\u00e3o, refer\u00eancias culturais, estados alterados de consci\u00eancia e linguagem po\u00e9tica estavam se cruzando na cria\u00e7\u00e3o do compositor.<\/p>\n\n\n\n<p class=\"wp-block-paragraph\">Essa \u00e9 uma diferen\u00e7a essencial.<\/p>\n\n\n\n<p class=\"wp-block-paragraph\">Uma coisa \u00e9 perguntar:<\/p>\n\n\n\n<p class=\"wp-block-paragraph\"><strong>\u201cQuem foi a mulher?\u201d<\/strong><\/p>\n\n\n\n<p class=\"wp-block-paragraph\">Outra, muito mais interessante, \u00e9 perguntar:<\/p>\n\n\n\n<p class=\"wp-block-paragraph\"><strong>\u201cO que estava acontecendo artisticamente com Z\u00e9 Ramalho quando ele escreveu essa m\u00fasica?\u201d<\/strong><\/p>\n\n\n\n<p class=\"wp-block-paragraph\">A segunda pergunta encontra muito mais respostas.<\/p>\n\n\n\n<h2 class=\"wp-block-heading\">Uma m\u00fasica que n\u00e3o se comporta como di\u00e1rio<\/h2>\n\n\n\n<p class=\"wp-block-paragraph\">\u201cCh\u00e3o de Giz\u201d n\u00e3o funciona como uma narrativa linear.<\/p>\n\n\n\n<p class=\"wp-block-paragraph\">Ela n\u00e3o apresenta come\u00e7o, meio e fim.<\/p>\n\n\n\n<p class=\"wp-block-paragraph\">Em vez disso, acumula imagens.<\/p>\n\n\n\n<p class=\"wp-block-paragraph\">Fotografias.<\/p>\n\n\n\n<p class=\"wp-block-paragraph\">Confetes.<\/p>\n\n\n\n<p class=\"wp-block-paragraph\">Canh\u00f5es.<\/p>\n\n\n\n<p class=\"wp-block-paragraph\">Violetas.<\/p>\n\n\n\n<p class=\"wp-block-paragraph\">Um colibri.<\/p>\n\n\n\n<p class=\"wp-block-paragraph\">Uma camisa de for\u00e7a.<\/p>\n\n\n\n<p class=\"wp-block-paragraph\">V\u00eanus.<\/p>\n\n\n\n<p class=\"wp-block-paragraph\">Um caminh\u00e3o.<\/p>\n\n\n\n<p class=\"wp-block-paragraph\">Um calcanhar.<\/p>\n\n\n\n<p class=\"wp-block-paragraph\">Freud.<\/p>\n\n\n\n<p class=\"wp-block-paragraph\">Carnaval.<\/p>\n\n\n\n<p class=\"wp-block-paragraph\">\u00c9 como se diferentes fragmentos de mem\u00f3ria fossem colocados sobre o mesmo espa\u00e7o.<\/p>\n\n\n\n<p class=\"wp-block-paragraph\">E isso ajuda a explicar por que tantas tentativas de decifrar cada verso como se ele correspondesse literalmente a um epis\u00f3dio da vida de Z\u00e9 acabam produzindo mais perguntas do que respostas.<\/p>\n\n\n\n<p class=\"wp-block-paragraph\">A letra \u00e9 poesia.<\/p>\n\n\n\n<p class=\"wp-block-paragraph\">E poesia n\u00e3o precisa funcionar como documento.<\/p>\n\n\n\n<p class=\"wp-block-paragraph\">Quando interpretamos o t\u00edtulo \u201cCh\u00e3o de Giz\u201d como uma imagem de algo que pode ser desenhado e posteriormente apagado, por exemplo, estamos diante de uma <strong>leitura poss\u00edvel da obra<\/strong>, n\u00e3o de uma declara\u00e7\u00e3o documental do compositor sobre seu significado.<\/p>\n\n\n\n<p class=\"wp-block-paragraph\">Essa diferen\u00e7a parece pequena.<\/p>\n\n\n\n<p class=\"wp-block-paragraph\">Mas \u00e9 justamente ela que separa interpreta\u00e7\u00e3o de apura\u00e7\u00e3o.<\/p>\n\n\n\n<h2 class=\"wp-block-heading\">O som tamb\u00e9m conta essa hist\u00f3ria<\/h2>\n\n\n\n<p class=\"wp-block-paragraph\">Existe outro aspecto de \u201cCh\u00e3o de Giz\u201d que merece aten\u00e7\u00e3o: a m\u00fasica n\u00e3o depende apenas da letra.<\/p>\n\n\n\n<p class=\"wp-block-paragraph\">Sua grava\u00e7\u00e3o original ajuda a revelar o momento art\u00edstico de Z\u00e9 Ramalho.<\/p>\n\n\n\n<p class=\"wp-block-paragraph\">O arranjo combina elementos ac\u00fasticos e el\u00e9tricos e cria uma atmosfera que n\u00e3o se encaixa facilmente em uma \u00fanica categoria.<\/p>\n\n\n\n<p class=\"wp-block-paragraph\">A interpreta\u00e7\u00e3o vocal tamb\u00e9m \u00e9 decisiva.<\/p>\n\n\n\n<p class=\"wp-block-paragraph\">Z\u00e9 n\u00e3o canta a m\u00fasica como quem simplesmente apresenta uma melodia rom\u00e2ntica.<\/p>\n\n\n\n<p class=\"wp-block-paragraph\">H\u00e1 uma esp\u00e9cie de fala cantada, uma tens\u00e3o entre canto e narrativa, que refor\u00e7a a sensa\u00e7\u00e3o de confiss\u00e3o.<\/p>\n\n\n\n<p class=\"wp-block-paragraph\">Essa caracter\u00edstica \u00e9 importante porque ajuda a explicar por que \u201cCh\u00e3o de Giz\u201d soa t\u00e3o diferente de uma balada convencional.<\/p>\n\n\n\n<p class=\"wp-block-paragraph\">A can\u00e7\u00e3o n\u00e3o tenta apenas ser bonita.<\/p>\n\n\n\n<p class=\"wp-block-paragraph\">Ela parece querer contar alguma coisa enquanto luta para encontrar as palavras.<\/p>\n\n\n\n<p class=\"wp-block-paragraph\">\u00c9 justamente nesse ponto que a m\u00fasica e a experi\u00eancia pessoal se encontram.<\/p>\n\n\n\n<h2 class=\"wp-block-heading\">A for\u00e7a de uma can\u00e7\u00e3o que n\u00e3o explica tudo<\/h2>\n\n\n\n<p class=\"wp-block-paragraph\">Talvez uma das raz\u00f5es para a perman\u00eancia de \u201cCh\u00e3o de Giz\u201d seja justamente a aus\u00eancia de uma explica\u00e7\u00e3o completa.<\/p>\n\n\n\n<p class=\"wp-block-paragraph\">O ouvinte sabe que houve uma hist\u00f3ria.<\/p>\n\n\n\n<p class=\"wp-block-paragraph\">Sabe que houve uma paix\u00e3o.<\/p>\n\n\n\n<p class=\"wp-block-paragraph\">Sabe que Z\u00e9 escreveu a m\u00fasica em uma fase decisiva de sua juventude.<\/p>\n\n\n\n<p class=\"wp-block-paragraph\">Mas n\u00e3o recebe todas as respostas.<\/p>\n\n\n\n<p class=\"wp-block-paragraph\">E isso permite que a can\u00e7\u00e3o seja apropriada por outras vidas.<\/p>\n\n\n\n<p class=\"wp-block-paragraph\">Quem j\u00e1 viveu uma rela\u00e7\u00e3o imposs\u00edvel pode ouvi-la como uma m\u00fasica sobre despedida.<\/p>\n\n\n\n<p class=\"wp-block-paragraph\">Quem j\u00e1 precisou deixar algu\u00e9m para tr\u00e1s pode enxergar outra coisa.<\/p>\n\n\n\n<p class=\"wp-block-paragraph\">Quem viveu um amor secreto pode encontrar outra camada.<\/p>\n\n\n\n<p class=\"wp-block-paragraph\">Quem simplesmente conhece a m\u00fasica desde a juventude pode associ\u00e1-la a uma \u00e9poca inteira.<\/p>\n\n\n\n<p class=\"wp-block-paragraph\">A hist\u00f3ria particular de Z\u00e9 Ramalho se transforma, assim, em mem\u00f3ria coletiva.<\/p>\n\n\n\n<h2 class=\"wp-block-heading\">O primeiro disco n\u00e3o foi apenas uma estreia<\/h2>\n\n\n\n<p class=\"wp-block-paragraph\">Quando \u201cZ\u00e9 Ramalho\u201d chegou ao p\u00fablico em 1978, o Brasil conheceu um artista que n\u00e3o se encaixava confortavelmente em uma \u00fanica gaveta.<\/p>\n\n\n\n<p class=\"wp-block-paragraph\">O \u00e1lbum trazia elementos da m\u00fasica nordestina, rock e psicodelia, al\u00e9m de uma escrita marcada por imagens pouco convencionais.<\/p>\n\n\n\n<p class=\"wp-block-paragraph\">\u201cCh\u00e3o de Giz\u201d, \u201cAv\u00f4hai\u201d e \u201cVila do Sossego\u201d funcionavam quase como uma apresenta\u00e7\u00e3o de tr\u00eas lados de um mesmo compositor.<\/p>\n\n\n\n<p class=\"wp-block-paragraph\">E h\u00e1 uma ironia bonita nessa hist\u00f3ria.<\/p>\n\n\n\n<p class=\"wp-block-paragraph\">Essas m\u00fasicas j\u00e1 estavam prontas quando Z\u00e9 ainda estudava Medicina.<\/p>\n\n\n\n<p class=\"wp-block-paragraph\">O mercado fonogr\u00e1fico ainda n\u00e3o o conhecia.<\/p>\n\n\n\n<p class=\"wp-block-paragraph\">A fam\u00edlia esperava outra profiss\u00e3o.<\/p>\n\n\n\n<p class=\"wp-block-paragraph\">Ele ainda precisava enfrentar recusas.<\/p>\n\n\n\n<p class=\"wp-block-paragraph\">Mas aquelas can\u00e7\u00f5es j\u00e1 existiam.<\/p>\n\n\n\n<p class=\"wp-block-paragraph\">O futuro artista estava, de certa forma, pronto antes de o mercado perceber.<\/p>\n\n\n\n<h2 class=\"wp-block-heading\">1996: \u201cCh\u00e3o de Giz\u201d encontra Elba Ramalho<\/h2>\n\n\n\n<p class=\"wp-block-paragraph\">Quase duas d\u00e9cadas depois do lan\u00e7amento original, a can\u00e7\u00e3o ganhou uma nova dimens\u00e3o.<\/p>\n\n\n\n<p class=\"wp-block-paragraph\">Em 1996, Z\u00e9 Ramalho participou de \u201cO Grande Encontro\u201d, projeto que reuniu Alceu Valen\u00e7a, Elba Ramalho e Geraldo Azevedo.<\/p>\n\n\n\n<p class=\"wp-block-paragraph\">\u201cCh\u00e3o de Giz\u201d entrou no repert\u00f3rio interpretada por Z\u00e9 e Elba. O registro do \u00e1lbum confirma a faixa como composi\u00e7\u00e3o de Z\u00e9 Ramalho e apresenta os dois como int\u00e9rpretes.<\/p>\n\n\n\n<p class=\"wp-block-paragraph\">A grava\u00e7\u00e3o ao vivo foi lan\u00e7ada em outubro de 1996.<\/p>\n\n\n\n<p class=\"wp-block-paragraph\">Esse encontro tem uma dimens\u00e3o simb\u00f3lica especialmente bonita.<\/p>\n\n\n\n<p class=\"wp-block-paragraph\">Z\u00e9 dividia uma de suas composi\u00e7\u00f5es mais pessoais com Elba Ramalho, sua prima e tamb\u00e9m uma das grandes vozes da m\u00fasica nordestina brasileira.<\/p>\n\n\n\n<p class=\"wp-block-paragraph\">A m\u00fasica que nasceu de uma hist\u00f3ria \u00edntima encontrava, quase vinte anos depois, uma interpreta\u00e7\u00e3o compartilhada dentro de um dos projetos mais importantes daquela gera\u00e7\u00e3o.<\/p>\n\n\n\n<p class=\"wp-block-paragraph\">E a grava\u00e7\u00e3o continua dispon\u00edvel oficialmente no cat\u00e1logo do artista.<\/p>\n\n\n\n<h2 class=\"wp-block-heading\">1997: outra leitura da mesma can\u00e7\u00e3o<\/h2>\n\n\n\n<p class=\"wp-block-paragraph\">A hist\u00f3ria n\u00e3o parou ali.<\/p>\n\n\n\n<p class=\"wp-block-paragraph\">Depois da repercuss\u00e3o de \u201cO Grande Encontro\u201d, \u201cCh\u00e3o de Giz\u201d voltou ao repert\u00f3rio de Z\u00e9 Ramalho em uma nova leitura.<\/p>\n\n\n\n<p class=\"wp-block-paragraph\">A can\u00e7\u00e3o j\u00e1 n\u00e3o era apenas aquela faixa do primeiro \u00e1lbum.<\/p>\n\n\n\n<p class=\"wp-block-paragraph\">Tinha se transformado em uma composi\u00e7\u00e3o que podia ser revisitada.<\/p>\n\n\n\n<p class=\"wp-block-paragraph\">Esse \u00e9 um dos sinais mais interessantes de perman\u00eancia musical:<\/p>\n\n\n\n<p class=\"wp-block-paragraph\">uma m\u00fasica n\u00e3o precisa permanecer congelada para continuar sendo a mesma m\u00fasica.<\/p>\n\n\n\n<p class=\"wp-block-paragraph\">Ela pode mudar de arranjo, de int\u00e9rprete, de contexto e at\u00e9 de gera\u00e7\u00e3o.<\/p>\n\n\n\n<p class=\"wp-block-paragraph\">O n\u00facleo permanece.<\/p>\n\n\n\n<p class=\"wp-block-paragraph\">As leituras mudam.<\/p>\n\n\n\n<h2 class=\"wp-block-heading\">2011: uma nova gera\u00e7\u00e3o encontra \u201cCh\u00e3o de Giz\u201d<\/h2>\n\n\n\n<p class=\"wp-block-paragraph\">Em 2011, a can\u00e7\u00e3o voltou a ganhar espa\u00e7o na televis\u00e3o brasileira ao integrar a trilha sonora de \u201cCordel Encantado\u201d.<\/p>\n\n\n\n<p class=\"wp-block-paragraph\">A m\u00fasica passou, assim, a acompanhar uma nova narrativa ficcional d\u00e9cadas depois de sua cria\u00e7\u00e3o.<\/p>\n\n\n\n<p class=\"wp-block-paragraph\">\u00c9 um fen\u00f4meno recorrente na hist\u00f3ria da m\u00fasica brasileira: uma composi\u00e7\u00e3o criada para expressar uma experi\u00eancia pessoal encontra uma nova vida quando passa a acompanhar personagens que n\u00e3o t\u00eam qualquer rela\u00e7\u00e3o com o epis\u00f3dio que a originou.<\/p>\n\n\n\n<p class=\"wp-block-paragraph\">A televis\u00e3o faz a m\u00fasica ganhar outra mem\u00f3ria.<\/p>\n\n\n\n<p class=\"wp-block-paragraph\">Quem a ouve dentro de uma novela pode associ\u00e1-la para sempre \u00e0quela hist\u00f3ria.<\/p>\n\n\n\n<p class=\"wp-block-paragraph\">E, para uma gera\u00e7\u00e3o mais jovem, essa pode ser a primeira porta de entrada para a can\u00e7\u00e3o.<\/p>\n\n\n\n<h2 class=\"wp-block-heading\">2024: a grava\u00e7\u00e3o original volta a ganhar imagens<\/h2>\n\n\n\n<p class=\"wp-block-paragraph\">Em outubro de 2024, Z\u00e9 Ramalho lan\u00e7ou o clipe oficial de \u201cCh\u00e3o de Giz\u201d.<\/p>\n\n\n\n<p class=\"wp-block-paragraph\">O material foi publicado em seu canal oficial e utiliza a grava\u00e7\u00e3o da pr\u00f3pria can\u00e7\u00e3o, transformando uma m\u00fasica criada d\u00e9cadas antes em uma obra audiovisual contempor\u00e2nea.<\/p>\n\n\n\n<p class=\"wp-block-paragraph\">\u00c9 um detalhe aparentemente pequeno, mas que ajuda a fechar um ciclo.<\/p>\n\n\n\n<p class=\"wp-block-paragraph\">A m\u00fasica nasceu em uma \u00e9poca em que ainda n\u00e3o existiam plataformas digitais, redes sociais ou videoclipes consumidos sob demanda.<\/p>\n\n\n\n<p class=\"wp-block-paragraph\">Quase meio s\u00e9culo depois, aquela mesma grava\u00e7\u00e3o continua encontrando novas formas de chegar ao p\u00fablico.<\/p>\n\n\n\n<p class=\"wp-block-paragraph\">O suporte mudou.<\/p>\n\n\n\n<p class=\"wp-block-paragraph\">A can\u00e7\u00e3o permaneceu.<\/p>\n\n\n\n<h2 class=\"wp-block-heading\">O que a trajet\u00f3ria revela<\/h2>\n\n\n\n<p class=\"wp-block-paragraph\">Talvez seja poss\u00edvel resumir a hist\u00f3ria de \u201cCh\u00e3o de Giz\u201d em uma sequ\u00eancia simples:<\/p>\n\n\n\n<p class=\"wp-block-paragraph\"><strong>1975\u20131976:<\/strong> o jovem Z\u00e9 Ramalho ainda cursava Medicina e j\u00e1 compunha m\u00fasicas que fariam parte de seu futuro repert\u00f3rio.<\/p>\n\n\n\n<p class=\"wp-block-paragraph\"><strong>1977:<\/strong> o material que formaria seu primeiro \u00e1lbum foi gravado.<\/p>\n\n\n\n<p class=\"wp-block-paragraph\"><strong>1978:<\/strong> \u201cCh\u00e3o de Giz\u201d chegou oficialmente ao p\u00fablico no \u00e1lbum de estreia de Z\u00e9 Ramalho.<\/p>\n\n\n\n<p class=\"wp-block-paragraph\"><strong>1996:<\/strong> a can\u00e7\u00e3o ganhou uma nova interpreta\u00e7\u00e3o com Elba Ramalho em \u201cO Grande Encontro\u201d.<\/p>\n\n\n\n<p class=\"wp-block-paragraph\"><strong>2011:<\/strong> voltou ao imagin\u00e1rio televisivo brasileiro em \u201cCordel Encantado\u201d.<\/p>\n\n\n\n<p class=\"wp-block-paragraph\"><strong>2024:<\/strong> recebeu um novo clipe oficial utilizando a grava\u00e7\u00e3o da can\u00e7\u00e3o.<\/p>\n\n\n\n<p class=\"wp-block-paragraph\">E agora, em 2026, continua circulando por r\u00e1dios, plataformas, reinterpreta\u00e7\u00f5es e pela mem\u00f3ria de quem a descobriu em diferentes momentos.<\/p>\n\n\n\n<p class=\"wp-block-paragraph\">\u00c9 uma trajet\u00f3ria de quase cinquenta anos.<\/p>\n\n\n\n<h2 class=\"wp-block-heading\">O que ainda n\u00e3o sabemos<\/h2>\n\n\n\n<p class=\"wp-block-paragraph\">Uma boa hist\u00f3ria tamb\u00e9m precisa reconhecer seus limites.<\/p>\n\n\n\n<p class=\"wp-block-paragraph\">N\u00e3o h\u00e1 documenta\u00e7\u00e3o p\u00fablica suficientemente s\u00f3lida para afirmar, com seguran\u00e7a absoluta, o nome da mulher que teria inspirado a can\u00e7\u00e3o, reconstruir todos os epis\u00f3dios do relacionamento ou estabelecer uma correspond\u00eancia exata entre cada imagem da letra e acontecimentos espec\u00edficos da vida de Z\u00e9.<\/p>\n\n\n\n<p class=\"wp-block-paragraph\">Tamb\u00e9m n\u00e3o \u00e9 correto afirmar que existe uma \u00fanica explica\u00e7\u00e3o para a origem de \u201cCh\u00e3o de Giz\u201d.<\/p>\n\n\n\n<p class=\"wp-block-paragraph\">O pr\u00f3prio conjunto de relatos do compositor aponta para uma experi\u00eancia afetiva e, ao mesmo tempo, para um per\u00edodo criativo muito particular.<\/p>\n\n\n\n<p class=\"wp-block-paragraph\">As duas coisas podem coexistir.<\/p>\n\n\n\n<p class=\"wp-block-paragraph\">Na verdade, provavelmente coexistem.<\/p>\n\n\n\n<p class=\"wp-block-paragraph\">E talvez essa seja a melhor resposta poss\u00edvel para uma m\u00fasica que nunca pareceu interessada em entregar todas as respostas.<\/p>\n\n\n\n<h2 class=\"wp-block-heading\">Por que \u201cCh\u00e3o de Giz\u201d continua?<\/h2>\n\n\n\n<p class=\"wp-block-paragraph\">Porque algumas m\u00fasicas envelhecem.<\/p>\n\n\n\n<p class=\"wp-block-paragraph\">Outras amadurecem.<\/p>\n\n\n\n<p class=\"wp-block-paragraph\">\u201cCh\u00e3o de Giz\u201d amadureceu.<\/p>\n\n\n\n<p class=\"wp-block-paragraph\">A paix\u00e3o que ajudou a alimentar sua origem pertence a outro tempo.<\/p>\n\n\n\n<p class=\"wp-block-paragraph\">O jovem que ainda cursava Medicina ficou para tr\u00e1s.<\/p>\n\n\n\n<p class=\"wp-block-paragraph\">O mercado fonogr\u00e1fico que recebeu seu primeiro disco mudou completamente.<\/p>\n\n\n\n<p class=\"wp-block-paragraph\">Os discos de vinil deram lugar ao CD, depois \u00e0s plataformas digitais.<\/p>\n\n\n\n<p class=\"wp-block-paragraph\">A televis\u00e3o tamb\u00e9m mudou.<\/p>\n\n\n\n<p class=\"wp-block-paragraph\">O r\u00e1dio mudou.<\/p>\n\n\n\n<p class=\"wp-block-paragraph\">O modo de ouvir m\u00fasica mudou.<\/p>\n\n\n\n<p class=\"wp-block-paragraph\">Mas a sensa\u00e7\u00e3o contida na can\u00e7\u00e3o permanece reconhec\u00edvel.<\/p>\n\n\n\n<p class=\"wp-block-paragraph\">A de algu\u00e9m que olha para uma hist\u00f3ria que acabou e percebe que algumas coisas n\u00e3o podem mais ser recuperadas.<\/p>\n\n\n\n<p class=\"wp-block-paragraph\">\u00c9 uma experi\u00eancia antiga.<\/p>\n\n\n\n<p class=\"wp-block-paragraph\">E justamente por isso continua atual.<\/p>\n\n\n\n<p class=\"wp-block-paragraph\">Talvez o verdadeiro segredo de \u201cCh\u00e3o de Giz\u201d esteja a\u00ed.<\/p>\n\n\n\n<p class=\"wp-block-paragraph\">Z\u00e9 Ramalho come\u00e7ou com uma hist\u00f3ria particular.<\/p>\n\n\n\n<p class=\"wp-block-paragraph\">Mas escreveu algo que o tempo conseguiu transformar em hist\u00f3ria de todos.<\/p>\n\n\n\n<h2 class=\"wp-block-heading\">\ud83c\udfb5 Voc\u00ea Sabia?<\/h2>\n\n\n\n<p class=\"wp-block-paragraph\">\u201cCh\u00e3o de Giz\u201d n\u00e3o foi uma m\u00fasica composta especialmente para o primeiro disco de Z\u00e9 Ramalho. Ela j\u00e1 fazia parte do repert\u00f3rio do compositor antes de sua estreia fonogr\u00e1fica. As fontes sobre o \u00e1lbum registram que as m\u00fasicas do trabalho foram criadas durante viagens pela Para\u00edba e por Pernambuco, entre 1975 e 1976, quando Z\u00e9 ainda cursava Medicina.<\/p>\n\n\n\n<h2 class=\"wp-block-heading\">\ud83d\udcda Continue explorando a hist\u00f3ria da m\u00fasica<\/h2>\n\n\n\n<p class=\"wp-block-paragraph\">A hist\u00f3ria de \u201cCh\u00e3o de Giz\u201d tamb\u00e9m abre duas portas para conhecer melhor o universo de Z\u00e9 Ramalho.<\/p>\n\n\n\n<p class=\"wp-block-paragraph\">A primeira \u00e9 \u201cAv\u00f4hai\u201d, outra das can\u00e7\u00f5es que j\u00e1 existiam antes de sua estreia e que ajudaram a apresentar ao Brasil um compositor com uma linguagem completamente particular.<\/p>\n\n\n\n<p class=\"wp-block-paragraph\">A segunda \u00e9 \u201cVila do Sossego\u201d, que pertence ao mesmo per\u00edodo criativo e ajuda a perceber que \u201cCh\u00e3o de Giz\u201d n\u00e3o foi um acontecimento isolado.<\/p>\n\n\n\n<p class=\"wp-block-paragraph\">As tr\u00eas can\u00e7\u00f5es permitem enxergar algo maior:<\/p>\n\n\n\n<p class=\"wp-block-paragraph\">o nascimento de uma identidade art\u00edstica.<\/p>\n\n\n\n<p class=\"wp-block-paragraph\">No Portal Planeta Saudade, outras hist\u00f3rias tamb\u00e9m revelam o que acontecia por tr\u00e1s das m\u00fasicas que atravessaram d\u00e9cadas.<\/p>\n\n\n\n<p class=\"wp-block-paragraph\">Porque conhecer uma can\u00e7\u00e3o \u00e9 uma coisa.<\/p>\n\n\n\n<p class=\"wp-block-paragraph\">Entender por que ela permaneceu \u00e9 outra.<\/p>\n\n\n\n<h2 class=\"wp-block-heading\">\ud83c\udfa7 Ou\u00e7a a trilha sonora desta hist\u00f3ria<\/h2>\n\n\n\n<p class=\"wp-block-paragraph\">Agora que voc\u00ea conhece melhor a trajet\u00f3ria de \u201cCh\u00e3o de Giz\u201d, talvez seja hora de ouvi-la novamente.<\/p>\n\n\n\n<p class=\"wp-block-paragraph\">Mas n\u00e3o exatamente como antes.<\/p>\n\n\n\n<p class=\"wp-block-paragraph\">Voc\u00ea sabe que aquela m\u00fasica j\u00e1 existia quando Z\u00e9 Ramalho ainda cursava Medicina.<\/p>\n\n\n\n<p class=\"wp-block-paragraph\">Sabe que ela nasceu em um per\u00edodo de intensa cria\u00e7\u00e3o.<\/p>\n\n\n\n<p class=\"wp-block-paragraph\">Sabe que existe uma hist\u00f3ria amorosa ligada \u00e0 sua origem, mas tamb\u00e9m sabe que nem todos os detalhes dessa hist\u00f3ria podem ser tratados como fatos comprovados.<\/p>\n\n\n\n<p class=\"wp-block-paragraph\">Sabe que a m\u00fasica atravessou o primeiro \u00e1lbum, encontrou Elba Ramalho em \u201cO Grande Encontro\u201d, voltou \u00e0 televis\u00e3o, ganhou novas interpreta\u00e7\u00f5es e chegou at\u00e9 um clipe oficial lan\u00e7ado em 2024.<\/p>\n\n\n\n<p class=\"wp-block-paragraph\">E agora pode reencontr\u00e1-la no r\u00e1dio.<\/p>\n\n\n\n<h3 class=\"wp-block-heading\">\ud83d\udcfb \u201cCh\u00e3o de Giz\u201d faz parte da programa\u00e7\u00e3o da R\u00e1dio Planeta Saudade.<\/h3>\n\n\n\n<p class=\"wp-block-paragraph\">A R\u00e1dio Planeta Saudade tem como miss\u00e3o preservar a mem\u00f3ria das grandes m\u00fasicas nacionais e internacionais que atravessaram gera\u00e7\u00f5es.<\/p>\n\n\n\n<p class=\"wp-block-paragraph\">Ent\u00e3o, quando \u201cCh\u00e3o de Giz\u201d tocar, talvez voc\u00ea n\u00e3o escute apenas uma m\u00fasica de 1978.<\/p>\n\n\n\n<p class=\"wp-block-paragraph\">Talvez escute um jovem que ainda n\u00e3o sabia o que o futuro lhe reservava.<\/p>\n\n\n\n<p class=\"wp-block-paragraph\">Um compositor que deixou Medicina para seguir a m\u00fasica.<\/p>\n\n\n\n<p class=\"wp-block-paragraph\">Uma can\u00e7\u00e3o que nasceu antes da fama.<\/p>\n\n\n\n<p class=\"wp-block-paragraph\">Uma hist\u00f3ria de amor que nunca foi totalmente revelada.<\/p>\n\n\n\n<p class=\"wp-block-paragraph\">E uma obra que, quase cinquenta anos depois, continua encontrando novos ouvidos.<\/p>\n\n\n\n<p class=\"wp-block-paragraph\"><strong>Ou\u00e7a a R\u00e1dio Planeta Saudade:<\/strong><\/p>\n\n\n\n<p class=\"wp-block-paragraph\">\ud83c\udf10 <strong>Site oficial:<\/strong> radioplanetasaudade.com.br<br>\ud83d\udcf1 <strong>Aplicativo oficial:<\/strong> Android e iPhone<br>\ud83d\udcbb <strong>Web App:<\/strong> Android, iOS e computadores<br>\ud83d\udde3\ufe0f <strong>Alexa:<\/strong> \u201cAlexa, tocar R\u00e1dio Planeta Saudade\u201d<br>\ud83d\ude97 <strong>Android Auto e Apple CarPlay:<\/strong> R\u00e1dio Planeta Saudade no carro<br>\ud83d\udcfb <strong>R\u00e1dios Net:<\/strong> dispon\u00edvel tamb\u00e9m na plataforma<br>\ud83c\udfa7 <strong>CX R\u00e1dio:<\/strong> dispon\u00edvel tamb\u00e9m na plataforma<\/p>\n\n\n\n<p class=\"wp-block-paragraph\">A programa\u00e7\u00e3o da R\u00e1dio Planeta Saudade re\u00fane cl\u00e1ssicos nacionais e internacionais e existe justamente para manter vivas as m\u00fasicas que continuam despertando lembran\u00e7as, emo\u00e7\u00f5es e hist\u00f3rias.<\/p>\n\n\n\n<h2 class=\"wp-block-heading\">\ud83c\udf10 Sobre o Portal Planeta Saudade<\/h2>\n\n\n\n<p class=\"wp-block-paragraph\">O Portal Planeta Saudade existe para preservar a mem\u00f3ria da m\u00fasica com pesquisa, contexto, responsabilidade e emo\u00e7\u00e3o.<\/p>\n\n\n\n<p class=\"wp-block-paragraph\">Aqui, a nostalgia n\u00e3o termina na lembran\u00e7a de que uma m\u00fasica foi importante.<\/p>\n\n\n\n<p class=\"wp-block-paragraph\">A proposta \u00e9 descobrir <strong>por que ela foi importante<\/strong>.<\/p>\n\n\n\n<p class=\"wp-block-paragraph\">Quem a escreveu.<\/p>\n\n\n\n<p class=\"wp-block-paragraph\">Como nasceu.<\/p>\n\n\n\n<p class=\"wp-block-paragraph\">Quem participou de sua trajet\u00f3ria.<\/p>\n\n\n\n<p class=\"wp-block-paragraph\">O que aconteceu depois.<\/p>\n\n\n\n<p class=\"wp-block-paragraph\">E por que, d\u00e9cadas mais tarde, ainda vale a pena apertar o play.<\/p>\n\n\n\n<p class=\"wp-block-paragraph\">Porque uma grande can\u00e7\u00e3o n\u00e3o \u00e9 apenas uma grava\u00e7\u00e3o.<\/p>\n\n\n\n<p class=\"wp-block-paragraph\">\u00c9 uma hist\u00f3ria que continua acontecendo cada vez que algu\u00e9m a escuta.<\/p>\n\n\n\n<p class=\"wp-block-paragraph\"><strong>Preservando a mem\u00f3ria da m\u00fasica, uma hist\u00f3ria de cada vez.<\/strong><\/p>\n","protected":false},"excerpt":{"rendered":"<p>Entre uma paix\u00e3o de juventude, os anos em que ainda cursava Medicina e uma fase&#8230;<\/p>\n","protected":false},"author":1,"featured_media":6288,"comment_status":"open","ping_status":"open","sticky":false,"template":"","format":"standard","meta":{"footnotes":""},"categories":[92],"tags":[2676,119,118,120,121,1882,117,407,561,562,116,99,406],"class_list":["post-6287","post","type-post","status-publish","format-standard","has-post-thumbnail","hentry","category-baixe-nosso-aplicativo","tag-2676","tag-anos-70","tag-anos-80","tag-anos-90","tag-baixe-nosso-app","tag-chao-de-giz","tag-flashaback","tag-mpb","tag-ouvir","tag-ouvir-radio","tag-radio","tag-radio-planeta-saudade","tag-ze-ramalho"],"yoast_head":"<!-- This site is optimized with the Yoast SEO plugin v21.3 - https:\/\/yoast.com\/wordpress\/plugins\/seo\/ -->\n<title>\u201cCh\u00e3o de Giz\u201d: o que Z\u00e9 Ramalho contou \u2014 e o que a hist\u00f3ria da can\u00e7\u00e3o ainda n\u00e3o revela - R\u00c1DIO PLANETA SAUDADE<\/title>\n<meta name=\"robots\" content=\"index, follow, max-snippet:-1, max-image-preview:large, max-video-preview:-1\" \/>\n<link rel=\"canonical\" href=\"https:\/\/radioplanetasaudade.com.br\/index.php\/2026\/08\/31\/chao-de-giz-o-que-ze-ramalho-contou-e-o-que-a-historia-da-cancao-ainda-nao-revela\/\" \/>\n<meta property=\"og:locale\" content=\"pt_BR\" \/>\n<meta property=\"og:type\" content=\"article\" \/>\n<meta property=\"og:title\" content=\"\u201cCh\u00e3o de Giz\u201d: o que Z\u00e9 Ramalho contou \u2014 e o que a hist\u00f3ria da can\u00e7\u00e3o ainda n\u00e3o revela - R\u00c1DIO PLANETA SAUDADE\" \/>\n<meta property=\"og:description\" content=\"Entre uma paix\u00e3o de juventude, os anos em que ainda cursava Medicina e uma fase...\" \/>\n<meta property=\"og:url\" content=\"https:\/\/radioplanetasaudade.com.br\/index.php\/2026\/08\/31\/chao-de-giz-o-que-ze-ramalho-contou-e-o-que-a-historia-da-cancao-ainda-nao-revela\/\" \/>\n<meta property=\"og:site_name\" content=\"R\u00c1DIO PLANETA SAUDADE\" \/>\n<meta property=\"article:published_time\" content=\"2026-08-31T12:41:10+00:00\" \/>\n<meta property=\"article:modified_time\" content=\"2026-08-31T12:41:12+00:00\" \/>\n<meta property=\"og:image\" content=\"https:\/\/radioplanetasaudade.com.br\/wp-content\/uploads\/2026\/08\/Ze-Ramalho.jpeg\" \/>\n\t<meta property=\"og:image:width\" content=\"1254\" \/>\n\t<meta property=\"og:image:height\" content=\"1254\" \/>\n\t<meta property=\"og:image:type\" content=\"image\/jpeg\" \/>\n<meta name=\"author\" content=\"Planeta Saudade\" \/>\n<meta name=\"twitter:card\" content=\"summary_large_image\" \/>\n<meta name=\"twitter:label1\" content=\"Escrito por\" \/>\n\t<meta name=\"twitter:data1\" content=\"Planeta Saudade\" \/>\n\t<meta name=\"twitter:label2\" content=\"Est. tempo de leitura\" \/>\n\t<meta name=\"twitter:data2\" content=\"18 minutos\" \/>\n<script type=\"application\/ld+json\" class=\"yoast-schema-graph\">{\"@context\":\"https:\/\/schema.org\",\"@graph\":[{\"@type\":\"Article\",\"@id\":\"https:\/\/radioplanetasaudade.com.br\/index.php\/2026\/08\/31\/chao-de-giz-o-que-ze-ramalho-contou-e-o-que-a-historia-da-cancao-ainda-nao-revela\/#article\",\"isPartOf\":{\"@id\":\"https:\/\/radioplanetasaudade.com.br\/index.php\/2026\/08\/31\/chao-de-giz-o-que-ze-ramalho-contou-e-o-que-a-historia-da-cancao-ainda-nao-revela\/\"},\"author\":{\"name\":\"Planeta Saudade\",\"@id\":\"https:\/\/radioplanetasaudade.com.br\/#\/schema\/person\/1a6f6fc0d987819324e7ed417a1a6581\"},\"headline\":\"\u201cCh\u00e3o de Giz\u201d: o que Z\u00e9 Ramalho contou \u2014 e o que a hist\u00f3ria da can\u00e7\u00e3o ainda n\u00e3o revela\",\"datePublished\":\"2026-08-31T12:41:10+00:00\",\"dateModified\":\"2026-08-31T12:41:12+00:00\",\"mainEntityOfPage\":{\"@id\":\"https:\/\/radioplanetasaudade.com.br\/index.php\/2026\/08\/31\/chao-de-giz-o-que-ze-ramalho-contou-e-o-que-a-historia-da-cancao-ainda-nao-revela\/\"},\"wordCount\":3608,\"commentCount\":0,\"publisher\":{\"@id\":\"https:\/\/radioplanetasaudade.com.br\/#organization\"},\"keywords\":[\"1978\",\"Anos 70\",\"Anos 80\",\"Anos 90\",\"Baixe nosso App\",\"Ch\u00e3o de Giz\",\"Flashaback\",\"Mpb\",\"Ouvir\",\"Ouvir r\u00e1dio\",\"R\u00e1dio\",\"R\u00e1dio Planeta Saudade\",\"Z\u00e9 Ramalho\"],\"articleSection\":[\"BAIXE NOSSO APLICATIVO\"],\"inLanguage\":\"pt-BR\",\"potentialAction\":[{\"@type\":\"CommentAction\",\"name\":\"Comment\",\"target\":[\"https:\/\/radioplanetasaudade.com.br\/index.php\/2026\/08\/31\/chao-de-giz-o-que-ze-ramalho-contou-e-o-que-a-historia-da-cancao-ainda-nao-revela\/#respond\"]}]},{\"@type\":\"WebPage\",\"@id\":\"https:\/\/radioplanetasaudade.com.br\/index.php\/2026\/08\/31\/chao-de-giz-o-que-ze-ramalho-contou-e-o-que-a-historia-da-cancao-ainda-nao-revela\/\",\"url\":\"https:\/\/radioplanetasaudade.com.br\/index.php\/2026\/08\/31\/chao-de-giz-o-que-ze-ramalho-contou-e-o-que-a-historia-da-cancao-ainda-nao-revela\/\",\"name\":\"\u201cCh\u00e3o de Giz\u201d: o que Z\u00e9 Ramalho contou \u2014 e o que a hist\u00f3ria da can\u00e7\u00e3o ainda n\u00e3o revela - R\u00c1DIO PLANETA SAUDADE\",\"isPartOf\":{\"@id\":\"https:\/\/radioplanetasaudade.com.br\/#website\"},\"datePublished\":\"2026-08-31T12:41:10+00:00\",\"dateModified\":\"2026-08-31T12:41:12+00:00\",\"breadcrumb\":{\"@id\":\"https:\/\/radioplanetasaudade.com.br\/index.php\/2026\/08\/31\/chao-de-giz-o-que-ze-ramalho-contou-e-o-que-a-historia-da-cancao-ainda-nao-revela\/#breadcrumb\"},\"inLanguage\":\"pt-BR\",\"potentialAction\":[{\"@type\":\"ReadAction\",\"target\":[\"https:\/\/radioplanetasaudade.com.br\/index.php\/2026\/08\/31\/chao-de-giz-o-que-ze-ramalho-contou-e-o-que-a-historia-da-cancao-ainda-nao-revela\/\"]}]},{\"@type\":\"BreadcrumbList\",\"@id\":\"https:\/\/radioplanetasaudade.com.br\/index.php\/2026\/08\/31\/chao-de-giz-o-que-ze-ramalho-contou-e-o-que-a-historia-da-cancao-ainda-nao-revela\/#breadcrumb\",\"itemListElement\":[{\"@type\":\"ListItem\",\"position\":1,\"name\":\"In\u00edcio\",\"item\":\"https:\/\/radioplanetasaudade.com.br\/\"},{\"@type\":\"ListItem\",\"position\":2,\"name\":\"\u201cCh\u00e3o de Giz\u201d: o que Z\u00e9 Ramalho contou \u2014 e o que a hist\u00f3ria da can\u00e7\u00e3o ainda n\u00e3o revela\"}]},{\"@type\":\"WebSite\",\"@id\":\"https:\/\/radioplanetasaudade.com.br\/#website\",\"url\":\"https:\/\/radioplanetasaudade.com.br\/\",\"name\":\"R\u00e1dio Planeta Saudade\",\"description\":\"Relembrando grandes sucessos musicais e informando sobre os maiores artistas do mundo ou\u00e7a no seu celular.\",\"publisher\":{\"@id\":\"https:\/\/radioplanetasaudade.com.br\/#organization\"},\"potentialAction\":[{\"@type\":\"SearchAction\",\"target\":{\"@type\":\"EntryPoint\",\"urlTemplate\":\"https:\/\/radioplanetasaudade.com.br\/?s={search_term_string}\"},\"query-input\":\"required name=search_term_string\"}],\"inLanguage\":\"pt-BR\"},{\"@type\":\"Organization\",\"@id\":\"https:\/\/radioplanetasaudade.com.br\/#organization\",\"name\":\"R\u00e1dio Planeta Saudade\",\"url\":\"https:\/\/radioplanetasaudade.com.br\/\",\"logo\":{\"@type\":\"ImageObject\",\"inLanguage\":\"pt-BR\",\"@id\":\"https:\/\/radioplanetasaudade.com.br\/#\/schema\/logo\/image\/\",\"url\":\"https:\/\/radioplanetasaudade.com.br\/wp-content\/uploads\/2023\/10\/capture-20230607-202153.png\",\"contentUrl\":\"https:\/\/radioplanetasaudade.com.br\/wp-content\/uploads\/2023\/10\/capture-20230607-202153.png\",\"width\":1350,\"height\":358,\"caption\":\"R\u00e1dio Planeta Saudade\"},\"image\":{\"@id\":\"https:\/\/radioplanetasaudade.com.br\/#\/schema\/logo\/image\/\"}},{\"@type\":\"Person\",\"@id\":\"https:\/\/radioplanetasaudade.com.br\/#\/schema\/person\/1a6f6fc0d987819324e7ed417a1a6581\",\"name\":\"Planeta Saudade\",\"image\":{\"@type\":\"ImageObject\",\"inLanguage\":\"pt-BR\",\"@id\":\"https:\/\/radioplanetasaudade.com.br\/#\/schema\/person\/image\/\",\"url\":\"https:\/\/secure.gravatar.com\/avatar\/f81afe153fb6e9e1d38e83d127599e125ba7a0bd5cdb1f795af3d9b0af8ddeb0?s=96&d=mm&r=g\",\"contentUrl\":\"https:\/\/secure.gravatar.com\/avatar\/f81afe153fb6e9e1d38e83d127599e125ba7a0bd5cdb1f795af3d9b0af8ddeb0?s=96&d=mm&r=g\",\"caption\":\"Planeta Saudade\"},\"sameAs\":[\"https:\/\/radioplanetasaudade.com.br\"],\"url\":\"https:\/\/radioplanetasaudade.com.br\/index.php\/author\/wendelsantos4567\/\"}]}<\/script>\n<!-- \/ Yoast SEO plugin. -->","yoast_head_json":{"title":"\u201cCh\u00e3o de Giz\u201d: o que Z\u00e9 Ramalho contou \u2014 e o que a hist\u00f3ria da can\u00e7\u00e3o ainda n\u00e3o revela - R\u00c1DIO PLANETA SAUDADE","robots":{"index":"index","follow":"follow","max-snippet":"max-snippet:-1","max-image-preview":"max-image-preview:large","max-video-preview":"max-video-preview:-1"},"canonical":"https:\/\/radioplanetasaudade.com.br\/index.php\/2026\/08\/31\/chao-de-giz-o-que-ze-ramalho-contou-e-o-que-a-historia-da-cancao-ainda-nao-revela\/","og_locale":"pt_BR","og_type":"article","og_title":"\u201cCh\u00e3o de Giz\u201d: o que Z\u00e9 Ramalho contou \u2014 e o que a hist\u00f3ria da can\u00e7\u00e3o ainda n\u00e3o revela - R\u00c1DIO PLANETA SAUDADE","og_description":"Entre uma paix\u00e3o de juventude, os anos em que ainda cursava Medicina e uma fase...","og_url":"https:\/\/radioplanetasaudade.com.br\/index.php\/2026\/08\/31\/chao-de-giz-o-que-ze-ramalho-contou-e-o-que-a-historia-da-cancao-ainda-nao-revela\/","og_site_name":"R\u00c1DIO PLANETA SAUDADE","article_published_time":"2026-08-31T12:41:10+00:00","article_modified_time":"2026-08-31T12:41:12+00:00","og_image":[{"width":1254,"height":1254,"url":"https:\/\/radioplanetasaudade.com.br\/wp-content\/uploads\/2026\/08\/Ze-Ramalho.jpeg","type":"image\/jpeg"}],"author":"Planeta Saudade","twitter_card":"summary_large_image","twitter_misc":{"Escrito por":"Planeta Saudade","Est. tempo de leitura":"18 minutos"},"schema":{"@context":"https:\/\/schema.org","@graph":[{"@type":"Article","@id":"https:\/\/radioplanetasaudade.com.br\/index.php\/2026\/08\/31\/chao-de-giz-o-que-ze-ramalho-contou-e-o-que-a-historia-da-cancao-ainda-nao-revela\/#article","isPartOf":{"@id":"https:\/\/radioplanetasaudade.com.br\/index.php\/2026\/08\/31\/chao-de-giz-o-que-ze-ramalho-contou-e-o-que-a-historia-da-cancao-ainda-nao-revela\/"},"author":{"name":"Planeta Saudade","@id":"https:\/\/radioplanetasaudade.com.br\/#\/schema\/person\/1a6f6fc0d987819324e7ed417a1a6581"},"headline":"\u201cCh\u00e3o de Giz\u201d: o que Z\u00e9 Ramalho contou \u2014 e o que a hist\u00f3ria da can\u00e7\u00e3o ainda n\u00e3o revela","datePublished":"2026-08-31T12:41:10+00:00","dateModified":"2026-08-31T12:41:12+00:00","mainEntityOfPage":{"@id":"https:\/\/radioplanetasaudade.com.br\/index.php\/2026\/08\/31\/chao-de-giz-o-que-ze-ramalho-contou-e-o-que-a-historia-da-cancao-ainda-nao-revela\/"},"wordCount":3608,"commentCount":0,"publisher":{"@id":"https:\/\/radioplanetasaudade.com.br\/#organization"},"keywords":["1978","Anos 70","Anos 80","Anos 90","Baixe nosso App","Ch\u00e3o de Giz","Flashaback","Mpb","Ouvir","Ouvir r\u00e1dio","R\u00e1dio","R\u00e1dio Planeta Saudade","Z\u00e9 Ramalho"],"articleSection":["BAIXE NOSSO APLICATIVO"],"inLanguage":"pt-BR","potentialAction":[{"@type":"CommentAction","name":"Comment","target":["https:\/\/radioplanetasaudade.com.br\/index.php\/2026\/08\/31\/chao-de-giz-o-que-ze-ramalho-contou-e-o-que-a-historia-da-cancao-ainda-nao-revela\/#respond"]}]},{"@type":"WebPage","@id":"https:\/\/radioplanetasaudade.com.br\/index.php\/2026\/08\/31\/chao-de-giz-o-que-ze-ramalho-contou-e-o-que-a-historia-da-cancao-ainda-nao-revela\/","url":"https:\/\/radioplanetasaudade.com.br\/index.php\/2026\/08\/31\/chao-de-giz-o-que-ze-ramalho-contou-e-o-que-a-historia-da-cancao-ainda-nao-revela\/","name":"\u201cCh\u00e3o de Giz\u201d: o que Z\u00e9 Ramalho contou \u2014 e o que a hist\u00f3ria da can\u00e7\u00e3o ainda n\u00e3o revela - R\u00c1DIO PLANETA SAUDADE","isPartOf":{"@id":"https:\/\/radioplanetasaudade.com.br\/#website"},"datePublished":"2026-08-31T12:41:10+00:00","dateModified":"2026-08-31T12:41:12+00:00","breadcrumb":{"@id":"https:\/\/radioplanetasaudade.com.br\/index.php\/2026\/08\/31\/chao-de-giz-o-que-ze-ramalho-contou-e-o-que-a-historia-da-cancao-ainda-nao-revela\/#breadcrumb"},"inLanguage":"pt-BR","potentialAction":[{"@type":"ReadAction","target":["https:\/\/radioplanetasaudade.com.br\/index.php\/2026\/08\/31\/chao-de-giz-o-que-ze-ramalho-contou-e-o-que-a-historia-da-cancao-ainda-nao-revela\/"]}]},{"@type":"BreadcrumbList","@id":"https:\/\/radioplanetasaudade.com.br\/index.php\/2026\/08\/31\/chao-de-giz-o-que-ze-ramalho-contou-e-o-que-a-historia-da-cancao-ainda-nao-revela\/#breadcrumb","itemListElement":[{"@type":"ListItem","position":1,"name":"In\u00edcio","item":"https:\/\/radioplanetasaudade.com.br\/"},{"@type":"ListItem","position":2,"name":"\u201cCh\u00e3o de Giz\u201d: o que Z\u00e9 Ramalho contou \u2014 e o que a hist\u00f3ria da can\u00e7\u00e3o ainda n\u00e3o revela"}]},{"@type":"WebSite","@id":"https:\/\/radioplanetasaudade.com.br\/#website","url":"https:\/\/radioplanetasaudade.com.br\/","name":"R\u00e1dio Planeta Saudade","description":"Relembrando grandes sucessos musicais e informando sobre os maiores artistas do mundo ou\u00e7a no seu celular.","publisher":{"@id":"https:\/\/radioplanetasaudade.com.br\/#organization"},"potentialAction":[{"@type":"SearchAction","target":{"@type":"EntryPoint","urlTemplate":"https:\/\/radioplanetasaudade.com.br\/?s={search_term_string}"},"query-input":"required name=search_term_string"}],"inLanguage":"pt-BR"},{"@type":"Organization","@id":"https:\/\/radioplanetasaudade.com.br\/#organization","name":"R\u00e1dio Planeta Saudade","url":"https:\/\/radioplanetasaudade.com.br\/","logo":{"@type":"ImageObject","inLanguage":"pt-BR","@id":"https:\/\/radioplanetasaudade.com.br\/#\/schema\/logo\/image\/","url":"https:\/\/radioplanetasaudade.com.br\/wp-content\/uploads\/2023\/10\/capture-20230607-202153.png","contentUrl":"https:\/\/radioplanetasaudade.com.br\/wp-content\/uploads\/2023\/10\/capture-20230607-202153.png","width":1350,"height":358,"caption":"R\u00e1dio Planeta Saudade"},"image":{"@id":"https:\/\/radioplanetasaudade.com.br\/#\/schema\/logo\/image\/"}},{"@type":"Person","@id":"https:\/\/radioplanetasaudade.com.br\/#\/schema\/person\/1a6f6fc0d987819324e7ed417a1a6581","name":"Planeta Saudade","image":{"@type":"ImageObject","inLanguage":"pt-BR","@id":"https:\/\/radioplanetasaudade.com.br\/#\/schema\/person\/image\/","url":"https:\/\/secure.gravatar.com\/avatar\/f81afe153fb6e9e1d38e83d127599e125ba7a0bd5cdb1f795af3d9b0af8ddeb0?s=96&d=mm&r=g","contentUrl":"https:\/\/secure.gravatar.com\/avatar\/f81afe153fb6e9e1d38e83d127599e125ba7a0bd5cdb1f795af3d9b0af8ddeb0?s=96&d=mm&r=g","caption":"Planeta Saudade"},"sameAs":["https:\/\/radioplanetasaudade.com.br"],"url":"https:\/\/radioplanetasaudade.com.br\/index.php\/author\/wendelsantos4567\/"}]}},"_links":{"self":[{"href":"https:\/\/radioplanetasaudade.com.br\/index.php\/wp-json\/wp\/v2\/posts\/6287","targetHints":{"allow":["GET"]}}],"collection":[{"href":"https:\/\/radioplanetasaudade.com.br\/index.php\/wp-json\/wp\/v2\/posts"}],"about":[{"href":"https:\/\/radioplanetasaudade.com.br\/index.php\/wp-json\/wp\/v2\/types\/post"}],"author":[{"embeddable":true,"href":"https:\/\/radioplanetasaudade.com.br\/index.php\/wp-json\/wp\/v2\/users\/1"}],"replies":[{"embeddable":true,"href":"https:\/\/radioplanetasaudade.com.br\/index.php\/wp-json\/wp\/v2\/comments?post=6287"}],"version-history":[{"count":1,"href":"https:\/\/radioplanetasaudade.com.br\/index.php\/wp-json\/wp\/v2\/posts\/6287\/revisions"}],"predecessor-version":[{"id":6289,"href":"https:\/\/radioplanetasaudade.com.br\/index.php\/wp-json\/wp\/v2\/posts\/6287\/revisions\/6289"}],"wp:featuredmedia":[{"embeddable":true,"href":"https:\/\/radioplanetasaudade.com.br\/index.php\/wp-json\/wp\/v2\/media\/6288"}],"wp:attachment":[{"href":"https:\/\/radioplanetasaudade.com.br\/index.php\/wp-json\/wp\/v2\/media?parent=6287"}],"wp:term":[{"taxonomy":"category","embeddable":true,"href":"https:\/\/radioplanetasaudade.com.br\/index.php\/wp-json\/wp\/v2\/categories?post=6287"},{"taxonomy":"post_tag","embeddable":true,"href":"https:\/\/radioplanetasaudade.com.br\/index.php\/wp-json\/wp\/v2\/tags?post=6287"}],"curies":[{"name":"wp","href":"https:\/\/api.w.org\/{rel}","templated":true}]}}