{"id":6293,"date":"2026-09-01T09:23:04","date_gmt":"2026-09-01T12:23:04","guid":{"rendered":"https:\/\/radioplanetasaudade.com.br\/?p=6293"},"modified":"2026-09-01T09:23:07","modified_gmt":"2026-09-01T12:23:07","slug":"a-cor-do-som-e-menino-deus-a-placa-de-porto-alegre-que-caetano-veloso-transformou-em-poesia","status":"publish","type":"post","link":"https:\/\/radioplanetasaudade.com.br\/index.php\/2026\/09\/01\/a-cor-do-som-e-menino-deus-a-placa-de-porto-alegre-que-caetano-veloso-transformou-em-poesia\/","title":{"rendered":"A Cor do Som e \u201cMenino Deus\u201d: a placa de Porto Alegre que Caetano Veloso transformou em poesia"},"content":{"rendered":"\n<p class=\"wp-block-paragraph\"><strong>Uma viagem de t\u00e1xi, tr\u00eas nomes de bairros e uma ideia que nasceu por acaso deram origem a uma das can\u00e7\u00f5es mais delicadas da trajet\u00f3ria de A Cor do Som \u2014 e que d\u00e9cadas depois voltaria a ganhar um novo significado para o Rio Grande do Sul.<\/strong><\/p>\n\n\n\n<figure class=\"wp-block-image aligncenter size-large\"><img fetchpriority=\"high\" decoding=\"async\" width=\"1024\" height=\"1024\" src=\"https:\/\/radioplanetasaudade.com.br\/wp-content\/uploads\/2026\/09\/A-Cor-do-Som-1024x1024.jpeg\" alt=\"\" class=\"wp-image-6294\" srcset=\"https:\/\/radioplanetasaudade.com.br\/wp-content\/uploads\/2026\/09\/A-Cor-do-Som-1024x1024-1.jpeg 1024w, https:\/\/radioplanetasaudade.com.br\/wp-content\/uploads\/2026\/09\/A-Cor-do-Som-150x150.jpeg 150w, https:\/\/radioplanetasaudade.com.br\/wp-content\/uploads\/2026\/09\/A-Cor-do-Som-300x300.jpeg 300w, https:\/\/radioplanetasaudade.com.br\/wp-content\/uploads\/2026\/09\/A-Cor-do-Som-768x768.jpeg 768w, https:\/\/radioplanetasaudade.com.br\/wp-content\/uploads\/2026\/09\/A-Cor-do-Som.jpeg 1254w\" sizes=\"(max-width: 1024px) 100vw, 1024px\" \/><\/figure>\n\n\n\n<p class=\"wp-block-paragraph\"><strong>Por Reda\u00e7\u00e3o Planeta Saudade<\/strong><br><strong>Publicado em: 1\u00ba de setembro de 2026<\/strong><\/p>\n\n\n\n<p class=\"wp-block-paragraph\">Algumas m\u00fasicas nascem de grandes acontecimentos.<\/p>\n\n\n\n<p class=\"wp-block-paragraph\">Outras nascem de uma pequena cena que quase passaria despercebida.<\/p>\n\n\n\n<p class=\"wp-block-paragraph\">\u201cMenino Deus\u201d pertence \u00e0 segunda categoria.<\/p>\n\n\n\n<p class=\"wp-block-paragraph\">Em 1982, durante uma passagem por Porto Alegre, Caetano Veloso estava dentro de um t\u00e1xi quando uma placa de tr\u00e2nsito chamou sua aten\u00e7\u00e3o. Nela apareciam tr\u00eas nomes de bairros da capital ga\u00facha: <strong>Menino Deus, Tristeza e Ipanema<\/strong>.<\/p>\n\n\n\n<p class=\"wp-block-paragraph\">Para o compositor, aquela sequ\u00eancia tinha algo de poema.<\/p>\n\n\n\n<p class=\"wp-block-paragraph\">E foi justamente essa impress\u00e3o que colocou a can\u00e7\u00e3o em movimento.<\/p>\n\n\n\n<p class=\"wp-block-paragraph\">Caetano contou, em relato retrospectivo, que decidiu transformar a placa em m\u00fasica. Ao chegar ao hotel, por\u00e9m, os outros nomes n\u00e3o vieram.<\/p>\n\n\n\n<p class=\"wp-block-paragraph\">Ficou \u201cMenino Deus\u201d.<\/p>\n\n\n\n<p class=\"wp-block-paragraph\">E, daquele pequeno acaso, nasceu uma composi\u00e7\u00e3o que seria gravada inicialmente por A Cor do Som, atravessaria a televis\u00e3o brasileira, ganharia uma interpreta\u00e7\u00e3o do pr\u00f3prio Caetano e, d\u00e9cadas mais tarde, voltaria a emocionar o pa\u00eds em um momento especialmente doloroso para o povo ga\u00facho.<\/p>\n\n\n\n<h2 class=\"wp-block-heading\">Quando a cidade entregou a m\u00fasica<\/h2>\n\n\n\n<p class=\"wp-block-paragraph\">A hist\u00f3ria de \u201cMenino Deus\u201d come\u00e7a de uma maneira quase cinematogr\u00e1fica.<\/p>\n\n\n\n<p class=\"wp-block-paragraph\">Caetano n\u00e3o estava sentado diante de um instrumento procurando um t\u00edtulo.<\/p>\n\n\n\n<p class=\"wp-block-paragraph\">Ele estava passando por Porto Alegre.<\/p>\n\n\n\n<p class=\"wp-block-paragraph\">O t\u00e1xi parou em um sinal.<\/p>\n\n\n\n<p class=\"wp-block-paragraph\">E uma placa apareceu diante de seus olhos.<\/p>\n\n\n\n<p class=\"wp-block-paragraph\">\u201cMenino Deus \/ Tristeza \/ Ipanema.\u201d<\/p>\n\n\n\n<p class=\"wp-block-paragraph\">A combina\u00e7\u00e3o dos nomes produziu imediatamente uma impress\u00e3o po\u00e9tica.<\/p>\n\n\n\n<p class=\"wp-block-paragraph\">Em relato sobre a composi\u00e7\u00e3o, Caetano explicou que devia uma m\u00fasica a A Cor do Som e pensou em musicar aquela sequ\u00eancia porque ela parecia um poema pronto. Ao chegar ao hotel, entretanto, percebeu que o restante da placa n\u00e3o havia permanecido em sua imagina\u00e7\u00e3o.<\/p>\n\n\n\n<p class=\"wp-block-paragraph\">Mas n\u00e3o era mais necess\u00e1rio.<\/p>\n\n\n\n<p class=\"wp-block-paragraph\"><strong>\u201cMenino Deus\u201d j\u00e1 havia ficado.<\/strong><\/p>\n\n\n\n<p class=\"wp-block-paragraph\">A partir daquele nome, Caetano construiu uma can\u00e7\u00e3o inteira.<\/p>\n\n\n\n<p class=\"wp-block-paragraph\">O epis\u00f3dio revela algo precioso sobre o processo criativo: \u00e0s vezes, a inspira\u00e7\u00e3o n\u00e3o chega como uma hist\u00f3ria completa. Ela aparece como uma imagem, uma palavra, uma combina\u00e7\u00e3o sonora \u2014 e cabe ao compositor descobrir at\u00e9 onde aquela primeira fa\u00edsca pode lev\u00e1-lo.<\/p>\n\n\n\n<h2 class=\"wp-block-heading\">A m\u00fasica que encontrou A Cor do Som<\/h2>\n\n\n\n<p class=\"wp-block-paragraph\">A composi\u00e7\u00e3o foi registrada por A Cor do Som no \u00e1lbum <em>Magia Tropical<\/em>, lan\u00e7ado em 1982 pela WEA.<\/p>\n\n\n\n<p class=\"wp-block-paragraph\">No repert\u00f3rio do disco, \u201cMenino Deus\u201d aparece como a segunda faixa e \u00e9 creditada a Caetano Veloso. O IMMuB registra ainda que o \u00e1lbum marcou uma forma\u00e7\u00e3o espec\u00edfica da banda, com <strong>M\u00fa Carvalho, Gustavo Schroeter, Ari Dias, Dadi e Victor Biglione<\/strong>, que entrou no grupo em substitui\u00e7\u00e3o a Armandinho.<\/p>\n\n\n\n<p class=\"wp-block-paragraph\">Esse detalhe \u00e9 importante.<\/p>\n\n\n\n<p class=\"wp-block-paragraph\">\u201cMenino Deus\u201d n\u00e3o \u00e9 somente uma composi\u00e7\u00e3o de Caetano gravada por uma banda brasileira importante.<\/p>\n\n\n\n<p class=\"wp-block-paragraph\">Ela tamb\u00e9m pertence a um momento particular da trajet\u00f3ria de A Cor do Som.<\/p>\n\n\n\n<p class=\"wp-block-paragraph\">O grupo vinha desenvolvendo uma identidade que aproximava diferentes linguagens da m\u00fasica brasileira, e <em>Magia Tropical<\/em> registrou uma nova etapa dessa hist\u00f3ria.<\/p>\n\n\n\n<p class=\"wp-block-paragraph\">A m\u00fasica de Caetano encontrou ali uma interpreta\u00e7\u00e3o capaz de inseri-la no universo sonoro da banda sem apagar sua natureza po\u00e9tica.<\/p>\n\n\n\n<p class=\"wp-block-paragraph\">O pr\u00f3prio registro oficial disponibilizado pela A Cor do Som confirma a autoria de Caetano Veloso e associa o fonograma ao \u00e1lbum <em>Magia Tropical<\/em>, de 1982.<\/p>\n\n\n\n<h2 class=\"wp-block-heading\">Porto Alegre entrou na letra<\/h2>\n\n\n\n<p class=\"wp-block-paragraph\">A inspira\u00e7\u00e3o veio da geografia, mas a m\u00fasica n\u00e3o ficou presa a um mapa.<\/p>\n\n\n\n<p class=\"wp-block-paragraph\">Esse talvez seja um dos aspectos mais interessantes de \u201cMenino Deus\u201d.<\/p>\n\n\n\n<p class=\"wp-block-paragraph\">Caetano parte do nome de um bairro para criar uma paisagem muito mais ampla, na qual aparecem imagens de luz, cidade, corpo, desejo, futuro e transcend\u00eancia.<\/p>\n\n\n\n<p class=\"wp-block-paragraph\">Porto Alegre deixa de ser apenas o local onde a hist\u00f3ria aconteceu.<\/p>\n\n\n\n<p class=\"wp-block-paragraph\">Ela passa a fazer parte da atmosfera da composi\u00e7\u00e3o.<\/p>\n\n\n\n<p class=\"wp-block-paragraph\">O pr\u00f3prio t\u00edtulo j\u00e1 carrega essa transforma\u00e7\u00e3o: um nome geogr\u00e1fico se converte em personagem, imagem e sentimento.<\/p>\n\n\n\n<p class=\"wp-block-paragraph\">\u00c9 uma caracter\u00edstica que ajuda a explicar por que a can\u00e7\u00e3o consegue ultrapassar a experi\u00eancia de quem conhece \u2014 ou n\u00e3o conhece \u2014 o bairro Menino Deus.<\/p>\n\n\n\n<p class=\"wp-block-paragraph\">A m\u00fasica n\u00e3o exige que o ouvinte saiba exatamente onde fica aquele lugar.<\/p>\n\n\n\n<p class=\"wp-block-paragraph\">Basta ouvir o nome.<\/p>\n\n\n\n<p class=\"wp-block-paragraph\">A cidade j\u00e1 come\u00e7a a aparecer dentro da imagina\u00e7\u00e3o.<\/p>\n\n\n\n<h2 class=\"wp-block-heading\">A Cor do Som e o encontro com a televis\u00e3o<\/h2>\n\n\n\n<p class=\"wp-block-paragraph\">A hist\u00f3ria ganhou uma nova dimens\u00e3o quando \u201cMenino Deus\u201d entrou na trilha sonora nacional da novela <strong>Final Feliz<\/strong>, exibida pela TV Globo.<\/p>\n\n\n\n<p class=\"wp-block-paragraph\">A faixa foi inclu\u00edda como tema do personagem Rafael. Registros da trilha nacional da novela identificam \u201cMenino Deus\u201d na interpreta\u00e7\u00e3o de A Cor do Som e atribuem a composi\u00e7\u00e3o a Caetano Veloso.<\/p>\n\n\n\n<p class=\"wp-block-paragraph\">Esse cap\u00edtulo merece aten\u00e7\u00e3o porque a televis\u00e3o tinha uma capacidade extraordin\u00e1ria de transformar uma grava\u00e7\u00e3o em mem\u00f3ria coletiva.<\/p>\n\n\n\n<p class=\"wp-block-paragraph\">Nos anos 1980, uma m\u00fasica presente em uma novela n\u00e3o permanecia restrita ao \u00e1lbum em que havia sido lan\u00e7ada.<\/p>\n\n\n\n<p class=\"wp-block-paragraph\">Ela entrava nas casas.<\/p>\n\n\n\n<p class=\"wp-block-paragraph\">Acompanhava personagens.<\/p>\n\n\n\n<p class=\"wp-block-paragraph\">Fazia parte da rotina de quem assistia \u00e0 hist\u00f3ria.<\/p>\n\n\n\n<p class=\"wp-block-paragraph\">E, com isso, uma composi\u00e7\u00e3o que havia come\u00e7ado em uma placa de tr\u00e2nsito de Porto Alegre ganhou uma nova camada de mem\u00f3ria: passou tamb\u00e9m a pertencer ao universo afetivo da televis\u00e3o brasileira.<\/p>\n\n\n\n<h2 class=\"wp-block-heading\">A can\u00e7\u00e3o n\u00e3o ficou em 1982<\/h2>\n\n\n\n<p class=\"wp-block-paragraph\">Seria f\u00e1cil encerrar a hist\u00f3ria aqui.<\/p>\n\n\n\n<p class=\"wp-block-paragraph\">Mas \u201cMenino Deus\u201d continuou caminhando.<\/p>\n\n\n\n<p class=\"wp-block-paragraph\">Em 2001, Caetano Veloso finalmente registrou sua pr\u00f3pria interpreta\u00e7\u00e3o da composi\u00e7\u00e3o no \u00e1lbum ao vivo <em>Noites do Norte \u2013 Ao Vivo<\/em>. A m\u00fasica, portanto, passou a ter tamb\u00e9m a voz de seu pr\u00f3prio autor em um registro oficial.<\/p>\n\n\n\n<p class=\"wp-block-paragraph\">Quatro anos depois, outro encontro especial ampliaria essa trajet\u00f3ria.<\/p>\n\n\n\n<p class=\"wp-block-paragraph\">Em 2005, Caetano participou de uma apresenta\u00e7\u00e3o de A Cor do Som no Canec\u00e3o, no Rio de Janeiro, registrada no \u00e1lbum <em>A Cor do Som Ac\u00fastico<\/em>. \u201cMenino Deus\u201d voltou a aparecer naquele encontro entre compositor e banda.<\/p>\n\n\n\n<p class=\"wp-block-paragraph\">\u00c9 um daqueles detalhes que ajudam a perceber como determinadas m\u00fasicas desenvolvem uma vida pr\u00f3pria.<\/p>\n\n\n\n<p class=\"wp-block-paragraph\">Primeiro, pertencem ao compositor.<\/p>\n\n\n\n<p class=\"wp-block-paragraph\">Depois, ao int\u00e9rprete.<\/p>\n\n\n\n<p class=\"wp-block-paragraph\">Mais tarde, ao p\u00fablico.<\/p>\n\n\n\n<p class=\"wp-block-paragraph\">E, com o tempo, passam a pertencer \u00e0 mem\u00f3ria coletiva.<\/p>\n\n\n\n<h2 class=\"wp-block-heading\">2024: quando \u201cMenino Deus\u201d ganhou outro significado<\/h2>\n\n\n\n<p class=\"wp-block-paragraph\">A hist\u00f3ria ainda teria um cap\u00edtulo inesperado.<\/p>\n\n\n\n<p class=\"wp-block-paragraph\">Em 2024, ap\u00f3s as devastadoras enchentes que atingiram o Rio Grande do Sul, Caetano Veloso e Maria Beth\u00e2nia gravaram juntos \u201cMenino Deus\u201d como uma homenagem ao povo ga\u00facho.<\/p>\n\n\n\n<p class=\"wp-block-paragraph\">A escolha carregava um simbolismo especialmente forte.<\/p>\n\n\n\n<p class=\"wp-block-paragraph\">O t\u00edtulo da can\u00e7\u00e3o remete diretamente a um bairro de Porto Alegre \u2014 justamente uma cidade profundamente afetada pelas enchentes daquele ano.<\/p>\n\n\n\n<p class=\"wp-block-paragraph\">Uma composi\u00e7\u00e3o criada em 1982 a partir de uma placa de tr\u00e2nsito voltava, mais de quatro d\u00e9cadas depois, a olhar para a mesma cidade.<\/p>\n\n\n\n<p class=\"wp-block-paragraph\">S\u00f3 que agora a m\u00fasica carregava uma dimens\u00e3o diferente.<\/p>\n\n\n\n<p class=\"wp-block-paragraph\">J\u00e1 n\u00e3o era apenas a homenagem po\u00e9tica de um compositor baiano a um bairro ga\u00facho.<\/p>\n\n\n\n<p class=\"wp-block-paragraph\">Tornava-se tamb\u00e9m uma esp\u00e9cie de gesto de solidariedade.<\/p>\n\n\n\n<p class=\"wp-block-paragraph\">Uma can\u00e7\u00e3o antiga encontrava uma circunst\u00e2ncia nova.<\/p>\n\n\n\n<p class=\"wp-block-paragraph\">E sua hist\u00f3ria ganhava outro significado.<\/p>\n\n\n\n<h2 class=\"wp-block-heading\">De um bairro para muitas gera\u00e7\u00f5es<\/h2>\n\n\n\n<p class=\"wp-block-paragraph\">\u00c9 curioso pensar no caminho percorrido por \u201cMenino Deus\u201d.<\/p>\n\n\n\n<p class=\"wp-block-paragraph\">Tudo come\u00e7ou com uma placa.<\/p>\n\n\n\n<p class=\"wp-block-paragraph\">Depois veio a composi\u00e7\u00e3o.<\/p>\n\n\n\n<p class=\"wp-block-paragraph\">Em seguida, a grava\u00e7\u00e3o de A Cor do Som.<\/p>\n\n\n\n<p class=\"wp-block-paragraph\">Depois, a televis\u00e3o.<\/p>\n\n\n\n<p class=\"wp-block-paragraph\">Mais tarde, a interpreta\u00e7\u00e3o do pr\u00f3prio Caetano.<\/p>\n\n\n\n<p class=\"wp-block-paragraph\">E, d\u00e9cadas depois, uma nova grava\u00e7\u00e3o em um momento de como\u00e7\u00e3o nacional.<\/p>\n\n\n\n<p class=\"wp-block-paragraph\">A m\u00fasica foi mudando de contexto sem perder sua ess\u00eancia.<\/p>\n\n\n\n<p class=\"wp-block-paragraph\">Esse talvez seja o verdadeiro sinal de longevidade de uma can\u00e7\u00e3o.<\/p>\n\n\n\n<p class=\"wp-block-paragraph\">Ela n\u00e3o precisa permanecer exatamente igual para continuar sendo reconhecida.<\/p>\n\n\n\n<p class=\"wp-block-paragraph\">Pode ganhar novas vozes, novos p\u00fablicos e novos significados.<\/p>\n\n\n\n<p class=\"wp-block-paragraph\">O que permanece \u00e9 aquilo que estava no centro desde o come\u00e7o: a capacidade de transformar uma imagem simples em emo\u00e7\u00e3o.<\/p>\n\n\n\n<h2 class=\"wp-block-heading\">O que existe por tr\u00e1s daquele nome?<\/h2>\n\n\n\n<p class=\"wp-block-paragraph\">\u201cMenino Deus\u201d tamb\u00e9m revela uma das caracter\u00edsticas mais fascinantes da m\u00fasica brasileira: a capacidade de transformar lugares em mem\u00f3ria.<\/p>\n\n\n\n<p class=\"wp-block-paragraph\">Porto Alegre aparece na can\u00e7\u00e3o n\u00e3o como uma descri\u00e7\u00e3o tur\u00edstica, mas como uma paisagem emocional.<\/p>\n\n\n\n<p class=\"wp-block-paragraph\">O bairro fornece o nome.<\/p>\n\n\n\n<p class=\"wp-block-paragraph\">A cidade fornece o ambiente.<\/p>\n\n\n\n<p class=\"wp-block-paragraph\">E a imagina\u00e7\u00e3o do compositor transforma tudo isso em m\u00fasica.<\/p>\n\n\n\n<p class=\"wp-block-paragraph\">Por isso, mesmo quem nunca passou por aquela placa pode entrar na hist\u00f3ria.<\/p>\n\n\n\n<p class=\"wp-block-paragraph\">Porque, no fim, a can\u00e7\u00e3o n\u00e3o \u00e9 apenas sobre um endere\u00e7o.<\/p>\n\n\n\n<p class=\"wp-block-paragraph\">\u00c9 sobre aquilo que acontece quando um lugar desperta alguma coisa dentro de quem o observa.<\/p>\n\n\n\n<h2 class=\"wp-block-heading\">\ud83c\udfb5 Voc\u00ea Sabia?<\/h2>\n\n\n\n<p class=\"wp-block-paragraph\">A grava\u00e7\u00e3o de A Cor do Som n\u00e3o foi apenas a primeira vers\u00e3o da m\u00fasica: \u201cMenino Deus\u201d reapareceu em diferentes momentos da trajet\u00f3ria de seus int\u00e9rpretes. Caetano a registrou em <em>Noites do Norte \u2013 Ao Vivo<\/em>, em 2001, e voltou a se encontrar com A Cor do Som na vers\u00e3o ac\u00fastica de 2005. Em 2024, a can\u00e7\u00e3o ganhou ainda uma nova grava\u00e7\u00e3o de Caetano Veloso e Maria Beth\u00e2nia.<\/p>\n\n\n\n<h2 class=\"wp-block-heading\">\ud83d\udcda Continue explorando a hist\u00f3ria da m\u00fasica<\/h2>\n\n\n\n<p class=\"wp-block-paragraph\">A hist\u00f3ria de \u201cMenino Deus\u201d mostra como uma can\u00e7\u00e3o pode nascer de uma cena aparentemente banal e, d\u00e9cadas depois, assumir novos significados.<\/p>\n\n\n\n<p class=\"wp-block-paragraph\">\u00c9 exatamente esse tipo de mem\u00f3ria que o <strong>Portal Planeta Saudade<\/strong> procura preservar: hist\u00f3rias que existem por tr\u00e1s das m\u00fasicas que atravessaram nossas vidas.<\/p>\n\n\n\n<p class=\"wp-block-paragraph\">Porque, quando conhecemos o caminho percorrido por uma can\u00e7\u00e3o, nossa pr\u00f3xima audi\u00e7\u00e3o nunca \u00e9 exatamente igual \u00e0 primeira.<\/p>\n\n\n\n<h2 class=\"wp-block-heading\">\ud83c\udfa7 Ou\u00e7a a trilha sonora desta hist\u00f3ria<\/h2>\n\n\n\n<p class=\"wp-block-paragraph\">Agora voc\u00ea j\u00e1 conhece o caminho.<\/p>\n\n\n\n<p class=\"wp-block-paragraph\">Uma placa.<\/p>\n\n\n\n<p class=\"wp-block-paragraph\">Tr\u00eas nomes.<\/p>\n\n\n\n<p class=\"wp-block-paragraph\">Uma inspira\u00e7\u00e3o.<\/p>\n\n\n\n<p class=\"wp-block-paragraph\">A Cor do Som.<\/p>\n\n\n\n<p class=\"wp-block-paragraph\">Caetano Veloso.<\/p>\n\n\n\n<p class=\"wp-block-paragraph\">Porto Alegre.<\/p>\n\n\n\n<p class=\"wp-block-paragraph\">E uma can\u00e7\u00e3o que atravessou mais de quatro d\u00e9cadas.<\/p>\n\n\n\n<p class=\"wp-block-paragraph\"><strong>\u201cMenino Deus\u201d, na grava\u00e7\u00e3o de A Cor do Som, est\u00e1 confirmada na programa\u00e7\u00e3o da R\u00e1dio Planeta Saudade.<\/strong><\/p>\n\n\n\n<p class=\"wp-block-paragraph\">Depois de conhecer essa hist\u00f3ria, vale reencontrar a m\u00fasica com outros ouvidos.<\/p>\n\n\n\n<p class=\"wp-block-paragraph\">Talvez, quando os primeiros acordes come\u00e7arem, voc\u00ea consiga imaginar aquela viagem de t\u00e1xi por Porto Alegre.<\/p>\n\n\n\n<p class=\"wp-block-paragraph\">E talvez perceba que algumas das melhores hist\u00f3rias da m\u00fasica brasileira come\u00e7am justamente onde ningu\u00e9m estava procurando uma hist\u00f3ria.<\/p>\n\n\n\n<h3 class=\"wp-block-heading\">\ud83d\udcfb Onde ouvir a R\u00e1dio Planeta Saudade<\/h3>\n\n\n\n<p class=\"wp-block-paragraph\">\ud83c\udf10 <strong>Site oficial:<\/strong> radioplanetasaudade.com.br<br>\ud83d\udcf1 <strong>Aplicativo oficial:<\/strong> Android e iPhone<br>\ud83d\udcbb <strong>Web App:<\/strong> Android, iOS e computadores<br>\ud83d\udde3\ufe0f <strong>Alexa:<\/strong> \u201cAlexa, tocar R\u00e1dio Planeta Saudade\u201d<br>\ud83d\ude97 <strong>Android Auto e Apple CarPlay:<\/strong> R\u00e1dio Planeta Saudade no carro<br>\ud83d\udcfb <strong>R\u00e1dios Net<\/strong><br>\ud83c\udfa7 <strong>CX R\u00e1dio<\/strong><\/p>\n\n\n\n<p class=\"wp-block-paragraph\"><strong>A m\u00fasica est\u00e1 na programa\u00e7\u00e3o. Agora voc\u00ea j\u00e1 conhece a hist\u00f3ria.<\/strong><\/p>\n\n\n\n<h2 class=\"wp-block-heading\">\ud83c\udf10 Sobre o Portal Planeta Saudade<\/h2>\n\n\n\n<p class=\"wp-block-paragraph\">O Portal Planeta Saudade existe para preservar a mem\u00f3ria da m\u00fasica com pesquisa, contexto, responsabilidade e emo\u00e7\u00e3o.<\/p>\n\n\n\n<p class=\"wp-block-paragraph\">Mais do que lembrar que uma m\u00fasica foi importante, o Portal procura explicar por que ela foi importante, quem participou de sua trajet\u00f3ria e quais hist\u00f3rias merecem continuar vivas.<\/p>\n\n\n\n<p class=\"wp-block-paragraph\">Porque uma can\u00e7\u00e3o pode ser muito mais do que uma grava\u00e7\u00e3o.<\/p>\n\n\n\n<p class=\"wp-block-paragraph\">Pode ser uma cidade.<\/p>\n\n\n\n<p class=\"wp-block-paragraph\">Uma \u00e9poca.<\/p>\n\n\n\n<p class=\"wp-block-paragraph\">Uma lembran\u00e7a.<\/p>\n\n\n\n<p class=\"wp-block-paragraph\">Uma pessoa.<\/p>\n\n\n\n<p class=\"wp-block-paragraph\">Ou at\u00e9 mesmo uma placa vista pela janela de um t\u00e1xi.<\/p>\n\n\n\n<p class=\"wp-block-paragraph\"><strong>Preservando a mem\u00f3ria da m\u00fasica, uma hist\u00f3ria de cada vez.<\/strong><\/p>\n","protected":false},"excerpt":{"rendered":"<p>Uma viagem de t\u00e1xi, tr\u00eas nomes de bairros e uma ideia que nasceu por acaso&#8230;<\/p>\n","protected":false},"author":1,"featured_media":6294,"comment_status":"open","ping_status":"open","sticky":false,"template":"","format":"standard","meta":{"footnotes":""},"categories":[92],"tags":[2680,2038,119,118,120,121,763,117,2681,561,562,781,116,99],"class_list":["post-6293","post","type-post","status-publish","format-standard","has-post-thumbnail","hentry","category-baixe-nosso-aplicativo","tag-a-cor-do-som","tag-ano-1982","tag-anos-70","tag-anos-80","tag-anos-90","tag-baixe-nosso-app","tag-caetano-veloso","tag-flashaback","tag-menino-deus","tag-ouvir","tag-ouvir-radio","tag-porto-alegre","tag-radio","tag-radio-planeta-saudade"],"yoast_head":"<!-- This site is optimized with the Yoast SEO plugin v28.4 - https:\/\/yoast.com\/product\/yoast-seo-wordpress\/ -->\n<title>A Cor do Som e \u201cMenino Deus\u201d: a placa de Porto Alegre que Caetano Veloso transformou em poesia - R\u00c1DIO PLANETA SAUDADE<\/title>\n<meta name=\"robots\" content=\"index, follow, max-snippet:-1, max-image-preview:large, max-video-preview:-1\" \/>\n<link rel=\"canonical\" href=\"https:\/\/radioplanetasaudade.com.br\/index.php\/2026\/09\/01\/a-cor-do-som-e-menino-deus-a-placa-de-porto-alegre-que-caetano-veloso-transformou-em-poesia\/\" \/>\n<meta property=\"og:locale\" content=\"pt_BR\" \/>\n<meta property=\"og:type\" content=\"article\" \/>\n<meta property=\"og:title\" content=\"A Cor do Som e \u201cMenino Deus\u201d: a placa de Porto Alegre que Caetano Veloso transformou em poesia - R\u00c1DIO PLANETA SAUDADE\" \/>\n<meta property=\"og:description\" content=\"Uma viagem de t\u00e1xi, tr\u00eas nomes de bairros e uma ideia que nasceu por acaso...\" \/>\n<meta property=\"og:url\" content=\"https:\/\/radioplanetasaudade.com.br\/index.php\/2026\/09\/01\/a-cor-do-som-e-menino-deus-a-placa-de-porto-alegre-que-caetano-veloso-transformou-em-poesia\/\" \/>\n<meta property=\"og:site_name\" content=\"R\u00c1DIO PLANETA SAUDADE\" \/>\n<meta property=\"article:published_time\" content=\"2026-09-01T12:23:04+00:00\" \/>\n<meta property=\"article:modified_time\" content=\"2026-09-01T12:23:07+00:00\" \/>\n<meta property=\"og:image\" content=\"https:\/\/radioplanetasaudade.com.br\/wp-content\/uploads\/2026\/09\/A-Cor-do-Som.jpeg\" \/>\n\t<meta property=\"og:image:width\" content=\"1254\" \/>\n\t<meta property=\"og:image:height\" content=\"1254\" \/>\n\t<meta property=\"og:image:type\" content=\"image\/jpeg\" \/>\n<meta name=\"author\" content=\"Planeta Saudade\" \/>\n<meta name=\"twitter:card\" content=\"summary_large_image\" \/>\n<meta name=\"twitter:label1\" content=\"Escrito por\" \/>\n\t<meta name=\"twitter:data1\" content=\"Planeta Saudade\" \/>\n\t<meta name=\"twitter:label2\" content=\"Est. tempo de leitura\" \/>\n\t<meta name=\"twitter:data2\" content=\"10 minutos\" \/>\n<script type=\"application\/ld+json\" class=\"yoast-schema-graph\">{\"@context\":\"https:\\\/\\\/schema.org\",\"@graph\":[{\"@type\":\"Article\",\"@id\":\"https:\\\/\\\/radioplanetasaudade.com.br\\\/index.php\\\/2026\\\/09\\\/01\\\/a-cor-do-som-e-menino-deus-a-placa-de-porto-alegre-que-caetano-veloso-transformou-em-poesia\\\/#article\",\"isPartOf\":{\"@id\":\"https:\\\/\\\/radioplanetasaudade.com.br\\\/index.php\\\/2026\\\/09\\\/01\\\/a-cor-do-som-e-menino-deus-a-placa-de-porto-alegre-que-caetano-veloso-transformou-em-poesia\\\/\"},\"author\":{\"name\":\"Planeta Saudade\",\"@id\":\"https:\\\/\\\/radioplanetasaudade.com.br\\\/#\\\/schema\\\/person\\\/1a6f6fc0d987819324e7ed417a1a6581\"},\"headline\":\"A Cor do Som e \u201cMenino Deus\u201d: a placa de Porto Alegre que Caetano Veloso transformou em poesia\",\"datePublished\":\"2026-09-01T12:23:04+00:00\",\"dateModified\":\"2026-09-01T12:23:07+00:00\",\"mainEntityOfPage\":{\"@id\":\"https:\\\/\\\/radioplanetasaudade.com.br\\\/index.php\\\/2026\\\/09\\\/01\\\/a-cor-do-som-e-menino-deus-a-placa-de-porto-alegre-que-caetano-veloso-transformou-em-poesia\\\/\"},\"wordCount\":1945,\"commentCount\":0,\"publisher\":{\"@id\":\"https:\\\/\\\/radioplanetasaudade.com.br\\\/#organization\"},\"image\":{\"@id\":\"https:\\\/\\\/radioplanetasaudade.com.br\\\/index.php\\\/2026\\\/09\\\/01\\\/a-cor-do-som-e-menino-deus-a-placa-de-porto-alegre-que-caetano-veloso-transformou-em-poesia\\\/#primaryimage\"},\"thumbnailUrl\":\"https:\\\/\\\/radioplanetasaudade.com.br\\\/wp-content\\\/uploads\\\/2026\\\/09\\\/A-Cor-do-Som.jpeg\",\"keywords\":[\"A Cor do Som\",\"Ano 1982\",\"Anos 70\",\"Anos 80\",\"Anos 90\",\"Baixe nosso App\",\"Caetano Veloso\",\"Flashaback\",\"Menino Deus\",\"Ouvir\",\"Ouvir r\u00e1dio\",\"Porto Alegre\",\"R\u00e1dio\",\"R\u00e1dio Planeta Saudade\"],\"articleSection\":[\"BAIXE NOSSO APLICATIVO\"],\"inLanguage\":\"pt-BR\",\"potentialAction\":[{\"@type\":\"CommentAction\",\"name\":\"Comment\",\"target\":[\"https:\\\/\\\/radioplanetasaudade.com.br\\\/index.php\\\/2026\\\/09\\\/01\\\/a-cor-do-som-e-menino-deus-a-placa-de-porto-alegre-que-caetano-veloso-transformou-em-poesia\\\/#respond\"]}]},{\"@type\":\"WebPage\",\"@id\":\"https:\\\/\\\/radioplanetasaudade.com.br\\\/index.php\\\/2026\\\/09\\\/01\\\/a-cor-do-som-e-menino-deus-a-placa-de-porto-alegre-que-caetano-veloso-transformou-em-poesia\\\/\",\"url\":\"https:\\\/\\\/radioplanetasaudade.com.br\\\/index.php\\\/2026\\\/09\\\/01\\\/a-cor-do-som-e-menino-deus-a-placa-de-porto-alegre-que-caetano-veloso-transformou-em-poesia\\\/\",\"name\":\"A Cor do Som e \u201cMenino Deus\u201d: a placa de Porto Alegre que Caetano Veloso transformou em poesia - R\u00c1DIO PLANETA SAUDADE\",\"isPartOf\":{\"@id\":\"https:\\\/\\\/radioplanetasaudade.com.br\\\/#website\"},\"primaryImageOfPage\":{\"@id\":\"https:\\\/\\\/radioplanetasaudade.com.br\\\/index.php\\\/2026\\\/09\\\/01\\\/a-cor-do-som-e-menino-deus-a-placa-de-porto-alegre-que-caetano-veloso-transformou-em-poesia\\\/#primaryimage\"},\"image\":{\"@id\":\"https:\\\/\\\/radioplanetasaudade.com.br\\\/index.php\\\/2026\\\/09\\\/01\\\/a-cor-do-som-e-menino-deus-a-placa-de-porto-alegre-que-caetano-veloso-transformou-em-poesia\\\/#primaryimage\"},\"thumbnailUrl\":\"https:\\\/\\\/radioplanetasaudade.com.br\\\/wp-content\\\/uploads\\\/2026\\\/09\\\/A-Cor-do-Som.jpeg\",\"datePublished\":\"2026-09-01T12:23:04+00:00\",\"dateModified\":\"2026-09-01T12:23:07+00:00\",\"breadcrumb\":{\"@id\":\"https:\\\/\\\/radioplanetasaudade.com.br\\\/index.php\\\/2026\\\/09\\\/01\\\/a-cor-do-som-e-menino-deus-a-placa-de-porto-alegre-que-caetano-veloso-transformou-em-poesia\\\/#breadcrumb\"},\"inLanguage\":\"pt-BR\",\"potentialAction\":[{\"@type\":\"ReadAction\",\"target\":[\"https:\\\/\\\/radioplanetasaudade.com.br\\\/index.php\\\/2026\\\/09\\\/01\\\/a-cor-do-som-e-menino-deus-a-placa-de-porto-alegre-que-caetano-veloso-transformou-em-poesia\\\/\"]}]},{\"@type\":\"ImageObject\",\"inLanguage\":\"pt-BR\",\"@id\":\"https:\\\/\\\/radioplanetasaudade.com.br\\\/index.php\\\/2026\\\/09\\\/01\\\/a-cor-do-som-e-menino-deus-a-placa-de-porto-alegre-que-caetano-veloso-transformou-em-poesia\\\/#primaryimage\",\"url\":\"https:\\\/\\\/radioplanetasaudade.com.br\\\/wp-content\\\/uploads\\\/2026\\\/09\\\/A-Cor-do-Som.jpeg\",\"contentUrl\":\"https:\\\/\\\/radioplanetasaudade.com.br\\\/wp-content\\\/uploads\\\/2026\\\/09\\\/A-Cor-do-Som.jpeg\",\"width\":1254,\"height\":1254},{\"@type\":\"BreadcrumbList\",\"@id\":\"https:\\\/\\\/radioplanetasaudade.com.br\\\/index.php\\\/2026\\\/09\\\/01\\\/a-cor-do-som-e-menino-deus-a-placa-de-porto-alegre-que-caetano-veloso-transformou-em-poesia\\\/#breadcrumb\",\"itemListElement\":[{\"@type\":\"ListItem\",\"position\":1,\"name\":\"In\u00edcio\",\"item\":\"https:\\\/\\\/radioplanetasaudade.com.br\\\/\"},{\"@type\":\"ListItem\",\"position\":2,\"name\":\"A Cor do Som e \u201cMenino Deus\u201d: a placa de Porto Alegre que Caetano Veloso transformou em poesia\"}]},{\"@type\":\"WebSite\",\"@id\":\"https:\\\/\\\/radioplanetasaudade.com.br\\\/#website\",\"url\":\"https:\\\/\\\/radioplanetasaudade.com.br\\\/\",\"name\":\"R\u00e1dio Planeta Saudade\",\"description\":\"Relembrando grandes sucessos musicais e informando sobre os maiores artistas do mundo ou\u00e7a no seu celular.\",\"publisher\":{\"@id\":\"https:\\\/\\\/radioplanetasaudade.com.br\\\/#organization\"},\"potentialAction\":[{\"@type\":\"SearchAction\",\"target\":{\"@type\":\"EntryPoint\",\"urlTemplate\":\"https:\\\/\\\/radioplanetasaudade.com.br\\\/?s={search_term_string}\"},\"query-input\":{\"@type\":\"PropertyValueSpecification\",\"valueRequired\":true,\"valueName\":\"search_term_string\"}}],\"inLanguage\":\"pt-BR\"},{\"@type\":\"Organization\",\"@id\":\"https:\\\/\\\/radioplanetasaudade.com.br\\\/#organization\",\"name\":\"R\u00e1dio Planeta Saudade\",\"url\":\"https:\\\/\\\/radioplanetasaudade.com.br\\\/\",\"logo\":{\"@type\":\"ImageObject\",\"inLanguage\":\"pt-BR\",\"@id\":\"https:\\\/\\\/radioplanetasaudade.com.br\\\/#\\\/schema\\\/logo\\\/image\\\/\",\"url\":\"https:\\\/\\\/radioplanetasaudade.com.br\\\/wp-content\\\/uploads\\\/2023\\\/10\\\/capture-20230607-202153.png\",\"contentUrl\":\"https:\\\/\\\/radioplanetasaudade.com.br\\\/wp-content\\\/uploads\\\/2023\\\/10\\\/capture-20230607-202153.png\",\"width\":1350,\"height\":358,\"caption\":\"R\u00e1dio Planeta Saudade\"},\"image\":{\"@id\":\"https:\\\/\\\/radioplanetasaudade.com.br\\\/#\\\/schema\\\/logo\\\/image\\\/\"}},{\"@type\":\"Person\",\"@id\":\"https:\\\/\\\/radioplanetasaudade.com.br\\\/#\\\/schema\\\/person\\\/1a6f6fc0d987819324e7ed417a1a6581\",\"name\":\"Planeta Saudade\",\"image\":{\"@type\":\"ImageObject\",\"inLanguage\":\"pt-BR\",\"@id\":\"https:\\\/\\\/secure.gravatar.com\\\/avatar\\\/f81afe153fb6e9e1d38e83d127599e125ba7a0bd5cdb1f795af3d9b0af8ddeb0?s=96&d=mm&r=g\",\"url\":\"https:\\\/\\\/secure.gravatar.com\\\/avatar\\\/f81afe153fb6e9e1d38e83d127599e125ba7a0bd5cdb1f795af3d9b0af8ddeb0?s=96&d=mm&r=g\",\"contentUrl\":\"https:\\\/\\\/secure.gravatar.com\\\/avatar\\\/f81afe153fb6e9e1d38e83d127599e125ba7a0bd5cdb1f795af3d9b0af8ddeb0?s=96&d=mm&r=g\",\"caption\":\"Planeta Saudade\"},\"sameAs\":[\"https:\\\/\\\/radioplanetasaudade.com.br\"],\"url\":\"https:\\\/\\\/radioplanetasaudade.com.br\\\/index.php\\\/author\\\/wendelsantos4567\\\/\"}]}<\/script>\n<!-- \/ Yoast SEO plugin. -->","yoast_head_json":{"title":"A Cor do Som e \u201cMenino Deus\u201d: a placa de Porto Alegre que Caetano Veloso transformou em poesia - R\u00c1DIO PLANETA SAUDADE","robots":{"index":"index","follow":"follow","max-snippet":"max-snippet:-1","max-image-preview":"max-image-preview:large","max-video-preview":"max-video-preview:-1"},"canonical":"https:\/\/radioplanetasaudade.com.br\/index.php\/2026\/09\/01\/a-cor-do-som-e-menino-deus-a-placa-de-porto-alegre-que-caetano-veloso-transformou-em-poesia\/","og_locale":"pt_BR","og_type":"article","og_title":"A Cor do Som e \u201cMenino Deus\u201d: a placa de Porto Alegre que Caetano Veloso transformou em poesia - R\u00c1DIO PLANETA SAUDADE","og_description":"Uma viagem de t\u00e1xi, tr\u00eas nomes de bairros e uma ideia que nasceu por acaso...","og_url":"https:\/\/radioplanetasaudade.com.br\/index.php\/2026\/09\/01\/a-cor-do-som-e-menino-deus-a-placa-de-porto-alegre-que-caetano-veloso-transformou-em-poesia\/","og_site_name":"R\u00c1DIO PLANETA SAUDADE","article_published_time":"2026-09-01T12:23:04+00:00","article_modified_time":"2026-09-01T12:23:07+00:00","og_image":[{"width":1254,"height":1254,"url":"https:\/\/radioplanetasaudade.com.br\/wp-content\/uploads\/2026\/09\/A-Cor-do-Som.jpeg","type":"image\/jpeg"}],"author":"Planeta Saudade","twitter_card":"summary_large_image","twitter_misc":{"Escrito por":"Planeta Saudade","Est. tempo de leitura":"10 minutos"},"schema":{"@context":"https:\/\/schema.org","@graph":[{"@type":"Article","@id":"https:\/\/radioplanetasaudade.com.br\/index.php\/2026\/09\/01\/a-cor-do-som-e-menino-deus-a-placa-de-porto-alegre-que-caetano-veloso-transformou-em-poesia\/#article","isPartOf":{"@id":"https:\/\/radioplanetasaudade.com.br\/index.php\/2026\/09\/01\/a-cor-do-som-e-menino-deus-a-placa-de-porto-alegre-que-caetano-veloso-transformou-em-poesia\/"},"author":{"name":"Planeta Saudade","@id":"https:\/\/radioplanetasaudade.com.br\/#\/schema\/person\/1a6f6fc0d987819324e7ed417a1a6581"},"headline":"A Cor do Som e \u201cMenino Deus\u201d: a placa de Porto Alegre que Caetano Veloso transformou em poesia","datePublished":"2026-09-01T12:23:04+00:00","dateModified":"2026-09-01T12:23:07+00:00","mainEntityOfPage":{"@id":"https:\/\/radioplanetasaudade.com.br\/index.php\/2026\/09\/01\/a-cor-do-som-e-menino-deus-a-placa-de-porto-alegre-que-caetano-veloso-transformou-em-poesia\/"},"wordCount":1945,"commentCount":0,"publisher":{"@id":"https:\/\/radioplanetasaudade.com.br\/#organization"},"image":{"@id":"https:\/\/radioplanetasaudade.com.br\/index.php\/2026\/09\/01\/a-cor-do-som-e-menino-deus-a-placa-de-porto-alegre-que-caetano-veloso-transformou-em-poesia\/#primaryimage"},"thumbnailUrl":"https:\/\/radioplanetasaudade.com.br\/wp-content\/uploads\/2026\/09\/A-Cor-do-Som.jpeg","keywords":["A Cor do Som","Ano 1982","Anos 70","Anos 80","Anos 90","Baixe nosso App","Caetano Veloso","Flashaback","Menino Deus","Ouvir","Ouvir r\u00e1dio","Porto Alegre","R\u00e1dio","R\u00e1dio Planeta Saudade"],"articleSection":["BAIXE NOSSO APLICATIVO"],"inLanguage":"pt-BR","potentialAction":[{"@type":"CommentAction","name":"Comment","target":["https:\/\/radioplanetasaudade.com.br\/index.php\/2026\/09\/01\/a-cor-do-som-e-menino-deus-a-placa-de-porto-alegre-que-caetano-veloso-transformou-em-poesia\/#respond"]}]},{"@type":"WebPage","@id":"https:\/\/radioplanetasaudade.com.br\/index.php\/2026\/09\/01\/a-cor-do-som-e-menino-deus-a-placa-de-porto-alegre-que-caetano-veloso-transformou-em-poesia\/","url":"https:\/\/radioplanetasaudade.com.br\/index.php\/2026\/09\/01\/a-cor-do-som-e-menino-deus-a-placa-de-porto-alegre-que-caetano-veloso-transformou-em-poesia\/","name":"A Cor do Som e \u201cMenino Deus\u201d: a placa de Porto Alegre que Caetano Veloso transformou em poesia - R\u00c1DIO PLANETA SAUDADE","isPartOf":{"@id":"https:\/\/radioplanetasaudade.com.br\/#website"},"primaryImageOfPage":{"@id":"https:\/\/radioplanetasaudade.com.br\/index.php\/2026\/09\/01\/a-cor-do-som-e-menino-deus-a-placa-de-porto-alegre-que-caetano-veloso-transformou-em-poesia\/#primaryimage"},"image":{"@id":"https:\/\/radioplanetasaudade.com.br\/index.php\/2026\/09\/01\/a-cor-do-som-e-menino-deus-a-placa-de-porto-alegre-que-caetano-veloso-transformou-em-poesia\/#primaryimage"},"thumbnailUrl":"https:\/\/radioplanetasaudade.com.br\/wp-content\/uploads\/2026\/09\/A-Cor-do-Som.jpeg","datePublished":"2026-09-01T12:23:04+00:00","dateModified":"2026-09-01T12:23:07+00:00","breadcrumb":{"@id":"https:\/\/radioplanetasaudade.com.br\/index.php\/2026\/09\/01\/a-cor-do-som-e-menino-deus-a-placa-de-porto-alegre-que-caetano-veloso-transformou-em-poesia\/#breadcrumb"},"inLanguage":"pt-BR","potentialAction":[{"@type":"ReadAction","target":["https:\/\/radioplanetasaudade.com.br\/index.php\/2026\/09\/01\/a-cor-do-som-e-menino-deus-a-placa-de-porto-alegre-que-caetano-veloso-transformou-em-poesia\/"]}]},{"@type":"ImageObject","inLanguage":"pt-BR","@id":"https:\/\/radioplanetasaudade.com.br\/index.php\/2026\/09\/01\/a-cor-do-som-e-menino-deus-a-placa-de-porto-alegre-que-caetano-veloso-transformou-em-poesia\/#primaryimage","url":"https:\/\/radioplanetasaudade.com.br\/wp-content\/uploads\/2026\/09\/A-Cor-do-Som.jpeg","contentUrl":"https:\/\/radioplanetasaudade.com.br\/wp-content\/uploads\/2026\/09\/A-Cor-do-Som.jpeg","width":1254,"height":1254},{"@type":"BreadcrumbList","@id":"https:\/\/radioplanetasaudade.com.br\/index.php\/2026\/09\/01\/a-cor-do-som-e-menino-deus-a-placa-de-porto-alegre-que-caetano-veloso-transformou-em-poesia\/#breadcrumb","itemListElement":[{"@type":"ListItem","position":1,"name":"In\u00edcio","item":"https:\/\/radioplanetasaudade.com.br\/"},{"@type":"ListItem","position":2,"name":"A Cor do Som e \u201cMenino Deus\u201d: a placa de Porto Alegre que Caetano Veloso transformou em poesia"}]},{"@type":"WebSite","@id":"https:\/\/radioplanetasaudade.com.br\/#website","url":"https:\/\/radioplanetasaudade.com.br\/","name":"R\u00e1dio Planeta Saudade","description":"Relembrando grandes sucessos musicais e informando sobre os maiores artistas do mundo ou\u00e7a no seu celular.","publisher":{"@id":"https:\/\/radioplanetasaudade.com.br\/#organization"},"potentialAction":[{"@type":"SearchAction","target":{"@type":"EntryPoint","urlTemplate":"https:\/\/radioplanetasaudade.com.br\/?s={search_term_string}"},"query-input":{"@type":"PropertyValueSpecification","valueRequired":true,"valueName":"search_term_string"}}],"inLanguage":"pt-BR"},{"@type":"Organization","@id":"https:\/\/radioplanetasaudade.com.br\/#organization","name":"R\u00e1dio Planeta Saudade","url":"https:\/\/radioplanetasaudade.com.br\/","logo":{"@type":"ImageObject","inLanguage":"pt-BR","@id":"https:\/\/radioplanetasaudade.com.br\/#\/schema\/logo\/image\/","url":"https:\/\/radioplanetasaudade.com.br\/wp-content\/uploads\/2023\/10\/capture-20230607-202153.png","contentUrl":"https:\/\/radioplanetasaudade.com.br\/wp-content\/uploads\/2023\/10\/capture-20230607-202153.png","width":1350,"height":358,"caption":"R\u00e1dio Planeta Saudade"},"image":{"@id":"https:\/\/radioplanetasaudade.com.br\/#\/schema\/logo\/image\/"}},{"@type":"Person","@id":"https:\/\/radioplanetasaudade.com.br\/#\/schema\/person\/1a6f6fc0d987819324e7ed417a1a6581","name":"Planeta Saudade","image":{"@type":"ImageObject","inLanguage":"pt-BR","@id":"https:\/\/secure.gravatar.com\/avatar\/f81afe153fb6e9e1d38e83d127599e125ba7a0bd5cdb1f795af3d9b0af8ddeb0?s=96&d=mm&r=g","url":"https:\/\/secure.gravatar.com\/avatar\/f81afe153fb6e9e1d38e83d127599e125ba7a0bd5cdb1f795af3d9b0af8ddeb0?s=96&d=mm&r=g","contentUrl":"https:\/\/secure.gravatar.com\/avatar\/f81afe153fb6e9e1d38e83d127599e125ba7a0bd5cdb1f795af3d9b0af8ddeb0?s=96&d=mm&r=g","caption":"Planeta Saudade"},"sameAs":["https:\/\/radioplanetasaudade.com.br"],"url":"https:\/\/radioplanetasaudade.com.br\/index.php\/author\/wendelsantos4567\/"}]}},"_links":{"self":[{"href":"https:\/\/radioplanetasaudade.com.br\/index.php\/wp-json\/wp\/v2\/posts\/6293","targetHints":{"allow":["GET"]}}],"collection":[{"href":"https:\/\/radioplanetasaudade.com.br\/index.php\/wp-json\/wp\/v2\/posts"}],"about":[{"href":"https:\/\/radioplanetasaudade.com.br\/index.php\/wp-json\/wp\/v2\/types\/post"}],"author":[{"embeddable":true,"href":"https:\/\/radioplanetasaudade.com.br\/index.php\/wp-json\/wp\/v2\/users\/1"}],"replies":[{"embeddable":true,"href":"https:\/\/radioplanetasaudade.com.br\/index.php\/wp-json\/wp\/v2\/comments?post=6293"}],"version-history":[{"count":1,"href":"https:\/\/radioplanetasaudade.com.br\/index.php\/wp-json\/wp\/v2\/posts\/6293\/revisions"}],"predecessor-version":[{"id":6295,"href":"https:\/\/radioplanetasaudade.com.br\/index.php\/wp-json\/wp\/v2\/posts\/6293\/revisions\/6295"}],"wp:featuredmedia":[{"embeddable":true,"href":"https:\/\/radioplanetasaudade.com.br\/index.php\/wp-json\/wp\/v2\/media\/6294"}],"wp:attachment":[{"href":"https:\/\/radioplanetasaudade.com.br\/index.php\/wp-json\/wp\/v2\/media?parent=6293"}],"wp:term":[{"taxonomy":"category","embeddable":true,"href":"https:\/\/radioplanetasaudade.com.br\/index.php\/wp-json\/wp\/v2\/categories?post=6293"},{"taxonomy":"post_tag","embeddable":true,"href":"https:\/\/radioplanetasaudade.com.br\/index.php\/wp-json\/wp\/v2\/tags?post=6293"}],"curies":[{"name":"wp","href":"https:\/\/api.w.org\/{rel}","templated":true}]}}