{"id":6300,"date":"2026-09-02T09:19:54","date_gmt":"2026-09-02T12:19:54","guid":{"rendered":"https:\/\/radioplanetasaudade.com.br\/?p=6300"},"modified":"2026-09-02T09:19:56","modified_gmt":"2026-09-02T12:19:56","slug":"zero-e-agora-eu-sei-a-historia-de-uma-participacao-que-mudou-o-caminho-de-uma-cancao","status":"publish","type":"post","link":"https:\/\/radioplanetasaudade.com.br\/index.php\/2026\/09\/02\/zero-e-agora-eu-sei-a-historia-de-uma-participacao-que-mudou-o-caminho-de-uma-cancao\/","title":{"rendered":"Zero e \u201cAgora Eu Sei\u201d: a hist\u00f3ria de uma participa\u00e7\u00e3o que mudou o caminho de uma can\u00e7\u00e3o"},"content":{"rendered":"\n<h3 class=\"wp-block-heading\">Antes de o RPM dominar o r\u00e1dio brasileiro, Paulo Ricardo j\u00e1 circulava pelo universo do Zero. Em 1985, sua voz entrou em \u201cAgora Eu Sei\u201d \u2014 e uma participa\u00e7\u00e3o aparentemente pontual acabaria interferindo na trajet\u00f3ria da m\u00fasica.<\/h3>\n\n\n\n<figure class=\"wp-block-image size-large\"><img fetchpriority=\"high\" decoding=\"async\" width=\"1024\" height=\"1024\" src=\"https:\/\/radioplanetasaudade.com.br\/wp-content\/uploads\/2026\/09\/WhatsApp-Image-2026-09-02-at-08.05.53-1024x1024.jpeg\" alt=\"\" class=\"wp-image-6301\" srcset=\"https:\/\/radioplanetasaudade.com.br\/wp-content\/uploads\/2026\/09\/WhatsApp-Image-2026-09-02-at-08.05.53-1024x1024-1.jpeg 1024w, https:\/\/radioplanetasaudade.com.br\/wp-content\/uploads\/2026\/09\/WhatsApp-Image-2026-09-02-at-08.05.53-300x300.jpeg 300w, https:\/\/radioplanetasaudade.com.br\/wp-content\/uploads\/2026\/09\/WhatsApp-Image-2026-09-02-at-08.05.53-150x150.jpeg 150w, https:\/\/radioplanetasaudade.com.br\/wp-content\/uploads\/2026\/09\/WhatsApp-Image-2026-09-02-at-08.05.53-768x768.jpeg 768w, https:\/\/radioplanetasaudade.com.br\/wp-content\/uploads\/2026\/09\/WhatsApp-Image-2026-09-02-at-08.05.53.jpeg 1254w\" sizes=\"(max-width: 1024px) 100vw, 1024px\" \/><\/figure>\n\n\n\n<p class=\"wp-block-paragraph\"><strong>Por Reda\u00e7\u00e3o Planeta Saudade<\/strong><br><strong>Publicado em: 2 de setembro de 2026<\/strong><\/p>\n\n\n\n<p class=\"wp-block-paragraph\">H\u00e1 m\u00fasicas que sobrevivem porque foram grandes sucessos. Outras permanecem porque, quando voltamos a ouvi-las, percebemos que estavam dizendo muito mais do que imagin\u00e1vamos.<\/p>\n\n\n\n<p class=\"wp-block-paragraph\">\u201cAgora Eu Sei\u201d, do Zero, pertence \u00e0 segunda categoria.<\/p>\n\n\n\n<p class=\"wp-block-paragraph\">Em 1985, a can\u00e7\u00e3o colocou em palavras uma percep\u00e7\u00e3o desconfort\u00e1vel sobre o amor: pessoas consideradas boas tamb\u00e9m podem ferir; quem ama pode mentir sem necessariamente desejar fazer mal; e, em determinadas rela\u00e7\u00f5es, sobreviver emocionalmente pode significar abandonar algumas ilus\u00f5es.<\/p>\n\n\n\n<p class=\"wp-block-paragraph\">Composta por <strong>Guilherme Isnard e Freddy Haiat<\/strong>, a m\u00fasica foi registrada no <em>Passos no Escuro<\/em>, primeiro lan\u00e7amento fonogr\u00e1fico do Zero pela EMI naquele per\u00edodo. O trabalho tinha apenas seis faixas e pouco mais de 25 minutos \u2014 formato hoje frequentemente identificado como EP ou mini-LP. \u201cAgora Eu Sei\u201d ocupava a segunda posi\u00e7\u00e3o da sequ\u00eancia original.<\/p>\n\n\n\n<p class=\"wp-block-paragraph\">Mas existe uma hist\u00f3ria paralela nessa grava\u00e7\u00e3o que ajuda a compreender por que ela ganhou tamanha for\u00e7a.<\/p>\n\n\n\n<h2 class=\"wp-block-heading\">A voz que entrou antes de virar fen\u00f4meno<\/h2>\n\n\n\n<p class=\"wp-block-paragraph\">Hoje \u00e9 comum contar que Paulo Ricardo, ent\u00e3o vocalista do RPM, \u201cfez um dueto\u201d com Guilherme Isnard.<\/p>\n\n\n\n<p class=\"wp-block-paragraph\">A descri\u00e7\u00e3o, por\u00e9m, merece cuidado.<\/p>\n\n\n\n<p class=\"wp-block-paragraph\">Os cr\u00e9ditos dispon\u00edveis para a grava\u00e7\u00e3o registram Paulo Ricardo como vocalista participante, enquanto refer\u00eancias discogr\u00e1ficas especializadas identificam sua atua\u00e7\u00e3o especificamente nos <strong>vocais de apoio<\/strong>. O pr\u00f3prio lan\u00e7amento digital atualmente apresenta Zero e Paulo Ricardo como artistas da faixa.<\/p>\n\n\n\n<p class=\"wp-block-paragraph\">Essa diferen\u00e7a n\u00e3o \u00e9 apenas t\u00e9cnica.<\/p>\n\n\n\n<p class=\"wp-block-paragraph\">Um vocal de apoio n\u00e3o precisa disputar o centro da interpreta\u00e7\u00e3o. Sua fun\u00e7\u00e3o pode ser ampliar determinadas frases, criar contraste, refor\u00e7ar uma passagem ou acrescentar outra textura \u00e0 voz principal. Em \u201cAgora Eu Sei\u201d, a presen\u00e7a de Paulo funciona justamente como uma segunda identidade dentro de uma narrativa que j\u00e1 era conduzida por Isnard.<\/p>\n\n\n\n<p class=\"wp-block-paragraph\">E isso ganha outra dimens\u00e3o quando lembramos do momento hist\u00f3rico.<\/p>\n\n\n\n<p class=\"wp-block-paragraph\">Em 1985, o Zero estava construindo sua identidade dentro da efervescente cena paulista. Paulo Ricardo e Fernando Deluqui, segundo relato retrospectivo de Guilherme Isnard, j\u00e1 frequentavam shows e ensaios relacionados \u00e0 banda antes da explos\u00e3o nacional do RPM. Portanto, a participa\u00e7\u00e3o n\u00e3o deve ser lida simplesmente como uma aproxima\u00e7\u00e3o oportunista entre uma banda desconhecida e um artista famoso: havia uma conviv\u00eancia anterior entre aqueles m\u00fasicos.<\/p>\n\n\n\n<h2 class=\"wp-block-heading\">O detalhe que mudou a hist\u00f3ria<\/h2>\n\n\n\n<p class=\"wp-block-paragraph\">Talvez este seja o cap\u00edtulo menos lembrado de \u201cAgora Eu Sei\u201d.<\/p>\n\n\n\n<p class=\"wp-block-paragraph\">Segundo o relato retrospectivo de Guilherme Isnard, a gravadora havia escolhido <strong>\u201cCada Fio um Sonho\u201d<\/strong> como m\u00fasica de trabalho. Entretanto, quando radialistas perceberam que Paulo Ricardo participava de \u201cAgora Eu Sei\u201d, passaram a tocar a segunda faixa com intensidade, desviando a aten\u00e7\u00e3o da estrat\u00e9gia inicialmente definida para o lan\u00e7amento.<\/p>\n\n\n\n<p class=\"wp-block-paragraph\">O detalhe \u00e9 revelador porque muda a maneira de compreender o sucesso da m\u00fasica.<\/p>\n\n\n\n<p class=\"wp-block-paragraph\">N\u00e3o foi simplesmente \u201cPaulo Ricardo colocou o Zero no mapa\u201d. O Zero j\u00e1 possu\u00eda repert\u00f3rio, identidade e uma obra pr\u00f3pria. O que aconteceu foi mais interessante: <strong>a presen\u00e7a de um nome que naquele momento come\u00e7ava a ganhar enorme visibilidade criou uma curiosidade radiof\u00f4nica capaz de alterar a rota originalmente planejada para o disco.<\/strong><\/p>\n\n\n\n<p class=\"wp-block-paragraph\">A pr\u00f3pria documenta\u00e7\u00e3o fonogr\u00e1fica confirma que \u201cCada Fio Um Sonho\u201d aparece como a primeira faixa e \u201cAgora Eu Sei\u201d como a segunda.<\/p>\n\n\n\n<h2 class=\"wp-block-heading\">Quando a letra encontra a \u00e9poca<\/h2>\n\n\n\n<p class=\"wp-block-paragraph\">Existe ainda outra raz\u00e3o para a m\u00fasica ter envelhecido t\u00e3o bem.<\/p>\n\n\n\n<p class=\"wp-block-paragraph\">\u201cAgora Eu Sei\u201d n\u00e3o trata a desilus\u00e3o amorosa como uma simples separa\u00e7\u00e3o. A letra constr\u00f3i uma vis\u00e3o mais amb\u00edgua das rela\u00e7\u00f5es: amar e ferir aparecem pr\u00f3ximos; a mentira pode surgir n\u00e3o apenas da maldade, mas tamb\u00e9m da necessidade de sobreviver; e a pr\u00f3pria ideia de que algu\u00e9m pode ser inteiramente \u201cbom\u201d ou \u201cruim\u201d come\u00e7a a desmoronar.<\/p>\n\n\n\n<p class=\"wp-block-paragraph\">Essa complexidade combina com o pr\u00f3prio t\u00edtulo.<\/p>\n\n\n\n<p class=\"wp-block-paragraph\">\u201cAgora eu sei\u201d n\u00e3o significa apenas descobrir que algu\u00e9m mentiu. Significa chegar a um ponto de maturidade em que determinadas ilus\u00f5es j\u00e1 n\u00e3o conseguem ser sustentadas.<\/p>\n\n\n\n<p class=\"wp-block-paragraph\">Por isso, o verso que fala de \u201cgente boa\u201d capaz de fazer sofrer continua encontrando ouvintes d\u00e9cadas depois. A can\u00e7\u00e3o n\u00e3o oferece uma moral simples. Ela deixa uma pergunta inc\u00f4moda: <strong>quanto de amor \u00e9 capaz de compensar aquilo que o pr\u00f3prio amor pode causar de dor?<\/strong><\/p>\n\n\n\n<h2 class=\"wp-block-heading\">Mayrton Bahia e a constru\u00e7\u00e3o do registro<\/h2>\n\n\n\n<p class=\"wp-block-paragraph\">Outro nome merece sair da pequena hist\u00f3ria dos holofotes: <strong>Mayrton Bahia<\/strong>.<\/p>\n\n\n\n<p class=\"wp-block-paragraph\">Os cr\u00e9ditos das plataformas fonogr\u00e1ficas o identificam como produtor de <em>Passos no Escuro<\/em>, colocando sua presen\u00e7a dentro de um importante momento de consolida\u00e7\u00e3o do rock brasileiro dos anos 1980.<\/p>\n\n\n\n<p class=\"wp-block-paragraph\">Isso ajuda a perceber que a grava\u00e7\u00e3o n\u00e3o era apenas o encontro casual de dois vocalistas.<\/p>\n\n\n\n<p class=\"wp-block-paragraph\">Havia uma produ\u00e7\u00e3o fonogr\u00e1fica estruturada ao redor do Zero, com Guilherme Isnard, Freddy Haiat, Eduardo Amarante, Rick Villas-Boas e Athos Costa formando a base daquele trabalho, enquanto a participa\u00e7\u00e3o de Paulo Ricardo acrescentava uma camada vocal espec\u00edfica \u00e0 segunda faixa.<\/p>\n\n\n\n<p class=\"wp-block-paragraph\">E existe um detalhe instrumental particularmente interessante nos cr\u00e9ditos originais: <strong>Athos Costa aparece associado \u00e0 programa\u00e7\u00e3o de baterias TR-707 e LinnDrum em \u201cAgora Eu Sei\u201d<\/strong>, enquanto Guilherme Isnard \u00e9 creditado no sax alto.<\/p>\n\n\n\n<p class=\"wp-block-paragraph\">Esses elementos ajudam a situar a m\u00fasica dentro de uma linguagem que n\u00e3o dependia exclusivamente da forma\u00e7\u00e3o tradicional de uma banda de rock. O Zero trabalhava com uma sonoridade h\u00edbrida, aproximando instrumentos, tecnologia e est\u00e9tica new wave \u2014 caracter\u00edstica importante para compreender por que a grava\u00e7\u00e3o permanece t\u00e3o particular dentro do BRock.<\/p>\n\n\n\n<h2 class=\"wp-block-heading\">Uma parceria que n\u00e3o apagou o Zero<\/h2>\n\n\n\n<p class=\"wp-block-paragraph\">Talvez o maior cuidado hist\u00f3rico seja justamente n\u00e3o transformar Paulo Ricardo no protagonista de uma hist\u00f3ria que pertence ao Zero.<\/p>\n\n\n\n<p class=\"wp-block-paragraph\">A participa\u00e7\u00e3o foi importante. A repercuss\u00e3o radiof\u00f4nica foi significativa. E a associa\u00e7\u00e3o com o vocalista do RPM certamente ajudou a aumentar a curiosidade em torno da faixa.<\/p>\n\n\n\n<p class=\"wp-block-paragraph\">Mas \u201cAgora Eu Sei\u201d continuou sendo uma composi\u00e7\u00e3o de <strong>Guilherme Isnard e Freddy Haiat<\/strong>, interpretada dentro do universo art\u00edstico do Zero.<\/p>\n\n\n\n<p class=\"wp-block-paragraph\">Anos depois, a pr\u00f3pria mem\u00f3ria jornal\u00edstica continuaria associando a m\u00fasica \u00e0 parceria. Em 1999, a <em>Folha de S.Paulo<\/em> j\u00e1 descrevia \u201cAgora Eu Sei\u201d como o grande sucesso do Zero que havia chegado \u00e0s r\u00e1dios em parceria com Paulo Ricardo.<\/p>\n\n\n\n<p class=\"wp-block-paragraph\">\u00c9 uma lembran\u00e7a leg\u00edtima \u2014 mas a hist\u00f3ria completa \u00e9 maior.<\/p>\n\n\n\n<h2 class=\"wp-block-heading\">O que realmente tornou \u201cAgora Eu Sei\u201d especial?<\/h2>\n\n\n\n<p class=\"wp-block-paragraph\">Talvez tenha sido justamente a combina\u00e7\u00e3o de fatores que n\u00e3o estavam necessariamente planejados para acontecer daquela maneira.<\/p>\n\n\n\n<p class=\"wp-block-paragraph\">Uma banda com identidade pr\u00f3pria.<\/p>\n\n\n\n<p class=\"wp-block-paragraph\">Dois compositores construindo uma letra sobre desilus\u00e3o sem respostas f\u00e1ceis.<\/p>\n\n\n\n<p class=\"wp-block-paragraph\">Um produtor experiente trabalhando naquele primeiro lan\u00e7amento.<\/p>\n\n\n\n<p class=\"wp-block-paragraph\">Uma participa\u00e7\u00e3o vocal de Paulo Ricardo.<\/p>\n\n\n\n<p class=\"wp-block-paragraph\">Um RPM prestes a atravessar o pa\u00eds.<\/p>\n\n\n\n<p class=\"wp-block-paragraph\">E radialistas que, ao descobrirem aquela participa\u00e7\u00e3o, ajudaram a mudar o destino da m\u00fasica dentro da programa\u00e7\u00e3o.<\/p>\n\n\n\n<p class=\"wp-block-paragraph\">O resultado foi uma grava\u00e7\u00e3o que ultrapassou a simples l\u00f3gica de \u201cparticipa\u00e7\u00e3o especial\u201d.<\/p>\n\n\n\n<p class=\"wp-block-paragraph\">\u201cAgora Eu Sei\u201d tornou-se um ponto de encontro entre duas trajet\u00f3rias do rock brasileiro de 1985 \u2014 <strong>sem deixar de ser, essencialmente, uma can\u00e7\u00e3o do Zero.<\/strong><\/p>\n\n\n\n<p class=\"wp-block-paragraph\">E talvez seja justamente por isso que ela continue t\u00e3o forte: porque fala de uma descoberta que todos n\u00f3s conhecemos em algum momento da vida \u2014 a de que amadurecer tamb\u00e9m significa aprender que pessoas boas podem nos ferir, que o amor n\u00e3o elimina a contradi\u00e7\u00e3o humana e que algumas verdades s\u00f3 aparecem depois que a ilus\u00e3o termina.<\/p>\n\n\n\n<h3 class=\"wp-block-heading\">\ud83c\udfb5 Voc\u00ea Sabia?<\/h3>\n\n\n\n<p class=\"wp-block-paragraph\"><em>Passos no Escuro<\/em> tinha apenas <strong>seis faixas<\/strong>, e \u201cAgora Eu Sei\u201d era a segunda. O lan\u00e7amento tamb\u00e9m reunia outra participa\u00e7\u00e3o especial importante: <strong>Kiko Zambianchi aparece em \u201cQuero Te Contar\u201d<\/strong>, mostrando que o projeto do Zero dialogava com outros nomes da cena musical brasileira daquele per\u00edodo.<\/p>\n\n\n\n<h3 class=\"wp-block-heading\">\ud83d\udcda Continue explorando a hist\u00f3ria da m\u00fasica<\/h3>\n\n\n\n<p class=\"wp-block-paragraph\">A trajet\u00f3ria do Zero n\u00e3o termina em \u201cAgora Eu Sei\u201d. O grupo seguiria construindo uma discografia pr\u00f3pria e, em 1987, lan\u00e7aria <em>Carne Humana<\/em>, seu primeiro \u00e1lbum de est\u00fadio propriamente dito. A hist\u00f3ria ajuda a entender que o Zero foi muito mais do que a banda associada a uma participa\u00e7\u00e3o de Paulo Ricardo.<\/p>\n\n\n\n<h3 class=\"wp-block-heading\">\ud83c\udfa7 Ou\u00e7a a trilha sonora desta hist\u00f3ria<\/h3>\n\n\n\n<p class=\"wp-block-paragraph\">\u201cAgora Eu Sei\u201d faz parte da <strong>programa\u00e7\u00e3o da R\u00e1dio Planeta Saudade<\/strong>.<\/p>\n\n\n\n<p class=\"wp-block-paragraph\">Depois de conhecer os bastidores, talvez voc\u00ea nunca mais escute essa grava\u00e7\u00e3o exatamente da mesma maneira.<\/p>\n\n\n\n<p class=\"wp-block-paragraph\">\ud83c\udf10 <strong>Site oficial:<\/strong> radioplanetasaudade.com.br<br>\ud83d\udcf1 <strong>Aplicativo oficial:<\/strong> Android e iPhone<br>\ud83d\udcbb <strong>Web App:<\/strong> Android, iOS e computadores<br>\ud83d\udde3\ufe0f <strong>Alexa:<\/strong> \u201cAlexa, tocar R\u00e1dio Planeta Saudade\u201d<br>\ud83d\ude97 <strong>Android Auto e Apple CarPlay:<\/strong> R\u00e1dio Planeta Saudade no carro<br>\ud83d\udcfb <strong>R\u00e1dios Net:<\/strong> dispon\u00edvel tamb\u00e9m na plataforma<br>\ud83c\udfa7 <strong>CX R\u00e1dio:<\/strong> dispon\u00edvel tamb\u00e9m na plataforma<\/p>\n\n\n\n<h3 class=\"wp-block-heading\">\ud83c\udf10 Sobre o Portal Planeta Saudade<\/h3>\n\n\n\n<p class=\"wp-block-paragraph\">O Portal Planeta Saudade existe para preservar a mem\u00f3ria da m\u00fasica com pesquisa, contexto, responsabilidade e emo\u00e7\u00e3o. Mais do que lembrar que uma m\u00fasica foi importante, procuramos explicar <strong>por que ela foi importante, quem participou de sua trajet\u00f3ria e quais hist\u00f3rias merecem continuar vivas.<\/strong><\/p>\n\n\n\n<p class=\"wp-block-paragraph\"><strong>Preservando a mem\u00f3ria da m\u00fasica, uma hist\u00f3ria de cada vez.<\/strong><\/p>\n","protected":false},"excerpt":{"rendered":"<p>Antes de o RPM dominar o r\u00e1dio brasileiro, Paulo Ricardo j\u00e1 circulava pelo universo do&#8230;<\/p>\n","protected":false},"author":1,"featured_media":6301,"comment_status":"open","ping_status":"open","sticky":false,"template":"","format":"standard","meta":{"footnotes":""},"categories":[92],"tags":[2685,2684,119,118,120,121,117,561,562,484,116,99,857,2683],"class_list":["post-6300","post","type-post","status-publish","format-standard","has-post-thumbnail","hentry","category-baixe-nosso-aplicativo","tag-2685","tag-agora-eu-sei","tag-anos-70","tag-anos-80","tag-anos-90","tag-baixe-nosso-app","tag-flashaback","tag-ouvir","tag-ouvir-radio","tag-paulo-ricardo","tag-radio","tag-radio-planeta-saudade","tag-rpm","tag-zero"],"yoast_head":"<!-- This site is optimized with the Yoast SEO plugin v28.4 - https:\/\/yoast.com\/product\/yoast-seo-wordpress\/ -->\n<title>Zero e \u201cAgora Eu Sei\u201d: a hist\u00f3ria de uma participa\u00e7\u00e3o que mudou o caminho de uma can\u00e7\u00e3o - R\u00c1DIO PLANETA SAUDADE<\/title>\n<meta name=\"robots\" content=\"index, follow, max-snippet:-1, max-image-preview:large, max-video-preview:-1\" \/>\n<link rel=\"canonical\" href=\"https:\/\/radioplanetasaudade.com.br\/index.php\/2026\/09\/02\/zero-e-agora-eu-sei-a-historia-de-uma-participacao-que-mudou-o-caminho-de-uma-cancao\/\" \/>\n<meta property=\"og:locale\" content=\"pt_BR\" \/>\n<meta property=\"og:type\" content=\"article\" \/>\n<meta property=\"og:title\" content=\"Zero e \u201cAgora Eu Sei\u201d: a hist\u00f3ria de uma participa\u00e7\u00e3o que mudou o caminho de uma can\u00e7\u00e3o - R\u00c1DIO PLANETA SAUDADE\" \/>\n<meta property=\"og:description\" content=\"Antes de o RPM dominar o r\u00e1dio brasileiro, Paulo Ricardo j\u00e1 circulava pelo universo do...\" \/>\n<meta property=\"og:url\" content=\"https:\/\/radioplanetasaudade.com.br\/index.php\/2026\/09\/02\/zero-e-agora-eu-sei-a-historia-de-uma-participacao-que-mudou-o-caminho-de-uma-cancao\/\" \/>\n<meta property=\"og:site_name\" content=\"R\u00c1DIO PLANETA SAUDADE\" \/>\n<meta property=\"article:published_time\" content=\"2026-09-02T12:19:54+00:00\" \/>\n<meta property=\"article:modified_time\" content=\"2026-09-02T12:19:56+00:00\" \/>\n<meta property=\"og:image\" content=\"https:\/\/radioplanetasaudade.com.br\/wp-content\/uploads\/2026\/09\/WhatsApp-Image-2026-09-02-at-08.05.53.jpeg\" \/>\n\t<meta property=\"og:image:width\" content=\"1254\" \/>\n\t<meta property=\"og:image:height\" content=\"1254\" \/>\n\t<meta property=\"og:image:type\" content=\"image\/jpeg\" \/>\n<meta name=\"author\" content=\"Planeta Saudade\" \/>\n<meta name=\"twitter:card\" content=\"summary_large_image\" \/>\n<meta name=\"twitter:label1\" content=\"Escrito por\" \/>\n\t<meta name=\"twitter:data1\" content=\"Planeta Saudade\" \/>\n\t<meta name=\"twitter:label2\" content=\"Est. tempo de leitura\" \/>\n\t<meta name=\"twitter:data2\" content=\"9 minutos\" \/>\n<script type=\"application\/ld+json\" class=\"yoast-schema-graph\">{\"@context\":\"https:\\\/\\\/schema.org\",\"@graph\":[{\"@type\":\"Article\",\"@id\":\"https:\\\/\\\/radioplanetasaudade.com.br\\\/index.php\\\/2026\\\/09\\\/02\\\/zero-e-agora-eu-sei-a-historia-de-uma-participacao-que-mudou-o-caminho-de-uma-cancao\\\/#article\",\"isPartOf\":{\"@id\":\"https:\\\/\\\/radioplanetasaudade.com.br\\\/index.php\\\/2026\\\/09\\\/02\\\/zero-e-agora-eu-sei-a-historia-de-uma-participacao-que-mudou-o-caminho-de-uma-cancao\\\/\"},\"author\":{\"name\":\"Planeta Saudade\",\"@id\":\"https:\\\/\\\/radioplanetasaudade.com.br\\\/#\\\/schema\\\/person\\\/1a6f6fc0d987819324e7ed417a1a6581\"},\"headline\":\"Zero e \u201cAgora Eu Sei\u201d: a hist\u00f3ria de uma participa\u00e7\u00e3o que mudou o caminho de uma can\u00e7\u00e3o\",\"datePublished\":\"2026-09-02T12:19:54+00:00\",\"dateModified\":\"2026-09-02T12:19:56+00:00\",\"mainEntityOfPage\":{\"@id\":\"https:\\\/\\\/radioplanetasaudade.com.br\\\/index.php\\\/2026\\\/09\\\/02\\\/zero-e-agora-eu-sei-a-historia-de-uma-participacao-que-mudou-o-caminho-de-uma-cancao\\\/\"},\"wordCount\":1613,\"commentCount\":0,\"publisher\":{\"@id\":\"https:\\\/\\\/radioplanetasaudade.com.br\\\/#organization\"},\"image\":{\"@id\":\"https:\\\/\\\/radioplanetasaudade.com.br\\\/index.php\\\/2026\\\/09\\\/02\\\/zero-e-agora-eu-sei-a-historia-de-uma-participacao-que-mudou-o-caminho-de-uma-cancao\\\/#primaryimage\"},\"thumbnailUrl\":\"https:\\\/\\\/radioplanetasaudade.com.br\\\/wp-content\\\/uploads\\\/2026\\\/09\\\/WhatsApp-Image-2026-09-02-at-08.05.53.jpeg\",\"keywords\":[\"1985\",\"Agora Eu Sei\",\"Anos 70\",\"Anos 80\",\"Anos 90\",\"Baixe nosso App\",\"Flashaback\",\"Ouvir\",\"Ouvir r\u00e1dio\",\"Paulo Ricardo\",\"R\u00e1dio\",\"R\u00e1dio Planeta Saudade\",\"Rpm\",\"Zero\"],\"articleSection\":[\"BAIXE NOSSO APLICATIVO\"],\"inLanguage\":\"pt-BR\",\"potentialAction\":[{\"@type\":\"CommentAction\",\"name\":\"Comment\",\"target\":[\"https:\\\/\\\/radioplanetasaudade.com.br\\\/index.php\\\/2026\\\/09\\\/02\\\/zero-e-agora-eu-sei-a-historia-de-uma-participacao-que-mudou-o-caminho-de-uma-cancao\\\/#respond\"]}]},{\"@type\":\"WebPage\",\"@id\":\"https:\\\/\\\/radioplanetasaudade.com.br\\\/index.php\\\/2026\\\/09\\\/02\\\/zero-e-agora-eu-sei-a-historia-de-uma-participacao-que-mudou-o-caminho-de-uma-cancao\\\/\",\"url\":\"https:\\\/\\\/radioplanetasaudade.com.br\\\/index.php\\\/2026\\\/09\\\/02\\\/zero-e-agora-eu-sei-a-historia-de-uma-participacao-que-mudou-o-caminho-de-uma-cancao\\\/\",\"name\":\"Zero e \u201cAgora Eu Sei\u201d: a hist\u00f3ria de uma participa\u00e7\u00e3o que mudou o caminho de uma can\u00e7\u00e3o - R\u00c1DIO PLANETA SAUDADE\",\"isPartOf\":{\"@id\":\"https:\\\/\\\/radioplanetasaudade.com.br\\\/#website\"},\"primaryImageOfPage\":{\"@id\":\"https:\\\/\\\/radioplanetasaudade.com.br\\\/index.php\\\/2026\\\/09\\\/02\\\/zero-e-agora-eu-sei-a-historia-de-uma-participacao-que-mudou-o-caminho-de-uma-cancao\\\/#primaryimage\"},\"image\":{\"@id\":\"https:\\\/\\\/radioplanetasaudade.com.br\\\/index.php\\\/2026\\\/09\\\/02\\\/zero-e-agora-eu-sei-a-historia-de-uma-participacao-que-mudou-o-caminho-de-uma-cancao\\\/#primaryimage\"},\"thumbnailUrl\":\"https:\\\/\\\/radioplanetasaudade.com.br\\\/wp-content\\\/uploads\\\/2026\\\/09\\\/WhatsApp-Image-2026-09-02-at-08.05.53.jpeg\",\"datePublished\":\"2026-09-02T12:19:54+00:00\",\"dateModified\":\"2026-09-02T12:19:56+00:00\",\"breadcrumb\":{\"@id\":\"https:\\\/\\\/radioplanetasaudade.com.br\\\/index.php\\\/2026\\\/09\\\/02\\\/zero-e-agora-eu-sei-a-historia-de-uma-participacao-que-mudou-o-caminho-de-uma-cancao\\\/#breadcrumb\"},\"inLanguage\":\"pt-BR\",\"potentialAction\":[{\"@type\":\"ReadAction\",\"target\":[\"https:\\\/\\\/radioplanetasaudade.com.br\\\/index.php\\\/2026\\\/09\\\/02\\\/zero-e-agora-eu-sei-a-historia-de-uma-participacao-que-mudou-o-caminho-de-uma-cancao\\\/\"]}]},{\"@type\":\"ImageObject\",\"inLanguage\":\"pt-BR\",\"@id\":\"https:\\\/\\\/radioplanetasaudade.com.br\\\/index.php\\\/2026\\\/09\\\/02\\\/zero-e-agora-eu-sei-a-historia-de-uma-participacao-que-mudou-o-caminho-de-uma-cancao\\\/#primaryimage\",\"url\":\"https:\\\/\\\/radioplanetasaudade.com.br\\\/wp-content\\\/uploads\\\/2026\\\/09\\\/WhatsApp-Image-2026-09-02-at-08.05.53.jpeg\",\"contentUrl\":\"https:\\\/\\\/radioplanetasaudade.com.br\\\/wp-content\\\/uploads\\\/2026\\\/09\\\/WhatsApp-Image-2026-09-02-at-08.05.53.jpeg\",\"width\":1254,\"height\":1254},{\"@type\":\"BreadcrumbList\",\"@id\":\"https:\\\/\\\/radioplanetasaudade.com.br\\\/index.php\\\/2026\\\/09\\\/02\\\/zero-e-agora-eu-sei-a-historia-de-uma-participacao-que-mudou-o-caminho-de-uma-cancao\\\/#breadcrumb\",\"itemListElement\":[{\"@type\":\"ListItem\",\"position\":1,\"name\":\"In\u00edcio\",\"item\":\"https:\\\/\\\/radioplanetasaudade.com.br\\\/\"},{\"@type\":\"ListItem\",\"position\":2,\"name\":\"Zero e \u201cAgora Eu Sei\u201d: a hist\u00f3ria de uma participa\u00e7\u00e3o que mudou o caminho de uma can\u00e7\u00e3o\"}]},{\"@type\":\"WebSite\",\"@id\":\"https:\\\/\\\/radioplanetasaudade.com.br\\\/#website\",\"url\":\"https:\\\/\\\/radioplanetasaudade.com.br\\\/\",\"name\":\"R\u00e1dio Planeta Saudade\",\"description\":\"Relembrando grandes sucessos musicais e informando sobre os maiores artistas do mundo ou\u00e7a no seu celular.\",\"publisher\":{\"@id\":\"https:\\\/\\\/radioplanetasaudade.com.br\\\/#organization\"},\"potentialAction\":[{\"@type\":\"SearchAction\",\"target\":{\"@type\":\"EntryPoint\",\"urlTemplate\":\"https:\\\/\\\/radioplanetasaudade.com.br\\\/?s={search_term_string}\"},\"query-input\":{\"@type\":\"PropertyValueSpecification\",\"valueRequired\":true,\"valueName\":\"search_term_string\"}}],\"inLanguage\":\"pt-BR\"},{\"@type\":\"Organization\",\"@id\":\"https:\\\/\\\/radioplanetasaudade.com.br\\\/#organization\",\"name\":\"R\u00e1dio Planeta Saudade\",\"url\":\"https:\\\/\\\/radioplanetasaudade.com.br\\\/\",\"logo\":{\"@type\":\"ImageObject\",\"inLanguage\":\"pt-BR\",\"@id\":\"https:\\\/\\\/radioplanetasaudade.com.br\\\/#\\\/schema\\\/logo\\\/image\\\/\",\"url\":\"https:\\\/\\\/radioplanetasaudade.com.br\\\/wp-content\\\/uploads\\\/2023\\\/10\\\/capture-20230607-202153.png\",\"contentUrl\":\"https:\\\/\\\/radioplanetasaudade.com.br\\\/wp-content\\\/uploads\\\/2023\\\/10\\\/capture-20230607-202153.png\",\"width\":1350,\"height\":358,\"caption\":\"R\u00e1dio Planeta Saudade\"},\"image\":{\"@id\":\"https:\\\/\\\/radioplanetasaudade.com.br\\\/#\\\/schema\\\/logo\\\/image\\\/\"}},{\"@type\":\"Person\",\"@id\":\"https:\\\/\\\/radioplanetasaudade.com.br\\\/#\\\/schema\\\/person\\\/1a6f6fc0d987819324e7ed417a1a6581\",\"name\":\"Planeta Saudade\",\"image\":{\"@type\":\"ImageObject\",\"inLanguage\":\"pt-BR\",\"@id\":\"https:\\\/\\\/secure.gravatar.com\\\/avatar\\\/f81afe153fb6e9e1d38e83d127599e125ba7a0bd5cdb1f795af3d9b0af8ddeb0?s=96&d=mm&r=g\",\"url\":\"https:\\\/\\\/secure.gravatar.com\\\/avatar\\\/f81afe153fb6e9e1d38e83d127599e125ba7a0bd5cdb1f795af3d9b0af8ddeb0?s=96&d=mm&r=g\",\"contentUrl\":\"https:\\\/\\\/secure.gravatar.com\\\/avatar\\\/f81afe153fb6e9e1d38e83d127599e125ba7a0bd5cdb1f795af3d9b0af8ddeb0?s=96&d=mm&r=g\",\"caption\":\"Planeta Saudade\"},\"sameAs\":[\"https:\\\/\\\/radioplanetasaudade.com.br\"],\"url\":\"https:\\\/\\\/radioplanetasaudade.com.br\\\/index.php\\\/author\\\/wendelsantos4567\\\/\"}]}<\/script>\n<!-- \/ Yoast SEO plugin. -->","yoast_head_json":{"title":"Zero e \u201cAgora Eu Sei\u201d: a hist\u00f3ria de uma participa\u00e7\u00e3o que mudou o caminho de uma can\u00e7\u00e3o - R\u00c1DIO PLANETA SAUDADE","robots":{"index":"index","follow":"follow","max-snippet":"max-snippet:-1","max-image-preview":"max-image-preview:large","max-video-preview":"max-video-preview:-1"},"canonical":"https:\/\/radioplanetasaudade.com.br\/index.php\/2026\/09\/02\/zero-e-agora-eu-sei-a-historia-de-uma-participacao-que-mudou-o-caminho-de-uma-cancao\/","og_locale":"pt_BR","og_type":"article","og_title":"Zero e \u201cAgora Eu Sei\u201d: a hist\u00f3ria de uma participa\u00e7\u00e3o que mudou o caminho de uma can\u00e7\u00e3o - R\u00c1DIO PLANETA SAUDADE","og_description":"Antes de o RPM dominar o r\u00e1dio brasileiro, Paulo Ricardo j\u00e1 circulava pelo universo do...","og_url":"https:\/\/radioplanetasaudade.com.br\/index.php\/2026\/09\/02\/zero-e-agora-eu-sei-a-historia-de-uma-participacao-que-mudou-o-caminho-de-uma-cancao\/","og_site_name":"R\u00c1DIO PLANETA SAUDADE","article_published_time":"2026-09-02T12:19:54+00:00","article_modified_time":"2026-09-02T12:19:56+00:00","og_image":[{"width":1254,"height":1254,"url":"https:\/\/radioplanetasaudade.com.br\/wp-content\/uploads\/2026\/09\/WhatsApp-Image-2026-09-02-at-08.05.53.jpeg","type":"image\/jpeg"}],"author":"Planeta Saudade","twitter_card":"summary_large_image","twitter_misc":{"Escrito por":"Planeta Saudade","Est. tempo de leitura":"9 minutos"},"schema":{"@context":"https:\/\/schema.org","@graph":[{"@type":"Article","@id":"https:\/\/radioplanetasaudade.com.br\/index.php\/2026\/09\/02\/zero-e-agora-eu-sei-a-historia-de-uma-participacao-que-mudou-o-caminho-de-uma-cancao\/#article","isPartOf":{"@id":"https:\/\/radioplanetasaudade.com.br\/index.php\/2026\/09\/02\/zero-e-agora-eu-sei-a-historia-de-uma-participacao-que-mudou-o-caminho-de-uma-cancao\/"},"author":{"name":"Planeta Saudade","@id":"https:\/\/radioplanetasaudade.com.br\/#\/schema\/person\/1a6f6fc0d987819324e7ed417a1a6581"},"headline":"Zero e \u201cAgora Eu Sei\u201d: a hist\u00f3ria de uma participa\u00e7\u00e3o que mudou o caminho de uma can\u00e7\u00e3o","datePublished":"2026-09-02T12:19:54+00:00","dateModified":"2026-09-02T12:19:56+00:00","mainEntityOfPage":{"@id":"https:\/\/radioplanetasaudade.com.br\/index.php\/2026\/09\/02\/zero-e-agora-eu-sei-a-historia-de-uma-participacao-que-mudou-o-caminho-de-uma-cancao\/"},"wordCount":1613,"commentCount":0,"publisher":{"@id":"https:\/\/radioplanetasaudade.com.br\/#organization"},"image":{"@id":"https:\/\/radioplanetasaudade.com.br\/index.php\/2026\/09\/02\/zero-e-agora-eu-sei-a-historia-de-uma-participacao-que-mudou-o-caminho-de-uma-cancao\/#primaryimage"},"thumbnailUrl":"https:\/\/radioplanetasaudade.com.br\/wp-content\/uploads\/2026\/09\/WhatsApp-Image-2026-09-02-at-08.05.53.jpeg","keywords":["1985","Agora Eu Sei","Anos 70","Anos 80","Anos 90","Baixe nosso App","Flashaback","Ouvir","Ouvir r\u00e1dio","Paulo Ricardo","R\u00e1dio","R\u00e1dio Planeta Saudade","Rpm","Zero"],"articleSection":["BAIXE NOSSO APLICATIVO"],"inLanguage":"pt-BR","potentialAction":[{"@type":"CommentAction","name":"Comment","target":["https:\/\/radioplanetasaudade.com.br\/index.php\/2026\/09\/02\/zero-e-agora-eu-sei-a-historia-de-uma-participacao-que-mudou-o-caminho-de-uma-cancao\/#respond"]}]},{"@type":"WebPage","@id":"https:\/\/radioplanetasaudade.com.br\/index.php\/2026\/09\/02\/zero-e-agora-eu-sei-a-historia-de-uma-participacao-que-mudou-o-caminho-de-uma-cancao\/","url":"https:\/\/radioplanetasaudade.com.br\/index.php\/2026\/09\/02\/zero-e-agora-eu-sei-a-historia-de-uma-participacao-que-mudou-o-caminho-de-uma-cancao\/","name":"Zero e \u201cAgora Eu Sei\u201d: a hist\u00f3ria de uma participa\u00e7\u00e3o que mudou o caminho de uma can\u00e7\u00e3o - R\u00c1DIO PLANETA SAUDADE","isPartOf":{"@id":"https:\/\/radioplanetasaudade.com.br\/#website"},"primaryImageOfPage":{"@id":"https:\/\/radioplanetasaudade.com.br\/index.php\/2026\/09\/02\/zero-e-agora-eu-sei-a-historia-de-uma-participacao-que-mudou-o-caminho-de-uma-cancao\/#primaryimage"},"image":{"@id":"https:\/\/radioplanetasaudade.com.br\/index.php\/2026\/09\/02\/zero-e-agora-eu-sei-a-historia-de-uma-participacao-que-mudou-o-caminho-de-uma-cancao\/#primaryimage"},"thumbnailUrl":"https:\/\/radioplanetasaudade.com.br\/wp-content\/uploads\/2026\/09\/WhatsApp-Image-2026-09-02-at-08.05.53.jpeg","datePublished":"2026-09-02T12:19:54+00:00","dateModified":"2026-09-02T12:19:56+00:00","breadcrumb":{"@id":"https:\/\/radioplanetasaudade.com.br\/index.php\/2026\/09\/02\/zero-e-agora-eu-sei-a-historia-de-uma-participacao-que-mudou-o-caminho-de-uma-cancao\/#breadcrumb"},"inLanguage":"pt-BR","potentialAction":[{"@type":"ReadAction","target":["https:\/\/radioplanetasaudade.com.br\/index.php\/2026\/09\/02\/zero-e-agora-eu-sei-a-historia-de-uma-participacao-que-mudou-o-caminho-de-uma-cancao\/"]}]},{"@type":"ImageObject","inLanguage":"pt-BR","@id":"https:\/\/radioplanetasaudade.com.br\/index.php\/2026\/09\/02\/zero-e-agora-eu-sei-a-historia-de-uma-participacao-que-mudou-o-caminho-de-uma-cancao\/#primaryimage","url":"https:\/\/radioplanetasaudade.com.br\/wp-content\/uploads\/2026\/09\/WhatsApp-Image-2026-09-02-at-08.05.53.jpeg","contentUrl":"https:\/\/radioplanetasaudade.com.br\/wp-content\/uploads\/2026\/09\/WhatsApp-Image-2026-09-02-at-08.05.53.jpeg","width":1254,"height":1254},{"@type":"BreadcrumbList","@id":"https:\/\/radioplanetasaudade.com.br\/index.php\/2026\/09\/02\/zero-e-agora-eu-sei-a-historia-de-uma-participacao-que-mudou-o-caminho-de-uma-cancao\/#breadcrumb","itemListElement":[{"@type":"ListItem","position":1,"name":"In\u00edcio","item":"https:\/\/radioplanetasaudade.com.br\/"},{"@type":"ListItem","position":2,"name":"Zero e \u201cAgora Eu Sei\u201d: a hist\u00f3ria de uma participa\u00e7\u00e3o que mudou o caminho de uma can\u00e7\u00e3o"}]},{"@type":"WebSite","@id":"https:\/\/radioplanetasaudade.com.br\/#website","url":"https:\/\/radioplanetasaudade.com.br\/","name":"R\u00e1dio Planeta Saudade","description":"Relembrando grandes sucessos musicais e informando sobre os maiores artistas do mundo ou\u00e7a no seu celular.","publisher":{"@id":"https:\/\/radioplanetasaudade.com.br\/#organization"},"potentialAction":[{"@type":"SearchAction","target":{"@type":"EntryPoint","urlTemplate":"https:\/\/radioplanetasaudade.com.br\/?s={search_term_string}"},"query-input":{"@type":"PropertyValueSpecification","valueRequired":true,"valueName":"search_term_string"}}],"inLanguage":"pt-BR"},{"@type":"Organization","@id":"https:\/\/radioplanetasaudade.com.br\/#organization","name":"R\u00e1dio Planeta Saudade","url":"https:\/\/radioplanetasaudade.com.br\/","logo":{"@type":"ImageObject","inLanguage":"pt-BR","@id":"https:\/\/radioplanetasaudade.com.br\/#\/schema\/logo\/image\/","url":"https:\/\/radioplanetasaudade.com.br\/wp-content\/uploads\/2023\/10\/capture-20230607-202153.png","contentUrl":"https:\/\/radioplanetasaudade.com.br\/wp-content\/uploads\/2023\/10\/capture-20230607-202153.png","width":1350,"height":358,"caption":"R\u00e1dio Planeta Saudade"},"image":{"@id":"https:\/\/radioplanetasaudade.com.br\/#\/schema\/logo\/image\/"}},{"@type":"Person","@id":"https:\/\/radioplanetasaudade.com.br\/#\/schema\/person\/1a6f6fc0d987819324e7ed417a1a6581","name":"Planeta Saudade","image":{"@type":"ImageObject","inLanguage":"pt-BR","@id":"https:\/\/secure.gravatar.com\/avatar\/f81afe153fb6e9e1d38e83d127599e125ba7a0bd5cdb1f795af3d9b0af8ddeb0?s=96&d=mm&r=g","url":"https:\/\/secure.gravatar.com\/avatar\/f81afe153fb6e9e1d38e83d127599e125ba7a0bd5cdb1f795af3d9b0af8ddeb0?s=96&d=mm&r=g","contentUrl":"https:\/\/secure.gravatar.com\/avatar\/f81afe153fb6e9e1d38e83d127599e125ba7a0bd5cdb1f795af3d9b0af8ddeb0?s=96&d=mm&r=g","caption":"Planeta Saudade"},"sameAs":["https:\/\/radioplanetasaudade.com.br"],"url":"https:\/\/radioplanetasaudade.com.br\/index.php\/author\/wendelsantos4567\/"}]}},"_links":{"self":[{"href":"https:\/\/radioplanetasaudade.com.br\/index.php\/wp-json\/wp\/v2\/posts\/6300","targetHints":{"allow":["GET"]}}],"collection":[{"href":"https:\/\/radioplanetasaudade.com.br\/index.php\/wp-json\/wp\/v2\/posts"}],"about":[{"href":"https:\/\/radioplanetasaudade.com.br\/index.php\/wp-json\/wp\/v2\/types\/post"}],"author":[{"embeddable":true,"href":"https:\/\/radioplanetasaudade.com.br\/index.php\/wp-json\/wp\/v2\/users\/1"}],"replies":[{"embeddable":true,"href":"https:\/\/radioplanetasaudade.com.br\/index.php\/wp-json\/wp\/v2\/comments?post=6300"}],"version-history":[{"count":1,"href":"https:\/\/radioplanetasaudade.com.br\/index.php\/wp-json\/wp\/v2\/posts\/6300\/revisions"}],"predecessor-version":[{"id":6302,"href":"https:\/\/radioplanetasaudade.com.br\/index.php\/wp-json\/wp\/v2\/posts\/6300\/revisions\/6302"}],"wp:featuredmedia":[{"embeddable":true,"href":"https:\/\/radioplanetasaudade.com.br\/index.php\/wp-json\/wp\/v2\/media\/6301"}],"wp:attachment":[{"href":"https:\/\/radioplanetasaudade.com.br\/index.php\/wp-json\/wp\/v2\/media?parent=6300"}],"wp:term":[{"taxonomy":"category","embeddable":true,"href":"https:\/\/radioplanetasaudade.com.br\/index.php\/wp-json\/wp\/v2\/categories?post=6300"},{"taxonomy":"post_tag","embeddable":true,"href":"https:\/\/radioplanetasaudade.com.br\/index.php\/wp-json\/wp\/v2\/tags?post=6300"}],"curies":[{"name":"wp","href":"https:\/\/api.w.org\/{rel}","templated":true}]}}