{"id":6310,"date":"2026-09-03T09:37:34","date_gmt":"2026-09-03T12:37:34","guid":{"rendered":"https:\/\/radioplanetasaudade.com.br\/?p=6310"},"modified":"2026-09-03T09:37:36","modified_gmt":"2026-09-03T12:37:36","slug":"rita-lee-vanusa-e-gal-costa-tres-estrelas-tres-caminhos-e-a-saudade-que-ficou","status":"publish","type":"post","link":"https:\/\/radioplanetasaudade.com.br\/index.php\/2026\/09\/03\/rita-lee-vanusa-e-gal-costa-tres-estrelas-tres-caminhos-e-a-saudade-que-ficou\/","title":{"rendered":"Rita Lee, Vanusa e Gal Costa: tr\u00eas estrelas, tr\u00eas caminhos e a saudade que ficou"},"content":{"rendered":"\n<p class=\"wp-block-paragraph\"><strong>Antes dos grandes palcos e dos sucessos que atravessaram gera\u00e7\u00f5es, Rita Lee, Vanusa e Gal Costa tiveram come\u00e7os surpreendentemente diferentes \u2014 do piano cl\u00e1ssico aos bailes e a uma loja de discos em Salvador. Conhe\u00e7a hist\u00f3rias pouco lembradas que ajudam a entender as tr\u00eas artistas que o Brasil nunca deixou de ouvir.<\/strong><\/p>\n\n\n\n<figure class=\"wp-block-image aligncenter size-large\"><img fetchpriority=\"high\" decoding=\"async\" width=\"1024\" height=\"1024\" src=\"https:\/\/radioplanetasaudade.com.br\/wp-content\/uploads\/2026\/09\/WhatsApp-Image-2026-09-03-at-07.58.59-1024x1024.jpeg\" alt=\"\" class=\"wp-image-6311\" srcset=\"https:\/\/radioplanetasaudade.com.br\/wp-content\/uploads\/2026\/09\/WhatsApp-Image-2026-09-03-at-07.58.59-1024x1024-1.jpeg 1024w, https:\/\/radioplanetasaudade.com.br\/wp-content\/uploads\/2026\/09\/WhatsApp-Image-2026-09-03-at-07.58.59-300x300.jpeg 300w, https:\/\/radioplanetasaudade.com.br\/wp-content\/uploads\/2026\/09\/WhatsApp-Image-2026-09-03-at-07.58.59-150x150.jpeg 150w, https:\/\/radioplanetasaudade.com.br\/wp-content\/uploads\/2026\/09\/WhatsApp-Image-2026-09-03-at-07.58.59-768x768.jpeg 768w, https:\/\/radioplanetasaudade.com.br\/wp-content\/uploads\/2026\/09\/WhatsApp-Image-2026-09-03-at-07.58.59.jpeg 1254w\" sizes=\"(max-width: 1024px) 100vw, 1024px\" \/><\/figure>\n\n\n\n<p class=\"wp-block-paragraph\"><strong>Por Reda\u00e7\u00e3o Planeta Saudade<\/strong><br><strong>Publicado em: 3 de setembro de 2026<\/strong><\/p>\n\n\n\n<p class=\"wp-block-paragraph\">H\u00e1 vozes que pertencem \u00e0 m\u00fasica.<\/p>\n\n\n\n<p class=\"wp-block-paragraph\">E h\u00e1 vozes que, de alguma maneira, passam a pertencer tamb\u00e9m \u00e0 mem\u00f3ria de quem as escuta.<\/p>\n\n\n\n<p class=\"wp-block-paragraph\">Rita Lee, Vanusa e Gal Costa est\u00e3o nesse segundo grupo.<\/p>\n\n\n\n<p class=\"wp-block-paragraph\">Basta uma introdu\u00e7\u00e3o, um refr\u00e3o ou os primeiros segundos de uma grava\u00e7\u00e3o para que alguma coisa aconte\u00e7a: uma lembran\u00e7a aparece, uma \u00e9poca retorna, uma pessoa vem \u00e0 mem\u00f3ria.<\/p>\n\n\n\n<p class=\"wp-block-paragraph\">Mas existe algo ainda mais interessante quando olhamos para essas tr\u00eas artistas.<\/p>\n\n\n\n<p class=\"wp-block-paragraph\"><strong>Nenhuma delas come\u00e7ou exatamente onde a mem\u00f3ria popular costuma coloc\u00e1-las.<\/strong><\/p>\n\n\n\n<p class=\"wp-block-paragraph\">Antes de Rita Lee se tornar um dos maiores s\u00edmbolos do rock brasileiro, houve aulas de piano e uma forma\u00e7\u00e3o musical que inclu\u00eda a renomada pianista Magdalena Tagliaferro.<\/p>\n\n\n\n<p class=\"wp-block-paragraph\">Antes de Vanusa conquistar a televis\u00e3o e construir uma carreira de d\u00e9cadas, ela j\u00e1 cantava profissionalmente em bailes aos 16 anos.<\/p>\n\n\n\n<p class=\"wp-block-paragraph\">E antes de Gal Costa se tornar uma das vozes fundamentais da Tropic\u00e1lia e da MPB, a jovem Maria da Gra\u00e7a trabalhava em uma loja de discos em Salvador, cercada diariamente pela m\u00fasica que estava transformando o Brasil.<\/p>\n\n\n\n<p class=\"wp-block-paragraph\">S\u00e3o tr\u00eas come\u00e7os diferentes.<\/p>\n\n\n\n<p class=\"wp-block-paragraph\">E talvez seja justamente a\u00ed que esteja a melhor maneira de reencontr\u00e1-las.<\/p>\n\n\n\n<hr class=\"wp-block-separator has-alpha-channel-opacity\"\/>\n\n\n\n<h2 class=\"wp-block-heading\">Rita Lee: a garota do piano que acabou descobrindo o rock<\/h2>\n\n\n\n<p class=\"wp-block-paragraph\">Quando se fala em Rita Lee, as primeiras imagens costumam ser de guitarra, rock, irrever\u00eancia, cabelos coloridos, humor e liberdade.<\/p>\n\n\n\n<p class=\"wp-block-paragraph\">Mas sua forma\u00e7\u00e3o musical come\u00e7ou em outro territ\u00f3rio.<\/p>\n\n\n\n<p class=\"wp-block-paragraph\">Ainda crian\u00e7a, Rita estudou piano com <strong>Magdalena Tagliaferro<\/strong>, uma das pianistas brasileiras de maior proje\u00e7\u00e3o internacional. Essa passagem pela m\u00fasica erudita \u00e9 um detalhe importante porque revela que, antes da futura roqueira, havia uma menina sendo introduzida ao estudo formal da m\u00fasica.<\/p>\n\n\n\n<p class=\"wp-block-paragraph\">A pr\u00f3pria trajet\u00f3ria posterior de Rita mostraria que essa forma\u00e7\u00e3o n\u00e3o desapareceu simplesmente quando o rock entrou em sua vida.<\/p>\n\n\n\n<p class=\"wp-block-paragraph\">Ela aprenderia a misturar refer\u00eancias.<\/p>\n\n\n\n<p class=\"wp-block-paragraph\">E essa talvez seja uma das chaves para entender sua obra.<\/p>\n\n\n\n<p class=\"wp-block-paragraph\">Rita nunca foi apenas \u201cuma cantora de rock\u201d.<\/p>\n\n\n\n<h3 class=\"wp-block-heading\">Antes dos Mutantes<\/h3>\n\n\n\n<p class=\"wp-block-paragraph\">Na adolesc\u00eancia, Rita come\u00e7ou a se aproximar do rock que vinha dos Estados Unidos e da Inglaterra.<\/p>\n\n\n\n<p class=\"wp-block-paragraph\">Em 1963, participou do <strong>Teenage Singers<\/strong>, grupo vocal feminino que antecedeu experi\u00eancias decisivas de sua carreira. Pouco depois, veio a forma\u00e7\u00e3o dos Six Sided Rockers, que se transformaria em O&#8217;Seis e, finalmente, daria origem ao n\u00facleo dos <strong>Mutantes<\/strong>.<\/p>\n\n\n\n<p class=\"wp-block-paragraph\">A hist\u00f3ria ganhou velocidade.<\/p>\n\n\n\n<p class=\"wp-block-paragraph\">Rita se aproximou de Arnaldo Baptista e S\u00e9rgio Dias, e aquela combina\u00e7\u00e3o de m\u00fasicos extremamente jovens, instrumentos incomuns e vontade de experimentar acabaria criando uma das forma\u00e7\u00f5es mais originais da m\u00fasica brasileira.<\/p>\n\n\n\n<p class=\"wp-block-paragraph\">Quando Os Mutantes come\u00e7aram a aparecer na televis\u00e3o, Rita j\u00e1 n\u00e3o era apenas a garota que cantava.<\/p>\n\n\n\n<p class=\"wp-block-paragraph\">Era instrumentista, compositora e uma presen\u00e7a art\u00edstica que chamava aten\u00e7\u00e3o.<\/p>\n\n\n\n<p class=\"wp-block-paragraph\">Uma reportagem publicada pela <em>Folha de S.Paulo<\/em> em 1966, quando Os Mutantes ainda estavam come\u00e7ando a se tornar conhecidos, registrava Rita como percussionista e mencionava tamb\u00e9m sua rela\u00e7\u00e3o com instrumentos como harpa e flauta.<\/p>\n\n\n\n<p class=\"wp-block-paragraph\">Isso ajuda a desmontar uma imagem simplificada que surgiu depois.<\/p>\n\n\n\n<p class=\"wp-block-paragraph\"><strong>Rita n\u00e3o apareceu pronta. Ela foi constru\u00edda pela experimenta\u00e7\u00e3o.<\/strong><\/p>\n\n\n\n<h3 class=\"wp-block-heading\">Os Mutantes e a ruptura<\/h3>\n\n\n\n<p class=\"wp-block-paragraph\">Em 1967, Os Mutantes acompanharam Gilberto Gil em \u201cDomingo no Parque\u201d, no Festival da Record.<\/p>\n\n\n\n<p class=\"wp-block-paragraph\">Era o momento em que a m\u00fasica brasileira come\u00e7ava a romper fronteiras entre tradi\u00e7\u00e3o e modernidade.<\/p>\n\n\n\n<p class=\"wp-block-paragraph\">Pouco depois, a Tropic\u00e1lia aproximaria ainda mais aqueles m\u00fasicos de uma gera\u00e7\u00e3o interessada em misturar guitarra el\u00e9trica, m\u00fasica brasileira, psicodelia, humor, televis\u00e3o, cultura pop e provoca\u00e7\u00e3o.<\/p>\n\n\n\n<p class=\"wp-block-paragraph\">Rita estava no centro daquela transforma\u00e7\u00e3o.<\/p>\n\n\n\n<p class=\"wp-block-paragraph\">Mas sua hist\u00f3ria n\u00e3o terminaria nos Mutantes.<\/p>\n\n\n\n<p class=\"wp-block-paragraph\">Ao seguir carreira solo, ela encontrou outro territ\u00f3rio para sua personalidade art\u00edstica.<\/p>\n\n\n\n<p class=\"wp-block-paragraph\">Vieram \u201cOvelha Negra\u201d, \u201cAgora S\u00f3 Falta Voc\u00ea\u201d, \u201cMania de Voc\u00ea\u201d, \u201cLan\u00e7a Perfume\u201d, \u201cBaila Comigo\u201d e tantas outras can\u00e7\u00f5es que ajudaram a transformar o rock em linguagem popular no Brasil.<\/p>\n\n\n\n<p class=\"wp-block-paragraph\">Rita passou a cantar sobre liberdade, desejo, comportamento e cotidiano com uma naturalidade que parecia simples \u2014 mas era justamente sua grande for\u00e7a.<\/p>\n\n\n\n<p class=\"wp-block-paragraph\">Ela conseguia transformar assuntos que poderiam soar provocativos em can\u00e7\u00f5es que o grande p\u00fablico queria cantar.<\/p>\n\n\n\n<p class=\"wp-block-paragraph\">E talvez por isso Rita tenha se tornado muito maior do que um g\u00eanero musical.<\/p>\n\n\n\n<p class=\"wp-block-paragraph\"><strong>Ela se tornou uma personagem permanente da cultura brasileira.<\/strong><\/p>\n\n\n\n<hr class=\"wp-block-separator has-alpha-channel-opacity\"\/>\n\n\n\n<h2 class=\"wp-block-heading\">Vanusa: quando o palco chegou antes da fama<\/h2>\n\n\n\n<p class=\"wp-block-paragraph\">A hist\u00f3ria de Vanusa come\u00e7a de maneira bem diferente.<\/p>\n\n\n\n<p class=\"wp-block-paragraph\">Ela n\u00e3o precisou esperar uma grande gravadora ou um programa de televis\u00e3o para descobrir o palco.<\/p>\n\n\n\n<p class=\"wp-block-paragraph\">Aos <strong>16 anos<\/strong>, j\u00e1 cantava profissionalmente no conjunto de rock-baile <strong>Golden Lions<\/strong>. O dado aparece em registros biogr\u00e1ficos especializados e \u00e9 uma das melhores pistas para entender a dimens\u00e3o de sua precocidade art\u00edstica.<\/p>\n\n\n\n<p class=\"wp-block-paragraph\">Antes da televis\u00e3o, havia o baile.<\/p>\n\n\n\n<p class=\"wp-block-paragraph\">Antes da fama, havia estrada.<\/p>\n\n\n\n<p class=\"wp-block-paragraph\">E isso significa muito.<\/p>\n\n\n\n<p class=\"wp-block-paragraph\">Os conjuntos de baile eram uma verdadeira escola para m\u00fasicos e cantores daquela \u00e9poca. Era preciso conhecer repert\u00f3rios diferentes, lidar diretamente com o p\u00fablico e aprender a sustentar uma apresenta\u00e7\u00e3o inteira.<\/p>\n\n\n\n<p class=\"wp-block-paragraph\">Vanusa viveu essa experi\u00eancia ainda adolescente.<\/p>\n\n\n\n<h3 class=\"wp-block-heading\">A mudan\u00e7a para S\u00e3o Paulo<\/h3>\n\n\n\n<p class=\"wp-block-paragraph\">Uma apresenta\u00e7\u00e3o dos Golden Lions chamou a aten\u00e7\u00e3o de pessoas ligadas ao meio art\u00edstico e publicit\u00e1rio, abrindo para Vanusa a possibilidade de tentar a carreira profissional em S\u00e3o Paulo.<\/p>\n\n\n\n<p class=\"wp-block-paragraph\">A mudan\u00e7a alteraria completamente sua trajet\u00f3ria.<\/p>\n\n\n\n<p class=\"wp-block-paragraph\">Em meados dos anos 1960, a televis\u00e3o brasileira estava se tornando uma for\u00e7a gigantesca na cria\u00e7\u00e3o de novos \u00eddolos musicais.<\/p>\n\n\n\n<p class=\"wp-block-paragraph\">Vanusa encontrou ali uma porta.<\/p>\n\n\n\n<p class=\"wp-block-paragraph\">Em 1966, participou do programa <strong>\u201cO Bom\u201d<\/strong>, apresentado por Eduardo Ara\u00fajo na TV Excelsior.<\/p>\n\n\n\n<p class=\"wp-block-paragraph\">Depois vieram a grava\u00e7\u00e3o pela RCA Victor e \u201cPra Nunca Mais Chorar\u201d, composta por Eduardo Ara\u00fajo e Carlos Imperial.<\/p>\n\n\n\n<p class=\"wp-block-paragraph\">Vanusa tamb\u00e9m passou pelo universo da <strong>Jovem Guarda<\/strong>, mas sua carreira n\u00e3o caberia por muito tempo dentro daquele movimento.<\/p>\n\n\n\n<p class=\"wp-block-paragraph\">E essa \u00e9 uma das partes mais interessantes de sua hist\u00f3ria.<\/p>\n\n\n\n<h3 class=\"wp-block-heading\">A artista que recusou uma \u00fanica defini\u00e7\u00e3o<\/h3>\n\n\n\n<p class=\"wp-block-paragraph\">Vanusa foi int\u00e9rprete.<\/p>\n\n\n\n<p class=\"wp-block-paragraph\">Foi compositora.<\/p>\n\n\n\n<p class=\"wp-block-paragraph\">Foi atriz.<\/p>\n\n\n\n<p class=\"wp-block-paragraph\">Foi presen\u00e7a de televis\u00e3o.<\/p>\n\n\n\n<p class=\"wp-block-paragraph\">E, principalmente, foi uma cantora que continuou procurando repert\u00f3rios diferentes ao longo da carreira.<\/p>\n\n\n\n<p class=\"wp-block-paragraph\">Em 1968, lan\u00e7ou seu primeiro \u00e1lbum, \u201cVanusa\u201d, no qual tamb\u00e9m apareceu como compositora.<\/p>\n\n\n\n<p class=\"wp-block-paragraph\">Alguns anos depois, sua voz encontraria uma de suas can\u00e7\u00f5es mais associadas \u00e0 mem\u00f3ria brasileira: <strong>\u201cManh\u00e3s de Setembro\u201d<\/strong>, composta por Vanusa em parceria com M\u00e1rio Campanha.<\/p>\n\n\n\n<p class=\"wp-block-paragraph\">Depois vieram outras grava\u00e7\u00f5es importantes, entre elas <strong>\u201cParalelas\u201d<\/strong>, de Belchior, e <strong>\u201cMudan\u00e7as\u201d<\/strong>.<\/p>\n\n\n\n<p class=\"wp-block-paragraph\">Quando se observa essa sequ\u00eancia, fica mais f\u00e1cil compreender por que Vanusa n\u00e3o deve ser lembrada apenas como uma cantora ligada \u00e0 Jovem Guarda.<\/p>\n\n\n\n<p class=\"wp-block-paragraph\">A Jovem Guarda foi uma porta.<\/p>\n\n\n\n<p class=\"wp-block-paragraph\"><strong>N\u00e3o foi a casa inteira.<\/strong><\/p>\n\n\n\n<p class=\"wp-block-paragraph\">Sua carreira continuou muito al\u00e9m daquele primeiro momento.<\/p>\n\n\n\n<hr class=\"wp-block-separator has-alpha-channel-opacity\"\/>\n\n\n\n<h2 class=\"wp-block-heading\">Gal Costa: antes da Tropic\u00e1lia, uma jovem cercada de discos<\/h2>\n\n\n\n<p class=\"wp-block-paragraph\">Entre as tr\u00eas hist\u00f3rias, a de Gal Costa talvez tenha um dos detalhes mais fascinantes.<\/p>\n\n\n\n<p class=\"wp-block-paragraph\">Antes de ser Gal Costa, ela era <strong>Maria da Gra\u00e7a<\/strong>.<\/p>\n\n\n\n<p class=\"wp-block-paragraph\">E antes de conquistar os grandes palcos, trabalhou em uma loja de discos em Salvador.<\/p>\n\n\n\n<p class=\"wp-block-paragraph\">Parece um detalhe pequeno.<\/p>\n\n\n\n<p class=\"wp-block-paragraph\">N\u00e3o \u00e9.<\/p>\n\n\n\n<p class=\"wp-block-paragraph\">Imagine uma jovem interessada por m\u00fasica trabalhando diariamente em um lugar onde discos chegam, s\u00e3o ouvidos, comentados e descobertos.<\/p>\n\n\n\n<p class=\"wp-block-paragraph\">Naquele ambiente, Gal teve contato pr\u00f3ximo com o repert\u00f3rio musical de seu tempo e aprofundou sua liga\u00e7\u00e3o com a Bossa Nova. Registros biogr\u00e1ficos da Funda\u00e7\u00e3o Joaquim Nabuco destacam essa passagem pela loja de discos em Salvador.<\/p>\n\n\n\n<p class=\"wp-block-paragraph\">E havia um artista que teria import\u00e2ncia especial em sua forma\u00e7\u00e3o:<\/p>\n\n\n\n<p class=\"wp-block-paragraph\"><strong>Jo\u00e3o Gilberto.<\/strong><\/p>\n\n\n\n<p class=\"wp-block-paragraph\">A maneira econ\u00f4mica e \u00edntima de cantar, caracter\u00edstica da Bossa Nova, seria uma influ\u00eancia fundamental para a jovem cantora.<\/p>\n\n\n\n<p class=\"wp-block-paragraph\">Mas Gal n\u00e3o permaneceria ali.<\/p>\n\n\n\n<h3 class=\"wp-block-heading\">O encontro que mudaria tudo<\/h3>\n\n\n\n<p class=\"wp-block-paragraph\">Em 1963, Gal conheceu <strong>Caetano Veloso<\/strong>, apresentada por Ded\u00e9 Gadelha.<\/p>\n\n\n\n<p class=\"wp-block-paragraph\">A amizade e parceria art\u00edstica entre os dois se tornaria uma das mais importantes da m\u00fasica brasileira.<\/p>\n\n\n\n<p class=\"wp-block-paragraph\">No ano seguinte, Gal participou do espet\u00e1culo <strong>\u201cN\u00f3s, Por Exemplo\u201d<\/strong>, realizado no Teatro Vila Velha, em Salvador, ao lado de nomes como Caetano Veloso, Gilberto Gil, Maria Beth\u00e2nia e Tom Z\u00e9.<\/p>\n\n\n\n<p class=\"wp-block-paragraph\">Era uma gera\u00e7\u00e3o se encontrando.<\/p>\n\n\n\n<p class=\"wp-block-paragraph\">Ainda n\u00e3o existia a Tropic\u00e1lia como movimento consolidado.<\/p>\n\n\n\n<p class=\"wp-block-paragraph\">Mas havia alguma coisa acontecendo.<\/p>\n\n\n\n<p class=\"wp-block-paragraph\">Os artistas estavam experimentando repert\u00f3rios, formas de apresenta\u00e7\u00e3o e maneiras diferentes de pensar a m\u00fasica brasileira.<\/p>\n\n\n\n<p class=\"wp-block-paragraph\">Gal estava no meio dessa transforma\u00e7\u00e3o.<\/p>\n\n\n\n<h3 class=\"wp-block-heading\">De Maria da Gra\u00e7a a Gal<\/h3>\n\n\n\n<p class=\"wp-block-paragraph\">A mudan\u00e7a de nome art\u00edstico tamb\u00e9m pertence a essa hist\u00f3ria.<\/p>\n\n\n\n<p class=\"wp-block-paragraph\">Foi Guilherme Ara\u00fajo, empres\u00e1rio que teria papel importante na carreira da cantora, quem sugeriu o nome <strong>Gal<\/strong>.<\/p>\n\n\n\n<p class=\"wp-block-paragraph\">A partir dali, Maria da Gra\u00e7a come\u00e7aria a desaparecer do palco.<\/p>\n\n\n\n<p class=\"wp-block-paragraph\">E Gal Costa surgiria.<\/p>\n\n\n\n<p class=\"wp-block-paragraph\">Em 1965, ela participou do primeiro disco de Maria Beth\u00e2nia e realizou sua primeira grava\u00e7\u00e3o em um LP.<\/p>\n\n\n\n<p class=\"wp-block-paragraph\">Depois vieram os primeiros registros pr\u00f3prios.<\/p>\n\n\n\n<p class=\"wp-block-paragraph\">Em 1967, Gal e Caetano lan\u00e7aram <strong>\u201cDomingo\u201d<\/strong>, primeiro \u00e1lbum de est\u00fadio dos dois.<\/p>\n\n\n\n<p class=\"wp-block-paragraph\">O disco ainda carregava forte influ\u00eancia da Bossa Nova.<\/p>\n\n\n\n<p class=\"wp-block-paragraph\">Mas bastaria pouco tempo para a cantora revelar outra dimens\u00e3o.<\/p>\n\n\n\n<h3 class=\"wp-block-heading\">Quando aquela voz mudou de dire\u00e7\u00e3o<\/h3>\n\n\n\n<p class=\"wp-block-paragraph\">A transforma\u00e7\u00e3o de Gal \u00e9 uma das hist\u00f3rias mais fascinantes da m\u00fasica brasileira.<\/p>\n\n\n\n<p class=\"wp-block-paragraph\">A mesma cantora que havia aprendido a trabalhar a delicadeza do canto pr\u00f3ximo da Bossa Nova passaria a explorar guitarras, psicodelia, rock e uma interpreta\u00e7\u00e3o muito mais f\u00edsica.<\/p>\n\n\n\n<p class=\"wp-block-paragraph\">A Tropic\u00e1lia encontrou nela uma int\u00e9rprete perfeita.<\/p>\n\n\n\n<p class=\"wp-block-paragraph\">\u201cDivino Maravilhoso\u201d, de Caetano Veloso e Gilberto Gil, tornou-se um dos s\u00edmbolos dessa transforma\u00e7\u00e3o.<\/p>\n\n\n\n<p class=\"wp-block-paragraph\">Depois vieram outras fases.<\/p>\n\n\n\n<p class=\"wp-block-paragraph\">Gal poderia ser delicada.<\/p>\n\n\n\n<p class=\"wp-block-paragraph\">Poderia ser explosiva.<\/p>\n\n\n\n<p class=\"wp-block-paragraph\">Poderia ser sofisticada.<\/p>\n\n\n\n<p class=\"wp-block-paragraph\">Poderia ser popular.<\/p>\n\n\n\n<p class=\"wp-block-paragraph\">Poderia experimentar.<\/p>\n\n\n\n<p class=\"wp-block-paragraph\">E talvez seja exatamente por isso que sua carreira tenha atravessado tantas gera\u00e7\u00f5es sem perder relev\u00e2ncia.<\/p>\n\n\n\n<p class=\"wp-block-paragraph\"><strong>Gal nunca parou de procurar a pr\u00f3xima possibilidade de sua pr\u00f3pria voz.<\/strong><\/p>\n\n\n\n<hr class=\"wp-block-separator has-alpha-channel-opacity\"\/>\n\n\n\n<h2 class=\"wp-block-heading\">Tr\u00eas mulheres, tr\u00eas portas de entrada para a m\u00fasica<\/h2>\n\n\n\n<p class=\"wp-block-paragraph\">Quando colocamos as hist\u00f3rias lado a lado, surge uma coincid\u00eancia curiosa.<\/p>\n\n\n\n<p class=\"wp-block-paragraph\">As tr\u00eas come\u00e7aram antes de serem famosas \u2014 mas come\u00e7aram de maneiras completamente diferentes.<\/p>\n\n\n\n<p class=\"wp-block-paragraph\"><strong>Rita Lee<\/strong> veio do encontro entre uma forma\u00e7\u00e3o musical inicial e a descoberta do rock.<\/p>\n\n\n\n<p class=\"wp-block-paragraph\"><strong>Vanusa<\/strong> aprendeu a profiss\u00e3o diretamente diante do p\u00fablico, nos bailes, ainda adolescente.<\/p>\n\n\n\n<p class=\"wp-block-paragraph\"><strong>Gal Costa<\/strong> mergulhou na m\u00fasica em Salvador, entre discos, amigos e uma gera\u00e7\u00e3o que come\u00e7ava a mudar a can\u00e7\u00e3o brasileira.<\/p>\n\n\n\n<p class=\"wp-block-paragraph\">Nenhuma dessas hist\u00f3rias parece, sozinha, anunciar a dimens\u00e3o que suas protagonistas alcan\u00e7ariam.<\/p>\n\n\n\n<p class=\"wp-block-paragraph\">Mas, olhando para tr\u00e1s, os sinais estavam todos ali.<\/p>\n\n\n\n<p class=\"wp-block-paragraph\">A curiosidade de Rita.<\/p>\n\n\n\n<p class=\"wp-block-paragraph\">A experi\u00eancia precoce de Vanusa.<\/p>\n\n\n\n<p class=\"wp-block-paragraph\">A capacidade de escuta de Gal.<\/p>\n\n\n\n<p class=\"wp-block-paragraph\">Tr\u00eas caracter\u00edsticas diferentes.<\/p>\n\n\n\n<p class=\"wp-block-paragraph\">Tr\u00eas artistas diferentes.<\/p>\n\n\n\n<p class=\"wp-block-paragraph\">Tr\u00eas legados imposs\u00edveis de confundir.<\/p>\n\n\n\n<hr class=\"wp-block-separator has-alpha-channel-opacity\"\/>\n\n\n\n<h2 class=\"wp-block-heading\">E ent\u00e3o vieram as can\u00e7\u00f5es que ficaram<\/h2>\n\n\n\n<p class=\"wp-block-paragraph\">Talvez seja esse o ponto em que a biografia deixa de ser biografia e passa a ser mem\u00f3ria.<\/p>\n\n\n\n<p class=\"wp-block-paragraph\">Porque, no fim, n\u00e3o lembramos apenas das tr\u00eas artistas.<\/p>\n\n\n\n<p class=\"wp-block-paragraph\">Lembramos das m\u00fasicas.<\/p>\n\n\n\n<p class=\"wp-block-paragraph\">\u201c<strong>Ovelha Negra<\/strong>\u201d.<\/p>\n\n\n\n<p class=\"wp-block-paragraph\">\u201c<strong>Agora S\u00f3 Falta Voc\u00ea<\/strong>\u201d.<\/p>\n\n\n\n<p class=\"wp-block-paragraph\">\u201c<strong>Mania de Voc\u00ea<\/strong>\u201d.<\/p>\n\n\n\n<p class=\"wp-block-paragraph\">\u201c<strong>Lan\u00e7a Perfume<\/strong>\u201d.<\/p>\n\n\n\n<p class=\"wp-block-paragraph\">\u201c<strong>Manh\u00e3s de Setembro<\/strong>\u201d.<\/p>\n\n\n\n<p class=\"wp-block-paragraph\">\u201c<strong>Paralelas<\/strong>\u201d.<\/p>\n\n\n\n<p class=\"wp-block-paragraph\">\u201c<strong>Mudan\u00e7as<\/strong>\u201d.<\/p>\n\n\n\n<p class=\"wp-block-paragraph\">\u201c<strong>Baby<\/strong>\u201d.<\/p>\n\n\n\n<p class=\"wp-block-paragraph\">\u201c<strong>Vapor Barato<\/strong>\u201d.<\/p>\n\n\n\n<p class=\"wp-block-paragraph\">\u201c<strong>Divino Maravilhoso<\/strong>\u201d.<\/p>\n\n\n\n<p class=\"wp-block-paragraph\">\u201c<strong>Festa do Interior<\/strong>\u201d.<\/p>\n\n\n\n<p class=\"wp-block-paragraph\">S\u00e3o t\u00edtulos.<\/p>\n\n\n\n<p class=\"wp-block-paragraph\">Mas tamb\u00e9m s\u00e3o lugares da mem\u00f3ria.<\/p>\n\n\n\n<p class=\"wp-block-paragraph\">Cada um pode carregar uma \u00e9poca diferente da vida de quem escuta.<\/p>\n\n\n\n<p class=\"wp-block-paragraph\">\u00c9 por isso que a saudade provocada pela m\u00fasica \u00e9 t\u00e3o particular.<\/p>\n\n\n\n<p class=\"wp-block-paragraph\">Uma can\u00e7\u00e3o n\u00e3o precisa apenas lembrar uma artista.<\/p>\n\n\n\n<p class=\"wp-block-paragraph\">Ela pode lembrar <strong>quem n\u00f3s \u00e9ramos quando aquela artista fazia parte da nossa rotina<\/strong>.<\/p>\n\n\n\n<hr class=\"wp-block-separator has-alpha-channel-opacity\"\/>\n\n\n\n<h2 class=\"wp-block-heading\">Tr\u00eas estrelas. Uma pergunta.<\/h2>\n\n\n\n<p class=\"wp-block-paragraph\">Rita Lee nos deixou em 8 de maio de 2023, aos 75 anos.<\/p>\n\n\n\n<p class=\"wp-block-paragraph\">Vanusa morreu em 8 de novembro de 2020, aos 73 anos.<\/p>\n\n\n\n<p class=\"wp-block-paragraph\">Gal Costa morreu em 9 de novembro de 2022, aos 77 anos.<\/p>\n\n\n\n<p class=\"wp-block-paragraph\">Tr\u00eas despedidas.<\/p>\n\n\n\n<p class=\"wp-block-paragraph\">Tr\u00eas trajet\u00f3rias.<\/p>\n\n\n\n<p class=\"wp-block-paragraph\">Tr\u00eas repert\u00f3rios que continuam circulando.<\/p>\n\n\n\n<p class=\"wp-block-paragraph\">E existe uma pergunta que talvez n\u00e3o tenha resposta certa:<\/p>\n\n\n\n<p class=\"wp-block-paragraph\"><strong>De qual delas voc\u00ea ainda sente falta?<\/strong><\/p>\n\n\n\n<p class=\"wp-block-paragraph\">Talvez seja Rita, pela irrever\u00eancia que parecia imposs\u00edvel de substituir.<\/p>\n\n\n\n<p class=\"wp-block-paragraph\">Talvez Vanusa, por aquela voz que fazia determinadas can\u00e7\u00f5es parecerem confiss\u00f5es pessoais.<\/p>\n\n\n\n<p class=\"wp-block-paragraph\">Talvez Gal, pela capacidade de transformar a pr\u00f3pria voz sempre que a m\u00fasica brasileira mudava de dire\u00e7\u00e3o.<\/p>\n\n\n\n<p class=\"wp-block-paragraph\">Ou talvez seja imposs\u00edvel escolher.<\/p>\n\n\n\n<p class=\"wp-block-paragraph\">Porque algumas aus\u00eancias n\u00e3o competem entre si.<\/p>\n\n\n\n<p class=\"wp-block-paragraph\"><strong>Elas simplesmente se somam.<\/strong><\/p>\n\n\n\n<hr class=\"wp-block-separator has-alpha-channel-opacity\"\/>\n\n\n\n<h2 class=\"wp-block-heading\">\ud83c\udfb5 Voc\u00ea Sabia?<\/h2>\n\n\n\n<p class=\"wp-block-paragraph\">Rita Lee estudou piano com Magdalena Tagliaferro antes de se tornar um dos maiores nomes do rock brasileiro \u2014 uma passagem pouco lembrada quando sua trajet\u00f3ria \u00e9 resumida apenas aos Mutantes e \u00e0 carreira solo.<\/p>\n\n\n\n<p class=\"wp-block-paragraph\">Vanusa j\u00e1 cantava profissionalmente aos 16 anos no conjunto de rock-baile Golden Lions. Ou seja: quando sua imagem come\u00e7ou a chegar ao grande p\u00fablico pela televis\u00e3o, ela j\u00e1 trazia experi\u00eancia de palco.<\/p>\n\n\n\n<p class=\"wp-block-paragraph\">Gal Costa trabalhou em uma loja de discos em Salvador antes da fama. A experi\u00eancia a colocou em contato cotidiano com grava\u00e7\u00f5es e repert\u00f3rios que ajudaram a formar seu universo musical.<\/p>\n\n\n\n<p class=\"wp-block-paragraph\">S\u00e3o tr\u00eas pequenos detalhes.<\/p>\n\n\n\n<p class=\"wp-block-paragraph\">Mas juntos eles contam uma hist\u00f3ria maior:<\/p>\n\n\n\n<p class=\"wp-block-paragraph\"><strong>antes de o Brasil conhecer essas estrelas, elas j\u00e1 estavam aprendendo a ouvir, cantar e sobreviver no mundo da m\u00fasica.<\/strong><\/p>\n\n\n\n<hr class=\"wp-block-separator has-alpha-channel-opacity\"\/>\n\n\n\n<h2 class=\"wp-block-heading\">Continue explorando a hist\u00f3ria da m\u00fasica<\/h2>\n\n\n\n<p class=\"wp-block-paragraph\">No <strong>Portal Planeta Saudade<\/strong>, cada artista \u00e9 tamb\u00e9m uma porta para outras hist\u00f3rias.<\/p>\n\n\n\n<p class=\"wp-block-paragraph\">Porque uma m\u00fasica nunca nasce sozinha.<\/p>\n\n\n\n<p class=\"wp-block-paragraph\">Existe quem a comp\u00f4s.<\/p>\n\n\n\n<p class=\"wp-block-paragraph\">Quem a cantou.<\/p>\n\n\n\n<p class=\"wp-block-paragraph\">Quem tocou.<\/p>\n\n\n\n<p class=\"wp-block-paragraph\">Quem produziu.<\/p>\n\n\n\n<p class=\"wp-block-paragraph\">Quem ouviu pela primeira vez.<\/p>\n\n\n\n<p class=\"wp-block-paragraph\">E existe o p\u00fablico que, d\u00e9cadas depois, ainda consegue reconhecer os primeiros acordes.<\/p>\n\n\n\n<p class=\"wp-block-paragraph\">Se Rita Lee, Vanusa e Gal Costa fazem parte da sua mem\u00f3ria, continue explorando outras hist\u00f3rias da m\u00fasica brasileira no Portal.<\/p>\n\n\n\n<p class=\"wp-block-paragraph\">Talvez a pr\u00f3xima can\u00e7\u00e3o tamb\u00e9m esconda uma hist\u00f3ria que voc\u00ea ainda n\u00e3o conhecia.<\/p>\n\n\n\n<hr class=\"wp-block-separator has-alpha-channel-opacity\"\/>\n\n\n\n<h2 class=\"wp-block-heading\">Agora, escute essas hist\u00f3rias de outra maneira<\/h2>\n\n\n\n<p class=\"wp-block-paragraph\">Depois de descobrir como essas tr\u00eas artistas come\u00e7aram, talvez seja imposs\u00edvel ouvir suas m\u00fasicas exatamente da mesma forma.<\/p>\n\n\n\n<p class=\"wp-block-paragraph\">Ao escutar Rita, talvez voc\u00ea se lembre daquela menina diante do piano antes de descobrir o rock.<\/p>\n\n\n\n<p class=\"wp-block-paragraph\">Ao ouvir Vanusa, talvez apare\u00e7a a adolescente que j\u00e1 enfrentava os palcos dos bailes aos 16 anos.<\/p>\n\n\n\n<p class=\"wp-block-paragraph\">Ao ouvir Gal, talvez voc\u00ea imagine Maria da Gra\u00e7a entre discos em Salvador, antes de aquela jovem se transformar em uma das vozes mais marcantes da m\u00fasica brasileira.<\/p>\n\n\n\n<p class=\"wp-block-paragraph\">E \u00e9 justamente a\u00ed que a hist\u00f3ria encontra a m\u00fasica.<\/p>\n\n\n\n<p class=\"wp-block-paragraph\"><strong>Os grandes sucessos de Rita Lee, Vanusa e Gal Costa fazem parte da programa\u00e7\u00e3o da R\u00e1dio Planeta Saudade.<\/strong><\/p>\n\n\n\n<p class=\"wp-block-paragraph\">Aquelas can\u00e7\u00f5es que marcaram gera\u00e7\u00f5es continuam encontrando espa\u00e7o onde a mem\u00f3ria musical permanece viva.<\/p>\n\n\n\n<p class=\"wp-block-paragraph\">Voc\u00ea n\u00e3o precisa apenas lembrar.<\/p>\n\n\n\n<p class=\"wp-block-paragraph\"><strong>Pode ouvir novamente.<\/strong><\/p>\n\n\n\n<p class=\"wp-block-paragraph\">\ud83c\udf10 <strong>Site oficial:<\/strong> radioplanetasaudade.com.br<br>\ud83d\udcf1 <strong>Aplicativo oficial:<\/strong> Android e iPhone<br>\ud83d\udcbb <strong>Web App:<\/strong> Android, iOS e computadores<br>\ud83d\udde3\ufe0f <strong>Alexa:<\/strong> \u201cAlexa, tocar R\u00e1dio Planeta Saudade\u201d<br>\ud83d\ude97 <strong>Android Auto e Apple CarPlay:<\/strong> R\u00e1dio Planeta Saudade no carro<br>\ud83d\udcfb <strong>R\u00e1dios Net:<\/strong> dispon\u00edvel tamb\u00e9m na plataforma<br>\ud83c\udfa7 <strong>CX R\u00e1dio:<\/strong> dispon\u00edvel tamb\u00e9m na plataforma<\/p>\n\n\n\n<hr class=\"wp-block-separator has-alpha-channel-opacity\"\/>\n\n\n\n<h2 class=\"wp-block-heading\">Sobre o Portal Planeta Saudade<\/h2>\n\n\n\n<p class=\"wp-block-paragraph\">O <strong>Portal Planeta Saudade<\/strong> existe para preservar a mem\u00f3ria da m\u00fasica com pesquisa, contexto, responsabilidade e emo\u00e7\u00e3o.<\/p>\n\n\n\n<p class=\"wp-block-paragraph\">Mais do que lembrar que uma m\u00fasica foi importante, procuramos explicar <strong>por que ela foi importante, quem participou de sua trajet\u00f3ria e quais hist\u00f3rias merecem continuar vivas<\/strong>.<\/p>\n\n\n\n<p class=\"wp-block-paragraph\">Porque uma can\u00e7\u00e3o \u00e9 mais do que uma grava\u00e7\u00e3o.<\/p>\n\n\n\n<p class=\"wp-block-paragraph\">\u00c9 composi\u00e7\u00e3o, interpreta\u00e7\u00e3o, \u00e9poca, pessoas, escolhas, sentimentos e mem\u00f3ria.<\/p>\n\n\n\n<p class=\"wp-block-paragraph\">E algumas vozes, mesmo depois de partirem, continuam encontrando um jeito de voltar.<\/p>\n\n\n\n<p class=\"wp-block-paragraph\">Basta uma m\u00fasica.<\/p>\n\n\n\n<p class=\"wp-block-paragraph\">Basta apertar o play.<\/p>\n\n\n\n<p class=\"wp-block-paragraph\"><strong>Preservando a mem\u00f3ria da m\u00fasica, uma hist\u00f3ria de cada vez.<\/strong><\/p>\n","protected":false},"excerpt":{"rendered":"<p>Antes dos grandes palcos e dos sucessos que atravessaram gera\u00e7\u00f5es, Rita Lee, Vanusa e Gal&#8230;<\/p>\n","protected":false},"author":1,"featured_media":6311,"comment_status":"open","ping_status":"open","sticky":false,"template":"","format":"standard","meta":{"footnotes":""},"categories":[92],"tags":[119,118,120,121,117,232,561,562,116,99,244,261],"class_list":["post-6310","post","type-post","status-publish","format-standard","has-post-thumbnail","hentry","category-baixe-nosso-aplicativo","tag-anos-70","tag-anos-80","tag-anos-90","tag-baixe-nosso-app","tag-flashaback","tag-gal-costa","tag-ouvir","tag-ouvir-radio","tag-radio","tag-radio-planeta-saudade","tag-rita-lee","tag-vanusa"],"yoast_head":"<!-- This site is optimized with the Yoast SEO plugin v28.4 - https:\/\/yoast.com\/product\/yoast-seo-wordpress\/ -->\n<title>Rita Lee, Vanusa e Gal Costa: tr\u00eas estrelas, tr\u00eas caminhos e a saudade que ficou - R\u00c1DIO PLANETA SAUDADE<\/title>\n<meta name=\"robots\" content=\"index, follow, max-snippet:-1, max-image-preview:large, max-video-preview:-1\" \/>\n<link rel=\"canonical\" href=\"https:\/\/radioplanetasaudade.com.br\/index.php\/2026\/09\/03\/rita-lee-vanusa-e-gal-costa-tres-estrelas-tres-caminhos-e-a-saudade-que-ficou\/\" \/>\n<meta property=\"og:locale\" content=\"pt_BR\" \/>\n<meta property=\"og:type\" content=\"article\" \/>\n<meta property=\"og:title\" content=\"Rita Lee, Vanusa e Gal Costa: tr\u00eas estrelas, tr\u00eas caminhos e a saudade que ficou - R\u00c1DIO PLANETA SAUDADE\" \/>\n<meta property=\"og:description\" content=\"Antes dos grandes palcos e dos sucessos que atravessaram gera\u00e7\u00f5es, Rita Lee, Vanusa e Gal...\" \/>\n<meta property=\"og:url\" content=\"https:\/\/radioplanetasaudade.com.br\/index.php\/2026\/09\/03\/rita-lee-vanusa-e-gal-costa-tres-estrelas-tres-caminhos-e-a-saudade-que-ficou\/\" \/>\n<meta property=\"og:site_name\" content=\"R\u00c1DIO PLANETA SAUDADE\" \/>\n<meta property=\"article:published_time\" content=\"2026-09-03T12:37:34+00:00\" \/>\n<meta property=\"article:modified_time\" content=\"2026-09-03T12:37:36+00:00\" \/>\n<meta property=\"og:image\" content=\"https:\/\/radioplanetasaudade.com.br\/wp-content\/uploads\/2026\/09\/WhatsApp-Image-2026-09-03-at-07.58.59.jpeg\" \/>\n\t<meta property=\"og:image:width\" content=\"1254\" \/>\n\t<meta property=\"og:image:height\" content=\"1254\" \/>\n\t<meta property=\"og:image:type\" content=\"image\/jpeg\" \/>\n<meta name=\"author\" content=\"Planeta Saudade\" \/>\n<meta name=\"twitter:card\" content=\"summary_large_image\" \/>\n<meta name=\"twitter:label1\" content=\"Escrito por\" \/>\n\t<meta name=\"twitter:data1\" content=\"Planeta Saudade\" \/>\n\t<meta name=\"twitter:label2\" content=\"Est. tempo de leitura\" \/>\n\t<meta name=\"twitter:data2\" content=\"14 minutos\" \/>\n<script type=\"application\/ld+json\" class=\"yoast-schema-graph\">{\"@context\":\"https:\\\/\\\/schema.org\",\"@graph\":[{\"@type\":\"Article\",\"@id\":\"https:\\\/\\\/radioplanetasaudade.com.br\\\/index.php\\\/2026\\\/09\\\/03\\\/rita-lee-vanusa-e-gal-costa-tres-estrelas-tres-caminhos-e-a-saudade-que-ficou\\\/#article\",\"isPartOf\":{\"@id\":\"https:\\\/\\\/radioplanetasaudade.com.br\\\/index.php\\\/2026\\\/09\\\/03\\\/rita-lee-vanusa-e-gal-costa-tres-estrelas-tres-caminhos-e-a-saudade-que-ficou\\\/\"},\"author\":{\"name\":\"Planeta Saudade\",\"@id\":\"https:\\\/\\\/radioplanetasaudade.com.br\\\/#\\\/schema\\\/person\\\/1a6f6fc0d987819324e7ed417a1a6581\"},\"headline\":\"Rita Lee, Vanusa e Gal Costa: tr\u00eas estrelas, tr\u00eas caminhos e a saudade que ficou\",\"datePublished\":\"2026-09-03T12:37:34+00:00\",\"dateModified\":\"2026-09-03T12:37:36+00:00\",\"mainEntityOfPage\":{\"@id\":\"https:\\\/\\\/radioplanetasaudade.com.br\\\/index.php\\\/2026\\\/09\\\/03\\\/rita-lee-vanusa-e-gal-costa-tres-estrelas-tres-caminhos-e-a-saudade-que-ficou\\\/\"},\"wordCount\":2733,\"commentCount\":0,\"publisher\":{\"@id\":\"https:\\\/\\\/radioplanetasaudade.com.br\\\/#organization\"},\"image\":{\"@id\":\"https:\\\/\\\/radioplanetasaudade.com.br\\\/index.php\\\/2026\\\/09\\\/03\\\/rita-lee-vanusa-e-gal-costa-tres-estrelas-tres-caminhos-e-a-saudade-que-ficou\\\/#primaryimage\"},\"thumbnailUrl\":\"https:\\\/\\\/radioplanetasaudade.com.br\\\/wp-content\\\/uploads\\\/2026\\\/09\\\/WhatsApp-Image-2026-09-03-at-07.58.59.jpeg\",\"keywords\":[\"Anos 70\",\"Anos 80\",\"Anos 90\",\"Baixe nosso App\",\"Flashaback\",\"Gal Costa\",\"Ouvir\",\"Ouvir r\u00e1dio\",\"R\u00e1dio\",\"R\u00e1dio Planeta Saudade\",\"Rita Lee\",\"Vanusa\"],\"articleSection\":[\"BAIXE NOSSO APLICATIVO\"],\"inLanguage\":\"pt-BR\",\"potentialAction\":[{\"@type\":\"CommentAction\",\"name\":\"Comment\",\"target\":[\"https:\\\/\\\/radioplanetasaudade.com.br\\\/index.php\\\/2026\\\/09\\\/03\\\/rita-lee-vanusa-e-gal-costa-tres-estrelas-tres-caminhos-e-a-saudade-que-ficou\\\/#respond\"]}]},{\"@type\":\"WebPage\",\"@id\":\"https:\\\/\\\/radioplanetasaudade.com.br\\\/index.php\\\/2026\\\/09\\\/03\\\/rita-lee-vanusa-e-gal-costa-tres-estrelas-tres-caminhos-e-a-saudade-que-ficou\\\/\",\"url\":\"https:\\\/\\\/radioplanetasaudade.com.br\\\/index.php\\\/2026\\\/09\\\/03\\\/rita-lee-vanusa-e-gal-costa-tres-estrelas-tres-caminhos-e-a-saudade-que-ficou\\\/\",\"name\":\"Rita Lee, Vanusa e Gal Costa: tr\u00eas estrelas, tr\u00eas caminhos e a saudade que ficou - R\u00c1DIO PLANETA SAUDADE\",\"isPartOf\":{\"@id\":\"https:\\\/\\\/radioplanetasaudade.com.br\\\/#website\"},\"primaryImageOfPage\":{\"@id\":\"https:\\\/\\\/radioplanetasaudade.com.br\\\/index.php\\\/2026\\\/09\\\/03\\\/rita-lee-vanusa-e-gal-costa-tres-estrelas-tres-caminhos-e-a-saudade-que-ficou\\\/#primaryimage\"},\"image\":{\"@id\":\"https:\\\/\\\/radioplanetasaudade.com.br\\\/index.php\\\/2026\\\/09\\\/03\\\/rita-lee-vanusa-e-gal-costa-tres-estrelas-tres-caminhos-e-a-saudade-que-ficou\\\/#primaryimage\"},\"thumbnailUrl\":\"https:\\\/\\\/radioplanetasaudade.com.br\\\/wp-content\\\/uploads\\\/2026\\\/09\\\/WhatsApp-Image-2026-09-03-at-07.58.59.jpeg\",\"datePublished\":\"2026-09-03T12:37:34+00:00\",\"dateModified\":\"2026-09-03T12:37:36+00:00\",\"breadcrumb\":{\"@id\":\"https:\\\/\\\/radioplanetasaudade.com.br\\\/index.php\\\/2026\\\/09\\\/03\\\/rita-lee-vanusa-e-gal-costa-tres-estrelas-tres-caminhos-e-a-saudade-que-ficou\\\/#breadcrumb\"},\"inLanguage\":\"pt-BR\",\"potentialAction\":[{\"@type\":\"ReadAction\",\"target\":[\"https:\\\/\\\/radioplanetasaudade.com.br\\\/index.php\\\/2026\\\/09\\\/03\\\/rita-lee-vanusa-e-gal-costa-tres-estrelas-tres-caminhos-e-a-saudade-que-ficou\\\/\"]}]},{\"@type\":\"ImageObject\",\"inLanguage\":\"pt-BR\",\"@id\":\"https:\\\/\\\/radioplanetasaudade.com.br\\\/index.php\\\/2026\\\/09\\\/03\\\/rita-lee-vanusa-e-gal-costa-tres-estrelas-tres-caminhos-e-a-saudade-que-ficou\\\/#primaryimage\",\"url\":\"https:\\\/\\\/radioplanetasaudade.com.br\\\/wp-content\\\/uploads\\\/2026\\\/09\\\/WhatsApp-Image-2026-09-03-at-07.58.59.jpeg\",\"contentUrl\":\"https:\\\/\\\/radioplanetasaudade.com.br\\\/wp-content\\\/uploads\\\/2026\\\/09\\\/WhatsApp-Image-2026-09-03-at-07.58.59.jpeg\",\"width\":1254,\"height\":1254},{\"@type\":\"BreadcrumbList\",\"@id\":\"https:\\\/\\\/radioplanetasaudade.com.br\\\/index.php\\\/2026\\\/09\\\/03\\\/rita-lee-vanusa-e-gal-costa-tres-estrelas-tres-caminhos-e-a-saudade-que-ficou\\\/#breadcrumb\",\"itemListElement\":[{\"@type\":\"ListItem\",\"position\":1,\"name\":\"In\u00edcio\",\"item\":\"https:\\\/\\\/radioplanetasaudade.com.br\\\/\"},{\"@type\":\"ListItem\",\"position\":2,\"name\":\"Rita Lee, Vanusa e Gal Costa: tr\u00eas estrelas, tr\u00eas caminhos e a saudade que ficou\"}]},{\"@type\":\"WebSite\",\"@id\":\"https:\\\/\\\/radioplanetasaudade.com.br\\\/#website\",\"url\":\"https:\\\/\\\/radioplanetasaudade.com.br\\\/\",\"name\":\"R\u00e1dio Planeta Saudade\",\"description\":\"Relembrando grandes sucessos musicais e informando sobre os maiores artistas do mundo ou\u00e7a no seu celular.\",\"publisher\":{\"@id\":\"https:\\\/\\\/radioplanetasaudade.com.br\\\/#organization\"},\"potentialAction\":[{\"@type\":\"SearchAction\",\"target\":{\"@type\":\"EntryPoint\",\"urlTemplate\":\"https:\\\/\\\/radioplanetasaudade.com.br\\\/?s={search_term_string}\"},\"query-input\":{\"@type\":\"PropertyValueSpecification\",\"valueRequired\":true,\"valueName\":\"search_term_string\"}}],\"inLanguage\":\"pt-BR\"},{\"@type\":\"Organization\",\"@id\":\"https:\\\/\\\/radioplanetasaudade.com.br\\\/#organization\",\"name\":\"R\u00e1dio Planeta Saudade\",\"url\":\"https:\\\/\\\/radioplanetasaudade.com.br\\\/\",\"logo\":{\"@type\":\"ImageObject\",\"inLanguage\":\"pt-BR\",\"@id\":\"https:\\\/\\\/radioplanetasaudade.com.br\\\/#\\\/schema\\\/logo\\\/image\\\/\",\"url\":\"https:\\\/\\\/radioplanetasaudade.com.br\\\/wp-content\\\/uploads\\\/2023\\\/10\\\/capture-20230607-202153.png\",\"contentUrl\":\"https:\\\/\\\/radioplanetasaudade.com.br\\\/wp-content\\\/uploads\\\/2023\\\/10\\\/capture-20230607-202153.png\",\"width\":1350,\"height\":358,\"caption\":\"R\u00e1dio Planeta Saudade\"},\"image\":{\"@id\":\"https:\\\/\\\/radioplanetasaudade.com.br\\\/#\\\/schema\\\/logo\\\/image\\\/\"}},{\"@type\":\"Person\",\"@id\":\"https:\\\/\\\/radioplanetasaudade.com.br\\\/#\\\/schema\\\/person\\\/1a6f6fc0d987819324e7ed417a1a6581\",\"name\":\"Planeta Saudade\",\"image\":{\"@type\":\"ImageObject\",\"inLanguage\":\"pt-BR\",\"@id\":\"https:\\\/\\\/secure.gravatar.com\\\/avatar\\\/f81afe153fb6e9e1d38e83d127599e125ba7a0bd5cdb1f795af3d9b0af8ddeb0?s=96&d=mm&r=g\",\"url\":\"https:\\\/\\\/secure.gravatar.com\\\/avatar\\\/f81afe153fb6e9e1d38e83d127599e125ba7a0bd5cdb1f795af3d9b0af8ddeb0?s=96&d=mm&r=g\",\"contentUrl\":\"https:\\\/\\\/secure.gravatar.com\\\/avatar\\\/f81afe153fb6e9e1d38e83d127599e125ba7a0bd5cdb1f795af3d9b0af8ddeb0?s=96&d=mm&r=g\",\"caption\":\"Planeta Saudade\"},\"sameAs\":[\"https:\\\/\\\/radioplanetasaudade.com.br\"],\"url\":\"https:\\\/\\\/radioplanetasaudade.com.br\\\/index.php\\\/author\\\/wendelsantos4567\\\/\"}]}<\/script>\n<!-- \/ Yoast SEO plugin. -->","yoast_head_json":{"title":"Rita Lee, Vanusa e Gal Costa: tr\u00eas estrelas, tr\u00eas caminhos e a saudade que ficou - R\u00c1DIO PLANETA SAUDADE","robots":{"index":"index","follow":"follow","max-snippet":"max-snippet:-1","max-image-preview":"max-image-preview:large","max-video-preview":"max-video-preview:-1"},"canonical":"https:\/\/radioplanetasaudade.com.br\/index.php\/2026\/09\/03\/rita-lee-vanusa-e-gal-costa-tres-estrelas-tres-caminhos-e-a-saudade-que-ficou\/","og_locale":"pt_BR","og_type":"article","og_title":"Rita Lee, Vanusa e Gal Costa: tr\u00eas estrelas, tr\u00eas caminhos e a saudade que ficou - R\u00c1DIO PLANETA SAUDADE","og_description":"Antes dos grandes palcos e dos sucessos que atravessaram gera\u00e7\u00f5es, Rita Lee, Vanusa e Gal...","og_url":"https:\/\/radioplanetasaudade.com.br\/index.php\/2026\/09\/03\/rita-lee-vanusa-e-gal-costa-tres-estrelas-tres-caminhos-e-a-saudade-que-ficou\/","og_site_name":"R\u00c1DIO PLANETA SAUDADE","article_published_time":"2026-09-03T12:37:34+00:00","article_modified_time":"2026-09-03T12:37:36+00:00","og_image":[{"width":1254,"height":1254,"url":"https:\/\/radioplanetasaudade.com.br\/wp-content\/uploads\/2026\/09\/WhatsApp-Image-2026-09-03-at-07.58.59.jpeg","type":"image\/jpeg"}],"author":"Planeta Saudade","twitter_card":"summary_large_image","twitter_misc":{"Escrito por":"Planeta Saudade","Est. tempo de leitura":"14 minutos"},"schema":{"@context":"https:\/\/schema.org","@graph":[{"@type":"Article","@id":"https:\/\/radioplanetasaudade.com.br\/index.php\/2026\/09\/03\/rita-lee-vanusa-e-gal-costa-tres-estrelas-tres-caminhos-e-a-saudade-que-ficou\/#article","isPartOf":{"@id":"https:\/\/radioplanetasaudade.com.br\/index.php\/2026\/09\/03\/rita-lee-vanusa-e-gal-costa-tres-estrelas-tres-caminhos-e-a-saudade-que-ficou\/"},"author":{"name":"Planeta Saudade","@id":"https:\/\/radioplanetasaudade.com.br\/#\/schema\/person\/1a6f6fc0d987819324e7ed417a1a6581"},"headline":"Rita Lee, Vanusa e Gal Costa: tr\u00eas estrelas, tr\u00eas caminhos e a saudade que ficou","datePublished":"2026-09-03T12:37:34+00:00","dateModified":"2026-09-03T12:37:36+00:00","mainEntityOfPage":{"@id":"https:\/\/radioplanetasaudade.com.br\/index.php\/2026\/09\/03\/rita-lee-vanusa-e-gal-costa-tres-estrelas-tres-caminhos-e-a-saudade-que-ficou\/"},"wordCount":2733,"commentCount":0,"publisher":{"@id":"https:\/\/radioplanetasaudade.com.br\/#organization"},"image":{"@id":"https:\/\/radioplanetasaudade.com.br\/index.php\/2026\/09\/03\/rita-lee-vanusa-e-gal-costa-tres-estrelas-tres-caminhos-e-a-saudade-que-ficou\/#primaryimage"},"thumbnailUrl":"https:\/\/radioplanetasaudade.com.br\/wp-content\/uploads\/2026\/09\/WhatsApp-Image-2026-09-03-at-07.58.59.jpeg","keywords":["Anos 70","Anos 80","Anos 90","Baixe nosso App","Flashaback","Gal Costa","Ouvir","Ouvir r\u00e1dio","R\u00e1dio","R\u00e1dio Planeta Saudade","Rita Lee","Vanusa"],"articleSection":["BAIXE NOSSO APLICATIVO"],"inLanguage":"pt-BR","potentialAction":[{"@type":"CommentAction","name":"Comment","target":["https:\/\/radioplanetasaudade.com.br\/index.php\/2026\/09\/03\/rita-lee-vanusa-e-gal-costa-tres-estrelas-tres-caminhos-e-a-saudade-que-ficou\/#respond"]}]},{"@type":"WebPage","@id":"https:\/\/radioplanetasaudade.com.br\/index.php\/2026\/09\/03\/rita-lee-vanusa-e-gal-costa-tres-estrelas-tres-caminhos-e-a-saudade-que-ficou\/","url":"https:\/\/radioplanetasaudade.com.br\/index.php\/2026\/09\/03\/rita-lee-vanusa-e-gal-costa-tres-estrelas-tres-caminhos-e-a-saudade-que-ficou\/","name":"Rita Lee, Vanusa e Gal Costa: tr\u00eas estrelas, tr\u00eas caminhos e a saudade que ficou - R\u00c1DIO PLANETA SAUDADE","isPartOf":{"@id":"https:\/\/radioplanetasaudade.com.br\/#website"},"primaryImageOfPage":{"@id":"https:\/\/radioplanetasaudade.com.br\/index.php\/2026\/09\/03\/rita-lee-vanusa-e-gal-costa-tres-estrelas-tres-caminhos-e-a-saudade-que-ficou\/#primaryimage"},"image":{"@id":"https:\/\/radioplanetasaudade.com.br\/index.php\/2026\/09\/03\/rita-lee-vanusa-e-gal-costa-tres-estrelas-tres-caminhos-e-a-saudade-que-ficou\/#primaryimage"},"thumbnailUrl":"https:\/\/radioplanetasaudade.com.br\/wp-content\/uploads\/2026\/09\/WhatsApp-Image-2026-09-03-at-07.58.59.jpeg","datePublished":"2026-09-03T12:37:34+00:00","dateModified":"2026-09-03T12:37:36+00:00","breadcrumb":{"@id":"https:\/\/radioplanetasaudade.com.br\/index.php\/2026\/09\/03\/rita-lee-vanusa-e-gal-costa-tres-estrelas-tres-caminhos-e-a-saudade-que-ficou\/#breadcrumb"},"inLanguage":"pt-BR","potentialAction":[{"@type":"ReadAction","target":["https:\/\/radioplanetasaudade.com.br\/index.php\/2026\/09\/03\/rita-lee-vanusa-e-gal-costa-tres-estrelas-tres-caminhos-e-a-saudade-que-ficou\/"]}]},{"@type":"ImageObject","inLanguage":"pt-BR","@id":"https:\/\/radioplanetasaudade.com.br\/index.php\/2026\/09\/03\/rita-lee-vanusa-e-gal-costa-tres-estrelas-tres-caminhos-e-a-saudade-que-ficou\/#primaryimage","url":"https:\/\/radioplanetasaudade.com.br\/wp-content\/uploads\/2026\/09\/WhatsApp-Image-2026-09-03-at-07.58.59.jpeg","contentUrl":"https:\/\/radioplanetasaudade.com.br\/wp-content\/uploads\/2026\/09\/WhatsApp-Image-2026-09-03-at-07.58.59.jpeg","width":1254,"height":1254},{"@type":"BreadcrumbList","@id":"https:\/\/radioplanetasaudade.com.br\/index.php\/2026\/09\/03\/rita-lee-vanusa-e-gal-costa-tres-estrelas-tres-caminhos-e-a-saudade-que-ficou\/#breadcrumb","itemListElement":[{"@type":"ListItem","position":1,"name":"In\u00edcio","item":"https:\/\/radioplanetasaudade.com.br\/"},{"@type":"ListItem","position":2,"name":"Rita Lee, Vanusa e Gal Costa: tr\u00eas estrelas, tr\u00eas caminhos e a saudade que ficou"}]},{"@type":"WebSite","@id":"https:\/\/radioplanetasaudade.com.br\/#website","url":"https:\/\/radioplanetasaudade.com.br\/","name":"R\u00e1dio Planeta Saudade","description":"Relembrando grandes sucessos musicais e informando sobre os maiores artistas do mundo ou\u00e7a no seu celular.","publisher":{"@id":"https:\/\/radioplanetasaudade.com.br\/#organization"},"potentialAction":[{"@type":"SearchAction","target":{"@type":"EntryPoint","urlTemplate":"https:\/\/radioplanetasaudade.com.br\/?s={search_term_string}"},"query-input":{"@type":"PropertyValueSpecification","valueRequired":true,"valueName":"search_term_string"}}],"inLanguage":"pt-BR"},{"@type":"Organization","@id":"https:\/\/radioplanetasaudade.com.br\/#organization","name":"R\u00e1dio Planeta Saudade","url":"https:\/\/radioplanetasaudade.com.br\/","logo":{"@type":"ImageObject","inLanguage":"pt-BR","@id":"https:\/\/radioplanetasaudade.com.br\/#\/schema\/logo\/image\/","url":"https:\/\/radioplanetasaudade.com.br\/wp-content\/uploads\/2023\/10\/capture-20230607-202153.png","contentUrl":"https:\/\/radioplanetasaudade.com.br\/wp-content\/uploads\/2023\/10\/capture-20230607-202153.png","width":1350,"height":358,"caption":"R\u00e1dio Planeta Saudade"},"image":{"@id":"https:\/\/radioplanetasaudade.com.br\/#\/schema\/logo\/image\/"}},{"@type":"Person","@id":"https:\/\/radioplanetasaudade.com.br\/#\/schema\/person\/1a6f6fc0d987819324e7ed417a1a6581","name":"Planeta Saudade","image":{"@type":"ImageObject","inLanguage":"pt-BR","@id":"https:\/\/secure.gravatar.com\/avatar\/f81afe153fb6e9e1d38e83d127599e125ba7a0bd5cdb1f795af3d9b0af8ddeb0?s=96&d=mm&r=g","url":"https:\/\/secure.gravatar.com\/avatar\/f81afe153fb6e9e1d38e83d127599e125ba7a0bd5cdb1f795af3d9b0af8ddeb0?s=96&d=mm&r=g","contentUrl":"https:\/\/secure.gravatar.com\/avatar\/f81afe153fb6e9e1d38e83d127599e125ba7a0bd5cdb1f795af3d9b0af8ddeb0?s=96&d=mm&r=g","caption":"Planeta Saudade"},"sameAs":["https:\/\/radioplanetasaudade.com.br"],"url":"https:\/\/radioplanetasaudade.com.br\/index.php\/author\/wendelsantos4567\/"}]}},"_links":{"self":[{"href":"https:\/\/radioplanetasaudade.com.br\/index.php\/wp-json\/wp\/v2\/posts\/6310","targetHints":{"allow":["GET"]}}],"collection":[{"href":"https:\/\/radioplanetasaudade.com.br\/index.php\/wp-json\/wp\/v2\/posts"}],"about":[{"href":"https:\/\/radioplanetasaudade.com.br\/index.php\/wp-json\/wp\/v2\/types\/post"}],"author":[{"embeddable":true,"href":"https:\/\/radioplanetasaudade.com.br\/index.php\/wp-json\/wp\/v2\/users\/1"}],"replies":[{"embeddable":true,"href":"https:\/\/radioplanetasaudade.com.br\/index.php\/wp-json\/wp\/v2\/comments?post=6310"}],"version-history":[{"count":1,"href":"https:\/\/radioplanetasaudade.com.br\/index.php\/wp-json\/wp\/v2\/posts\/6310\/revisions"}],"predecessor-version":[{"id":6312,"href":"https:\/\/radioplanetasaudade.com.br\/index.php\/wp-json\/wp\/v2\/posts\/6310\/revisions\/6312"}],"wp:featuredmedia":[{"embeddable":true,"href":"https:\/\/radioplanetasaudade.com.br\/index.php\/wp-json\/wp\/v2\/media\/6311"}],"wp:attachment":[{"href":"https:\/\/radioplanetasaudade.com.br\/index.php\/wp-json\/wp\/v2\/media?parent=6310"}],"wp:term":[{"taxonomy":"category","embeddable":true,"href":"https:\/\/radioplanetasaudade.com.br\/index.php\/wp-json\/wp\/v2\/categories?post=6310"},{"taxonomy":"post_tag","embeddable":true,"href":"https:\/\/radioplanetasaudade.com.br\/index.php\/wp-json\/wp\/v2\/tags?post=6310"}],"curies":[{"name":"wp","href":"https:\/\/api.w.org\/{rel}","templated":true}]}}