{"id":6316,"date":"2026-09-04T09:18:31","date_gmt":"2026-09-04T12:18:31","guid":{"rendered":"https:\/\/radioplanetasaudade.com.br\/?p=6316"},"modified":"2026-09-04T09:18:33","modified_gmt":"2026-09-04T12:18:33","slug":"gregory-abbott-e-shake-you-down-antes-de-chegar-ao-no-1-ele-passou-anos-procurando-a-propria-voz","status":"publish","type":"post","link":"https:\/\/radioplanetasaudade.com.br\/index.php\/2026\/09\/04\/gregory-abbott-e-shake-you-down-antes-de-chegar-ao-no-1-ele-passou-anos-procurando-a-propria-voz\/","title":{"rendered":"Gregory Abbott e \u201cShake You Down\u201d: antes de chegar ao n\u00ba 1, ele passou anos procurando a pr\u00f3pria voz"},"content":{"rendered":"\n<p class=\"wp-block-paragraph\"><strong>A hist\u00f3ria de um professor de Berkeley que transformou estudo, disciplina de est\u00fadio e uma simples express\u00e3o em uma das baladas mais marcantes do R&amp;B dos anos 1980.<\/strong><\/p>\n\n\n\n<figure class=\"wp-block-image aligncenter size-large\"><img fetchpriority=\"high\" decoding=\"async\" width=\"1024\" height=\"1024\" src=\"https:\/\/radioplanetasaudade.com.br\/wp-content\/uploads\/2026\/09\/WhatsApp-Image-2026-09-04-at-07.53.14-1024x1024-1.jpeg\" alt=\"\" class=\"wp-image-6317\" srcset=\"https:\/\/radioplanetasaudade.com.br\/wp-content\/uploads\/2026\/09\/WhatsApp-Image-2026-09-04-at-07.53.14-1024x1024-1.jpeg 1024w, https:\/\/radioplanetasaudade.com.br\/wp-content\/uploads\/2026\/09\/WhatsApp-Image-2026-09-04-at-07.53.14-150x150.jpeg 150w, https:\/\/radioplanetasaudade.com.br\/wp-content\/uploads\/2026\/09\/WhatsApp-Image-2026-09-04-at-07.53.14-768x768.jpeg 768w, https:\/\/radioplanetasaudade.com.br\/wp-content\/uploads\/2026\/09\/WhatsApp-Image-2026-09-04-at-07.53.14-300x300.jpeg 300w, https:\/\/radioplanetasaudade.com.br\/wp-content\/uploads\/2026\/09\/WhatsApp-Image-2026-09-04-at-07.53.14.jpeg 1254w\" sizes=\"(max-width: 1024px) 100vw, 1024px\" \/><\/figure>\n\n\n\n<p class=\"wp-block-paragraph\"><strong>Por Reda\u00e7\u00e3o Planeta Saudade<\/strong><br><strong>Publicado em: 4 de setembro de 2026<\/strong><\/p>\n\n\n\n<p class=\"wp-block-paragraph\">H\u00e1 m\u00fasicas que parecem ter existido antes mesmo de serem gravadas.<\/p>\n\n\n\n<p class=\"wp-block-paragraph\">\u201cShake You Down\u201d, de Gregory Abbott, \u00e9 uma delas. Para quem a ouviu nas r\u00e1dios durante os anos 1980, bastavam os primeiros compassos para reconhecer uma atmosfera particular: voz suave, tens\u00e3o rom\u00e2ntica e um groove que n\u00e3o precisava correr para prender a aten\u00e7\u00e3o.<\/p>\n\n\n\n<p class=\"wp-block-paragraph\">Mas, antes de essa voz chegar ao topo da Billboard, Gregory Abbott passou anos preparando-se para ser ouvido.<\/p>\n\n\n\n<p class=\"wp-block-paragraph\">E essa talvez seja a parte menos conhecida de sua hist\u00f3ria.<\/p>\n\n\n\n<h2 class=\"wp-block-heading\">Antes do sucesso, um caminho pouco convencional<\/h2>\n\n\n\n<p class=\"wp-block-paragraph\">Nascido no Harlem, em Nova York, Abbott cresceu em uma fam\u00edlia com ra\u00edzes na Venezuela e em Antigua. Sua m\u00e3e lhe ensinou piano e incentivou sua forma\u00e7\u00e3o vocal. Ainda crian\u00e7a, ele chegou a cantar no coro da Catedral de S\u00e3o Patr\u00edcio, experi\u00eancia que antecedeu uma trajet\u00f3ria muito mais ampla do que a de um cantor de R&amp;B convencional.<\/p>\n\n\n\n<p class=\"wp-block-paragraph\">Na vida acad\u00eamica, estudou psicologia e tamb\u00e9m m\u00fasica e artes dram\u00e1ticas. Mais tarde, recebeu uma bolsa Wallace Stegner para estudar escrita criativa em Stanford. Durante sua forma\u00e7\u00e3o na Calif\u00f3rnia, manteve atividades musicais para ajudar a custear os estudos e desenvolveu gradualmente sua pr\u00f3pria linguagem art\u00edstica.<\/p>\n\n\n\n<p class=\"wp-block-paragraph\">Foi tamb\u00e9m em Berkeley que sua trajet\u00f3ria ganhou uma caracter\u00edstica incomum: Abbott ensinava ingl\u00eas e realizava pesquisas na Universidade da Calif\u00f3rnia enquanto desenvolvia suas habilidades musicais.<\/p>\n\n\n\n<p class=\"wp-block-paragraph\">Em entrevista ao <em>Los Angeles Times<\/em>, publicada poucas semanas depois de \u201cShake You Down\u201d chegar ao primeiro lugar, ele aparecia como um artista cuja forma\u00e7\u00e3o intelectual fazia parte de sua maneira de pensar a m\u00fasica. Para Abbott, conhecer teoria musical n\u00e3o significava tornar uma can\u00e7\u00e3o fria; significava ter mais recursos para dar emo\u00e7\u00e3o a ela.<\/p>\n\n\n\n<p class=\"wp-block-paragraph\">Essa ideia ajuda a compreender melhor o som de \u201cShake You Down\u201d.<\/p>\n\n\n\n<h2 class=\"wp-block-heading\">Tr\u00eas anos antes de o p\u00fablico conhecer seu nome<\/h2>\n\n\n\n<p class=\"wp-block-paragraph\">Gregory Abbott n\u00e3o saiu imediatamente em busca de um contrato.<\/p>\n\n\n\n<p class=\"wp-block-paragraph\">Segundo relato publicado pela <em>Billboard<\/em> em 1987, ele passou aproximadamente tr\u00eas anos escrevendo m\u00fasicas pensando em sua pr\u00f3pria carreira. N\u00e3o queria simplesmente colocar qualquer material no mercado. Esperou at\u00e9 reunir can\u00e7\u00f5es que, em sua avalia\u00e7\u00e3o, representassem a maneira como desejava ser ouvido.<\/p>\n\n\n\n<p class=\"wp-block-paragraph\">Nesse processo, gravou aproximadamente 40 m\u00fasicas em fita e escolheu tr\u00eas para apresentar \u00e0 CBS.<\/p>\n\n\n\n<p class=\"wp-block-paragraph\">\u00c9 um n\u00famero que diz muito sobre a trajet\u00f3ria de \u201cShake You Down\u201d.<\/p>\n\n\n\n<p class=\"wp-block-paragraph\">Antes de existir o sucesso, existiram dezenas de tentativas.<\/p>\n\n\n\n<p class=\"wp-block-paragraph\">E existe ainda uma ironia importante: a can\u00e7\u00e3o que acabaria levando Gregory Abbott ao topo <strong>n\u00e3o estava inicialmente planejada para ser seu primeiro single<\/strong>.<\/p>\n\n\n\n<p class=\"wp-block-paragraph\">\u201cI Got the Feelin\u2019 (It\u2019s Over)\u201d havia sido escolhida para inaugurar sua carreira na CBS. \u201cShake You Down\u201d acabou tomando outro caminho \u2014 e foi justamente ela que apresentou Abbott ao grande p\u00fablico.<\/p>\n\n\n\n<h2 class=\"wp-block-heading\">Quando uma express\u00e3o encontrou sua melodia<\/h2>\n\n\n\n<p class=\"wp-block-paragraph\">A origem da m\u00fasica tamb\u00e9m \u00e9 mais interessante do que a explica\u00e7\u00e3o simplificada de que ela teria simplesmente \u201cnascido de uma conversa\u201d.<\/p>\n\n\n\n<p class=\"wp-block-paragraph\">Em relato publicado pela <em>Billboard<\/em>, Abbott explicou que criou a express\u00e3o \u201cshake you down\u201d para traduzir a atra\u00e7\u00e3o que um homem poderia sentir ao se deparar com uma mulher de quem gostasse. Ele repetiu a express\u00e3o a uma amiga e percebeu, pela rea\u00e7\u00e3o dela, que o significado havia sido compreendido. Ali estava o gancho que procurava.<\/p>\n\n\n\n<p class=\"wp-block-paragraph\">A partir dessa ideia, a composi\u00e7\u00e3o tomou forma.<\/p>\n\n\n\n<p class=\"wp-block-paragraph\">E o processo de grava\u00e7\u00e3o refletiu uma caracter\u00edstica que j\u00e1 acompanhava Abbott: ele queria participar diretamente da constru\u00e7\u00e3o de sua m\u00fasica.<\/p>\n\n\n\n<p class=\"wp-block-paragraph\">No \u00e1lbum de estreia, Abbott aparece n\u00e3o apenas como cantor e compositor, mas tamb\u00e9m como produtor e respons\u00e1vel pelos arranjos. A forma\u00e7\u00e3o reunia m\u00fasicos como T.M. Stevens no baixo, Marlon Graves na guitarra, David Beal na bateria, Alan Palanker nos teclados e coarranjos, al\u00e9m de John Licitra em saxofones e flauta.<\/p>\n\n\n\n<p class=\"wp-block-paragraph\">N\u00e3o era apenas uma voz sendo colocada sobre uma faixa.<\/p>\n\n\n\n<p class=\"wp-block-paragraph\">Era um artista construindo o pr\u00f3prio som.<\/p>\n\n\n\n<h2 class=\"wp-block-heading\">Uma balada que encontrou espa\u00e7o fora de sua fronteira<\/h2>\n\n\n\n<p class=\"wp-block-paragraph\">Lan\u00e7ada em agosto de 1986 pela Columbia, \u201cShake You Down\u201d come\u00e7ou sua trajet\u00f3ria comercial naquele mesmo ano.<\/p>\n\n\n\n<p class=\"wp-block-paragraph\">Em outubro, alcan\u00e7ou o primeiro lugar na parada de R&amp;B. Poucos meses depois, em <strong>17 de janeiro de 1987<\/strong>, chegou ao topo da Billboard Hot 100, permanecendo uma semana na primeira posi\u00e7\u00e3o.<\/p>\n\n\n\n<p class=\"wp-block-paragraph\">No Reino Unido, tamb\u00e9m encontrou p\u00fablico, chegando ao sexto lugar da parada de singles.<\/p>\n\n\n\n<p class=\"wp-block-paragraph\">Mas o significado daquele n\u00ba 1 vai al\u00e9m da posi\u00e7\u00e3o na parada.<\/p>\n\n\n\n<p class=\"wp-block-paragraph\">O <em>Los Angeles Times<\/em> chamou aten\u00e7\u00e3o para o car\u00e1ter pouco habitual daquele sucesso: uma balada de R&amp;B com forte identidade soul havia conseguido atravessar as barreiras que durante anos limitaram a presen\u00e7a de artistas negros no r\u00e1dio pop americano. O pr\u00f3prio Abbott reconheceu que o cen\u00e1rio das r\u00e1dios estava come\u00e7ando a se abrir mais para essa circula\u00e7\u00e3o musical.<\/p>\n\n\n\n<p class=\"wp-block-paragraph\">\u201cShake You Down\u201d encontrou esse momento.<\/p>\n\n\n\n<p class=\"wp-block-paragraph\">Mas tamb\u00e9m estava preparada para ele.<\/p>\n\n\n\n<h2 class=\"wp-block-heading\">Quando a m\u00fasica entrou na mem\u00f3ria brasileira<\/h2>\n\n\n\n<p class=\"wp-block-paragraph\">No Brasil, a can\u00e7\u00e3o ganhou uma segunda vida atrav\u00e9s da televis\u00e3o.<\/p>\n\n\n\n<p class=\"wp-block-paragraph\">\u201cShake You Down\u201d integrou a trilha sonora internacional de <em>Hipertens\u00e3o<\/em>, novela exibida pela Globo entre 1986 e 1987, aparecendo como tema de <strong>Antonieta e Fratelo<\/strong>, personagens interpretados por Lilia Cabral e Antonio Calloni.<\/p>\n\n\n\n<p class=\"wp-block-paragraph\">Essa associa\u00e7\u00e3o \u00e9 importante porque explica uma parte espec\u00edfica da mem\u00f3ria brasileira em torno da m\u00fasica.<\/p>\n\n\n\n<p class=\"wp-block-paragraph\">Para quem acompanhava a novela, \u201cShake You Down\u201d n\u00e3o era apenas uma balada americana que tocava no r\u00e1dio.<\/p>\n\n\n\n<p class=\"wp-block-paragraph\">Ela estava ligada a personagens, cenas e \u00e0 experi\u00eancia cotidiana de acompanhar uma hist\u00f3ria pela televis\u00e3o.<\/p>\n\n\n\n<p class=\"wp-block-paragraph\">\u00c9 assim que uma m\u00fasica internacional come\u00e7a a ganhar uma mem\u00f3ria brasileira pr\u00f3pria.<\/p>\n\n\n\n<h2 class=\"wp-block-heading\">O que existe dentro daquela voz?<\/h2>\n\n\n\n<p class=\"wp-block-paragraph\">Talvez uma das melhores maneiras de compreender Gregory Abbott seja voltar ao que ele pr\u00f3prio pensava sobre m\u00fasica.<\/p>\n\n\n\n<p class=\"wp-block-paragraph\">Em 1987, quando j\u00e1 havia chegado ao topo, Abbott defendia que o conhecimento musical oferecia ao compositor mais recursos para trabalhar a emo\u00e7\u00e3o. N\u00e3o se tratava de colocar conhecimento acima do sentimento, mas de usar conhecimento para aprofund\u00e1-lo.<\/p>\n\n\n\n<p class=\"wp-block-paragraph\">Essa ideia ajuda a explicar por que \u201cShake You Down\u201d continua soando t\u00e3o particular.<\/p>\n\n\n\n<p class=\"wp-block-paragraph\">A grava\u00e7\u00e3o n\u00e3o depende de excesso.<\/p>\n\n\n\n<p class=\"wp-block-paragraph\">Ela trabalha com conten\u00e7\u00e3o.<\/p>\n\n\n\n<p class=\"wp-block-paragraph\">A voz permanece no centro, enquanto o baixo, os teclados, a guitarra, a bateria e os sopros criam uma esp\u00e9cie de tens\u00e3o cont\u00ednua ao redor dela. Um cr\u00edtico do <em>Los Angeles Times<\/em> descreveu a faixa como uma balada de charme relaxado e composto, destacando justamente sua capacidade de ser sensual sem depender de uma produ\u00e7\u00e3o exagerada.<\/p>\n\n\n\n<p class=\"wp-block-paragraph\">Talvez seja essa economia que tenha ajudado a m\u00fasica a atravessar tantas d\u00e9cadas.<\/p>\n\n\n\n<p class=\"wp-block-paragraph\">Ela n\u00e3o precisava disputar aten\u00e7\u00e3o.<\/p>\n\n\n\n<p class=\"wp-block-paragraph\">Sabia como mant\u00ea-la.<\/p>\n\n\n\n<h2 class=\"wp-block-heading\">O legado de \u201cShake You Down\u201d<\/h2>\n\n\n\n<p class=\"wp-block-paragraph\">Gregory Abbott n\u00e3o se tornou conhecido por uma longa sequ\u00eancia de m\u00fasicas que dominassem as paradas da mesma maneira.<\/p>\n\n\n\n<p class=\"wp-block-paragraph\">Mas talvez uma carreira n\u00e3o precise de dezenas de sucessos para deixar uma marca.<\/p>\n\n\n\n<p class=\"wp-block-paragraph\">\u201cShake You Down\u201d tornou-se sua assinatura.<\/p>\n\n\n\n<p class=\"wp-block-paragraph\">A can\u00e7\u00e3o transformou em poucos minutos tudo aquilo que Abbott havia constru\u00eddo durante anos: sua forma\u00e7\u00e3o musical, sua experi\u00eancia de est\u00fadio, sua disciplina como compositor e produtor e sua busca por uma maneira pr\u00f3pria de ser ouvido.<\/p>\n\n\n\n<p class=\"wp-block-paragraph\">Por isso, talvez seja inadequado lembrar \u201cShake You Down\u201d apenas como uma balada rom\u00e2ntica de 1986.<\/p>\n\n\n\n<p class=\"wp-block-paragraph\">Ela tamb\u00e9m \u00e9 o registro de um artista que n\u00e3o teve pressa para chegar ao mercado.<\/p>\n\n\n\n<p class=\"wp-block-paragraph\">Gregory Abbott esperou.<\/p>\n\n\n\n<p class=\"wp-block-paragraph\">Escreveu.<\/p>\n\n\n\n<p class=\"wp-block-paragraph\">Gravou.<\/p>\n\n\n\n<p class=\"wp-block-paragraph\">Selecionou.<\/p>\n\n\n\n<p class=\"wp-block-paragraph\">Recome\u00e7ou.<\/p>\n\n\n\n<p class=\"wp-block-paragraph\">E, quando finalmente chegou ao p\u00fablico, a can\u00e7\u00e3o que acabou escolhida para apresent\u00e1-lo ao mundo n\u00e3o era sequer aquela que a gravadora havia imaginado como seu primeiro passo.<\/p>\n\n\n\n<p class=\"wp-block-paragraph\">Foi o p\u00fablico que decidiu.<\/p>\n\n\n\n<p class=\"wp-block-paragraph\">Em janeiro de 1987, \u201cShake You Down\u201d estava no topo.<\/p>\n\n\n\n<p class=\"wp-block-paragraph\">Mas sua verdadeira hist\u00f3ria havia come\u00e7ado muito antes.<\/p>\n\n\n\n<p class=\"wp-block-paragraph\">E talvez seja justamente por isso que, tantos anos depois, bastem aqueles primeiros acordes para que a mem\u00f3ria reconhe\u00e7a o caminho de volta.<\/p>\n\n\n\n<hr class=\"wp-block-separator has-alpha-channel-opacity\"\/>\n\n\n\n<h2 class=\"wp-block-heading\">\ud83c\udfb5 Voc\u00ea Sabia?<\/h2>\n\n\n\n<p class=\"wp-block-paragraph\">Antes de \u201cShake You Down\u201d chegar ao topo da Billboard, Gregory Abbott j\u00e1 havia gravado cerca de <strong>40 m\u00fasicas em fita<\/strong> durante os anos em que preparava seu repert\u00f3rio. Das grava\u00e7\u00f5es, selecionou tr\u00eas para apresentar \u00e0 CBS \u2014 e a m\u00fasica escolhida para ser inicialmente seu primeiro single acabou n\u00e3o sendo \u201cShake You Down\u201d.<\/p>\n\n\n\n<hr class=\"wp-block-separator has-alpha-channel-opacity\"\/>\n\n\n\n<h2 class=\"wp-block-heading\">\ud83d\udcda Continue explorando a hist\u00f3ria da m\u00fasica<\/h2>\n\n\n\n<p class=\"wp-block-paragraph\">Por tr\u00e1s de um grande sucesso quase sempre existe uma hist\u00f3ria maior do que aquela que chegou \u00e0s r\u00e1dios.<\/p>\n\n\n\n<p class=\"wp-block-paragraph\">H\u00e1 compositores que passaram anos esperando uma oportunidade, m\u00fasicos de est\u00fadio que ajudaram a definir uma grava\u00e7\u00e3o, decis\u00f5es que mudaram o destino de um single e encontros entre m\u00fasica e televis\u00e3o que transformaram uma can\u00e7\u00e3o estrangeira em mem\u00f3ria brasileira.<\/p>\n\n\n\n<p class=\"wp-block-paragraph\">\u00c9 nesse territ\u00f3rio \u2014 entre a grava\u00e7\u00e3o, a \u00e9poca e a lembran\u00e7a \u2014 que o Portal Planeta Saudade procura continuar investigando a hist\u00f3ria da m\u00fasica.<\/p>\n\n\n\n<hr class=\"wp-block-separator has-alpha-channel-opacity\"\/>\n\n\n\n<h2 class=\"wp-block-heading\">\ud83c\udfa7 Ou\u00e7a a trilha sonora desta hist\u00f3ria<\/h2>\n\n\n\n<p class=\"wp-block-paragraph\">Agora que voc\u00ea conhece o caminho percorrido por Gregory Abbott, talvez \u201cShake You Down\u201d soe um pouco diferente.<\/p>\n\n\n\n<p class=\"wp-block-paragraph\">A can\u00e7\u00e3o faz parte da programa\u00e7\u00e3o da <strong>R\u00e1dio Planeta Saudade<\/strong>.<\/p>\n\n\n\n<p class=\"wp-block-paragraph\">\ud83c\udf10 Site oficial: radioplanetasaudade.com.br<br>\ud83d\udcf1 Aplicativo oficial: Android e iPhone<br>\ud83d\udcbb Web App: Android, iOS e computadores<br>\ud83d\udde3\ufe0f Alexa: \u201cAlexa, tocar R\u00e1dio Planeta Saudade\u201d<br>\ud83d\ude97 Android Auto e Apple CarPlay: R\u00e1dio Planeta Saudade no carro<br>\ud83d\udcfb R\u00e1dios Net: dispon\u00edvel tamb\u00e9m na plataforma<br>\ud83c\udfa7 CX R\u00e1dio: dispon\u00edvel tamb\u00e9m na plataforma<\/p>\n\n\n\n<hr class=\"wp-block-separator has-alpha-channel-opacity\"\/>\n\n\n\n<h2 class=\"wp-block-heading\">\ud83c\udf10 Sobre o Portal Planeta Saudade<\/h2>\n\n\n\n<p class=\"wp-block-paragraph\">O Portal Planeta Saudade existe para preservar a mem\u00f3ria da m\u00fasica com pesquisa, contexto, responsabilidade e emo\u00e7\u00e3o.<\/p>\n\n\n\n<p class=\"wp-block-paragraph\">Mais do que lembrar que uma m\u00fasica foi importante, o Portal procura explicar <strong>por que ela foi importante, quem participou de sua trajet\u00f3ria e quais hist\u00f3rias merecem continuar vivas<\/strong>.<\/p>\n\n\n\n<p class=\"wp-block-paragraph\">Porque uma can\u00e7\u00e3o \u00e9 mais do que uma grava\u00e7\u00e3o.<\/p>\n\n\n\n<p class=\"wp-block-paragraph\">\u00c9 composi\u00e7\u00e3o, interpreta\u00e7\u00e3o, produ\u00e7\u00e3o, \u00e9poca, pessoas, escolhas, sentimentos e mem\u00f3ria.<\/p>\n\n\n\n<p class=\"wp-block-paragraph\">E algumas m\u00fasicas continuam conosco porque, quando voltamos a ouvi-las, n\u00e3o encontramos apenas o passado.<\/p>\n\n\n\n<p class=\"wp-block-paragraph\">Encontramos uma parte de n\u00f3s mesmos.<\/p>\n\n\n\n<p class=\"wp-block-paragraph\"><strong>Preservando a mem\u00f3ria da m\u00fasica, uma hist\u00f3ria de cada vez.<\/strong><\/p>\n","protected":false},"excerpt":{"rendered":"<p>A hist\u00f3ria de um professor de Berkeley que transformou estudo, disciplina de est\u00fadio e uma&#8230;<\/p>\n","protected":false},"author":1,"featured_media":6317,"comment_status":"open","ping_status":"open","sticky":false,"template":"","format":"standard","meta":{"footnotes":""},"categories":[92],"tags":[119,118,120,121,117,368,2569,625,561,562,116,99,369],"class_list":["post-6316","post","type-post","status-publish","format-standard","has-post-thumbnail","hentry","category-baixe-nosso-aplicativo","tag-anos-70","tag-anos-80","tag-anos-90","tag-baixe-nosso-app","tag-flashaback","tag-gregory-abbott","tag-hipertensao","tag-novela","tag-ouvir","tag-ouvir-radio","tag-radio","tag-radio-planeta-saudade","tag-shake-you-down"],"yoast_head":"<!-- This site is optimized with the Yoast SEO plugin v28.4 - https:\/\/yoast.com\/product\/yoast-seo-wordpress\/ -->\n<title>Gregory Abbott e \u201cShake You Down\u201d: antes de chegar ao n\u00ba 1, ele passou anos procurando a pr\u00f3pria voz - R\u00c1DIO PLANETA SAUDADE<\/title>\n<meta name=\"robots\" content=\"index, follow, max-snippet:-1, max-image-preview:large, max-video-preview:-1\" \/>\n<link rel=\"canonical\" href=\"https:\/\/radioplanetasaudade.com.br\/index.php\/2026\/09\/04\/gregory-abbott-e-shake-you-down-antes-de-chegar-ao-no-1-ele-passou-anos-procurando-a-propria-voz\/\" \/>\n<meta property=\"og:locale\" content=\"pt_BR\" \/>\n<meta property=\"og:type\" content=\"article\" \/>\n<meta property=\"og:title\" content=\"Gregory Abbott e \u201cShake You Down\u201d: antes de chegar ao n\u00ba 1, ele passou anos procurando a pr\u00f3pria voz - R\u00c1DIO PLANETA SAUDADE\" \/>\n<meta property=\"og:description\" content=\"A hist\u00f3ria de um professor de Berkeley que transformou estudo, disciplina de est\u00fadio e uma...\" \/>\n<meta property=\"og:url\" content=\"https:\/\/radioplanetasaudade.com.br\/index.php\/2026\/09\/04\/gregory-abbott-e-shake-you-down-antes-de-chegar-ao-no-1-ele-passou-anos-procurando-a-propria-voz\/\" \/>\n<meta property=\"og:site_name\" content=\"R\u00c1DIO PLANETA SAUDADE\" \/>\n<meta property=\"article:published_time\" content=\"2026-09-04T12:18:31+00:00\" \/>\n<meta property=\"article:modified_time\" content=\"2026-09-04T12:18:33+00:00\" \/>\n<meta property=\"og:image\" content=\"https:\/\/radioplanetasaudade.com.br\/wp-content\/uploads\/2026\/09\/WhatsApp-Image-2026-09-04-at-07.53.14.jpeg\" \/>\n\t<meta property=\"og:image:width\" content=\"1254\" \/>\n\t<meta property=\"og:image:height\" content=\"1254\" \/>\n\t<meta property=\"og:image:type\" content=\"image\/jpeg\" \/>\n<meta name=\"author\" content=\"Planeta Saudade\" \/>\n<meta name=\"twitter:card\" content=\"summary_large_image\" \/>\n<meta name=\"twitter:label1\" content=\"Escrito por\" \/>\n\t<meta name=\"twitter:data1\" content=\"Planeta Saudade\" \/>\n\t<meta name=\"twitter:label2\" content=\"Est. tempo de leitura\" \/>\n\t<meta name=\"twitter:data2\" content=\"10 minutos\" \/>\n<script type=\"application\/ld+json\" class=\"yoast-schema-graph\">{\"@context\":\"https:\\\/\\\/schema.org\",\"@graph\":[{\"@type\":\"Article\",\"@id\":\"https:\\\/\\\/radioplanetasaudade.com.br\\\/index.php\\\/2026\\\/09\\\/04\\\/gregory-abbott-e-shake-you-down-antes-de-chegar-ao-no-1-ele-passou-anos-procurando-a-propria-voz\\\/#article\",\"isPartOf\":{\"@id\":\"https:\\\/\\\/radioplanetasaudade.com.br\\\/index.php\\\/2026\\\/09\\\/04\\\/gregory-abbott-e-shake-you-down-antes-de-chegar-ao-no-1-ele-passou-anos-procurando-a-propria-voz\\\/\"},\"author\":{\"name\":\"Planeta Saudade\",\"@id\":\"https:\\\/\\\/radioplanetasaudade.com.br\\\/#\\\/schema\\\/person\\\/1a6f6fc0d987819324e7ed417a1a6581\"},\"headline\":\"Gregory Abbott e \u201cShake You Down\u201d: antes de chegar ao n\u00ba 1, ele passou anos procurando a pr\u00f3pria voz\",\"datePublished\":\"2026-09-04T12:18:31+00:00\",\"dateModified\":\"2026-09-04T12:18:33+00:00\",\"mainEntityOfPage\":{\"@id\":\"https:\\\/\\\/radioplanetasaudade.com.br\\\/index.php\\\/2026\\\/09\\\/04\\\/gregory-abbott-e-shake-you-down-antes-de-chegar-ao-no-1-ele-passou-anos-procurando-a-propria-voz\\\/\"},\"wordCount\":1818,\"commentCount\":0,\"publisher\":{\"@id\":\"https:\\\/\\\/radioplanetasaudade.com.br\\\/#organization\"},\"image\":{\"@id\":\"https:\\\/\\\/radioplanetasaudade.com.br\\\/index.php\\\/2026\\\/09\\\/04\\\/gregory-abbott-e-shake-you-down-antes-de-chegar-ao-no-1-ele-passou-anos-procurando-a-propria-voz\\\/#primaryimage\"},\"thumbnailUrl\":\"https:\\\/\\\/radioplanetasaudade.com.br\\\/wp-content\\\/uploads\\\/2026\\\/09\\\/WhatsApp-Image-2026-09-04-at-07.53.14.jpeg\",\"keywords\":[\"Anos 70\",\"Anos 80\",\"Anos 90\",\"Baixe nosso App\",\"Flashaback\",\"Gregory Abbott\",\"Hipertens\u00e3o\",\"Novela\",\"Ouvir\",\"Ouvir r\u00e1dio\",\"R\u00e1dio\",\"R\u00e1dio Planeta Saudade\",\"Shake You Down\"],\"articleSection\":[\"BAIXE NOSSO APLICATIVO\"],\"inLanguage\":\"pt-BR\",\"potentialAction\":[{\"@type\":\"CommentAction\",\"name\":\"Comment\",\"target\":[\"https:\\\/\\\/radioplanetasaudade.com.br\\\/index.php\\\/2026\\\/09\\\/04\\\/gregory-abbott-e-shake-you-down-antes-de-chegar-ao-no-1-ele-passou-anos-procurando-a-propria-voz\\\/#respond\"]}]},{\"@type\":\"WebPage\",\"@id\":\"https:\\\/\\\/radioplanetasaudade.com.br\\\/index.php\\\/2026\\\/09\\\/04\\\/gregory-abbott-e-shake-you-down-antes-de-chegar-ao-no-1-ele-passou-anos-procurando-a-propria-voz\\\/\",\"url\":\"https:\\\/\\\/radioplanetasaudade.com.br\\\/index.php\\\/2026\\\/09\\\/04\\\/gregory-abbott-e-shake-you-down-antes-de-chegar-ao-no-1-ele-passou-anos-procurando-a-propria-voz\\\/\",\"name\":\"Gregory Abbott e \u201cShake You Down\u201d: antes de chegar ao n\u00ba 1, ele passou anos procurando a pr\u00f3pria voz - R\u00c1DIO PLANETA SAUDADE\",\"isPartOf\":{\"@id\":\"https:\\\/\\\/radioplanetasaudade.com.br\\\/#website\"},\"primaryImageOfPage\":{\"@id\":\"https:\\\/\\\/radioplanetasaudade.com.br\\\/index.php\\\/2026\\\/09\\\/04\\\/gregory-abbott-e-shake-you-down-antes-de-chegar-ao-no-1-ele-passou-anos-procurando-a-propria-voz\\\/#primaryimage\"},\"image\":{\"@id\":\"https:\\\/\\\/radioplanetasaudade.com.br\\\/index.php\\\/2026\\\/09\\\/04\\\/gregory-abbott-e-shake-you-down-antes-de-chegar-ao-no-1-ele-passou-anos-procurando-a-propria-voz\\\/#primaryimage\"},\"thumbnailUrl\":\"https:\\\/\\\/radioplanetasaudade.com.br\\\/wp-content\\\/uploads\\\/2026\\\/09\\\/WhatsApp-Image-2026-09-04-at-07.53.14.jpeg\",\"datePublished\":\"2026-09-04T12:18:31+00:00\",\"dateModified\":\"2026-09-04T12:18:33+00:00\",\"breadcrumb\":{\"@id\":\"https:\\\/\\\/radioplanetasaudade.com.br\\\/index.php\\\/2026\\\/09\\\/04\\\/gregory-abbott-e-shake-you-down-antes-de-chegar-ao-no-1-ele-passou-anos-procurando-a-propria-voz\\\/#breadcrumb\"},\"inLanguage\":\"pt-BR\",\"potentialAction\":[{\"@type\":\"ReadAction\",\"target\":[\"https:\\\/\\\/radioplanetasaudade.com.br\\\/index.php\\\/2026\\\/09\\\/04\\\/gregory-abbott-e-shake-you-down-antes-de-chegar-ao-no-1-ele-passou-anos-procurando-a-propria-voz\\\/\"]}]},{\"@type\":\"ImageObject\",\"inLanguage\":\"pt-BR\",\"@id\":\"https:\\\/\\\/radioplanetasaudade.com.br\\\/index.php\\\/2026\\\/09\\\/04\\\/gregory-abbott-e-shake-you-down-antes-de-chegar-ao-no-1-ele-passou-anos-procurando-a-propria-voz\\\/#primaryimage\",\"url\":\"https:\\\/\\\/radioplanetasaudade.com.br\\\/wp-content\\\/uploads\\\/2026\\\/09\\\/WhatsApp-Image-2026-09-04-at-07.53.14.jpeg\",\"contentUrl\":\"https:\\\/\\\/radioplanetasaudade.com.br\\\/wp-content\\\/uploads\\\/2026\\\/09\\\/WhatsApp-Image-2026-09-04-at-07.53.14.jpeg\",\"width\":1254,\"height\":1254},{\"@type\":\"BreadcrumbList\",\"@id\":\"https:\\\/\\\/radioplanetasaudade.com.br\\\/index.php\\\/2026\\\/09\\\/04\\\/gregory-abbott-e-shake-you-down-antes-de-chegar-ao-no-1-ele-passou-anos-procurando-a-propria-voz\\\/#breadcrumb\",\"itemListElement\":[{\"@type\":\"ListItem\",\"position\":1,\"name\":\"In\u00edcio\",\"item\":\"https:\\\/\\\/radioplanetasaudade.com.br\\\/\"},{\"@type\":\"ListItem\",\"position\":2,\"name\":\"Gregory Abbott e \u201cShake You Down\u201d: antes de chegar ao n\u00ba 1, ele passou anos procurando a pr\u00f3pria voz\"}]},{\"@type\":\"WebSite\",\"@id\":\"https:\\\/\\\/radioplanetasaudade.com.br\\\/#website\",\"url\":\"https:\\\/\\\/radioplanetasaudade.com.br\\\/\",\"name\":\"R\u00e1dio Planeta Saudade\",\"description\":\"Relembrando grandes sucessos musicais e informando sobre os maiores artistas do mundo ou\u00e7a no seu celular.\",\"publisher\":{\"@id\":\"https:\\\/\\\/radioplanetasaudade.com.br\\\/#organization\"},\"potentialAction\":[{\"@type\":\"SearchAction\",\"target\":{\"@type\":\"EntryPoint\",\"urlTemplate\":\"https:\\\/\\\/radioplanetasaudade.com.br\\\/?s={search_term_string}\"},\"query-input\":{\"@type\":\"PropertyValueSpecification\",\"valueRequired\":true,\"valueName\":\"search_term_string\"}}],\"inLanguage\":\"pt-BR\"},{\"@type\":\"Organization\",\"@id\":\"https:\\\/\\\/radioplanetasaudade.com.br\\\/#organization\",\"name\":\"R\u00e1dio Planeta Saudade\",\"url\":\"https:\\\/\\\/radioplanetasaudade.com.br\\\/\",\"logo\":{\"@type\":\"ImageObject\",\"inLanguage\":\"pt-BR\",\"@id\":\"https:\\\/\\\/radioplanetasaudade.com.br\\\/#\\\/schema\\\/logo\\\/image\\\/\",\"url\":\"https:\\\/\\\/radioplanetasaudade.com.br\\\/wp-content\\\/uploads\\\/2023\\\/10\\\/capture-20230607-202153.png\",\"contentUrl\":\"https:\\\/\\\/radioplanetasaudade.com.br\\\/wp-content\\\/uploads\\\/2023\\\/10\\\/capture-20230607-202153.png\",\"width\":1350,\"height\":358,\"caption\":\"R\u00e1dio Planeta Saudade\"},\"image\":{\"@id\":\"https:\\\/\\\/radioplanetasaudade.com.br\\\/#\\\/schema\\\/logo\\\/image\\\/\"}},{\"@type\":\"Person\",\"@id\":\"https:\\\/\\\/radioplanetasaudade.com.br\\\/#\\\/schema\\\/person\\\/1a6f6fc0d987819324e7ed417a1a6581\",\"name\":\"Planeta Saudade\",\"image\":{\"@type\":\"ImageObject\",\"inLanguage\":\"pt-BR\",\"@id\":\"https:\\\/\\\/secure.gravatar.com\\\/avatar\\\/f81afe153fb6e9e1d38e83d127599e125ba7a0bd5cdb1f795af3d9b0af8ddeb0?s=96&d=mm&r=g\",\"url\":\"https:\\\/\\\/secure.gravatar.com\\\/avatar\\\/f81afe153fb6e9e1d38e83d127599e125ba7a0bd5cdb1f795af3d9b0af8ddeb0?s=96&d=mm&r=g\",\"contentUrl\":\"https:\\\/\\\/secure.gravatar.com\\\/avatar\\\/f81afe153fb6e9e1d38e83d127599e125ba7a0bd5cdb1f795af3d9b0af8ddeb0?s=96&d=mm&r=g\",\"caption\":\"Planeta Saudade\"},\"sameAs\":[\"https:\\\/\\\/radioplanetasaudade.com.br\"],\"url\":\"https:\\\/\\\/radioplanetasaudade.com.br\\\/index.php\\\/author\\\/wendelsantos4567\\\/\"}]}<\/script>\n<!-- \/ Yoast SEO plugin. -->","yoast_head_json":{"title":"Gregory Abbott e \u201cShake You Down\u201d: antes de chegar ao n\u00ba 1, ele passou anos procurando a pr\u00f3pria voz - R\u00c1DIO PLANETA SAUDADE","robots":{"index":"index","follow":"follow","max-snippet":"max-snippet:-1","max-image-preview":"max-image-preview:large","max-video-preview":"max-video-preview:-1"},"canonical":"https:\/\/radioplanetasaudade.com.br\/index.php\/2026\/09\/04\/gregory-abbott-e-shake-you-down-antes-de-chegar-ao-no-1-ele-passou-anos-procurando-a-propria-voz\/","og_locale":"pt_BR","og_type":"article","og_title":"Gregory Abbott e \u201cShake You Down\u201d: antes de chegar ao n\u00ba 1, ele passou anos procurando a pr\u00f3pria voz - R\u00c1DIO PLANETA SAUDADE","og_description":"A hist\u00f3ria de um professor de Berkeley que transformou estudo, disciplina de est\u00fadio e uma...","og_url":"https:\/\/radioplanetasaudade.com.br\/index.php\/2026\/09\/04\/gregory-abbott-e-shake-you-down-antes-de-chegar-ao-no-1-ele-passou-anos-procurando-a-propria-voz\/","og_site_name":"R\u00c1DIO PLANETA SAUDADE","article_published_time":"2026-09-04T12:18:31+00:00","article_modified_time":"2026-09-04T12:18:33+00:00","og_image":[{"width":1254,"height":1254,"url":"https:\/\/radioplanetasaudade.com.br\/wp-content\/uploads\/2026\/09\/WhatsApp-Image-2026-09-04-at-07.53.14.jpeg","type":"image\/jpeg"}],"author":"Planeta Saudade","twitter_card":"summary_large_image","twitter_misc":{"Escrito por":"Planeta Saudade","Est. tempo de leitura":"10 minutos"},"schema":{"@context":"https:\/\/schema.org","@graph":[{"@type":"Article","@id":"https:\/\/radioplanetasaudade.com.br\/index.php\/2026\/09\/04\/gregory-abbott-e-shake-you-down-antes-de-chegar-ao-no-1-ele-passou-anos-procurando-a-propria-voz\/#article","isPartOf":{"@id":"https:\/\/radioplanetasaudade.com.br\/index.php\/2026\/09\/04\/gregory-abbott-e-shake-you-down-antes-de-chegar-ao-no-1-ele-passou-anos-procurando-a-propria-voz\/"},"author":{"name":"Planeta Saudade","@id":"https:\/\/radioplanetasaudade.com.br\/#\/schema\/person\/1a6f6fc0d987819324e7ed417a1a6581"},"headline":"Gregory Abbott e \u201cShake You Down\u201d: antes de chegar ao n\u00ba 1, ele passou anos procurando a pr\u00f3pria voz","datePublished":"2026-09-04T12:18:31+00:00","dateModified":"2026-09-04T12:18:33+00:00","mainEntityOfPage":{"@id":"https:\/\/radioplanetasaudade.com.br\/index.php\/2026\/09\/04\/gregory-abbott-e-shake-you-down-antes-de-chegar-ao-no-1-ele-passou-anos-procurando-a-propria-voz\/"},"wordCount":1818,"commentCount":0,"publisher":{"@id":"https:\/\/radioplanetasaudade.com.br\/#organization"},"image":{"@id":"https:\/\/radioplanetasaudade.com.br\/index.php\/2026\/09\/04\/gregory-abbott-e-shake-you-down-antes-de-chegar-ao-no-1-ele-passou-anos-procurando-a-propria-voz\/#primaryimage"},"thumbnailUrl":"https:\/\/radioplanetasaudade.com.br\/wp-content\/uploads\/2026\/09\/WhatsApp-Image-2026-09-04-at-07.53.14.jpeg","keywords":["Anos 70","Anos 80","Anos 90","Baixe nosso App","Flashaback","Gregory Abbott","Hipertens\u00e3o","Novela","Ouvir","Ouvir r\u00e1dio","R\u00e1dio","R\u00e1dio Planeta Saudade","Shake You Down"],"articleSection":["BAIXE NOSSO APLICATIVO"],"inLanguage":"pt-BR","potentialAction":[{"@type":"CommentAction","name":"Comment","target":["https:\/\/radioplanetasaudade.com.br\/index.php\/2026\/09\/04\/gregory-abbott-e-shake-you-down-antes-de-chegar-ao-no-1-ele-passou-anos-procurando-a-propria-voz\/#respond"]}]},{"@type":"WebPage","@id":"https:\/\/radioplanetasaudade.com.br\/index.php\/2026\/09\/04\/gregory-abbott-e-shake-you-down-antes-de-chegar-ao-no-1-ele-passou-anos-procurando-a-propria-voz\/","url":"https:\/\/radioplanetasaudade.com.br\/index.php\/2026\/09\/04\/gregory-abbott-e-shake-you-down-antes-de-chegar-ao-no-1-ele-passou-anos-procurando-a-propria-voz\/","name":"Gregory Abbott e \u201cShake You Down\u201d: antes de chegar ao n\u00ba 1, ele passou anos procurando a pr\u00f3pria voz - R\u00c1DIO PLANETA SAUDADE","isPartOf":{"@id":"https:\/\/radioplanetasaudade.com.br\/#website"},"primaryImageOfPage":{"@id":"https:\/\/radioplanetasaudade.com.br\/index.php\/2026\/09\/04\/gregory-abbott-e-shake-you-down-antes-de-chegar-ao-no-1-ele-passou-anos-procurando-a-propria-voz\/#primaryimage"},"image":{"@id":"https:\/\/radioplanetasaudade.com.br\/index.php\/2026\/09\/04\/gregory-abbott-e-shake-you-down-antes-de-chegar-ao-no-1-ele-passou-anos-procurando-a-propria-voz\/#primaryimage"},"thumbnailUrl":"https:\/\/radioplanetasaudade.com.br\/wp-content\/uploads\/2026\/09\/WhatsApp-Image-2026-09-04-at-07.53.14.jpeg","datePublished":"2026-09-04T12:18:31+00:00","dateModified":"2026-09-04T12:18:33+00:00","breadcrumb":{"@id":"https:\/\/radioplanetasaudade.com.br\/index.php\/2026\/09\/04\/gregory-abbott-e-shake-you-down-antes-de-chegar-ao-no-1-ele-passou-anos-procurando-a-propria-voz\/#breadcrumb"},"inLanguage":"pt-BR","potentialAction":[{"@type":"ReadAction","target":["https:\/\/radioplanetasaudade.com.br\/index.php\/2026\/09\/04\/gregory-abbott-e-shake-you-down-antes-de-chegar-ao-no-1-ele-passou-anos-procurando-a-propria-voz\/"]}]},{"@type":"ImageObject","inLanguage":"pt-BR","@id":"https:\/\/radioplanetasaudade.com.br\/index.php\/2026\/09\/04\/gregory-abbott-e-shake-you-down-antes-de-chegar-ao-no-1-ele-passou-anos-procurando-a-propria-voz\/#primaryimage","url":"https:\/\/radioplanetasaudade.com.br\/wp-content\/uploads\/2026\/09\/WhatsApp-Image-2026-09-04-at-07.53.14.jpeg","contentUrl":"https:\/\/radioplanetasaudade.com.br\/wp-content\/uploads\/2026\/09\/WhatsApp-Image-2026-09-04-at-07.53.14.jpeg","width":1254,"height":1254},{"@type":"BreadcrumbList","@id":"https:\/\/radioplanetasaudade.com.br\/index.php\/2026\/09\/04\/gregory-abbott-e-shake-you-down-antes-de-chegar-ao-no-1-ele-passou-anos-procurando-a-propria-voz\/#breadcrumb","itemListElement":[{"@type":"ListItem","position":1,"name":"In\u00edcio","item":"https:\/\/radioplanetasaudade.com.br\/"},{"@type":"ListItem","position":2,"name":"Gregory Abbott e \u201cShake You Down\u201d: antes de chegar ao n\u00ba 1, ele passou anos procurando a pr\u00f3pria voz"}]},{"@type":"WebSite","@id":"https:\/\/radioplanetasaudade.com.br\/#website","url":"https:\/\/radioplanetasaudade.com.br\/","name":"R\u00e1dio Planeta Saudade","description":"Relembrando grandes sucessos musicais e informando sobre os maiores artistas do mundo ou\u00e7a no seu celular.","publisher":{"@id":"https:\/\/radioplanetasaudade.com.br\/#organization"},"potentialAction":[{"@type":"SearchAction","target":{"@type":"EntryPoint","urlTemplate":"https:\/\/radioplanetasaudade.com.br\/?s={search_term_string}"},"query-input":{"@type":"PropertyValueSpecification","valueRequired":true,"valueName":"search_term_string"}}],"inLanguage":"pt-BR"},{"@type":"Organization","@id":"https:\/\/radioplanetasaudade.com.br\/#organization","name":"R\u00e1dio Planeta Saudade","url":"https:\/\/radioplanetasaudade.com.br\/","logo":{"@type":"ImageObject","inLanguage":"pt-BR","@id":"https:\/\/radioplanetasaudade.com.br\/#\/schema\/logo\/image\/","url":"https:\/\/radioplanetasaudade.com.br\/wp-content\/uploads\/2023\/10\/capture-20230607-202153.png","contentUrl":"https:\/\/radioplanetasaudade.com.br\/wp-content\/uploads\/2023\/10\/capture-20230607-202153.png","width":1350,"height":358,"caption":"R\u00e1dio Planeta Saudade"},"image":{"@id":"https:\/\/radioplanetasaudade.com.br\/#\/schema\/logo\/image\/"}},{"@type":"Person","@id":"https:\/\/radioplanetasaudade.com.br\/#\/schema\/person\/1a6f6fc0d987819324e7ed417a1a6581","name":"Planeta Saudade","image":{"@type":"ImageObject","inLanguage":"pt-BR","@id":"https:\/\/secure.gravatar.com\/avatar\/f81afe153fb6e9e1d38e83d127599e125ba7a0bd5cdb1f795af3d9b0af8ddeb0?s=96&d=mm&r=g","url":"https:\/\/secure.gravatar.com\/avatar\/f81afe153fb6e9e1d38e83d127599e125ba7a0bd5cdb1f795af3d9b0af8ddeb0?s=96&d=mm&r=g","contentUrl":"https:\/\/secure.gravatar.com\/avatar\/f81afe153fb6e9e1d38e83d127599e125ba7a0bd5cdb1f795af3d9b0af8ddeb0?s=96&d=mm&r=g","caption":"Planeta Saudade"},"sameAs":["https:\/\/radioplanetasaudade.com.br"],"url":"https:\/\/radioplanetasaudade.com.br\/index.php\/author\/wendelsantos4567\/"}]}},"_links":{"self":[{"href":"https:\/\/radioplanetasaudade.com.br\/index.php\/wp-json\/wp\/v2\/posts\/6316","targetHints":{"allow":["GET"]}}],"collection":[{"href":"https:\/\/radioplanetasaudade.com.br\/index.php\/wp-json\/wp\/v2\/posts"}],"about":[{"href":"https:\/\/radioplanetasaudade.com.br\/index.php\/wp-json\/wp\/v2\/types\/post"}],"author":[{"embeddable":true,"href":"https:\/\/radioplanetasaudade.com.br\/index.php\/wp-json\/wp\/v2\/users\/1"}],"replies":[{"embeddable":true,"href":"https:\/\/radioplanetasaudade.com.br\/index.php\/wp-json\/wp\/v2\/comments?post=6316"}],"version-history":[{"count":1,"href":"https:\/\/radioplanetasaudade.com.br\/index.php\/wp-json\/wp\/v2\/posts\/6316\/revisions"}],"predecessor-version":[{"id":6318,"href":"https:\/\/radioplanetasaudade.com.br\/index.php\/wp-json\/wp\/v2\/posts\/6316\/revisions\/6318"}],"wp:featuredmedia":[{"embeddable":true,"href":"https:\/\/radioplanetasaudade.com.br\/index.php\/wp-json\/wp\/v2\/media\/6317"}],"wp:attachment":[{"href":"https:\/\/radioplanetasaudade.com.br\/index.php\/wp-json\/wp\/v2\/media?parent=6316"}],"wp:term":[{"taxonomy":"category","embeddable":true,"href":"https:\/\/radioplanetasaudade.com.br\/index.php\/wp-json\/wp\/v2\/categories?post=6316"},{"taxonomy":"post_tag","embeddable":true,"href":"https:\/\/radioplanetasaudade.com.br\/index.php\/wp-json\/wp\/v2\/tags?post=6316"}],"curies":[{"name":"wp","href":"https:\/\/api.w.org\/{rel}","templated":true}]}}