{"id":6319,"date":"2026-09-04T20:38:50","date_gmt":"2026-09-04T23:38:50","guid":{"rendered":"https:\/\/radioplanetasaudade.com.br\/?p=6319"},"modified":"2026-09-04T20:39:59","modified_gmt":"2026-09-04T23:39:59","slug":"rick-astley-e-o-salvador-da-patria-quando-hold-me-in-your-arms-encontrou-o-brasil-em-1989","status":"publish","type":"post","link":"https:\/\/radioplanetasaudade.com.br\/index.php\/2026\/09\/04\/rick-astley-e-o-salvador-da-patria-quando-hold-me-in-your-arms-encontrou-o-brasil-em-1989\/","title":{"rendered":"Rick Astley e O Salvador da P\u00e1tria: quando \u201cHold Me in Your Arms\u201d encontrou o Brasil em 1989"},"content":{"rendered":"\n<h3 class=\"wp-block-heading\">Uma m\u00fasica que nasceu no universo pop de Rick Astley, chegou ao Top 10 brit\u00e2nico e encontrou na televis\u00e3o brasileira uma segunda camada de mem\u00f3ria.<\/h3>\n\n\n\n<figure class=\"wp-block-image aligncenter size-large\"><img fetchpriority=\"high\" decoding=\"async\" width=\"1024\" height=\"1024\" src=\"https:\/\/radioplanetasaudade.com.br\/wp-content\/uploads\/2026\/09\/O-Salvador-1024x1024.jpeg\" alt=\"\" class=\"wp-image-6320\" srcset=\"https:\/\/radioplanetasaudade.com.br\/wp-content\/uploads\/2026\/09\/O-Salvador-1024x1024-1.jpeg 1024w, https:\/\/radioplanetasaudade.com.br\/wp-content\/uploads\/2026\/09\/O-Salvador-150x150.jpeg 150w, https:\/\/radioplanetasaudade.com.br\/wp-content\/uploads\/2026\/09\/O-Salvador-300x300.jpeg 300w, https:\/\/radioplanetasaudade.com.br\/wp-content\/uploads\/2026\/09\/O-Salvador-768x768.jpeg 768w, https:\/\/radioplanetasaudade.com.br\/wp-content\/uploads\/2026\/09\/O-Salvador.jpeg 1254w\" sizes=\"(max-width: 1024px) 100vw, 1024px\" \/><\/figure>\n\n\n\n<p class=\"wp-block-paragraph\"><strong>Por Reda\u00e7\u00e3o Planeta Saudade<\/strong><br><strong>4 de setembro de 2026<\/strong><\/p>\n\n\n\n<p class=\"wp-block-paragraph\">Voc\u00ea pode at\u00e9 n\u00e3o lembrar imediatamente do nome da m\u00fasica.<\/p>\n\n\n\n<p class=\"wp-block-paragraph\">Mas talvez reconhe\u00e7a os primeiros acordes.<\/p>\n\n\n\n<p class=\"wp-block-paragraph\">Em 1989, enquanto o Brasil acompanhava <em>O Salvador da P\u00e1tria<\/em>, uma balada de Rick Astley atravessava a televis\u00e3o brasileira: <strong>\u201cHold Me in Your Arms\u201d<\/strong>, escolhida como tema de <strong>Severo Toledo Blanco e B\u00e1rbara Souza Telles<\/strong>, personagens interpretados por <strong>Francisco Cuoco e L\u00facia Ver\u00edssimo<\/strong>.<\/p>\n\n\n\n<p class=\"wp-block-paragraph\">E essa conex\u00e3o guarda uma hist\u00f3ria muito maior do que parece.<\/p>\n\n\n\n<h2 class=\"wp-block-heading\">Antes da novela, havia um Rick Astley em plena ascens\u00e3o<\/h2>\n\n\n\n<p class=\"wp-block-paragraph\">Quando \u201cHold Me in Your Arms\u201d chegou ao p\u00fablico brasileiro atrav\u00e9s da novela, Rick Astley j\u00e1 era um dos grandes nomes do pop internacional.<\/p>\n\n\n\n<p class=\"wp-block-paragraph\">Depois de \u201cNever Gonna Give You Up\u201d e \u201cTogether Forever\u201d, o cantor ingl\u00eas estava consolidando seu segundo \u00e1lbum, tamb\u00e9m chamado <em>Hold Me in Your Arms<\/em>.<\/p>\n\n\n\n<p class=\"wp-block-paragraph\">A faixa-t\u00edtulo tinha uma particularidade importante: <strong>foi escrita pelo pr\u00f3prio Rick Astley<\/strong>.<\/p>\n\n\n\n<p class=\"wp-block-paragraph\">Lan\u00e7ada como single em 1989, a can\u00e7\u00e3o chegou ao <strong>10\u00ba lugar da parada brit\u00e2nica<\/strong>, permanecendo oito semanas no ranking. Foi tamb\u00e9m Top 10 na Irlanda, onde alcan\u00e7ou a 7\u00aa posi\u00e7\u00e3o.<\/p>\n\n\n\n<p class=\"wp-block-paragraph\">Portanto, quando a m\u00fasica apareceu em <em>O Salvador da P\u00e1tria<\/em>, ela n\u00e3o era uma sobra do sucesso anterior de Astley.<\/p>\n\n\n\n<p class=\"wp-block-paragraph\">Era uma m\u00fasica contempor\u00e2nea, vivendo naquele pr\u00f3prio momento sua trajet\u00f3ria internacional.<\/p>\n\n\n\n<h2 class=\"wp-block-heading\">E ent\u00e3o a m\u00fasica ganhou dois personagens brasileiros<\/h2>\n\n\n\n<p class=\"wp-block-paragraph\">\u00c9 aqui que a hist\u00f3ria fica especialmente interessante.<\/p>\n\n\n\n<p class=\"wp-block-paragraph\">Na novela de Lauro C\u00e9sar Muniz, <strong>Severo Toledo Blanco<\/strong> era vivido por Francisco Cuoco. Homem poderoso, ambicioso e influente, Severo mantinha um casamento frio com Gilda, interpretada por Susana Vieira, enquanto sua vida afetiva escapava dos limites daquela rela\u00e7\u00e3o.<\/p>\n\n\n\n<p class=\"wp-block-paragraph\"><strong>B\u00e1rbara Souza Telles<\/strong>, interpretada por L\u00facia Ver\u00edssimo, era sua amante.<\/p>\n\n\n\n<p class=\"wp-block-paragraph\">A Mem\u00f3ria Globo descreve B\u00e1rbara como uma mulher bonita, sensual, determinada e atra\u00edda por Severo, por quem acaba se apaixonando profundamente.<\/p>\n\n\n\n<p class=\"wp-block-paragraph\">\u00c9 justamente nesse universo que \u201cHold Me in Your Arms\u201d encontrou seu lugar.<\/p>\n\n\n\n<p class=\"wp-block-paragraph\">A m\u00fasica de Rick Astley passou a carregar, para o p\u00fablico brasileiro, n\u00e3o apenas uma melodia rom\u00e2ntica, mas tamb\u00e9m a lembran\u00e7a de <strong>Severo e B\u00e1rbara<\/strong>.<\/p>\n\n\n\n<p class=\"wp-block-paragraph\">\u00c9 assim que uma m\u00fasica internacional deixa de ser somente uma grava\u00e7\u00e3o.<\/p>\n\n\n\n<p class=\"wp-block-paragraph\">Ela passa a fazer parte da mem\u00f3ria de uma hist\u00f3ria.<\/p>\n\n\n\n<h2 class=\"wp-block-heading\">A trilha que reuniu uma gera\u00e7\u00e3o inteira<\/h2>\n\n\n\n<p class=\"wp-block-paragraph\">Mas existe uma descoberta ainda maior escondida naquele disco.<\/p>\n\n\n\n<p class=\"wp-block-paragraph\">Rick Astley n\u00e3o estava sozinho.<\/p>\n\n\n\n<p class=\"wp-block-paragraph\">A trilha internacional de <em>O Salvador da P\u00e1tria<\/em> reuniu <strong>Phil Collins, Whitney Houston, Bon Jovi, Milli Vanilli, Jane Wiedlin, Pet Shop Boys, Will to Power, Debbie Gibson, Midge Ure, George McCrae, Cathy Fischer e Stryper<\/strong>, al\u00e9m de Rick Astley e Sarah &amp; Leon Bishop.<\/p>\n\n\n\n<p class=\"wp-block-paragraph\">A sele\u00e7\u00e3o oficial preservada pela Mem\u00f3ria Globo mostra a dimens\u00e3o daquela fotografia musical de 1989.<\/p>\n\n\n\n<p class=\"wp-block-paragraph\">Era praticamente um retrato do pop internacional daquele momento.<\/p>\n\n\n\n<p class=\"wp-block-paragraph\">\u201cTwo Hearts\u201d, de Phil Collins.<\/p>\n\n\n\n<p class=\"wp-block-paragraph\">\u201cOne Moment in Time\u201d, de Whitney Houston.<\/p>\n\n\n\n<p class=\"wp-block-paragraph\">\u201cI\u2019ll Be There for You\u201d, do Bon Jovi.<\/p>\n\n\n\n<p class=\"wp-block-paragraph\">\u201cGirl, You Know It\u2019s True\u201d, do Milli Vanilli.<\/p>\n\n\n\n<p class=\"wp-block-paragraph\">\u201cDomino Dancing\u201d, dos Pet Shop Boys.<\/p>\n\n\n\n<p class=\"wp-block-paragraph\">\u201cLost in Your Eyes\u201d, de Debbie Gibson.<\/p>\n\n\n\n<p class=\"wp-block-paragraph\">E, abrindo o \u00e1lbum, <strong>\u201cHold Me in Your Arms\u201d<\/strong>.<\/p>\n\n\n\n<h2 class=\"wp-block-heading\">Um milh\u00e3o, quatrocentas e sessenta e tr\u00eas mil e quinhentas e quarenta e tr\u00eas c\u00f3pias<\/h2>\n\n\n\n<p class=\"wp-block-paragraph\">Aqui est\u00e1 um dos n\u00fameros que ajudam a dimensionar o fen\u00f4meno.<\/p>\n\n\n\n<p class=\"wp-block-paragraph\">A trilha internacional de <em>O Salvador da P\u00e1tria<\/em> vendeu <strong>1.463.543 c\u00f3pias<\/strong>, segundo o levantamento citado no livro <em>Teletema \u2014 A Hist\u00f3ria da M\u00fasica Popular atrav\u00e9s da Teledramaturgia Brasileira<\/em>, de Guilherme Bryan e Vincent Villari. O n\u00famero fez daquela trilha um recordista de vendas entre as trilhas internacionais de novelas naquele per\u00edodo.<\/p>\n\n\n\n<p class=\"wp-block-paragraph\">E existe um detalhe hist\u00f3rico extraordin\u00e1rio:<\/p>\n\n\n\n<p class=\"wp-block-paragraph\"><strong>a trilha internacional de<\/strong> <em><strong>O Salvador da P\u00e1tria<\/strong><\/em> <strong>foi o primeiro disco de novela da Globo lan\u00e7ado em CD.<\/strong><\/p>\n\n\n\n<p class=\"wp-block-paragraph\">Isso coloca aquele \u00e1lbum exatamente no cruzamento de tr\u00eas for\u00e7as:<\/p>\n\n\n\n<p class=\"wp-block-paragraph\"><strong>televis\u00e3o + m\u00fasica internacional + transforma\u00e7\u00e3o tecnol\u00f3gica.<\/strong><\/p>\n\n\n\n<p class=\"wp-block-paragraph\">O Brasil come\u00e7ava a migrar do LP e da fita cassete para o CD.<\/p>\n\n\n\n<p class=\"wp-block-paragraph\">E uma novela de hor\u00e1rio nobre ajudava a levar essa nova tecnologia para dentro das casas brasileiras.<\/p>\n\n\n\n<h2 class=\"wp-block-heading\">Mas aten\u00e7\u00e3o: esse n\u00famero n\u00e3o \u00e9 de Rick Astley<\/h2>\n\n\n\n<p class=\"wp-block-paragraph\">A precis\u00e3o aqui \u00e9 fundamental.<\/p>\n\n\n\n<p class=\"wp-block-paragraph\">As <strong>1.463.543 c\u00f3pias<\/strong> correspondem \u00e0 <strong>trilha internacional de<\/strong> <em><strong>O Salvador da P\u00e1tria<\/strong><\/em>.<\/p>\n\n\n\n<p class=\"wp-block-paragraph\">N\u00e3o encontramos uma fonte confi\u00e1vel que permita atribuir esse n\u00famero especificamente ao single \u201cHold Me in Your Arms\u201d.<\/p>\n\n\n\n<p class=\"wp-block-paragraph\">O que sabemos com seguran\u00e7a \u00e9 que a m\u00fasica tinha trajet\u00f3ria comercial pr\u00f3pria: chegou ao 10\u00ba lugar no Reino Unido e fazia parte de um \u00e1lbum de Rick Astley que alcan\u00e7ou o 8\u00ba lugar na parada brit\u00e2nica.<\/p>\n\n\n\n<p class=\"wp-block-paragraph\">Essa diferen\u00e7a parece pequena.<\/p>\n\n\n\n<p class=\"wp-block-paragraph\">Mas \u00e9 justamente ela que separa uma boa lembran\u00e7a de uma mat\u00e9ria jornal\u00edstica respons\u00e1vel.<\/p>\n\n\n\n<h2 class=\"wp-block-heading\">1989 estava acontecendo dos dois lados do Atl\u00e2ntico<\/h2>\n\n\n\n<p class=\"wp-block-paragraph\">Enquanto a televis\u00e3o brasileira transformava determinadas can\u00e7\u00f5es internacionais em trilha afetiva de personagens, Rick Astley continuava sua trajet\u00f3ria internacional.<\/p>\n\n\n\n<p class=\"wp-block-paragraph\">\u201cHold Me in Your Arms\u201d entrou na parada brit\u00e2nica em fevereiro de 1989, chegou ao Top 10 e permaneceu oito semanas entre os 100 primeiros.<\/p>\n\n\n\n<p class=\"wp-block-paragraph\">No Brasil, por\u00e9m, a m\u00fasica ganhou uma associa\u00e7\u00e3o que os rankings n\u00e3o conseguem medir.<\/p>\n\n\n\n<p class=\"wp-block-paragraph\">Ela passou a pertencer tamb\u00e9m \u00e0 mem\u00f3ria de quem assistia \u00e0 novela.<\/p>\n\n\n\n<p class=\"wp-block-paragraph\">Essa talvez seja a parte mais bonita da hist\u00f3ria.<\/p>\n\n\n\n<p class=\"wp-block-paragraph\">O Reino Unido tinha seus n\u00fameros.<\/p>\n\n\n\n<p class=\"wp-block-paragraph\">O Brasil tinha suas lembran\u00e7as.<\/p>\n\n\n\n<p class=\"wp-block-paragraph\">E, entre os dois, estava uma mesma m\u00fasica.<\/p>\n\n\n\n<h2 class=\"wp-block-heading\">A trilha sonora como m\u00e1quina de mem\u00f3ria<\/h2>\n\n\n\n<p class=\"wp-block-paragraph\">Naquele per\u00edodo, uma novela n\u00e3o era apenas televis\u00e3o.<\/p>\n\n\n\n<p class=\"wp-block-paragraph\">Era tamb\u00e9m r\u00e1dio, disco, fita cassete, loja, vitrine e conversa entre amigos.<\/p>\n\n\n\n<p class=\"wp-block-paragraph\">Quando uma m\u00fasica entrava em uma trilha, ela ganhava um novo contexto.<\/p>\n\n\n\n<p class=\"wp-block-paragraph\">O espectador podia conhecer o artista atrav\u00e9s da novela, procurar a m\u00fasica em uma loja de discos e, posteriormente, reencontr\u00e1-la no r\u00e1dio.<\/p>\n\n\n\n<p class=\"wp-block-paragraph\">A can\u00e7\u00e3o come\u00e7ava sua vida em um lugar e passava a viver outras vidas na mem\u00f3ria de quem a escutava.<\/p>\n\n\n\n<p class=\"wp-block-paragraph\">\u201cHold Me in Your Arms\u201d \u00e9 um exemplo perfeito disso.<\/p>\n\n\n\n<p class=\"wp-block-paragraph\">Rick Astley escreveu e gravou a m\u00fasica.<\/p>\n\n\n\n<p class=\"wp-block-paragraph\">A ind\u00fastria fonogr\u00e1fica brit\u00e2nica a colocou nas paradas.<\/p>\n\n\n\n<p class=\"wp-block-paragraph\">A Globo a incorporou \u00e0 trilha internacional.<\/p>\n\n\n\n<p class=\"wp-block-paragraph\">Severo e B\u00e1rbara deram a ela um endere\u00e7o dram\u00e1tico.<\/p>\n\n\n\n<p class=\"wp-block-paragraph\">E o p\u00fablico brasileiro guardou o resultado.<\/p>\n\n\n\n<h2 class=\"wp-block-heading\">E quem mais estava naquele mesmo disco?<\/h2>\n\n\n\n<p class=\"wp-block-paragraph\">Talvez essa seja a pergunta que fa\u00e7a o leitor voltar imediatamente para 1989.<\/p>\n\n\n\n<p class=\"wp-block-paragraph\">Porque ouvir novamente a trilha internacional de <em>O Salvador da P\u00e1tria<\/em> \u00e9 como abrir uma c\u00e1psula do tempo.<\/p>\n\n\n\n<p class=\"wp-block-paragraph\"><strong>Rick Astley. Phil Collins. Whitney Houston. Bon Jovi. Milli Vanilli. Jane Wiedlin. Pet Shop Boys. Will to Power. Debbie Gibson. Midge Ure. George McCrae. Stryper.<\/strong><\/p>\n\n\n\n<p class=\"wp-block-paragraph\">Todos reunidos em um mesmo \u00e1lbum.<\/p>\n\n\n\n<p class=\"wp-block-paragraph\">A Mem\u00f3ria Globo preserva a rela\u00e7\u00e3o oficial das faixas e seus respectivos cr\u00e9ditos.<\/p>\n\n\n\n<p class=\"wp-block-paragraph\">E ainda havia a trilha nacional, que reunia nomes como <strong>Gilberto Gil, Wando, Simone, Beth Carvalho, Cl\u00e1udio Nucci, Lucinha Lins, Jo\u00e3o Bosco, Oswaldo Montenegro, Jane Duboc, A Cor do Som e Marisa Monte<\/strong>.<\/p>\n\n\n\n<p class=\"wp-block-paragraph\">\u00c9 dif\u00edcil imaginar uma fotografia musical brasileira de 1989 mais completa.<\/p>\n\n\n\n<h2 class=\"wp-block-heading\">O detalhe que talvez voc\u00ea n\u00e3o lembrasse<\/h2>\n\n\n\n<p class=\"wp-block-paragraph\">H\u00e1 uma raz\u00e3o para essa hist\u00f3ria funcionar t\u00e3o bem hoje.<\/p>\n\n\n\n<p class=\"wp-block-paragraph\">Talvez voc\u00ea tenha lembrado de Rick Astley.<\/p>\n\n\n\n<p class=\"wp-block-paragraph\">Talvez tenha lembrado de <em>O Salvador da P\u00e1tria<\/em>.<\/p>\n\n\n\n<p class=\"wp-block-paragraph\">Talvez tenha lembrado de Francisco Cuoco.<\/p>\n\n\n\n<p class=\"wp-block-paragraph\">Talvez tenha lembrado de L\u00facia Ver\u00edssimo.<\/p>\n\n\n\n<p class=\"wp-block-paragraph\">Ou talvez tenha lembrado simplesmente daquela voz grave cantando uma balada enquanto a televis\u00e3o exibia uma hist\u00f3ria de amor.<\/p>\n\n\n\n<p class=\"wp-block-paragraph\">Mas provavelmente nem todos esses elementos estavam conectados na sua mem\u00f3ria.<\/p>\n\n\n\n<p class=\"wp-block-paragraph\">Agora est\u00e3o.<\/p>\n\n\n\n<p class=\"wp-block-paragraph\"><strong>\u201cHold Me in Your Arms\u201d n\u00e3o foi apenas uma m\u00fasica internacional presente em uma novela de 1989. Ela foi o encontro entre um artista em plena fase internacional, dois personagens de uma produ\u00e7\u00e3o de enorme repercuss\u00e3o e uma trilha sonora que ultrapassou 1,4 milh\u00e3o de c\u00f3pias vendidas.<\/strong><\/p>\n\n\n\n<p class=\"wp-block-paragraph\">E \u00e9 justamente isso que transforma uma m\u00fasica em mem\u00f3ria.<\/p>\n\n\n\n<h2 class=\"wp-block-heading\">Voc\u00ea Sabia? \ud83c\udfb5<\/h2>\n\n\n\n<p class=\"wp-block-paragraph\">\u201cHold Me in Your Arms\u201d chegou ao <strong>10\u00ba lugar no Reino Unido em fevereiro de 1989<\/strong> e permaneceu oito semanas na parada. A m\u00fasica tamb\u00e9m foi o t\u00edtulo do segundo \u00e1lbum de est\u00fadio de Rick Astley, lan\u00e7ado antes do single.<\/p>\n\n\n\n<h2 class=\"wp-block-heading\">Continue explorando a hist\u00f3ria da m\u00fasica \ud83d\udcda<\/h2>\n\n\n\n<p class=\"wp-block-paragraph\">A hist\u00f3ria de <em>O Salvador da P\u00e1tria<\/em> abre uma porta para outras mem\u00f3rias de 1989: Whitney Houston e \u201cOne Moment in Time\u201d, Phil Collins e \u201cTwo Hearts\u201d, Bon Jovi e \u201cI\u2019ll Be There for You\u201d, Debbie Gibson e \u201cLost in Your Eyes\u201d, al\u00e9m de tantos outros nomes que ajudaram a construir a trilha sonora daquele ano.<\/p>\n\n\n\n<p class=\"wp-block-paragraph\">Porque algumas trilhas n\u00e3o envelhecem.<\/p>\n\n\n\n<p class=\"wp-block-paragraph\">Elas simplesmente esperam que algu\u00e9m aperte o play novamente.<\/p>\n\n\n\n<h2 class=\"wp-block-heading\">Agora escute \u201cHold Me in Your Arms\u201d de outra maneira<\/h2>\n\n\n\n<p class=\"wp-block-paragraph\">Talvez voc\u00ea j\u00e1 conhecesse a m\u00fasica.<\/p>\n\n\n\n<p class=\"wp-block-paragraph\">Talvez tenha conhecido Rick Astley primeiro.<\/p>\n\n\n\n<p class=\"wp-block-paragraph\">Talvez tenha assistido \u00e0 novela.<\/p>\n\n\n\n<p class=\"wp-block-paragraph\">Mas agora existe uma hist\u00f3ria por tr\u00e1s daqueles acordes.<\/p>\n\n\n\n<p class=\"wp-block-paragraph\">Uma hist\u00f3ria que atravessou a Inglaterra, chegou ao Brasil, encontrou Severo e B\u00e1rbara e ficou registrada em uma das trilhas internacionais mais vendidas daquela \u00e9poca.<\/p>\n\n\n\n<p class=\"wp-block-paragraph\"><strong>Quando \u201cHold Me in Your Arms\u201d tocar novamente, talvez voc\u00ea n\u00e3o escute apenas Rick Astley.<\/strong><\/p>\n\n\n\n<p class=\"wp-block-paragraph\">Talvez escute 1989.<\/p>\n\n\n\n<h3 class=\"wp-block-heading\">\ud83c\udfa7 Ou\u00e7a a trilha sonora desta hist\u00f3ria<\/h3>\n\n\n\n<p class=\"wp-block-paragraph\"><strong>\u201cHold Me in Your Arms\u201d, de Rick Astley, faz parte da programa\u00e7\u00e3o da R\u00e1dio Planeta Saudade.<\/strong><\/p>\n\n\n\n<p class=\"wp-block-paragraph\">\ud83c\udf10 <strong>Site oficial:<\/strong> radioplanetasaudade.com.br<br>\ud83d\udcf1 <strong>Aplicativo oficial:<\/strong> Android e iPhone<br>\ud83d\udcbb <strong>Web App:<\/strong> Android, iOS e computadores<br>\ud83d\udde3\ufe0f <strong>Alexa:<\/strong> \u201cAlexa, tocar R\u00e1dio Planeta Saudade\u201d<br>\ud83d\ude97 <strong>Android Auto e Apple CarPlay:<\/strong> R\u00e1dio Planeta Saudade no carro<br>\ud83d\udcfb <strong>R\u00e1dios Net:<\/strong> dispon\u00edvel tamb\u00e9m na plataforma<br>\ud83c\udfa7 <strong>CX R\u00e1dio:<\/strong> dispon\u00edvel tamb\u00e9m na plataforma<\/p>\n\n\n\n<h3 class=\"wp-block-heading\">Sobre o Portal Planeta Saudade \ud83c\udf10<\/h3>\n\n\n\n<p class=\"wp-block-paragraph\">O Portal Planeta Saudade existe para preservar a mem\u00f3ria da m\u00fasica com pesquisa, contexto, responsabilidade e emo\u00e7\u00e3o. Mais do que lembrar que uma m\u00fasica foi importante, procuramos explicar por que ela foi importante, quem participou de sua trajet\u00f3ria e quais hist\u00f3rias merecem continuar vivas.<\/p>\n\n\n\n<p class=\"wp-block-paragraph\"><strong>Preservando a mem\u00f3ria da m\u00fasica, uma hist\u00f3ria de cada vez.<\/strong><\/p>\n","protected":false},"excerpt":{"rendered":"<p>Uma m\u00fasica que nasceu no universo pop de Rick Astley, chegou ao Top 10 brit\u00e2nico&#8230;<\/p>\n","protected":false},"author":1,"featured_media":6320,"comment_status":"open","ping_status":"open","sticky":false,"template":"","format":"standard","meta":{"footnotes":""},"categories":[92],"tags":[119,118,120,121,117,2417,561,562,116,99,257],"class_list":["post-6319","post","type-post","status-publish","format-standard","has-post-thumbnail","hentry","category-baixe-nosso-aplicativo","tag-anos-70","tag-anos-80","tag-anos-90","tag-baixe-nosso-app","tag-flashaback","tag-hold-me-in-your-arms","tag-ouvir","tag-ouvir-radio","tag-radio","tag-radio-planeta-saudade","tag-rick-astley"],"yoast_head":"<!-- This site is optimized with the Yoast SEO plugin v28.4 - https:\/\/yoast.com\/product\/yoast-seo-wordpress\/ -->\n<title>Rick Astley e O Salvador da P\u00e1tria: quando \u201cHold Me in Your Arms\u201d encontrou o Brasil em 1989 - R\u00c1DIO PLANETA SAUDADE<\/title>\n<meta name=\"robots\" content=\"index, follow, max-snippet:-1, max-image-preview:large, max-video-preview:-1\" \/>\n<link rel=\"canonical\" href=\"https:\/\/radioplanetasaudade.com.br\/index.php\/2026\/09\/04\/rick-astley-e-o-salvador-da-patria-quando-hold-me-in-your-arms-encontrou-o-brasil-em-1989\/\" \/>\n<meta property=\"og:locale\" content=\"pt_BR\" \/>\n<meta property=\"og:type\" content=\"article\" \/>\n<meta property=\"og:title\" content=\"Rick Astley e O Salvador da P\u00e1tria: quando \u201cHold Me in Your Arms\u201d encontrou o Brasil em 1989 - R\u00c1DIO PLANETA SAUDADE\" \/>\n<meta property=\"og:description\" content=\"Uma m\u00fasica que nasceu no universo pop de Rick Astley, chegou ao Top 10 brit\u00e2nico...\" \/>\n<meta property=\"og:url\" content=\"https:\/\/radioplanetasaudade.com.br\/index.php\/2026\/09\/04\/rick-astley-e-o-salvador-da-patria-quando-hold-me-in-your-arms-encontrou-o-brasil-em-1989\/\" \/>\n<meta property=\"og:site_name\" content=\"R\u00c1DIO PLANETA SAUDADE\" \/>\n<meta property=\"article:published_time\" content=\"2026-09-04T23:38:50+00:00\" \/>\n<meta property=\"article:modified_time\" content=\"2026-09-04T23:39:59+00:00\" \/>\n<meta property=\"og:image\" content=\"https:\/\/radioplanetasaudade.com.br\/wp-content\/uploads\/2026\/09\/O-Salvador.jpeg\" \/>\n\t<meta property=\"og:image:width\" content=\"1254\" \/>\n\t<meta property=\"og:image:height\" content=\"1254\" \/>\n\t<meta property=\"og:image:type\" content=\"image\/jpeg\" \/>\n<meta name=\"author\" content=\"Planeta Saudade\" \/>\n<meta name=\"twitter:card\" content=\"summary_large_image\" \/>\n<meta name=\"twitter:label1\" content=\"Escrito por\" \/>\n\t<meta name=\"twitter:data1\" content=\"Planeta Saudade\" \/>\n\t<meta name=\"twitter:label2\" content=\"Est. tempo de leitura\" \/>\n\t<meta name=\"twitter:data2\" content=\"10 minutos\" \/>\n<script type=\"application\/ld+json\" class=\"yoast-schema-graph\">{\"@context\":\"https:\\\/\\\/schema.org\",\"@graph\":[{\"@type\":\"Article\",\"@id\":\"https:\\\/\\\/radioplanetasaudade.com.br\\\/index.php\\\/2026\\\/09\\\/04\\\/rick-astley-e-o-salvador-da-patria-quando-hold-me-in-your-arms-encontrou-o-brasil-em-1989\\\/#article\",\"isPartOf\":{\"@id\":\"https:\\\/\\\/radioplanetasaudade.com.br\\\/index.php\\\/2026\\\/09\\\/04\\\/rick-astley-e-o-salvador-da-patria-quando-hold-me-in-your-arms-encontrou-o-brasil-em-1989\\\/\"},\"author\":{\"name\":\"Planeta Saudade\",\"@id\":\"https:\\\/\\\/radioplanetasaudade.com.br\\\/#\\\/schema\\\/person\\\/1a6f6fc0d987819324e7ed417a1a6581\"},\"headline\":\"Rick Astley e O Salvador da P\u00e1tria: quando \u201cHold Me in Your Arms\u201d encontrou o Brasil em 1989\",\"datePublished\":\"2026-09-04T23:38:50+00:00\",\"dateModified\":\"2026-09-04T23:39:59+00:00\",\"mainEntityOfPage\":{\"@id\":\"https:\\\/\\\/radioplanetasaudade.com.br\\\/index.php\\\/2026\\\/09\\\/04\\\/rick-astley-e-o-salvador-da-patria-quando-hold-me-in-your-arms-encontrou-o-brasil-em-1989\\\/\"},\"wordCount\":1778,\"commentCount\":0,\"publisher\":{\"@id\":\"https:\\\/\\\/radioplanetasaudade.com.br\\\/#organization\"},\"image\":{\"@id\":\"https:\\\/\\\/radioplanetasaudade.com.br\\\/index.php\\\/2026\\\/09\\\/04\\\/rick-astley-e-o-salvador-da-patria-quando-hold-me-in-your-arms-encontrou-o-brasil-em-1989\\\/#primaryimage\"},\"thumbnailUrl\":\"https:\\\/\\\/radioplanetasaudade.com.br\\\/wp-content\\\/uploads\\\/2026\\\/09\\\/O-Salvador.jpeg\",\"keywords\":[\"Anos 70\",\"Anos 80\",\"Anos 90\",\"Baixe nosso App\",\"Flashaback\",\"Hold Me in Your Arms\",\"Ouvir\",\"Ouvir r\u00e1dio\",\"R\u00e1dio\",\"R\u00e1dio Planeta Saudade\",\"Rick Astley\"],\"articleSection\":[\"BAIXE NOSSO APLICATIVO\"],\"inLanguage\":\"pt-BR\",\"potentialAction\":[{\"@type\":\"CommentAction\",\"name\":\"Comment\",\"target\":[\"https:\\\/\\\/radioplanetasaudade.com.br\\\/index.php\\\/2026\\\/09\\\/04\\\/rick-astley-e-o-salvador-da-patria-quando-hold-me-in-your-arms-encontrou-o-brasil-em-1989\\\/#respond\"]}]},{\"@type\":\"WebPage\",\"@id\":\"https:\\\/\\\/radioplanetasaudade.com.br\\\/index.php\\\/2026\\\/09\\\/04\\\/rick-astley-e-o-salvador-da-patria-quando-hold-me-in-your-arms-encontrou-o-brasil-em-1989\\\/\",\"url\":\"https:\\\/\\\/radioplanetasaudade.com.br\\\/index.php\\\/2026\\\/09\\\/04\\\/rick-astley-e-o-salvador-da-patria-quando-hold-me-in-your-arms-encontrou-o-brasil-em-1989\\\/\",\"name\":\"Rick Astley e O Salvador da P\u00e1tria: quando \u201cHold Me in Your Arms\u201d encontrou o Brasil em 1989 - R\u00c1DIO PLANETA SAUDADE\",\"isPartOf\":{\"@id\":\"https:\\\/\\\/radioplanetasaudade.com.br\\\/#website\"},\"primaryImageOfPage\":{\"@id\":\"https:\\\/\\\/radioplanetasaudade.com.br\\\/index.php\\\/2026\\\/09\\\/04\\\/rick-astley-e-o-salvador-da-patria-quando-hold-me-in-your-arms-encontrou-o-brasil-em-1989\\\/#primaryimage\"},\"image\":{\"@id\":\"https:\\\/\\\/radioplanetasaudade.com.br\\\/index.php\\\/2026\\\/09\\\/04\\\/rick-astley-e-o-salvador-da-patria-quando-hold-me-in-your-arms-encontrou-o-brasil-em-1989\\\/#primaryimage\"},\"thumbnailUrl\":\"https:\\\/\\\/radioplanetasaudade.com.br\\\/wp-content\\\/uploads\\\/2026\\\/09\\\/O-Salvador.jpeg\",\"datePublished\":\"2026-09-04T23:38:50+00:00\",\"dateModified\":\"2026-09-04T23:39:59+00:00\",\"breadcrumb\":{\"@id\":\"https:\\\/\\\/radioplanetasaudade.com.br\\\/index.php\\\/2026\\\/09\\\/04\\\/rick-astley-e-o-salvador-da-patria-quando-hold-me-in-your-arms-encontrou-o-brasil-em-1989\\\/#breadcrumb\"},\"inLanguage\":\"pt-BR\",\"potentialAction\":[{\"@type\":\"ReadAction\",\"target\":[\"https:\\\/\\\/radioplanetasaudade.com.br\\\/index.php\\\/2026\\\/09\\\/04\\\/rick-astley-e-o-salvador-da-patria-quando-hold-me-in-your-arms-encontrou-o-brasil-em-1989\\\/\"]}]},{\"@type\":\"ImageObject\",\"inLanguage\":\"pt-BR\",\"@id\":\"https:\\\/\\\/radioplanetasaudade.com.br\\\/index.php\\\/2026\\\/09\\\/04\\\/rick-astley-e-o-salvador-da-patria-quando-hold-me-in-your-arms-encontrou-o-brasil-em-1989\\\/#primaryimage\",\"url\":\"https:\\\/\\\/radioplanetasaudade.com.br\\\/wp-content\\\/uploads\\\/2026\\\/09\\\/O-Salvador.jpeg\",\"contentUrl\":\"https:\\\/\\\/radioplanetasaudade.com.br\\\/wp-content\\\/uploads\\\/2026\\\/09\\\/O-Salvador.jpeg\",\"width\":1254,\"height\":1254},{\"@type\":\"BreadcrumbList\",\"@id\":\"https:\\\/\\\/radioplanetasaudade.com.br\\\/index.php\\\/2026\\\/09\\\/04\\\/rick-astley-e-o-salvador-da-patria-quando-hold-me-in-your-arms-encontrou-o-brasil-em-1989\\\/#breadcrumb\",\"itemListElement\":[{\"@type\":\"ListItem\",\"position\":1,\"name\":\"In\u00edcio\",\"item\":\"https:\\\/\\\/radioplanetasaudade.com.br\\\/\"},{\"@type\":\"ListItem\",\"position\":2,\"name\":\"Rick Astley e O Salvador da P\u00e1tria: quando \u201cHold Me in Your Arms\u201d encontrou o Brasil em 1989\"}]},{\"@type\":\"WebSite\",\"@id\":\"https:\\\/\\\/radioplanetasaudade.com.br\\\/#website\",\"url\":\"https:\\\/\\\/radioplanetasaudade.com.br\\\/\",\"name\":\"R\u00e1dio Planeta Saudade\",\"description\":\"Relembrando grandes sucessos musicais e informando sobre os maiores artistas do mundo ou\u00e7a no seu celular.\",\"publisher\":{\"@id\":\"https:\\\/\\\/radioplanetasaudade.com.br\\\/#organization\"},\"potentialAction\":[{\"@type\":\"SearchAction\",\"target\":{\"@type\":\"EntryPoint\",\"urlTemplate\":\"https:\\\/\\\/radioplanetasaudade.com.br\\\/?s={search_term_string}\"},\"query-input\":{\"@type\":\"PropertyValueSpecification\",\"valueRequired\":true,\"valueName\":\"search_term_string\"}}],\"inLanguage\":\"pt-BR\"},{\"@type\":\"Organization\",\"@id\":\"https:\\\/\\\/radioplanetasaudade.com.br\\\/#organization\",\"name\":\"R\u00e1dio Planeta Saudade\",\"url\":\"https:\\\/\\\/radioplanetasaudade.com.br\\\/\",\"logo\":{\"@type\":\"ImageObject\",\"inLanguage\":\"pt-BR\",\"@id\":\"https:\\\/\\\/radioplanetasaudade.com.br\\\/#\\\/schema\\\/logo\\\/image\\\/\",\"url\":\"https:\\\/\\\/radioplanetasaudade.com.br\\\/wp-content\\\/uploads\\\/2023\\\/10\\\/capture-20230607-202153.png\",\"contentUrl\":\"https:\\\/\\\/radioplanetasaudade.com.br\\\/wp-content\\\/uploads\\\/2023\\\/10\\\/capture-20230607-202153.png\",\"width\":1350,\"height\":358,\"caption\":\"R\u00e1dio Planeta Saudade\"},\"image\":{\"@id\":\"https:\\\/\\\/radioplanetasaudade.com.br\\\/#\\\/schema\\\/logo\\\/image\\\/\"}},{\"@type\":\"Person\",\"@id\":\"https:\\\/\\\/radioplanetasaudade.com.br\\\/#\\\/schema\\\/person\\\/1a6f6fc0d987819324e7ed417a1a6581\",\"name\":\"Planeta Saudade\",\"image\":{\"@type\":\"ImageObject\",\"inLanguage\":\"pt-BR\",\"@id\":\"https:\\\/\\\/secure.gravatar.com\\\/avatar\\\/f81afe153fb6e9e1d38e83d127599e125ba7a0bd5cdb1f795af3d9b0af8ddeb0?s=96&d=mm&r=g\",\"url\":\"https:\\\/\\\/secure.gravatar.com\\\/avatar\\\/f81afe153fb6e9e1d38e83d127599e125ba7a0bd5cdb1f795af3d9b0af8ddeb0?s=96&d=mm&r=g\",\"contentUrl\":\"https:\\\/\\\/secure.gravatar.com\\\/avatar\\\/f81afe153fb6e9e1d38e83d127599e125ba7a0bd5cdb1f795af3d9b0af8ddeb0?s=96&d=mm&r=g\",\"caption\":\"Planeta Saudade\"},\"sameAs\":[\"https:\\\/\\\/radioplanetasaudade.com.br\"],\"url\":\"https:\\\/\\\/radioplanetasaudade.com.br\\\/index.php\\\/author\\\/wendelsantos4567\\\/\"}]}<\/script>\n<!-- \/ Yoast SEO plugin. -->","yoast_head_json":{"title":"Rick Astley e O Salvador da P\u00e1tria: quando \u201cHold Me in Your Arms\u201d encontrou o Brasil em 1989 - R\u00c1DIO PLANETA SAUDADE","robots":{"index":"index","follow":"follow","max-snippet":"max-snippet:-1","max-image-preview":"max-image-preview:large","max-video-preview":"max-video-preview:-1"},"canonical":"https:\/\/radioplanetasaudade.com.br\/index.php\/2026\/09\/04\/rick-astley-e-o-salvador-da-patria-quando-hold-me-in-your-arms-encontrou-o-brasil-em-1989\/","og_locale":"pt_BR","og_type":"article","og_title":"Rick Astley e O Salvador da P\u00e1tria: quando \u201cHold Me in Your Arms\u201d encontrou o Brasil em 1989 - R\u00c1DIO PLANETA SAUDADE","og_description":"Uma m\u00fasica que nasceu no universo pop de Rick Astley, chegou ao Top 10 brit\u00e2nico...","og_url":"https:\/\/radioplanetasaudade.com.br\/index.php\/2026\/09\/04\/rick-astley-e-o-salvador-da-patria-quando-hold-me-in-your-arms-encontrou-o-brasil-em-1989\/","og_site_name":"R\u00c1DIO PLANETA SAUDADE","article_published_time":"2026-09-04T23:38:50+00:00","article_modified_time":"2026-09-04T23:39:59+00:00","og_image":[{"width":1254,"height":1254,"url":"https:\/\/radioplanetasaudade.com.br\/wp-content\/uploads\/2026\/09\/O-Salvador.jpeg","type":"image\/jpeg"}],"author":"Planeta Saudade","twitter_card":"summary_large_image","twitter_misc":{"Escrito por":"Planeta Saudade","Est. tempo de leitura":"10 minutos"},"schema":{"@context":"https:\/\/schema.org","@graph":[{"@type":"Article","@id":"https:\/\/radioplanetasaudade.com.br\/index.php\/2026\/09\/04\/rick-astley-e-o-salvador-da-patria-quando-hold-me-in-your-arms-encontrou-o-brasil-em-1989\/#article","isPartOf":{"@id":"https:\/\/radioplanetasaudade.com.br\/index.php\/2026\/09\/04\/rick-astley-e-o-salvador-da-patria-quando-hold-me-in-your-arms-encontrou-o-brasil-em-1989\/"},"author":{"name":"Planeta Saudade","@id":"https:\/\/radioplanetasaudade.com.br\/#\/schema\/person\/1a6f6fc0d987819324e7ed417a1a6581"},"headline":"Rick Astley e O Salvador da P\u00e1tria: quando \u201cHold Me in Your Arms\u201d encontrou o Brasil em 1989","datePublished":"2026-09-04T23:38:50+00:00","dateModified":"2026-09-04T23:39:59+00:00","mainEntityOfPage":{"@id":"https:\/\/radioplanetasaudade.com.br\/index.php\/2026\/09\/04\/rick-astley-e-o-salvador-da-patria-quando-hold-me-in-your-arms-encontrou-o-brasil-em-1989\/"},"wordCount":1778,"commentCount":0,"publisher":{"@id":"https:\/\/radioplanetasaudade.com.br\/#organization"},"image":{"@id":"https:\/\/radioplanetasaudade.com.br\/index.php\/2026\/09\/04\/rick-astley-e-o-salvador-da-patria-quando-hold-me-in-your-arms-encontrou-o-brasil-em-1989\/#primaryimage"},"thumbnailUrl":"https:\/\/radioplanetasaudade.com.br\/wp-content\/uploads\/2026\/09\/O-Salvador.jpeg","keywords":["Anos 70","Anos 80","Anos 90","Baixe nosso App","Flashaback","Hold Me in Your Arms","Ouvir","Ouvir r\u00e1dio","R\u00e1dio","R\u00e1dio Planeta Saudade","Rick Astley"],"articleSection":["BAIXE NOSSO APLICATIVO"],"inLanguage":"pt-BR","potentialAction":[{"@type":"CommentAction","name":"Comment","target":["https:\/\/radioplanetasaudade.com.br\/index.php\/2026\/09\/04\/rick-astley-e-o-salvador-da-patria-quando-hold-me-in-your-arms-encontrou-o-brasil-em-1989\/#respond"]}]},{"@type":"WebPage","@id":"https:\/\/radioplanetasaudade.com.br\/index.php\/2026\/09\/04\/rick-astley-e-o-salvador-da-patria-quando-hold-me-in-your-arms-encontrou-o-brasil-em-1989\/","url":"https:\/\/radioplanetasaudade.com.br\/index.php\/2026\/09\/04\/rick-astley-e-o-salvador-da-patria-quando-hold-me-in-your-arms-encontrou-o-brasil-em-1989\/","name":"Rick Astley e O Salvador da P\u00e1tria: quando \u201cHold Me in Your Arms\u201d encontrou o Brasil em 1989 - R\u00c1DIO PLANETA SAUDADE","isPartOf":{"@id":"https:\/\/radioplanetasaudade.com.br\/#website"},"primaryImageOfPage":{"@id":"https:\/\/radioplanetasaudade.com.br\/index.php\/2026\/09\/04\/rick-astley-e-o-salvador-da-patria-quando-hold-me-in-your-arms-encontrou-o-brasil-em-1989\/#primaryimage"},"image":{"@id":"https:\/\/radioplanetasaudade.com.br\/index.php\/2026\/09\/04\/rick-astley-e-o-salvador-da-patria-quando-hold-me-in-your-arms-encontrou-o-brasil-em-1989\/#primaryimage"},"thumbnailUrl":"https:\/\/radioplanetasaudade.com.br\/wp-content\/uploads\/2026\/09\/O-Salvador.jpeg","datePublished":"2026-09-04T23:38:50+00:00","dateModified":"2026-09-04T23:39:59+00:00","breadcrumb":{"@id":"https:\/\/radioplanetasaudade.com.br\/index.php\/2026\/09\/04\/rick-astley-e-o-salvador-da-patria-quando-hold-me-in-your-arms-encontrou-o-brasil-em-1989\/#breadcrumb"},"inLanguage":"pt-BR","potentialAction":[{"@type":"ReadAction","target":["https:\/\/radioplanetasaudade.com.br\/index.php\/2026\/09\/04\/rick-astley-e-o-salvador-da-patria-quando-hold-me-in-your-arms-encontrou-o-brasil-em-1989\/"]}]},{"@type":"ImageObject","inLanguage":"pt-BR","@id":"https:\/\/radioplanetasaudade.com.br\/index.php\/2026\/09\/04\/rick-astley-e-o-salvador-da-patria-quando-hold-me-in-your-arms-encontrou-o-brasil-em-1989\/#primaryimage","url":"https:\/\/radioplanetasaudade.com.br\/wp-content\/uploads\/2026\/09\/O-Salvador.jpeg","contentUrl":"https:\/\/radioplanetasaudade.com.br\/wp-content\/uploads\/2026\/09\/O-Salvador.jpeg","width":1254,"height":1254},{"@type":"BreadcrumbList","@id":"https:\/\/radioplanetasaudade.com.br\/index.php\/2026\/09\/04\/rick-astley-e-o-salvador-da-patria-quando-hold-me-in-your-arms-encontrou-o-brasil-em-1989\/#breadcrumb","itemListElement":[{"@type":"ListItem","position":1,"name":"In\u00edcio","item":"https:\/\/radioplanetasaudade.com.br\/"},{"@type":"ListItem","position":2,"name":"Rick Astley e O Salvador da P\u00e1tria: quando \u201cHold Me in Your Arms\u201d encontrou o Brasil em 1989"}]},{"@type":"WebSite","@id":"https:\/\/radioplanetasaudade.com.br\/#website","url":"https:\/\/radioplanetasaudade.com.br\/","name":"R\u00e1dio Planeta Saudade","description":"Relembrando grandes sucessos musicais e informando sobre os maiores artistas do mundo ou\u00e7a no seu celular.","publisher":{"@id":"https:\/\/radioplanetasaudade.com.br\/#organization"},"potentialAction":[{"@type":"SearchAction","target":{"@type":"EntryPoint","urlTemplate":"https:\/\/radioplanetasaudade.com.br\/?s={search_term_string}"},"query-input":{"@type":"PropertyValueSpecification","valueRequired":true,"valueName":"search_term_string"}}],"inLanguage":"pt-BR"},{"@type":"Organization","@id":"https:\/\/radioplanetasaudade.com.br\/#organization","name":"R\u00e1dio Planeta Saudade","url":"https:\/\/radioplanetasaudade.com.br\/","logo":{"@type":"ImageObject","inLanguage":"pt-BR","@id":"https:\/\/radioplanetasaudade.com.br\/#\/schema\/logo\/image\/","url":"https:\/\/radioplanetasaudade.com.br\/wp-content\/uploads\/2023\/10\/capture-20230607-202153.png","contentUrl":"https:\/\/radioplanetasaudade.com.br\/wp-content\/uploads\/2023\/10\/capture-20230607-202153.png","width":1350,"height":358,"caption":"R\u00e1dio Planeta Saudade"},"image":{"@id":"https:\/\/radioplanetasaudade.com.br\/#\/schema\/logo\/image\/"}},{"@type":"Person","@id":"https:\/\/radioplanetasaudade.com.br\/#\/schema\/person\/1a6f6fc0d987819324e7ed417a1a6581","name":"Planeta Saudade","image":{"@type":"ImageObject","inLanguage":"pt-BR","@id":"https:\/\/secure.gravatar.com\/avatar\/f81afe153fb6e9e1d38e83d127599e125ba7a0bd5cdb1f795af3d9b0af8ddeb0?s=96&d=mm&r=g","url":"https:\/\/secure.gravatar.com\/avatar\/f81afe153fb6e9e1d38e83d127599e125ba7a0bd5cdb1f795af3d9b0af8ddeb0?s=96&d=mm&r=g","contentUrl":"https:\/\/secure.gravatar.com\/avatar\/f81afe153fb6e9e1d38e83d127599e125ba7a0bd5cdb1f795af3d9b0af8ddeb0?s=96&d=mm&r=g","caption":"Planeta Saudade"},"sameAs":["https:\/\/radioplanetasaudade.com.br"],"url":"https:\/\/radioplanetasaudade.com.br\/index.php\/author\/wendelsantos4567\/"}]}},"_links":{"self":[{"href":"https:\/\/radioplanetasaudade.com.br\/index.php\/wp-json\/wp\/v2\/posts\/6319","targetHints":{"allow":["GET"]}}],"collection":[{"href":"https:\/\/radioplanetasaudade.com.br\/index.php\/wp-json\/wp\/v2\/posts"}],"about":[{"href":"https:\/\/radioplanetasaudade.com.br\/index.php\/wp-json\/wp\/v2\/types\/post"}],"author":[{"embeddable":true,"href":"https:\/\/radioplanetasaudade.com.br\/index.php\/wp-json\/wp\/v2\/users\/1"}],"replies":[{"embeddable":true,"href":"https:\/\/radioplanetasaudade.com.br\/index.php\/wp-json\/wp\/v2\/comments?post=6319"}],"version-history":[{"count":1,"href":"https:\/\/radioplanetasaudade.com.br\/index.php\/wp-json\/wp\/v2\/posts\/6319\/revisions"}],"predecessor-version":[{"id":6321,"href":"https:\/\/radioplanetasaudade.com.br\/index.php\/wp-json\/wp\/v2\/posts\/6319\/revisions\/6321"}],"wp:featuredmedia":[{"embeddable":true,"href":"https:\/\/radioplanetasaudade.com.br\/index.php\/wp-json\/wp\/v2\/media\/6320"}],"wp:attachment":[{"href":"https:\/\/radioplanetasaudade.com.br\/index.php\/wp-json\/wp\/v2\/media?parent=6319"}],"wp:term":[{"taxonomy":"category","embeddable":true,"href":"https:\/\/radioplanetasaudade.com.br\/index.php\/wp-json\/wp\/v2\/categories?post=6319"},{"taxonomy":"post_tag","embeddable":true,"href":"https:\/\/radioplanetasaudade.com.br\/index.php\/wp-json\/wp\/v2\/tags?post=6319"}],"curies":[{"name":"wp","href":"https:\/\/api.w.org\/{rel}","templated":true}]}}