{"id":6322,"date":"2026-09-05T08:24:50","date_gmt":"2026-09-05T11:24:50","guid":{"rendered":"https:\/\/radioplanetasaudade.com.br\/?p=6322"},"modified":"2026-09-05T08:25:02","modified_gmt":"2026-09-05T11:25:02","slug":"freddie-mercury-80-anos-de-um-artista-que-nunca-coube-em-uma-unica-definicao","status":"publish","type":"post","link":"https:\/\/radioplanetasaudade.com.br\/index.php\/2026\/09\/05\/freddie-mercury-80-anos-de-um-artista-que-nunca-coube-em-uma-unica-definicao\/","title":{"rendered":"Freddie Mercury: 80 anos de um artista que nunca coube em uma \u00fanica defini\u00e7\u00e3o"},"content":{"rendered":"\n<h3 class=\"wp-block-heading\">Aos 80 anos que completaria hoje, o homem por tr\u00e1s do mito revela uma hist\u00f3ria menos conhecida: a de um artista que levou para o rock a forma\u00e7\u00e3o em artes, o fasc\u00ednio pelo Jap\u00e3o, a paix\u00e3o pela \u00f3pera e uma obsess\u00e3o quase artesanal pelo processo de cria\u00e7\u00e3o<\/h3>\n\n\n\n<figure class=\"wp-block-image aligncenter size-large\"><img fetchpriority=\"high\" decoding=\"async\" width=\"1024\" height=\"1024\" src=\"https:\/\/radioplanetasaudade.com.br\/wp-content\/uploads\/2026\/09\/Freddie-1024x1024.png\" alt=\"\" class=\"wp-image-6323\" srcset=\"https:\/\/radioplanetasaudade.com.br\/wp-content\/uploads\/2026\/09\/Freddie-1024x1024-1.png 1024w, https:\/\/radioplanetasaudade.com.br\/wp-content\/uploads\/2026\/09\/Freddie-150x150.png 150w, https:\/\/radioplanetasaudade.com.br\/wp-content\/uploads\/2026\/09\/Freddie-300x300.png 300w, https:\/\/radioplanetasaudade.com.br\/wp-content\/uploads\/2026\/09\/Freddie-768x768.png 768w, https:\/\/radioplanetasaudade.com.br\/wp-content\/uploads\/2026\/09\/Freddie.png 1254w\" sizes=\"(max-width: 1024px) 100vw, 1024px\" \/><\/figure>\n\n\n\n<p class=\"wp-block-paragraph\"><strong>Por Reda\u00e7\u00e3o Planeta Saudade<\/strong><br><strong>Publicado em: 5 de setembro de 2026<\/strong><\/p>\n\n\n\n<p class=\"wp-block-paragraph\">H\u00e1 uma imagem de Freddie Mercury que o mundo conhece de cor.<\/p>\n\n\n\n<p class=\"wp-block-paragraph\">Microfone na m\u00e3o. Punho erguido. Capa nas costas. Est\u00e1dio inteiro respondendo a uma voz que parecia maior que o pr\u00f3prio lugar.<\/p>\n\n\n\n<p class=\"wp-block-paragraph\">Mas existe outra imagem, muito menos conhecida.<\/p>\n\n\n\n<p class=\"wp-block-paragraph\">Freddie sentado sozinho diante de um piano, em sil\u00eancio, organizando as m\u00e3os sobre as teclas antes de come\u00e7ar a trabalhar.<\/p>\n\n\n\n<p class=\"wp-block-paragraph\">Ou diante de uma folha, desenhando objetos de sua pr\u00f3pria casa.<\/p>\n\n\n\n<p class=\"wp-block-paragraph\">Ou escolhendo cuidadosamente uma gravura japonesa em um leil\u00e3o.<\/p>\n\n\n\n<p class=\"wp-block-paragraph\">Ou tentando explicar a uma das maiores sopranos do s\u00e9culo XX como imaginava uma m\u00fasica que misturava rock e \u00f3pera.<\/p>\n\n\n\n<p class=\"wp-block-paragraph\">Essas imagens parecem pertencer a pessoas diferentes.<\/p>\n\n\n\n<p class=\"wp-block-paragraph\">N\u00e3o pertencem.<\/p>\n\n\n\n<p class=\"wp-block-paragraph\">Todas eram Freddie Mercury.<\/p>\n\n\n\n<p class=\"wp-block-paragraph\">Hoje, 5 de setembro de 2026, ele completaria 80 anos. E talvez a melhor maneira de lembrar seu anivers\u00e1rio seja justamente abandonar por alguns minutos a imagem do astro e olhar para o artista que existia por tr\u00e1s dela.<\/p>\n\n\n\n<p class=\"wp-block-paragraph\">Porque Freddie Mercury nunca foi apenas o cantor do Queen.<\/p>\n\n\n\n<h2 class=\"wp-block-heading\">Antes do microfone, havia o desenho<\/h2>\n\n\n\n<p class=\"wp-block-paragraph\">Muito antes de conquistar os maiores palcos do mundo, Freddie estudou arte e design gr\u00e1fico no Ealing Art College, em Londres.<\/p>\n\n\n\n<p class=\"wp-block-paragraph\">Ele concluiu o curso em 1969. E aquela forma\u00e7\u00e3o n\u00e3o desapareceu quando a m\u00fasica passou a ocupar sua vida.<\/p>\n\n\n\n<p class=\"wp-block-paragraph\">Pelo contr\u00e1rio.<\/p>\n\n\n\n<p class=\"wp-block-paragraph\">O olhar de designer acompanhou Freddie durante sua carreira e ajudou a explicar a import\u00e2ncia que ele dava \u00e0 imagem, ao figurino e \u00e0 constru\u00e7\u00e3o visual de sua persona.<\/p>\n\n\n\n<p class=\"wp-block-paragraph\">Mary Austin, que conviveu intimamente com Freddie desde o in\u00edcio dos anos 1970, revelou recentemente que, ainda jovem, ele tamb\u00e9m demonstrava habilidades manuais: fazia objetos para a casa e tinha facilidade para costurar \u2014 uma habilidade que mais tarde encontraria utilidade na cria\u00e7\u00e3o de roupas de palco.<\/p>\n\n\n\n<p class=\"wp-block-paragraph\">H\u00e1 ainda um detalhe especialmente revelador.<\/p>\n\n\n\n<p class=\"wp-block-paragraph\">O famoso bras\u00e3o do Queen, conhecido como Queen Crest, foi desenhado por Freddie em 1972, pouco depois de concluir sua forma\u00e7\u00e3o art\u00edstica.<\/p>\n\n\n\n<p class=\"wp-block-paragraph\">N\u00e3o era apenas uma banda precisando de um logotipo.<\/p>\n\n\n\n<p class=\"wp-block-paragraph\">Era um artista visual ajudando a construir a identidade de uma banda que ainda estava come\u00e7ando.<\/p>\n\n\n\n<h2 class=\"wp-block-heading\">Freddie n\u00e3o queria apenas cantar m\u00fasicas. Queria criar mundos<\/h2>\n\n\n\n<p class=\"wp-block-paragraph\">Essa talvez seja uma das chaves para compreender sua trajet\u00f3ria.<\/p>\n\n\n\n<p class=\"wp-block-paragraph\">Freddie parecia enxergar a m\u00fasica como parte de uma experi\u00eancia maior.<\/p>\n\n\n\n<p class=\"wp-block-paragraph\">A can\u00e7\u00e3o precisava ter imagem.<\/p>\n\n\n\n<p class=\"wp-block-paragraph\">A apresenta\u00e7\u00e3o precisava ter teatralidade.<\/p>\n\n\n\n<p class=\"wp-block-paragraph\">O figurino precisava dizer alguma coisa.<\/p>\n\n\n\n<p class=\"wp-block-paragraph\">O palco precisava ser uma extens\u00e3o da m\u00fasica.<\/p>\n\n\n\n<p class=\"wp-block-paragraph\">E o pr\u00f3prio nome Queen fazia parte dessa constru\u00e7\u00e3o.<\/p>\n\n\n\n<p class=\"wp-block-paragraph\">Freddie participou ativamente da mudan\u00e7a do antigo nome Smile para Queen, buscando uma identidade completamente nova para o grupo. A escolha dizia muito sobre a ambi\u00e7\u00e3o art\u00edstica que acompanharia a banda: n\u00e3o havia inten\u00e7\u00e3o de parecer discreta.<\/p>\n\n\n\n<p class=\"wp-block-paragraph\">O Queen queria ser visto.<\/p>\n\n\n\n<p class=\"wp-block-paragraph\">E Freddie sabia exatamente a import\u00e2ncia disso.<\/p>\n\n\n\n<h2 class=\"wp-block-heading\">O piano que ele procurou durante semanas<\/h2>\n\n\n\n<p class=\"wp-block-paragraph\">Existe uma hist\u00f3ria particularmente bonita sobre Freddie Mercury que come\u00e7a longe dos est\u00e1dios.<\/p>\n\n\n\n<p class=\"wp-block-paragraph\">Em 1975, quando o Queen j\u00e1 come\u00e7ava a experimentar estruturas musicais cada vez mais ambiciosas, Freddie decidiu que precisava de um piano \u00e0 altura daquilo que estava imaginando.<\/p>\n\n\n\n<p class=\"wp-block-paragraph\">N\u00e3o queria simplesmente um instrumento melhor.<\/p>\n\n\n\n<p class=\"wp-block-paragraph\">Queria <strong>o seu piano<\/strong>.<\/p>\n\n\n\n<p class=\"wp-block-paragraph\">Durante semanas, procurou em diferentes lojas. Voltava para casa frustrado porque nenhum parecia certo.<\/p>\n\n\n\n<p class=\"wp-block-paragraph\">At\u00e9 encontrar um Yamaha G2.<\/p>\n\n\n\n<p class=\"wp-block-paragraph\">O instrumento custava cerca de \u00a31.000 e era pequeno o suficiente para caber no apartamento que dividia com Mary Austin. Freddie se apaixonou pelo som, pela a\u00e7\u00e3o das teclas e pela sensa\u00e7\u00e3o que o instrumento lhe proporcionava.<\/p>\n\n\n\n<p class=\"wp-block-paragraph\">A partir da\u00ed, aquele piano deixou de ser apenas um m\u00f3vel.<\/p>\n\n\n\n<p class=\"wp-block-paragraph\">Freddie estabeleceu regras quase sagradas para ele.<\/p>\n\n\n\n<p class=\"wp-block-paragraph\">N\u00e3o fumava ao piano.<\/p>\n\n\n\n<p class=\"wp-block-paragraph\">N\u00e3o permitia que colocassem copos sobre ele.<\/p>\n\n\n\n<p class=\"wp-block-paragraph\">E queria que permanecesse sempre impec\u00e1vel.<\/p>\n\n\n\n<p class=\"wp-block-paragraph\">Foi nesse instrumento que ele trabalhou em uma das composi\u00e7\u00f5es mais extraordin\u00e1rias do s\u00e9culo XX.<\/p>\n\n\n\n<p class=\"wp-block-paragraph\">\u201cBohemian Rhapsody\u201d.<\/p>\n\n\n\n<p class=\"wp-block-paragraph\">O piano acompanharia Freddie durante d\u00e9cadas.<\/p>\n\n\n\n<p class=\"wp-block-paragraph\">Mas sua import\u00e2ncia n\u00e3o terminaria ali.<\/p>\n\n\n\n<h2 class=\"wp-block-heading\">O mesmo piano atravessaria dois mundos<\/h2>\n\n\n\n<p class=\"wp-block-paragraph\">Anos depois, j\u00e1 em Garden Lodge, o Yamaha continuava sendo o centro do processo criativo de Freddie.<\/p>\n\n\n\n<p class=\"wp-block-paragraph\">Mary Austin recordou que ele podia passar um dia inteiro diante do instrumento.<\/p>\n\n\n\n<p class=\"wp-block-paragraph\">Come\u00e7ava aquecendo as m\u00e3os com uma escala.<\/p>\n\n\n\n<p class=\"wp-block-paragraph\">Depois mergulhava no trabalho.<\/p>\n\n\n\n<p class=\"wp-block-paragraph\">Havia at\u00e9 uma pequena linguagem silenciosa naquele ambiente: o piano aberto indicava que uma m\u00fasica estava em uma fase mais avan\u00e7ada; fechado, que Freddie ainda estava experimentando e compondo.<\/p>\n\n\n\n<p class=\"wp-block-paragraph\">\u00c9 uma imagem completamente diferente daquela do astro de est\u00e1dio.<\/p>\n\n\n\n<p class=\"wp-block-paragraph\">O homem que diante de milhares de pessoas parecia absolutamente seguro podia passar horas sozinho, repetindo, testando, descartando e reconstruindo ideias.<\/p>\n\n\n\n<p class=\"wp-block-paragraph\">E foi justamente naquele piano que outro cap\u00edtulo extraordin\u00e1rio de sua carreira come\u00e7aria.<\/p>\n\n\n\n<p class=\"wp-block-paragraph\">Montserrat Caball\u00e9.<\/p>\n\n\n\n<h2 class=\"wp-block-heading\">Ele queria conhecer uma cantora de \u00f3pera \u2014 e n\u00e3o apenas fazer um dueto<\/h2>\n\n\n\n<p class=\"wp-block-paragraph\">Freddie admirava profundamente Montserrat Caball\u00e9.<\/p>\n\n\n\n<p class=\"wp-block-paragraph\">N\u00e3o se tratava de uma escolha comercial \u00f3bvia.<\/p>\n\n\n\n<p class=\"wp-block-paragraph\">Era admira\u00e7\u00e3o art\u00edstica.<\/p>\n\n\n\n<p class=\"wp-block-paragraph\">Em 1987, finalmente conseguiu conhec\u00ea-la no Ritz Hotel, em Barcelona.<\/p>\n\n\n\n<p class=\"wp-block-paragraph\">Freddie chegou acompanhado de pessoas de sua equipe e levou consigo uma fita contendo uma m\u00fasica que havia escrito especialmente para aquela ocasi\u00e3o.<\/p>\n\n\n\n<p class=\"wp-block-paragraph\">A m\u00fasica era \u201cExercises in Free Love\u201d.<\/p>\n\n\n\n<p class=\"wp-block-paragraph\">O primeiro encontro poderia ter sido constrangedor.<\/p>\n\n\n\n<p class=\"wp-block-paragraph\">N\u00e3o foi.<\/p>\n\n\n\n<p class=\"wp-block-paragraph\">Montserrat ouviu Freddie.<\/p>\n\n\n\n<p class=\"wp-block-paragraph\">Depois, os dois foram ao piano.<\/p>\n\n\n\n<p class=\"wp-block-paragraph\">E come\u00e7aram a experimentar.<\/p>\n\n\n\n<p class=\"wp-block-paragraph\">A soprano mais tarde recordaria que percebeu naquele momento que Freddie n\u00e3o era simplesmente um cantor popular interessado em aparecer ao lado de uma estrela da \u00f3pera.<\/p>\n\n\n\n<p class=\"wp-block-paragraph\">Ele era um m\u00fasico.<\/p>\n\n\n\n<p class=\"wp-block-paragraph\">Poucos dias depois, Montserrat apresentou \u201cExercises in Free Love\u201d no Royal Opera House, em Covent Garden.<\/p>\n\n\n\n<p class=\"wp-block-paragraph\">Freddie estava na plateia.<\/p>\n\n\n\n<p class=\"wp-block-paragraph\">E, segundo o arquivo oficial, ficou extremamente nervoso durante a apresenta\u00e7\u00e3o.<\/p>\n\n\n\n<p class=\"wp-block-paragraph\">Era uma situa\u00e7\u00e3o curiosa.<\/p>\n\n\n\n<p class=\"wp-block-paragraph\">O homem que conseguia dominar est\u00e1dios estava ali, sentado, esperando a rea\u00e7\u00e3o de uma soprano diante de uma composi\u00e7\u00e3o sua.<\/p>\n\n\n\n<p class=\"wp-block-paragraph\">No final, a apresenta\u00e7\u00e3o recebeu uma ova\u00e7\u00e3o de p\u00e9.<\/p>\n\n\n\n<h2 class=\"wp-block-heading\">E ent\u00e3o aconteceu uma noite que mudou tudo<\/h2>\n\n\n\n<p class=\"wp-block-paragraph\">Depois da apresenta\u00e7\u00e3o, Freddie, Montserrat Caball\u00e9, Mike Moran e Carlos Caball\u00e9 foram para a casa de Freddie.<\/p>\n\n\n\n<p class=\"wp-block-paragraph\">A conversa continuou.<\/p>\n\n\n\n<p class=\"wp-block-paragraph\">A m\u00fasica tamb\u00e9m.<\/p>\n\n\n\n<p class=\"wp-block-paragraph\">Montserrat pediu que Freddie escrevesse uma can\u00e7\u00e3o sobre Barcelona, sua cidade.<\/p>\n\n\n\n<p class=\"wp-block-paragraph\">E a noite avan\u00e7ou at\u00e9 aproximadamente cinco da manh\u00e3.<\/p>\n\n\n\n<p class=\"wp-block-paragraph\">As ideias desenvolvidas naquela madrugada se tornariam parte de \u201cBarcelona\u201d e de \u201cThe Fallen Priest\u201d.<\/p>\n\n\n\n<p class=\"wp-block-paragraph\">O detalhe extraordin\u00e1rio \u00e9 que aquele processo acontecia justamente em torno do Yamaha de Freddie.<\/p>\n\n\n\n<p class=\"wp-block-paragraph\">O mesmo instrumento que havia ajudado a dar forma a \u201cBohemian Rhapsody\u201d agora participava de uma experi\u00eancia completamente diferente.<\/p>\n\n\n\n<p class=\"wp-block-paragraph\">Do rock progressivo \u00e0 m\u00fasica de inspira\u00e7\u00e3o oper\u00edstica.<\/p>\n\n\n\n<p class=\"wp-block-paragraph\">Do Queen a Montserrat Caball\u00e9.<\/p>\n\n\n\n<p class=\"wp-block-paragraph\">Do est\u00e1dio \u00e0 sala de uma casa em Londres.<\/p>\n\n\n\n<p class=\"wp-block-paragraph\">O piano permanecia no centro.<\/p>\n\n\n\n<h2 class=\"wp-block-heading\">O Freddie que colecionava Jap\u00e3o<\/h2>\n\n\n\n<p class=\"wp-block-paragraph\">Existe ainda outra porta para compreender o artista.<\/p>\n\n\n\n<p class=\"wp-block-paragraph\">A rela\u00e7\u00e3o de Freddie com o Jap\u00e3o n\u00e3o era uma simples prefer\u00eancia est\u00e9tica.<\/p>\n\n\n\n<p class=\"wp-block-paragraph\">Depois da primeira turn\u00ea do Queen pelo pa\u00eds, em 1975, ele desenvolveu uma paix\u00e3o profunda pela arte japonesa e come\u00e7ou a construir uma cole\u00e7\u00e3o que cresceria durante anos.<\/p>\n\n\n\n<p class=\"wp-block-paragraph\">Em Garden Lodge, criou uma sala japonesa.<\/p>\n\n\n\n<p class=\"wp-block-paragraph\">E ela n\u00e3o era destinada \u00e0s festas.<\/p>\n\n\n\n<p class=\"wp-block-paragraph\">Era justamente o contr\u00e1rio.<\/p>\n\n\n\n<p class=\"wp-block-paragraph\">Tratava-se de um espa\u00e7o privado, dedicado ao estudo, \u00e0 contempla\u00e7\u00e3o e ao descanso \u2014 um ambiente muito distante da persona extravagante que o p\u00fablico conhecia.<\/p>\n\n\n\n<p class=\"wp-block-paragraph\">Freddie colecionava porcelanas, objetos de laca, tecidos, m\u00f3veis e gravuras japonesas.<\/p>\n\n\n\n<p class=\"wp-block-paragraph\">Entre as pe\u00e7as estava uma gravura de Utagawa Hiroshige, de 1857, uma obra que tamb\u00e9m havia chamado a aten\u00e7\u00e3o de Vincent van Gogh, que posteriormente fez sua pr\u00f3pria vers\u00e3o da imagem.<\/p>\n\n\n\n<p class=\"wp-block-paragraph\">Mas h\u00e1 um detalhe ainda mais revelador.<\/p>\n\n\n\n<p class=\"wp-block-paragraph\">Em seus \u00faltimos anos, Freddie manteve um sketchbook com desenhos de objetos de sua pr\u00f3pria sala japonesa.<\/p>\n\n\n\n<p class=\"wp-block-paragraph\">Entre os estudos est\u00e3o um vaso, um cinzeiro japon\u00eas, um gato e outros objetos.<\/p>\n\n\n\n<p class=\"wp-block-paragraph\">N\u00e3o \u00e9 apenas uma cole\u00e7\u00e3o de coisas bonitas.<\/p>\n\n\n\n<p class=\"wp-block-paragraph\">\u00c9 o olhar de algu\u00e9m que ainda observava, estudava e desenhava.<\/p>\n\n\n\n<h2 class=\"wp-block-heading\">A arte continuava mesmo quando ningu\u00e9m estava olhando<\/h2>\n\n\n\n<p class=\"wp-block-paragraph\">Talvez essa seja uma das descobertas mais interessantes dessa hist\u00f3ria.<\/p>\n\n\n\n<p class=\"wp-block-paragraph\">Freddie Mercury construiu uma imagem p\u00fablica baseada no excesso.<\/p>\n\n\n\n<p class=\"wp-block-paragraph\">Mas sua vida privada revela um homem extremamente atento aos detalhes.<\/p>\n\n\n\n<p class=\"wp-block-paragraph\">Escolhia o lugar de um piano dentro da sala.<\/p>\n\n\n\n<p class=\"wp-block-paragraph\">Organizava objetos.<\/p>\n\n\n\n<p class=\"wp-block-paragraph\">Estudava arte.<\/p>\n\n\n\n<p class=\"wp-block-paragraph\">Desenhava.<\/p>\n\n\n\n<p class=\"wp-block-paragraph\">Colecionava.<\/p>\n\n\n\n<p class=\"wp-block-paragraph\">Escolhia tecidos e roupas.<\/p>\n\n\n\n<p class=\"wp-block-paragraph\">Protegia seus instrumentos.<\/p>\n\n\n\n<p class=\"wp-block-paragraph\">E passava horas trabalhando em uma composi\u00e7\u00e3o.<\/p>\n\n\n\n<p class=\"wp-block-paragraph\">Existe uma diferen\u00e7a enorme entre ser extravagante e ser artisticamente inquieto.<\/p>\n\n\n\n<p class=\"wp-block-paragraph\">Freddie era os dois.<\/p>\n\n\n\n<p class=\"wp-block-paragraph\">Mas \u00e9 a segunda caracter\u00edstica que ajuda a explicar sua perman\u00eancia.<\/p>\n\n\n\n<h2 class=\"wp-block-heading\">At\u00e9 a carreira solo nasceu de uma inquieta\u00e7\u00e3o<\/h2>\n\n\n\n<p class=\"wp-block-paragraph\">Quando Freddie lan\u00e7ou seu primeiro \u00e1lbum solo, \u201cMr. Bad Guy\u201d, em 1985, n\u00e3o estava simplesmente tentando repetir o Queen sozinho.<\/p>\n\n\n\n<p class=\"wp-block-paragraph\">Ele queria explorar territ\u00f3rios que n\u00e3o necessariamente cabiam dentro da banda.<\/p>\n\n\n\n<p class=\"wp-block-paragraph\">O pr\u00f3prio material de divulga\u00e7\u00e3o da Hollywood Records registra uma declara\u00e7\u00e3o de Freddie sobre ter muitas ideias e querer explorar territ\u00f3rios musicais que n\u00e3o conseguia desenvolver dentro do Queen.<\/p>\n\n\n\n<p class=\"wp-block-paragraph\">Antes mesmo do \u00e1lbum, \u201cLove Kills\u201d, produzida em parceria com Giorgio Moroder, j\u00e1 havia levado Freddie para a m\u00fasica eletr\u00f4nica e para o universo da trilha cinematogr\u00e1fica.<\/p>\n\n\n\n<p class=\"wp-block-paragraph\">A can\u00e7\u00e3o nasceu para a vers\u00e3o restaurada de \u201cMetropolis\u201d, cl\u00e1ssico do cinema expressionista alem\u00e3o.<\/p>\n\n\n\n<p class=\"wp-block-paragraph\">E h\u00e1 uma curiosidade deliciosa nessa hist\u00f3ria: embora tenha sido lan\u00e7ada como single solo de Freddie, \u201cLove Kills\u201d contou com a participa\u00e7\u00e3o dos quatro integrantes do Queen.<\/p>\n\n\n\n<p class=\"wp-block-paragraph\">At\u00e9 quando Freddie parecia sair do Queen, o Queen ainda estava ali.<\/p>\n\n\n\n<h2 class=\"wp-block-heading\">O que realmente torna Freddie Mercury t\u00e3o dif\u00edcil de definir<\/h2>\n\n\n\n<p class=\"wp-block-paragraph\">Talvez seja justamente essa contradi\u00e7\u00e3o.<\/p>\n\n\n\n<p class=\"wp-block-paragraph\">Ele podia ser gigantesco no palco e extremamente meticuloso longe dele.<\/p>\n\n\n\n<p class=\"wp-block-paragraph\">Podia cantar rock e mergulhar em \u00f3pera.<\/p>\n\n\n\n<p class=\"wp-block-paragraph\">Podia criar uma das m\u00fasicas populares mais complexas de sua \u00e9poca e, ao mesmo tempo, gravar material voltado para a pista de dan\u00e7a.<\/p>\n\n\n\n<p class=\"wp-block-paragraph\">Podia desenhar o s\u00edmbolo da pr\u00f3pria banda e, d\u00e9cadas depois, desenhar objetos de uma sala privada.<\/p>\n\n\n\n<p class=\"wp-block-paragraph\">Podia ser um colecionador apaixonado por gravuras japonesas e um performer disposto a experimentar outras linguagens art\u00edsticas.<\/p>\n\n\n\n<p class=\"wp-block-paragraph\">E podia passar horas diante de um piano simplesmente procurando a forma certa para uma ideia.<\/p>\n\n\n\n<p class=\"wp-block-paragraph\">Freddie Mercury n\u00e3o construiu uma carreira baseada em uma \u00fanica identidade.<\/p>\n\n\n\n<p class=\"wp-block-paragraph\">Construiu uma carreira baseada na <strong>curiosidade<\/strong>.<\/p>\n\n\n\n<p class=\"wp-block-paragraph\">\u00c9 por isso que olhar para sua hist\u00f3ria apenas como a trajet\u00f3ria do vocalista do Queen \u00e9 insuficiente.<\/p>\n\n\n\n<p class=\"wp-block-paragraph\">O Queen foi o grande palco.<\/p>\n\n\n\n<p class=\"wp-block-paragraph\">Mas Freddie Mercury era maior que o palco.<\/p>\n\n\n\n<h2 class=\"wp-block-heading\">O legado n\u00e3o est\u00e1 apenas nas can\u00e7\u00f5es<\/h2>\n\n\n\n<p class=\"wp-block-paragraph\">\u201cLove of My Life\u201d, \u201cBohemian Rhapsody\u201d, \u201cRadio Ga Ga\u201d, \u201cI Want to Break Free\u201d, \u201cA Kind of Magic\u201d e \u201cWe Are the Champions\u201d pertencem \u00e0 mem\u00f3ria coletiva de v\u00e1rias gera\u00e7\u00f5es.<\/p>\n\n\n\n<p class=\"wp-block-paragraph\">Mas talvez a perman\u00eancia de Freddie tenha outra explica\u00e7\u00e3o.<\/p>\n\n\n\n<p class=\"wp-block-paragraph\">Ele n\u00e3o deixou apenas m\u00fasicas.<\/p>\n\n\n\n<p class=\"wp-block-paragraph\">Deixou uma maneira de pensar a m\u00fasica.<\/p>\n\n\n\n<p class=\"wp-block-paragraph\">A ideia de que uma can\u00e7\u00e3o popular poderia ser teatral.<\/p>\n\n\n\n<p class=\"wp-block-paragraph\">Que um cantor de rock poderia dialogar com a \u00f3pera.<\/p>\n\n\n\n<p class=\"wp-block-paragraph\">Que uma estrela mundial poderia continuar estudando.<\/p>\n\n\n\n<p class=\"wp-block-paragraph\">Que o palco poderia ser uma obra visual.<\/p>\n\n\n\n<p class=\"wp-block-paragraph\">Que refer\u00eancias aparentemente distantes poderiam conviver na mesma cria\u00e7\u00e3o.<\/p>\n\n\n\n<p class=\"wp-block-paragraph\">E que n\u00e3o havia necessidade de escolher entre ser popular e ser artisticamente ambicioso.<\/p>\n\n\n\n<p class=\"wp-block-paragraph\">Freddie Mercury passou a vida atravessando essas fronteiras.<\/p>\n\n\n\n<p class=\"wp-block-paragraph\">Por isso, aos 80 anos que completaria hoje, talvez a melhor homenagem seja n\u00e3o tentar defini-lo.<\/p>\n\n\n\n<p class=\"wp-block-paragraph\">\u00c9 justamente a impossibilidade de defini-lo que permanece fascinante.<\/p>\n\n\n\n<h2 class=\"wp-block-heading\">Voc\u00ea Sabia? \ud83c\udfb5<\/h2>\n\n\n\n<p class=\"wp-block-paragraph\">O Yamaha G2 que Freddie Mercury escolheu em 1975 permaneceu ligado \u00e0 sua vida art\u00edstica at\u00e9 o fim. Em Garden Lodge, o instrumento se tornou seu principal piano de composi\u00e7\u00e3o e esteve no centro do processo criativo de \u201cBarcelona\u201d. Em 2023, depois de permanecer na casa por d\u00e9cadas, o piano foi vendido em leil\u00e3o pela Sotheby\u2019s.<\/p>\n\n\n\n<h2 class=\"wp-block-heading\">Continue explorando a hist\u00f3ria da m\u00fasica \ud83d\udcda<\/h2>\n\n\n\n<p class=\"wp-block-paragraph\">Freddie Mercury mostra que algumas das hist\u00f3rias mais interessantes da m\u00fasica n\u00e3o est\u00e3o necessariamente escondidas nas grandes manchetes.<\/p>\n\n\n\n<p class=\"wp-block-paragraph\">\u00c0s vezes est\u00e3o em um piano.<\/p>\n\n\n\n<p class=\"wp-block-paragraph\">Em uma sala que quase ningu\u00e9m podia visitar.<\/p>\n\n\n\n<p class=\"wp-block-paragraph\">Em uma gravura escolhida d\u00e9cadas antes.<\/p>\n\n\n\n<p class=\"wp-block-paragraph\">Em um desenho guardado em um caderno.<\/p>\n\n\n\n<p class=\"wp-block-paragraph\">Ou numa madrugada em que dois m\u00fasicos de mundos aparentemente diferentes descobriram que tinham muito mais em comum do que imaginavam.<\/p>\n\n\n\n<p class=\"wp-block-paragraph\">No Portal Planeta Saudade, continue explorando essas hist\u00f3rias \u2014 aquelas que ajudam a entender n\u00e3o apenas <strong>quem<\/strong> fez a m\u00fasica, mas <strong>como e por que ela se tornou parte da nossa mem\u00f3ria<\/strong>.<\/p>\n\n\n\n<h2 class=\"wp-block-heading\">Ou\u00e7a a trilha sonora desta hist\u00f3ria \ud83c\udfa7<\/h2>\n\n\n\n<p class=\"wp-block-paragraph\">Agora que voc\u00ea conhece um pouco mais do homem por tr\u00e1s do personagem, vale voltar \u00e0s can\u00e7\u00f5es com outros ouvidos.<\/p>\n\n\n\n<p class=\"wp-block-paragraph\">Talvez \u201cBohemian Rhapsody\u201d soe um pouco diferente.<\/p>\n\n\n\n<p class=\"wp-block-paragraph\">Talvez \u201cBarcelona\u201d revele uma dimens\u00e3o que antes passava despercebida.<\/p>\n\n\n\n<p class=\"wp-block-paragraph\">Talvez \u201cLove of My Life\u201d traga de volta uma lembran\u00e7a antiga.<\/p>\n\n\n\n<p class=\"wp-block-paragraph\">E talvez \u201cI Want to Break Free\u201d ainda carregue aquela mesma sensa\u00e7\u00e3o de liberdade que ajudou a transformar Freddie Mercury em um personagem imposs\u00edvel de esquecer.<\/p>\n\n\n\n<p class=\"wp-block-paragraph\">Na <strong>R\u00e1dio Planeta Saudade<\/strong>, essas mem\u00f3rias continuam vivas na programa\u00e7\u00e3o.<\/p>\n\n\n\n<p class=\"wp-block-paragraph\"><strong>Site oficial:<\/strong> radioplanetasaudade.com.br<br><strong>Aplicativo oficial:<\/strong> Android e iPhone<br><strong>Web App:<\/strong> Android, iOS e computadores<br><strong>Alexa:<\/strong> \u201cAlexa, tocar R\u00e1dio Planeta Saudade\u201d<br><strong>Android Auto e Apple CarPlay:<\/strong> R\u00e1dio Planeta Saudade no carro<br><strong>R\u00e1dios Net:<\/strong> dispon\u00edvel tamb\u00e9m na plataforma<br><strong>CX R\u00e1dio:<\/strong> dispon\u00edvel tamb\u00e9m na plataforma<\/p>\n\n\n\n<h2 class=\"wp-block-heading\">Sobre o Portal Planeta Saudade \ud83c\udf10<\/h2>\n\n\n\n<p class=\"wp-block-paragraph\">O Portal Planeta Saudade existe para preservar a mem\u00f3ria da m\u00fasica com pesquisa, contexto, responsabilidade e emo\u00e7\u00e3o.<\/p>\n\n\n\n<p class=\"wp-block-paragraph\">Mais do que lembrar que uma m\u00fasica foi importante, procuramos explicar por que ela foi importante, quem participou de sua trajet\u00f3ria e quais hist\u00f3rias merecem continuar vivas.<\/p>\n\n\n\n<p class=\"wp-block-paragraph\">Porque a mem\u00f3ria musical n\u00e3o \u00e9 feita apenas de grandes sucessos.<\/p>\n\n\n\n<p class=\"wp-block-paragraph\">Ela tamb\u00e9m \u00e9 feita dos detalhes que nos permitem compreender por que aqueles sucessos se tornaram inesquec\u00edveis.<\/p>\n\n\n\n<p class=\"wp-block-paragraph\"><strong>Preservando a mem\u00f3ria da m\u00fasica, uma hist\u00f3ria de cada vez.<\/strong><\/p>\n","protected":false},"excerpt":{"rendered":"<p>Aos 80 anos que completaria hoje, o homem por tr\u00e1s do mito revela uma hist\u00f3ria&#8230;<\/p>\n","protected":false},"author":1,"featured_media":6323,"comment_status":"open","ping_status":"open","sticky":false,"template":"","format":"standard","meta":{"footnotes":""},"categories":[92],"tags":[2687,1690,119,118,120,121,117,984,561,562,116,99],"class_list":["post-6322","post","type-post","status-publish","format-standard","has-post-thumbnail","hentry","category-baixe-nosso-aplicativo","tag-5-de-setembro","tag-80-anos","tag-anos-70","tag-anos-80","tag-anos-90","tag-baixe-nosso-app","tag-flashaback","tag-freddie-mercury","tag-ouvir","tag-ouvir-radio","tag-radio","tag-radio-planeta-saudade"],"yoast_head":"<!-- This site is optimized with the Yoast SEO plugin v28.4 - https:\/\/yoast.com\/product\/yoast-seo-wordpress\/ -->\n<title>Freddie Mercury: 80 anos de um artista que nunca coube em uma \u00fanica defini\u00e7\u00e3o - R\u00c1DIO PLANETA SAUDADE<\/title>\n<meta name=\"robots\" content=\"index, follow, max-snippet:-1, max-image-preview:large, max-video-preview:-1\" \/>\n<link rel=\"canonical\" href=\"https:\/\/radioplanetasaudade.com.br\/index.php\/2026\/09\/05\/freddie-mercury-80-anos-de-um-artista-que-nunca-coube-em-uma-unica-definicao\/\" \/>\n<meta property=\"og:locale\" content=\"pt_BR\" \/>\n<meta property=\"og:type\" content=\"article\" \/>\n<meta property=\"og:title\" content=\"Freddie Mercury: 80 anos de um artista que nunca coube em uma \u00fanica defini\u00e7\u00e3o - R\u00c1DIO PLANETA SAUDADE\" \/>\n<meta property=\"og:description\" content=\"Aos 80 anos que completaria hoje, o homem por tr\u00e1s do mito revela uma hist\u00f3ria...\" \/>\n<meta property=\"og:url\" content=\"https:\/\/radioplanetasaudade.com.br\/index.php\/2026\/09\/05\/freddie-mercury-80-anos-de-um-artista-que-nunca-coube-em-uma-unica-definicao\/\" \/>\n<meta property=\"og:site_name\" content=\"R\u00c1DIO PLANETA SAUDADE\" \/>\n<meta property=\"article:published_time\" content=\"2026-09-05T11:24:50+00:00\" \/>\n<meta property=\"article:modified_time\" content=\"2026-09-05T11:25:02+00:00\" \/>\n<meta property=\"og:image\" content=\"https:\/\/radioplanetasaudade.com.br\/wp-content\/uploads\/2026\/09\/Freddie-768x768.png\" \/>\n\t<meta property=\"og:image:width\" content=\"768\" \/>\n\t<meta property=\"og:image:height\" content=\"768\" \/>\n\t<meta property=\"og:image:type\" content=\"image\/png\" \/>\n<meta name=\"author\" content=\"Planeta Saudade\" \/>\n<meta name=\"twitter:card\" content=\"summary_large_image\" \/>\n<meta name=\"twitter:label1\" content=\"Escrito por\" \/>\n\t<meta name=\"twitter:data1\" content=\"Planeta Saudade\" \/>\n\t<meta name=\"twitter:label2\" content=\"Est. tempo de leitura\" \/>\n\t<meta name=\"twitter:data2\" content=\"13 minutos\" \/>\n<script type=\"application\/ld+json\" class=\"yoast-schema-graph\">{\"@context\":\"https:\\\/\\\/schema.org\",\"@graph\":[{\"@type\":\"Article\",\"@id\":\"https:\\\/\\\/radioplanetasaudade.com.br\\\/index.php\\\/2026\\\/09\\\/05\\\/freddie-mercury-80-anos-de-um-artista-que-nunca-coube-em-uma-unica-definicao\\\/#article\",\"isPartOf\":{\"@id\":\"https:\\\/\\\/radioplanetasaudade.com.br\\\/index.php\\\/2026\\\/09\\\/05\\\/freddie-mercury-80-anos-de-um-artista-que-nunca-coube-em-uma-unica-definicao\\\/\"},\"author\":{\"name\":\"Planeta Saudade\",\"@id\":\"https:\\\/\\\/radioplanetasaudade.com.br\\\/#\\\/schema\\\/person\\\/1a6f6fc0d987819324e7ed417a1a6581\"},\"headline\":\"Freddie Mercury: 80 anos de um artista que nunca coube em uma \u00fanica defini\u00e7\u00e3o\",\"datePublished\":\"2026-09-05T11:24:50+00:00\",\"dateModified\":\"2026-09-05T11:25:02+00:00\",\"mainEntityOfPage\":{\"@id\":\"https:\\\/\\\/radioplanetasaudade.com.br\\\/index.php\\\/2026\\\/09\\\/05\\\/freddie-mercury-80-anos-de-um-artista-que-nunca-coube-em-uma-unica-definicao\\\/\"},\"wordCount\":2461,\"commentCount\":0,\"publisher\":{\"@id\":\"https:\\\/\\\/radioplanetasaudade.com.br\\\/#organization\"},\"image\":{\"@id\":\"https:\\\/\\\/radioplanetasaudade.com.br\\\/index.php\\\/2026\\\/09\\\/05\\\/freddie-mercury-80-anos-de-um-artista-que-nunca-coube-em-uma-unica-definicao\\\/#primaryimage\"},\"thumbnailUrl\":\"https:\\\/\\\/radioplanetasaudade.com.br\\\/wp-content\\\/uploads\\\/2026\\\/09\\\/Freddie.png\",\"keywords\":[\"5 de setembro\",\"80 anos\",\"Anos 70\",\"Anos 80\",\"Anos 90\",\"Baixe nosso App\",\"Flashaback\",\"Freddie Mercury\",\"Ouvir\",\"Ouvir r\u00e1dio\",\"R\u00e1dio\",\"R\u00e1dio Planeta Saudade\"],\"articleSection\":[\"BAIXE NOSSO APLICATIVO\"],\"inLanguage\":\"pt-BR\",\"potentialAction\":[{\"@type\":\"CommentAction\",\"name\":\"Comment\",\"target\":[\"https:\\\/\\\/radioplanetasaudade.com.br\\\/index.php\\\/2026\\\/09\\\/05\\\/freddie-mercury-80-anos-de-um-artista-que-nunca-coube-em-uma-unica-definicao\\\/#respond\"]}]},{\"@type\":\"WebPage\",\"@id\":\"https:\\\/\\\/radioplanetasaudade.com.br\\\/index.php\\\/2026\\\/09\\\/05\\\/freddie-mercury-80-anos-de-um-artista-que-nunca-coube-em-uma-unica-definicao\\\/\",\"url\":\"https:\\\/\\\/radioplanetasaudade.com.br\\\/index.php\\\/2026\\\/09\\\/05\\\/freddie-mercury-80-anos-de-um-artista-que-nunca-coube-em-uma-unica-definicao\\\/\",\"name\":\"Freddie Mercury: 80 anos de um artista que nunca coube em uma \u00fanica defini\u00e7\u00e3o - R\u00c1DIO PLANETA SAUDADE\",\"isPartOf\":{\"@id\":\"https:\\\/\\\/radioplanetasaudade.com.br\\\/#website\"},\"primaryImageOfPage\":{\"@id\":\"https:\\\/\\\/radioplanetasaudade.com.br\\\/index.php\\\/2026\\\/09\\\/05\\\/freddie-mercury-80-anos-de-um-artista-que-nunca-coube-em-uma-unica-definicao\\\/#primaryimage\"},\"image\":{\"@id\":\"https:\\\/\\\/radioplanetasaudade.com.br\\\/index.php\\\/2026\\\/09\\\/05\\\/freddie-mercury-80-anos-de-um-artista-que-nunca-coube-em-uma-unica-definicao\\\/#primaryimage\"},\"thumbnailUrl\":\"https:\\\/\\\/radioplanetasaudade.com.br\\\/wp-content\\\/uploads\\\/2026\\\/09\\\/Freddie.png\",\"datePublished\":\"2026-09-05T11:24:50+00:00\",\"dateModified\":\"2026-09-05T11:25:02+00:00\",\"breadcrumb\":{\"@id\":\"https:\\\/\\\/radioplanetasaudade.com.br\\\/index.php\\\/2026\\\/09\\\/05\\\/freddie-mercury-80-anos-de-um-artista-que-nunca-coube-em-uma-unica-definicao\\\/#breadcrumb\"},\"inLanguage\":\"pt-BR\",\"potentialAction\":[{\"@type\":\"ReadAction\",\"target\":[\"https:\\\/\\\/radioplanetasaudade.com.br\\\/index.php\\\/2026\\\/09\\\/05\\\/freddie-mercury-80-anos-de-um-artista-que-nunca-coube-em-uma-unica-definicao\\\/\"]}]},{\"@type\":\"ImageObject\",\"inLanguage\":\"pt-BR\",\"@id\":\"https:\\\/\\\/radioplanetasaudade.com.br\\\/index.php\\\/2026\\\/09\\\/05\\\/freddie-mercury-80-anos-de-um-artista-que-nunca-coube-em-uma-unica-definicao\\\/#primaryimage\",\"url\":\"https:\\\/\\\/radioplanetasaudade.com.br\\\/wp-content\\\/uploads\\\/2026\\\/09\\\/Freddie.png\",\"contentUrl\":\"https:\\\/\\\/radioplanetasaudade.com.br\\\/wp-content\\\/uploads\\\/2026\\\/09\\\/Freddie.png\",\"width\":1254,\"height\":1254},{\"@type\":\"BreadcrumbList\",\"@id\":\"https:\\\/\\\/radioplanetasaudade.com.br\\\/index.php\\\/2026\\\/09\\\/05\\\/freddie-mercury-80-anos-de-um-artista-que-nunca-coube-em-uma-unica-definicao\\\/#breadcrumb\",\"itemListElement\":[{\"@type\":\"ListItem\",\"position\":1,\"name\":\"In\u00edcio\",\"item\":\"https:\\\/\\\/radioplanetasaudade.com.br\\\/\"},{\"@type\":\"ListItem\",\"position\":2,\"name\":\"Freddie Mercury: 80 anos de um artista que nunca coube em uma \u00fanica defini\u00e7\u00e3o\"}]},{\"@type\":\"WebSite\",\"@id\":\"https:\\\/\\\/radioplanetasaudade.com.br\\\/#website\",\"url\":\"https:\\\/\\\/radioplanetasaudade.com.br\\\/\",\"name\":\"R\u00e1dio Planeta Saudade\",\"description\":\"Relembrando grandes sucessos musicais e informando sobre os maiores artistas do mundo ou\u00e7a no seu celular.\",\"publisher\":{\"@id\":\"https:\\\/\\\/radioplanetasaudade.com.br\\\/#organization\"},\"potentialAction\":[{\"@type\":\"SearchAction\",\"target\":{\"@type\":\"EntryPoint\",\"urlTemplate\":\"https:\\\/\\\/radioplanetasaudade.com.br\\\/?s={search_term_string}\"},\"query-input\":{\"@type\":\"PropertyValueSpecification\",\"valueRequired\":true,\"valueName\":\"search_term_string\"}}],\"inLanguage\":\"pt-BR\"},{\"@type\":\"Organization\",\"@id\":\"https:\\\/\\\/radioplanetasaudade.com.br\\\/#organization\",\"name\":\"R\u00e1dio Planeta Saudade\",\"url\":\"https:\\\/\\\/radioplanetasaudade.com.br\\\/\",\"logo\":{\"@type\":\"ImageObject\",\"inLanguage\":\"pt-BR\",\"@id\":\"https:\\\/\\\/radioplanetasaudade.com.br\\\/#\\\/schema\\\/logo\\\/image\\\/\",\"url\":\"https:\\\/\\\/radioplanetasaudade.com.br\\\/wp-content\\\/uploads\\\/2023\\\/10\\\/capture-20230607-202153.png\",\"contentUrl\":\"https:\\\/\\\/radioplanetasaudade.com.br\\\/wp-content\\\/uploads\\\/2023\\\/10\\\/capture-20230607-202153.png\",\"width\":1350,\"height\":358,\"caption\":\"R\u00e1dio Planeta Saudade\"},\"image\":{\"@id\":\"https:\\\/\\\/radioplanetasaudade.com.br\\\/#\\\/schema\\\/logo\\\/image\\\/\"}},{\"@type\":\"Person\",\"@id\":\"https:\\\/\\\/radioplanetasaudade.com.br\\\/#\\\/schema\\\/person\\\/1a6f6fc0d987819324e7ed417a1a6581\",\"name\":\"Planeta Saudade\",\"image\":{\"@type\":\"ImageObject\",\"inLanguage\":\"pt-BR\",\"@id\":\"https:\\\/\\\/secure.gravatar.com\\\/avatar\\\/f81afe153fb6e9e1d38e83d127599e125ba7a0bd5cdb1f795af3d9b0af8ddeb0?s=96&d=mm&r=g\",\"url\":\"https:\\\/\\\/secure.gravatar.com\\\/avatar\\\/f81afe153fb6e9e1d38e83d127599e125ba7a0bd5cdb1f795af3d9b0af8ddeb0?s=96&d=mm&r=g\",\"contentUrl\":\"https:\\\/\\\/secure.gravatar.com\\\/avatar\\\/f81afe153fb6e9e1d38e83d127599e125ba7a0bd5cdb1f795af3d9b0af8ddeb0?s=96&d=mm&r=g\",\"caption\":\"Planeta Saudade\"},\"sameAs\":[\"https:\\\/\\\/radioplanetasaudade.com.br\"],\"url\":\"https:\\\/\\\/radioplanetasaudade.com.br\\\/index.php\\\/author\\\/wendelsantos4567\\\/\"}]}<\/script>\n<!-- \/ Yoast SEO plugin. -->","yoast_head_json":{"title":"Freddie Mercury: 80 anos de um artista que nunca coube em uma \u00fanica defini\u00e7\u00e3o - R\u00c1DIO PLANETA SAUDADE","robots":{"index":"index","follow":"follow","max-snippet":"max-snippet:-1","max-image-preview":"max-image-preview:large","max-video-preview":"max-video-preview:-1"},"canonical":"https:\/\/radioplanetasaudade.com.br\/index.php\/2026\/09\/05\/freddie-mercury-80-anos-de-um-artista-que-nunca-coube-em-uma-unica-definicao\/","og_locale":"pt_BR","og_type":"article","og_title":"Freddie Mercury: 80 anos de um artista que nunca coube em uma \u00fanica defini\u00e7\u00e3o - R\u00c1DIO PLANETA SAUDADE","og_description":"Aos 80 anos que completaria hoje, o homem por tr\u00e1s do mito revela uma hist\u00f3ria...","og_url":"https:\/\/radioplanetasaudade.com.br\/index.php\/2026\/09\/05\/freddie-mercury-80-anos-de-um-artista-que-nunca-coube-em-uma-unica-definicao\/","og_site_name":"R\u00c1DIO PLANETA SAUDADE","article_published_time":"2026-09-05T11:24:50+00:00","article_modified_time":"2026-09-05T11:25:02+00:00","og_image":[{"width":768,"height":768,"url":"https:\/\/radioplanetasaudade.com.br\/wp-content\/uploads\/2026\/09\/Freddie-768x768.png","type":"image\/png"}],"author":"Planeta Saudade","twitter_card":"summary_large_image","twitter_misc":{"Escrito por":"Planeta Saudade","Est. tempo de leitura":"13 minutos"},"schema":{"@context":"https:\/\/schema.org","@graph":[{"@type":"Article","@id":"https:\/\/radioplanetasaudade.com.br\/index.php\/2026\/09\/05\/freddie-mercury-80-anos-de-um-artista-que-nunca-coube-em-uma-unica-definicao\/#article","isPartOf":{"@id":"https:\/\/radioplanetasaudade.com.br\/index.php\/2026\/09\/05\/freddie-mercury-80-anos-de-um-artista-que-nunca-coube-em-uma-unica-definicao\/"},"author":{"name":"Planeta Saudade","@id":"https:\/\/radioplanetasaudade.com.br\/#\/schema\/person\/1a6f6fc0d987819324e7ed417a1a6581"},"headline":"Freddie Mercury: 80 anos de um artista que nunca coube em uma \u00fanica defini\u00e7\u00e3o","datePublished":"2026-09-05T11:24:50+00:00","dateModified":"2026-09-05T11:25:02+00:00","mainEntityOfPage":{"@id":"https:\/\/radioplanetasaudade.com.br\/index.php\/2026\/09\/05\/freddie-mercury-80-anos-de-um-artista-que-nunca-coube-em-uma-unica-definicao\/"},"wordCount":2461,"commentCount":0,"publisher":{"@id":"https:\/\/radioplanetasaudade.com.br\/#organization"},"image":{"@id":"https:\/\/radioplanetasaudade.com.br\/index.php\/2026\/09\/05\/freddie-mercury-80-anos-de-um-artista-que-nunca-coube-em-uma-unica-definicao\/#primaryimage"},"thumbnailUrl":"https:\/\/radioplanetasaudade.com.br\/wp-content\/uploads\/2026\/09\/Freddie.png","keywords":["5 de setembro","80 anos","Anos 70","Anos 80","Anos 90","Baixe nosso App","Flashaback","Freddie Mercury","Ouvir","Ouvir r\u00e1dio","R\u00e1dio","R\u00e1dio Planeta Saudade"],"articleSection":["BAIXE NOSSO APLICATIVO"],"inLanguage":"pt-BR","potentialAction":[{"@type":"CommentAction","name":"Comment","target":["https:\/\/radioplanetasaudade.com.br\/index.php\/2026\/09\/05\/freddie-mercury-80-anos-de-um-artista-que-nunca-coube-em-uma-unica-definicao\/#respond"]}]},{"@type":"WebPage","@id":"https:\/\/radioplanetasaudade.com.br\/index.php\/2026\/09\/05\/freddie-mercury-80-anos-de-um-artista-que-nunca-coube-em-uma-unica-definicao\/","url":"https:\/\/radioplanetasaudade.com.br\/index.php\/2026\/09\/05\/freddie-mercury-80-anos-de-um-artista-que-nunca-coube-em-uma-unica-definicao\/","name":"Freddie Mercury: 80 anos de um artista que nunca coube em uma \u00fanica defini\u00e7\u00e3o - R\u00c1DIO PLANETA SAUDADE","isPartOf":{"@id":"https:\/\/radioplanetasaudade.com.br\/#website"},"primaryImageOfPage":{"@id":"https:\/\/radioplanetasaudade.com.br\/index.php\/2026\/09\/05\/freddie-mercury-80-anos-de-um-artista-que-nunca-coube-em-uma-unica-definicao\/#primaryimage"},"image":{"@id":"https:\/\/radioplanetasaudade.com.br\/index.php\/2026\/09\/05\/freddie-mercury-80-anos-de-um-artista-que-nunca-coube-em-uma-unica-definicao\/#primaryimage"},"thumbnailUrl":"https:\/\/radioplanetasaudade.com.br\/wp-content\/uploads\/2026\/09\/Freddie.png","datePublished":"2026-09-05T11:24:50+00:00","dateModified":"2026-09-05T11:25:02+00:00","breadcrumb":{"@id":"https:\/\/radioplanetasaudade.com.br\/index.php\/2026\/09\/05\/freddie-mercury-80-anos-de-um-artista-que-nunca-coube-em-uma-unica-definicao\/#breadcrumb"},"inLanguage":"pt-BR","potentialAction":[{"@type":"ReadAction","target":["https:\/\/radioplanetasaudade.com.br\/index.php\/2026\/09\/05\/freddie-mercury-80-anos-de-um-artista-que-nunca-coube-em-uma-unica-definicao\/"]}]},{"@type":"ImageObject","inLanguage":"pt-BR","@id":"https:\/\/radioplanetasaudade.com.br\/index.php\/2026\/09\/05\/freddie-mercury-80-anos-de-um-artista-que-nunca-coube-em-uma-unica-definicao\/#primaryimage","url":"https:\/\/radioplanetasaudade.com.br\/wp-content\/uploads\/2026\/09\/Freddie.png","contentUrl":"https:\/\/radioplanetasaudade.com.br\/wp-content\/uploads\/2026\/09\/Freddie.png","width":1254,"height":1254},{"@type":"BreadcrumbList","@id":"https:\/\/radioplanetasaudade.com.br\/index.php\/2026\/09\/05\/freddie-mercury-80-anos-de-um-artista-que-nunca-coube-em-uma-unica-definicao\/#breadcrumb","itemListElement":[{"@type":"ListItem","position":1,"name":"In\u00edcio","item":"https:\/\/radioplanetasaudade.com.br\/"},{"@type":"ListItem","position":2,"name":"Freddie Mercury: 80 anos de um artista que nunca coube em uma \u00fanica defini\u00e7\u00e3o"}]},{"@type":"WebSite","@id":"https:\/\/radioplanetasaudade.com.br\/#website","url":"https:\/\/radioplanetasaudade.com.br\/","name":"R\u00e1dio Planeta Saudade","description":"Relembrando grandes sucessos musicais e informando sobre os maiores artistas do mundo ou\u00e7a no seu celular.","publisher":{"@id":"https:\/\/radioplanetasaudade.com.br\/#organization"},"potentialAction":[{"@type":"SearchAction","target":{"@type":"EntryPoint","urlTemplate":"https:\/\/radioplanetasaudade.com.br\/?s={search_term_string}"},"query-input":{"@type":"PropertyValueSpecification","valueRequired":true,"valueName":"search_term_string"}}],"inLanguage":"pt-BR"},{"@type":"Organization","@id":"https:\/\/radioplanetasaudade.com.br\/#organization","name":"R\u00e1dio Planeta Saudade","url":"https:\/\/radioplanetasaudade.com.br\/","logo":{"@type":"ImageObject","inLanguage":"pt-BR","@id":"https:\/\/radioplanetasaudade.com.br\/#\/schema\/logo\/image\/","url":"https:\/\/radioplanetasaudade.com.br\/wp-content\/uploads\/2023\/10\/capture-20230607-202153.png","contentUrl":"https:\/\/radioplanetasaudade.com.br\/wp-content\/uploads\/2023\/10\/capture-20230607-202153.png","width":1350,"height":358,"caption":"R\u00e1dio Planeta Saudade"},"image":{"@id":"https:\/\/radioplanetasaudade.com.br\/#\/schema\/logo\/image\/"}},{"@type":"Person","@id":"https:\/\/radioplanetasaudade.com.br\/#\/schema\/person\/1a6f6fc0d987819324e7ed417a1a6581","name":"Planeta Saudade","image":{"@type":"ImageObject","inLanguage":"pt-BR","@id":"https:\/\/secure.gravatar.com\/avatar\/f81afe153fb6e9e1d38e83d127599e125ba7a0bd5cdb1f795af3d9b0af8ddeb0?s=96&d=mm&r=g","url":"https:\/\/secure.gravatar.com\/avatar\/f81afe153fb6e9e1d38e83d127599e125ba7a0bd5cdb1f795af3d9b0af8ddeb0?s=96&d=mm&r=g","contentUrl":"https:\/\/secure.gravatar.com\/avatar\/f81afe153fb6e9e1d38e83d127599e125ba7a0bd5cdb1f795af3d9b0af8ddeb0?s=96&d=mm&r=g","caption":"Planeta Saudade"},"sameAs":["https:\/\/radioplanetasaudade.com.br"],"url":"https:\/\/radioplanetasaudade.com.br\/index.php\/author\/wendelsantos4567\/"}]}},"_links":{"self":[{"href":"https:\/\/radioplanetasaudade.com.br\/index.php\/wp-json\/wp\/v2\/posts\/6322","targetHints":{"allow":["GET"]}}],"collection":[{"href":"https:\/\/radioplanetasaudade.com.br\/index.php\/wp-json\/wp\/v2\/posts"}],"about":[{"href":"https:\/\/radioplanetasaudade.com.br\/index.php\/wp-json\/wp\/v2\/types\/post"}],"author":[{"embeddable":true,"href":"https:\/\/radioplanetasaudade.com.br\/index.php\/wp-json\/wp\/v2\/users\/1"}],"replies":[{"embeddable":true,"href":"https:\/\/radioplanetasaudade.com.br\/index.php\/wp-json\/wp\/v2\/comments?post=6322"}],"version-history":[{"count":1,"href":"https:\/\/radioplanetasaudade.com.br\/index.php\/wp-json\/wp\/v2\/posts\/6322\/revisions"}],"predecessor-version":[{"id":6324,"href":"https:\/\/radioplanetasaudade.com.br\/index.php\/wp-json\/wp\/v2\/posts\/6322\/revisions\/6324"}],"wp:featuredmedia":[{"embeddable":true,"href":"https:\/\/radioplanetasaudade.com.br\/index.php\/wp-json\/wp\/v2\/media\/6323"}],"wp:attachment":[{"href":"https:\/\/radioplanetasaudade.com.br\/index.php\/wp-json\/wp\/v2\/media?parent=6322"}],"wp:term":[{"taxonomy":"category","embeddable":true,"href":"https:\/\/radioplanetasaudade.com.br\/index.php\/wp-json\/wp\/v2\/categories?post=6322"},{"taxonomy":"post_tag","embeddable":true,"href":"https:\/\/radioplanetasaudade.com.br\/index.php\/wp-json\/wp\/v2\/tags?post=6322"}],"curies":[{"name":"wp","href":"https:\/\/api.w.org\/{rel}","templated":true}]}}