{"id":6325,"date":"2026-09-05T18:16:11","date_gmt":"2026-09-05T21:16:11","guid":{"rendered":"https:\/\/radioplanetasaudade.com.br\/?p=6325"},"modified":"2026-09-05T18:16:14","modified_gmt":"2026-09-05T21:16:14","slug":"leao-ferido-quando-biafra-deixou-de-ser-promessa-e-virou-nome-nacional","status":"publish","type":"post","link":"https:\/\/radioplanetasaudade.com.br\/index.php\/2026\/09\/05\/leao-ferido-quando-biafra-deixou-de-ser-promessa-e-virou-nome-nacional\/","title":{"rendered":"Le\u00e3o Ferido: quando Biafra deixou de ser promessa e virou nome nacional"},"content":{"rendered":"\n<p class=\"wp-block-paragraph\"><strong>A can\u00e7\u00e3o composta por Biafra e Dalto impulsionou<\/strong> <em><strong>Despertar<\/strong><\/em><strong>, primeiro Disco de Ouro do cantor, e ajudou a transformar uma voz j\u00e1 conhecida pelo r\u00e1dio em um dos nomes marcantes da m\u00fasica rom\u00e2ntica brasileira dos anos 1980.<\/strong><\/p>\n\n\n\n<figure class=\"wp-block-image aligncenter size-large\"><img fetchpriority=\"high\" decoding=\"async\" width=\"1024\" height=\"1024\" src=\"https:\/\/radioplanetasaudade.com.br\/wp-content\/uploads\/2026\/09\/WhatsApp-Image-2026-09-05-at-16.52.16-1024x1024.jpeg\" alt=\"\" class=\"wp-image-6326\" srcset=\"https:\/\/radioplanetasaudade.com.br\/wp-content\/uploads\/2026\/09\/WhatsApp-Image-2026-09-05-at-16.52.16-1024x1024-1.jpeg 1024w, https:\/\/radioplanetasaudade.com.br\/wp-content\/uploads\/2026\/09\/WhatsApp-Image-2026-09-05-at-16.52.16-150x150.jpeg 150w, https:\/\/radioplanetasaudade.com.br\/wp-content\/uploads\/2026\/09\/WhatsApp-Image-2026-09-05-at-16.52.16-300x300.jpeg 300w, https:\/\/radioplanetasaudade.com.br\/wp-content\/uploads\/2026\/09\/WhatsApp-Image-2026-09-05-at-16.52.16-768x768.jpeg 768w, https:\/\/radioplanetasaudade.com.br\/wp-content\/uploads\/2026\/09\/WhatsApp-Image-2026-09-05-at-16.52.16.jpeg 1254w\" sizes=\"(max-width: 1024px) 100vw, 1024px\" \/><\/figure>\n\n\n\n<p class=\"wp-block-paragraph\"><strong>Por Reda\u00e7\u00e3o Planeta Saudade<\/strong><br><strong>Publicado em: 5 de setembro de 2026<\/strong><\/p>\n\n\n\n<p class=\"wp-block-paragraph\">Existem m\u00fasicas que fazem sucesso. E existem aquelas que mudam o tamanho de uma carreira.<\/p>\n\n\n\n<p class=\"wp-block-paragraph\">Quando \u201cLe\u00e3o Ferido\u201d come\u00e7ou a ganhar espa\u00e7o nas r\u00e1dios, Biafra n\u00e3o era exatamente um desconhecido. O cantor j\u00e1 havia lan\u00e7ado <em>Primeira Nuvem<\/em>, em 1979, e \u201cHelena\u201d, composta em parceria com Luiz Eduardo Farah, havia encontrado uma vitrine especialmente poderosa ao integrar a trilha sonora nacional da novela <em>Marron Glac\u00ea<\/em>.<\/p>\n\n\n\n<p class=\"wp-block-paragraph\">Mas ainda faltava uma m\u00fasica capaz de transformar reconhecimento em consolida\u00e7\u00e3o.<\/p>\n\n\n\n<p class=\"wp-block-paragraph\">Ela chegou em 1981.<\/p>\n\n\n\n<p class=\"wp-block-paragraph\"><strong>\u201cLe\u00e3o Ferido\u201d, parceria de Biafra com Dalto, tornou-se o grande ponto de virada daquele momento da carreira.<\/strong> A faixa abriu o \u00e1lbum <em>Despertar<\/em>, lan\u00e7ado pela CBS, e o sucesso da m\u00fasica impulsionou as vendas do disco, que ultrapassaram 100 mil c\u00f3pias e renderam a Biafra seu primeiro Disco de Ouro.<\/p>\n\n\n\n<p class=\"wp-block-paragraph\">A partir dali, seu nome passou a ocupar outro espa\u00e7o na mem\u00f3ria musical brasileira.<\/p>\n\n\n\n<h2 class=\"wp-block-heading\">Uma m\u00fasica sobre for\u00e7a \u2014 justamente quando tudo est\u00e1 ferido<\/h2>\n\n\n\n<p class=\"wp-block-paragraph\">H\u00e1 uma raz\u00e3o simb\u00f3lica para \u201cLe\u00e3o Ferido\u201d continuar funcionando t\u00e3o bem.<\/p>\n\n\n\n<p class=\"wp-block-paragraph\">A can\u00e7\u00e3o n\u00e3o constr\u00f3i seu personagem a partir da vit\u00f3ria. Pelo contr\u00e1rio: ele est\u00e1 machucado, solit\u00e1rio e emocionalmente dividido.<\/p>\n\n\n\n<p class=\"wp-block-paragraph\">A imagem central \u00e9 poderosa porque junta duas ideias aparentemente opostas. O le\u00e3o representa for\u00e7a, ferocidade e resist\u00eancia. Mas esse le\u00e3o est\u00e1 ferido.<\/p>\n\n\n\n<p class=\"wp-block-paragraph\">A pr\u00f3pria letra conduz essa contradi\u00e7\u00e3o: o personagem admite que precisa se tornar \u201cbandido\u201d e \u201ccruel\u201d, mas se descreve tamb\u00e9m como um \u201cher\u00f3i vencido\u201d.<\/p>\n\n\n\n<p class=\"wp-block-paragraph\">\u00c9 uma can\u00e7\u00e3o de amor que n\u00e3o romantiza simplesmente a felicidade. Ela fala de uma rela\u00e7\u00e3o que chegou ao limite e transforma a dor em identidade.<\/p>\n\n\n\n<p class=\"wp-block-paragraph\">Talvez esteja a\u00ed uma parte importante de sua perman\u00eancia.<\/p>\n\n\n\n<h2 class=\"wp-block-heading\">O disco que transformou um sucesso em fase de carreira<\/h2>\n\n\n\n<p class=\"wp-block-paragraph\">\u201cLe\u00e3o Ferido\u201d n\u00e3o chegou sozinha.<\/p>\n\n\n\n<p class=\"wp-block-paragraph\">O \u00e1lbum <em>Despertar<\/em> reuniu dez faixas e colocou Biafra diante de um repert\u00f3rio constru\u00eddo em torno de diferentes formas de amor, perda, solid\u00e3o e esperan\u00e7a. Entre elas estava \u201cVinho Antigo\u201d, outra composi\u00e7\u00e3o que ganhou grande repercuss\u00e3o e posteriormente integrou a trilha sonora da novela <em>Jogo da Vida<\/em>.<\/p>\n\n\n\n<p class=\"wp-block-paragraph\">O pr\u00f3prio Portal Biafra descreve <em>Despertar<\/em> como um trabalho que colocou \u201cLe\u00e3o Ferido\u201d e \u201cVinho Antigo\u201d entre os grandes sucessos do per\u00edodo.<\/p>\n\n\n\n<p class=\"wp-block-paragraph\">Isso ajuda a compreender melhor aquele momento.<\/p>\n\n\n\n<p class=\"wp-block-paragraph\">Biafra n\u00e3o estava diante de um \u00fanico \u00eaxito isolado. O \u00e1lbum conseguiu estabelecer uma identidade musical reconhec\u00edvel e transformar 1981 em um ano decisivo para sua trajet\u00f3ria.<\/p>\n\n\n\n<h2 class=\"wp-block-heading\">Por tr\u00e1s da grava\u00e7\u00e3o, um est\u00fadio importante<\/h2>\n\n\n\n<p class=\"wp-block-paragraph\">Existe outro detalhe que costuma desaparecer quando a hist\u00f3ria \u00e9 resumida apenas ao sucesso da m\u00fasica.<\/p>\n\n\n\n<p class=\"wp-block-paragraph\"><em>Despertar<\/em> foi gravado nos <strong>Est\u00fadios Transam\u00e9rica, no Rio de Janeiro<\/strong>, em 1981.<\/p>\n\n\n\n<p class=\"wp-block-paragraph\">A dire\u00e7\u00e3o de produ\u00e7\u00e3o e a dire\u00e7\u00e3o de est\u00fadio ficaram a cargo de <strong>Roberto Costa<\/strong>. A ficha t\u00e9cnica registra ainda <strong>Claudio Farias<\/strong> como t\u00e9cnico de grava\u00e7\u00e3o e respons\u00e1vel pela mixagem, com Mauro e Carlos como assistentes. A montagem ficou com Manoel Magalh\u00e3es.<\/p>\n\n\n\n<p class=\"wp-block-paragraph\">Esses nomes s\u00e3o mais do que uma rela\u00e7\u00e3o t\u00e9cnica.<\/p>\n\n\n\n<p class=\"wp-block-paragraph\">S\u00e3o parte da engrenagem que transformava uma composi\u00e7\u00e3o em um disco pronto para chegar \u00e0s r\u00e1dios. No in\u00edcio dos anos 1980, quando o r\u00e1dio ainda era uma das principais portas de entrada para uma m\u00fasica alcan\u00e7ar o p\u00fablico, o trabalho de est\u00fadio tinha papel fundamental na constru\u00e7\u00e3o do resultado final.<\/p>\n\n\n\n<p class=\"wp-block-paragraph\">\u201cLe\u00e3o Ferido\u201d, portanto, n\u00e3o deve ser lembrada apenas como uma composi\u00e7\u00e3o de Biafra e Dalto, mas como uma grava\u00e7\u00e3o inserida em uma produ\u00e7\u00e3o fonogr\u00e1fica cuidadosamente estruturada.<\/p>\n\n\n\n<h2 class=\"wp-block-heading\">Um detalhe que revela como o mercado funcionava<\/h2>\n\n\n\n<p class=\"wp-block-paragraph\">H\u00e1 ainda uma pequena pe\u00e7a da hist\u00f3ria que ajuda a enxergar a dimens\u00e3o comercial que a m\u00fasica alcan\u00e7ou.<\/p>\n\n\n\n<p class=\"wp-block-paragraph\">\u201cLe\u00e3o Ferido\u201d ganhou <strong>compacto simples de 7 polegadas pela CBS<\/strong>, com o n\u00famero de s\u00e9rie <strong>43063<\/strong>. A m\u00fasica ocupava o lado A, enquanto \u201cDespertar\u201d, composi\u00e7\u00e3o de Salu, aparecia no lado B.<\/p>\n\n\n\n<p class=\"wp-block-paragraph\">Esse registro \u00e9 especialmente interessante porque mostra que a can\u00e7\u00e3o n\u00e3o existia apenas como uma faixa dentro do LP.<\/p>\n\n\n\n<p class=\"wp-block-paragraph\">Ela recebeu tamb\u00e9m uma edi\u00e7\u00e3o pr\u00f3pria em compacto \u2014 formato fundamental para a circula\u00e7\u00e3o de singles no mercado fonogr\u00e1fico daquele per\u00edodo.<\/p>\n\n\n\n<p class=\"wp-block-paragraph\">\u00c9 um daqueles pequenos detalhes que parecem secund\u00e1rios, mas ajudam a reconstruir a hist\u00f3ria real de como uma m\u00fasica chegava ao p\u00fablico.<\/p>\n\n\n\n<h2 class=\"wp-block-heading\">De \u201cHelena\u201d a \u201cLe\u00e3o Ferido\u201d<\/h2>\n\n\n\n<p class=\"wp-block-paragraph\">O percurso fica ainda mais interessante quando colocamos as duas m\u00fasicas lado a lado.<\/p>\n\n\n\n<p class=\"wp-block-paragraph\">\u201cHelena\u201d havia ajudado a apresentar Biafra a um p\u00fablico maior e ganhou uma oportunidade decisiva ao entrar na trilha de <em>Marron Glac\u00ea<\/em>.<\/p>\n\n\n\n<p class=\"wp-block-paragraph\">Dois anos depois, \u201cLe\u00e3o Ferido\u201d apareceu em um cen\u00e1rio diferente.<\/p>\n\n\n\n<p class=\"wp-block-paragraph\">Biafra j\u00e1 tinha uma experi\u00eancia anterior de r\u00e1dio e televis\u00e3o. Agora, por\u00e9m, possu\u00eda um \u00e1lbum capaz de sustentar sua presen\u00e7a comercial e art\u00edstica.<\/p>\n\n\n\n<p class=\"wp-block-paragraph\">\u00c9 poss\u00edvel enxergar, portanto, uma esp\u00e9cie de passagem:<\/p>\n\n\n\n<p class=\"wp-block-paragraph\"><strong>\u201cHelena\u201d ajudou a abrir o caminho. \u201cLe\u00e3o Ferido\u201d ajudou a consolidar o nome.<\/strong><\/p>\n\n\n\n<p class=\"wp-block-paragraph\">E <em>Despertar<\/em> deu ao momento uma dimens\u00e3o que ultrapassou uma \u00fanica m\u00fasica.<\/p>\n\n\n\n<h2 class=\"wp-block-heading\">O primeiro Disco de Ouro<\/h2>\n\n\n\n<p class=\"wp-block-paragraph\">O resultado comercial foi expressivo.<\/p>\n\n\n\n<p class=\"wp-block-paragraph\">Fontes especializadas como o <strong>Dicion\u00e1rio Cravo Albin da M\u00fasica Popular Brasileira<\/strong> registram que <em>Despertar<\/em>, impulsionado pelo sucesso de \u201cLe\u00e3o Ferido\u201d, superou 100 mil c\u00f3pias vendidas e garantiu a Biafra seu primeiro Disco de Ouro.<\/p>\n\n\n\n<p class=\"wp-block-paragraph\">O pr\u00f3prio Portal Biafra tamb\u00e9m associa \u201cLe\u00e3o Ferido\u201d ao primeiro Disco de Ouro da carreira do cantor.<\/p>\n\n\n\n<p class=\"wp-block-paragraph\">Mais importante do que o n\u00famero, por\u00e9m, \u00e9 o que ele representa.<\/p>\n\n\n\n<p class=\"wp-block-paragraph\">Aquela era a confirma\u00e7\u00e3o de que Biafra havia deixado de ser apenas uma promessa que encontrara espa\u00e7o no r\u00e1dio.<\/p>\n\n\n\n<p class=\"wp-block-paragraph\">Ele havia se tornado um nome capaz de sustentar um \u00e1lbum de grande alcance.<\/p>\n\n\n\n<h2 class=\"wp-block-heading\">Uma marca que permaneceu<\/h2>\n\n\n\n<p class=\"wp-block-paragraph\">Biafra continuaria sua carreira com outros discos, outras m\u00fasicas e outro grande momento comercial alguns anos depois, com \u201cSonho de \u00cdcaro\u201d.<\/p>\n\n\n\n<p class=\"wp-block-paragraph\">Mas \u201cLe\u00e3o Ferido\u201d ocupa um lugar particular nessa trajet\u00f3ria.<\/p>\n\n\n\n<p class=\"wp-block-paragraph\">Foi a m\u00fasica que impulsionou <em>Despertar<\/em>. Foi a composi\u00e7\u00e3o que abriu o \u00e1lbum respons\u00e1vel por seu primeiro Disco de Ouro. E foi tamb\u00e9m uma das grava\u00e7\u00f5es que ajudaram a fixar sua voz no imagin\u00e1rio rom\u00e2ntico brasileiro.<\/p>\n\n\n\n<p class=\"wp-block-paragraph\">D\u00e9cadas depois, talvez seja justamente a simplicidade emocional da can\u00e7\u00e3o que explique sua perman\u00eancia.<\/p>\n\n\n\n<p class=\"wp-block-paragraph\">N\u00e3o h\u00e1 um personagem invenc\u00edvel.<\/p>\n\n\n\n<p class=\"wp-block-paragraph\">H\u00e1 algu\u00e9m ferido tentando sobreviver \u00e0 pr\u00f3pria dor.<\/p>\n\n\n\n<p class=\"wp-block-paragraph\">E essa imagem continua reconhec\u00edvel porque n\u00e3o pertence apenas a uma \u00e9poca.<\/p>\n\n\n\n<p class=\"wp-block-paragraph\">Pertence \u00e0 experi\u00eancia humana.<\/p>\n\n\n\n<h3 class=\"wp-block-heading\">\ud83c\udfb5 Voc\u00ea Sabia?<\/h3>\n\n\n\n<p class=\"wp-block-paragraph\">\u201cLe\u00e3o Ferido\u201d ganhou uma edi\u00e7\u00e3o pr\u00f3pria em <strong>compacto de 7 polegadas pela CBS<\/strong>, catalogada sob o n\u00famero <strong>43063<\/strong>. No lado B estava justamente \u201cDespertar\u201d, faixa que tamb\u00e9m dava nome ao \u00e1lbum de 1981.<\/p>\n\n\n\n<h3 class=\"wp-block-heading\">\ud83d\udcda Continue explorando a hist\u00f3ria da m\u00fasica<\/h3>\n\n\n\n<p class=\"wp-block-paragraph\">A hist\u00f3ria de Biafra n\u00e3o termina em \u201cLe\u00e3o Ferido\u201d.<\/p>\n\n\n\n<p class=\"wp-block-paragraph\">Depois de conhecer a import\u00e2ncia de <em>Despertar<\/em>, vale voltar alguns passos e reencontrar \u201cHelena\u201d, a m\u00fasica que ajudou a apresentar o cantor ao grande p\u00fablico, e descobrir como suas can\u00e7\u00f5es continuaram encontrando espa\u00e7o em novelas e na mem\u00f3ria afetiva brasileira.<\/p>\n\n\n\n<p class=\"wp-block-paragraph\">No Portal Planeta Saudade, cada m\u00fasica \u00e9 uma porta para outra hist\u00f3ria.<\/p>\n\n\n\n<h3 class=\"wp-block-heading\">\ud83c\udfa7 Ou\u00e7a a trilha sonora desta hist\u00f3ria<\/h3>\n\n\n\n<p class=\"wp-block-paragraph\">Depois de conhecer a trajet\u00f3ria de \u201cLe\u00e3o Ferido\u201d, talvez seja imposs\u00edvel ouvi-la exatamente da mesma maneira.<\/p>\n\n\n\n<p class=\"wp-block-paragraph\">Agora voc\u00ea sabe que aquela voz n\u00e3o estava apenas cantando uma hist\u00f3ria de amor.<\/p>\n\n\n\n<p class=\"wp-block-paragraph\">Estava registrando um momento decisivo de uma carreira.<\/p>\n\n\n\n<p class=\"wp-block-paragraph\"><strong>\u201cLe\u00e3o Ferido\u201d faz parte da programa\u00e7\u00e3o da R\u00e1dio Planeta Saudade.<\/strong><\/p>\n\n\n\n<p class=\"wp-block-paragraph\">E nesta madrugada de domingo, <strong>a partir da 00h<\/strong>, a can\u00e7\u00e3o estar\u00e1 no <strong>Clube da Ins\u00f4nia<\/strong>.<\/p>\n\n\n\n<p class=\"wp-block-paragraph\">\u00c9 a oportunidade de reencontrar a m\u00fasica pelo caminho que ajudou a torn\u00e1-la inesquec\u00edvel: o r\u00e1dio.<\/p>\n\n\n\n<p class=\"wp-block-paragraph\">\ud83c\udf10 <strong>Site oficial:<\/strong> radioplanetasaudade.com.br<br>\ud83d\udcf1 <strong>Aplicativo oficial:<\/strong> Android e iPhone<br>\ud83d\udcbb <strong>Web App:<\/strong> Android, iOS e computadores<br>\ud83d\udde3\ufe0f <strong>Alexa:<\/strong> \u201cAlexa, tocar R\u00e1dio Planeta Saudade\u201d<br>\ud83d\ude97 <strong>Android Auto e Apple CarPlay:<\/strong> R\u00e1dio Planeta Saudade no carro<br>\ud83d\udcfb <strong>R\u00e1dios Net:<\/strong> dispon\u00edvel tamb\u00e9m na plataforma<br>\ud83c\udfa7 <strong>CX R\u00e1dio:<\/strong> dispon\u00edvel tamb\u00e9m na plataforma<\/p>\n\n\n\n<h3 class=\"wp-block-heading\">\ud83c\udf10 Sobre o Portal Planeta Saudade<\/h3>\n\n\n\n<p class=\"wp-block-paragraph\">O Portal Planeta Saudade existe para preservar a mem\u00f3ria da m\u00fasica com pesquisa, contexto, responsabilidade e emo\u00e7\u00e3o.<\/p>\n\n\n\n<p class=\"wp-block-paragraph\">Mais do que lembrar que uma m\u00fasica foi importante, procuramos explicar <strong>por que ela foi importante<\/strong>, quem participou de sua trajet\u00f3ria e quais hist\u00f3rias merecem continuar vivas.<\/p>\n\n\n\n<p class=\"wp-block-paragraph\"><strong>Preservando a mem\u00f3ria da m\u00fasica, uma hist\u00f3ria de cada vez.<\/strong><\/p>\n","protected":false},"excerpt":{"rendered":"<p>A can\u00e7\u00e3o composta por Biafra e Dalto impulsionou Despertar, primeiro Disco de Ouro do cantor,&#8230;<\/p>\n","protected":false},"author":1,"featured_media":6326,"comment_status":"open","ping_status":"open","sticky":false,"template":"","format":"standard","meta":{"footnotes":""},"categories":[92],"tags":[2659,2689,119,118,120,121,422,2688,117,423,561,562,116,99],"class_list":["post-6325","post","type-post","status-publish","format-standard","has-post-thumbnail","hentry","category-baixe-nosso-aplicativo","tag-2659","tag-album-despertar","tag-anos-70","tag-anos-80","tag-anos-90","tag-baixe-nosso-app","tag-biafra","tag-dalto","tag-flashaback","tag-leao-ferido","tag-ouvir","tag-ouvir-radio","tag-radio","tag-radio-planeta-saudade"],"yoast_head":"<!-- This site is optimized with the Yoast SEO plugin v28.4 - https:\/\/yoast.com\/product\/yoast-seo-wordpress\/ -->\n<title>Le\u00e3o Ferido: quando Biafra deixou de ser promessa e virou nome nacional - R\u00c1DIO PLANETA SAUDADE<\/title>\n<meta name=\"robots\" content=\"index, follow, max-snippet:-1, max-image-preview:large, max-video-preview:-1\" \/>\n<link rel=\"canonical\" href=\"https:\/\/radioplanetasaudade.com.br\/index.php\/2026\/09\/05\/leao-ferido-quando-biafra-deixou-de-ser-promessa-e-virou-nome-nacional\/\" \/>\n<meta property=\"og:locale\" content=\"pt_BR\" \/>\n<meta property=\"og:type\" content=\"article\" \/>\n<meta property=\"og:title\" content=\"Le\u00e3o Ferido: quando Biafra deixou de ser promessa e virou nome nacional - R\u00c1DIO PLANETA SAUDADE\" \/>\n<meta property=\"og:description\" content=\"A can\u00e7\u00e3o composta por Biafra e Dalto impulsionou Despertar, primeiro Disco de Ouro do cantor,...\" \/>\n<meta property=\"og:url\" content=\"https:\/\/radioplanetasaudade.com.br\/index.php\/2026\/09\/05\/leao-ferido-quando-biafra-deixou-de-ser-promessa-e-virou-nome-nacional\/\" \/>\n<meta property=\"og:site_name\" content=\"R\u00c1DIO PLANETA SAUDADE\" \/>\n<meta property=\"article:published_time\" content=\"2026-09-05T21:16:11+00:00\" \/>\n<meta property=\"article:modified_time\" content=\"2026-09-05T21:16:14+00:00\" \/>\n<meta property=\"og:image\" content=\"https:\/\/radioplanetasaudade.com.br\/wp-content\/uploads\/2026\/09\/WhatsApp-Image-2026-09-05-at-16.52.16.jpeg\" \/>\n\t<meta property=\"og:image:width\" content=\"1254\" \/>\n\t<meta property=\"og:image:height\" content=\"1254\" \/>\n\t<meta property=\"og:image:type\" content=\"image\/jpeg\" \/>\n<meta name=\"author\" content=\"Planeta Saudade\" \/>\n<meta name=\"twitter:card\" content=\"summary_large_image\" \/>\n<meta name=\"twitter:label1\" content=\"Escrito por\" \/>\n\t<meta name=\"twitter:data1\" content=\"Planeta Saudade\" \/>\n\t<meta name=\"twitter:label2\" content=\"Est. tempo de leitura\" \/>\n\t<meta name=\"twitter:data2\" content=\"8 minutos\" \/>\n<script type=\"application\/ld+json\" class=\"yoast-schema-graph\">{\"@context\":\"https:\\\/\\\/schema.org\",\"@graph\":[{\"@type\":\"Article\",\"@id\":\"https:\\\/\\\/radioplanetasaudade.com.br\\\/index.php\\\/2026\\\/09\\\/05\\\/leao-ferido-quando-biafra-deixou-de-ser-promessa-e-virou-nome-nacional\\\/#article\",\"isPartOf\":{\"@id\":\"https:\\\/\\\/radioplanetasaudade.com.br\\\/index.php\\\/2026\\\/09\\\/05\\\/leao-ferido-quando-biafra-deixou-de-ser-promessa-e-virou-nome-nacional\\\/\"},\"author\":{\"name\":\"Planeta Saudade\",\"@id\":\"https:\\\/\\\/radioplanetasaudade.com.br\\\/#\\\/schema\\\/person\\\/1a6f6fc0d987819324e7ed417a1a6581\"},\"headline\":\"Le\u00e3o Ferido: quando Biafra deixou de ser promessa e virou nome nacional\",\"datePublished\":\"2026-09-05T21:16:11+00:00\",\"dateModified\":\"2026-09-05T21:16:14+00:00\",\"mainEntityOfPage\":{\"@id\":\"https:\\\/\\\/radioplanetasaudade.com.br\\\/index.php\\\/2026\\\/09\\\/05\\\/leao-ferido-quando-biafra-deixou-de-ser-promessa-e-virou-nome-nacional\\\/\"},\"wordCount\":1529,\"commentCount\":0,\"publisher\":{\"@id\":\"https:\\\/\\\/radioplanetasaudade.com.br\\\/#organization\"},\"image\":{\"@id\":\"https:\\\/\\\/radioplanetasaudade.com.br\\\/index.php\\\/2026\\\/09\\\/05\\\/leao-ferido-quando-biafra-deixou-de-ser-promessa-e-virou-nome-nacional\\\/#primaryimage\"},\"thumbnailUrl\":\"https:\\\/\\\/radioplanetasaudade.com.br\\\/wp-content\\\/uploads\\\/2026\\\/09\\\/WhatsApp-Image-2026-09-05-at-16.52.16.jpeg\",\"keywords\":[\"1981\",\"Album Despertar\",\"Anos 70\",\"Anos 80\",\"Anos 90\",\"Baixe nosso App\",\"Biafra\",\"Dalto\",\"Flashaback\",\"Le\u00e3o ferido\",\"Ouvir\",\"Ouvir r\u00e1dio\",\"R\u00e1dio\",\"R\u00e1dio Planeta Saudade\"],\"articleSection\":[\"BAIXE NOSSO APLICATIVO\"],\"inLanguage\":\"pt-BR\",\"potentialAction\":[{\"@type\":\"CommentAction\",\"name\":\"Comment\",\"target\":[\"https:\\\/\\\/radioplanetasaudade.com.br\\\/index.php\\\/2026\\\/09\\\/05\\\/leao-ferido-quando-biafra-deixou-de-ser-promessa-e-virou-nome-nacional\\\/#respond\"]}]},{\"@type\":\"WebPage\",\"@id\":\"https:\\\/\\\/radioplanetasaudade.com.br\\\/index.php\\\/2026\\\/09\\\/05\\\/leao-ferido-quando-biafra-deixou-de-ser-promessa-e-virou-nome-nacional\\\/\",\"url\":\"https:\\\/\\\/radioplanetasaudade.com.br\\\/index.php\\\/2026\\\/09\\\/05\\\/leao-ferido-quando-biafra-deixou-de-ser-promessa-e-virou-nome-nacional\\\/\",\"name\":\"Le\u00e3o Ferido: quando Biafra deixou de ser promessa e virou nome nacional - R\u00c1DIO PLANETA SAUDADE\",\"isPartOf\":{\"@id\":\"https:\\\/\\\/radioplanetasaudade.com.br\\\/#website\"},\"primaryImageOfPage\":{\"@id\":\"https:\\\/\\\/radioplanetasaudade.com.br\\\/index.php\\\/2026\\\/09\\\/05\\\/leao-ferido-quando-biafra-deixou-de-ser-promessa-e-virou-nome-nacional\\\/#primaryimage\"},\"image\":{\"@id\":\"https:\\\/\\\/radioplanetasaudade.com.br\\\/index.php\\\/2026\\\/09\\\/05\\\/leao-ferido-quando-biafra-deixou-de-ser-promessa-e-virou-nome-nacional\\\/#primaryimage\"},\"thumbnailUrl\":\"https:\\\/\\\/radioplanetasaudade.com.br\\\/wp-content\\\/uploads\\\/2026\\\/09\\\/WhatsApp-Image-2026-09-05-at-16.52.16.jpeg\",\"datePublished\":\"2026-09-05T21:16:11+00:00\",\"dateModified\":\"2026-09-05T21:16:14+00:00\",\"breadcrumb\":{\"@id\":\"https:\\\/\\\/radioplanetasaudade.com.br\\\/index.php\\\/2026\\\/09\\\/05\\\/leao-ferido-quando-biafra-deixou-de-ser-promessa-e-virou-nome-nacional\\\/#breadcrumb\"},\"inLanguage\":\"pt-BR\",\"potentialAction\":[{\"@type\":\"ReadAction\",\"target\":[\"https:\\\/\\\/radioplanetasaudade.com.br\\\/index.php\\\/2026\\\/09\\\/05\\\/leao-ferido-quando-biafra-deixou-de-ser-promessa-e-virou-nome-nacional\\\/\"]}]},{\"@type\":\"ImageObject\",\"inLanguage\":\"pt-BR\",\"@id\":\"https:\\\/\\\/radioplanetasaudade.com.br\\\/index.php\\\/2026\\\/09\\\/05\\\/leao-ferido-quando-biafra-deixou-de-ser-promessa-e-virou-nome-nacional\\\/#primaryimage\",\"url\":\"https:\\\/\\\/radioplanetasaudade.com.br\\\/wp-content\\\/uploads\\\/2026\\\/09\\\/WhatsApp-Image-2026-09-05-at-16.52.16.jpeg\",\"contentUrl\":\"https:\\\/\\\/radioplanetasaudade.com.br\\\/wp-content\\\/uploads\\\/2026\\\/09\\\/WhatsApp-Image-2026-09-05-at-16.52.16.jpeg\",\"width\":1254,\"height\":1254},{\"@type\":\"BreadcrumbList\",\"@id\":\"https:\\\/\\\/radioplanetasaudade.com.br\\\/index.php\\\/2026\\\/09\\\/05\\\/leao-ferido-quando-biafra-deixou-de-ser-promessa-e-virou-nome-nacional\\\/#breadcrumb\",\"itemListElement\":[{\"@type\":\"ListItem\",\"position\":1,\"name\":\"In\u00edcio\",\"item\":\"https:\\\/\\\/radioplanetasaudade.com.br\\\/\"},{\"@type\":\"ListItem\",\"position\":2,\"name\":\"Le\u00e3o Ferido: quando Biafra deixou de ser promessa e virou nome nacional\"}]},{\"@type\":\"WebSite\",\"@id\":\"https:\\\/\\\/radioplanetasaudade.com.br\\\/#website\",\"url\":\"https:\\\/\\\/radioplanetasaudade.com.br\\\/\",\"name\":\"R\u00e1dio Planeta Saudade\",\"description\":\"Relembrando grandes sucessos musicais e informando sobre os maiores artistas do mundo ou\u00e7a no seu celular.\",\"publisher\":{\"@id\":\"https:\\\/\\\/radioplanetasaudade.com.br\\\/#organization\"},\"potentialAction\":[{\"@type\":\"SearchAction\",\"target\":{\"@type\":\"EntryPoint\",\"urlTemplate\":\"https:\\\/\\\/radioplanetasaudade.com.br\\\/?s={search_term_string}\"},\"query-input\":{\"@type\":\"PropertyValueSpecification\",\"valueRequired\":true,\"valueName\":\"search_term_string\"}}],\"inLanguage\":\"pt-BR\"},{\"@type\":\"Organization\",\"@id\":\"https:\\\/\\\/radioplanetasaudade.com.br\\\/#organization\",\"name\":\"R\u00e1dio Planeta Saudade\",\"url\":\"https:\\\/\\\/radioplanetasaudade.com.br\\\/\",\"logo\":{\"@type\":\"ImageObject\",\"inLanguage\":\"pt-BR\",\"@id\":\"https:\\\/\\\/radioplanetasaudade.com.br\\\/#\\\/schema\\\/logo\\\/image\\\/\",\"url\":\"https:\\\/\\\/radioplanetasaudade.com.br\\\/wp-content\\\/uploads\\\/2023\\\/10\\\/capture-20230607-202153.png\",\"contentUrl\":\"https:\\\/\\\/radioplanetasaudade.com.br\\\/wp-content\\\/uploads\\\/2023\\\/10\\\/capture-20230607-202153.png\",\"width\":1350,\"height\":358,\"caption\":\"R\u00e1dio Planeta Saudade\"},\"image\":{\"@id\":\"https:\\\/\\\/radioplanetasaudade.com.br\\\/#\\\/schema\\\/logo\\\/image\\\/\"}},{\"@type\":\"Person\",\"@id\":\"https:\\\/\\\/radioplanetasaudade.com.br\\\/#\\\/schema\\\/person\\\/1a6f6fc0d987819324e7ed417a1a6581\",\"name\":\"Planeta Saudade\",\"image\":{\"@type\":\"ImageObject\",\"inLanguage\":\"pt-BR\",\"@id\":\"https:\\\/\\\/secure.gravatar.com\\\/avatar\\\/f81afe153fb6e9e1d38e83d127599e125ba7a0bd5cdb1f795af3d9b0af8ddeb0?s=96&d=mm&r=g\",\"url\":\"https:\\\/\\\/secure.gravatar.com\\\/avatar\\\/f81afe153fb6e9e1d38e83d127599e125ba7a0bd5cdb1f795af3d9b0af8ddeb0?s=96&d=mm&r=g\",\"contentUrl\":\"https:\\\/\\\/secure.gravatar.com\\\/avatar\\\/f81afe153fb6e9e1d38e83d127599e125ba7a0bd5cdb1f795af3d9b0af8ddeb0?s=96&d=mm&r=g\",\"caption\":\"Planeta Saudade\"},\"sameAs\":[\"https:\\\/\\\/radioplanetasaudade.com.br\"],\"url\":\"https:\\\/\\\/radioplanetasaudade.com.br\\\/index.php\\\/author\\\/wendelsantos4567\\\/\"}]}<\/script>\n<!-- \/ Yoast SEO plugin. -->","yoast_head_json":{"title":"Le\u00e3o Ferido: quando Biafra deixou de ser promessa e virou nome nacional - R\u00c1DIO PLANETA SAUDADE","robots":{"index":"index","follow":"follow","max-snippet":"max-snippet:-1","max-image-preview":"max-image-preview:large","max-video-preview":"max-video-preview:-1"},"canonical":"https:\/\/radioplanetasaudade.com.br\/index.php\/2026\/09\/05\/leao-ferido-quando-biafra-deixou-de-ser-promessa-e-virou-nome-nacional\/","og_locale":"pt_BR","og_type":"article","og_title":"Le\u00e3o Ferido: quando Biafra deixou de ser promessa e virou nome nacional - R\u00c1DIO PLANETA SAUDADE","og_description":"A can\u00e7\u00e3o composta por Biafra e Dalto impulsionou Despertar, primeiro Disco de Ouro do cantor,...","og_url":"https:\/\/radioplanetasaudade.com.br\/index.php\/2026\/09\/05\/leao-ferido-quando-biafra-deixou-de-ser-promessa-e-virou-nome-nacional\/","og_site_name":"R\u00c1DIO PLANETA SAUDADE","article_published_time":"2026-09-05T21:16:11+00:00","article_modified_time":"2026-09-05T21:16:14+00:00","og_image":[{"width":1254,"height":1254,"url":"https:\/\/radioplanetasaudade.com.br\/wp-content\/uploads\/2026\/09\/WhatsApp-Image-2026-09-05-at-16.52.16.jpeg","type":"image\/jpeg"}],"author":"Planeta Saudade","twitter_card":"summary_large_image","twitter_misc":{"Escrito por":"Planeta Saudade","Est. tempo de leitura":"8 minutos"},"schema":{"@context":"https:\/\/schema.org","@graph":[{"@type":"Article","@id":"https:\/\/radioplanetasaudade.com.br\/index.php\/2026\/09\/05\/leao-ferido-quando-biafra-deixou-de-ser-promessa-e-virou-nome-nacional\/#article","isPartOf":{"@id":"https:\/\/radioplanetasaudade.com.br\/index.php\/2026\/09\/05\/leao-ferido-quando-biafra-deixou-de-ser-promessa-e-virou-nome-nacional\/"},"author":{"name":"Planeta Saudade","@id":"https:\/\/radioplanetasaudade.com.br\/#\/schema\/person\/1a6f6fc0d987819324e7ed417a1a6581"},"headline":"Le\u00e3o Ferido: quando Biafra deixou de ser promessa e virou nome nacional","datePublished":"2026-09-05T21:16:11+00:00","dateModified":"2026-09-05T21:16:14+00:00","mainEntityOfPage":{"@id":"https:\/\/radioplanetasaudade.com.br\/index.php\/2026\/09\/05\/leao-ferido-quando-biafra-deixou-de-ser-promessa-e-virou-nome-nacional\/"},"wordCount":1529,"commentCount":0,"publisher":{"@id":"https:\/\/radioplanetasaudade.com.br\/#organization"},"image":{"@id":"https:\/\/radioplanetasaudade.com.br\/index.php\/2026\/09\/05\/leao-ferido-quando-biafra-deixou-de-ser-promessa-e-virou-nome-nacional\/#primaryimage"},"thumbnailUrl":"https:\/\/radioplanetasaudade.com.br\/wp-content\/uploads\/2026\/09\/WhatsApp-Image-2026-09-05-at-16.52.16.jpeg","keywords":["1981","Album Despertar","Anos 70","Anos 80","Anos 90","Baixe nosso App","Biafra","Dalto","Flashaback","Le\u00e3o ferido","Ouvir","Ouvir r\u00e1dio","R\u00e1dio","R\u00e1dio Planeta Saudade"],"articleSection":["BAIXE NOSSO APLICATIVO"],"inLanguage":"pt-BR","potentialAction":[{"@type":"CommentAction","name":"Comment","target":["https:\/\/radioplanetasaudade.com.br\/index.php\/2026\/09\/05\/leao-ferido-quando-biafra-deixou-de-ser-promessa-e-virou-nome-nacional\/#respond"]}]},{"@type":"WebPage","@id":"https:\/\/radioplanetasaudade.com.br\/index.php\/2026\/09\/05\/leao-ferido-quando-biafra-deixou-de-ser-promessa-e-virou-nome-nacional\/","url":"https:\/\/radioplanetasaudade.com.br\/index.php\/2026\/09\/05\/leao-ferido-quando-biafra-deixou-de-ser-promessa-e-virou-nome-nacional\/","name":"Le\u00e3o Ferido: quando Biafra deixou de ser promessa e virou nome nacional - R\u00c1DIO PLANETA SAUDADE","isPartOf":{"@id":"https:\/\/radioplanetasaudade.com.br\/#website"},"primaryImageOfPage":{"@id":"https:\/\/radioplanetasaudade.com.br\/index.php\/2026\/09\/05\/leao-ferido-quando-biafra-deixou-de-ser-promessa-e-virou-nome-nacional\/#primaryimage"},"image":{"@id":"https:\/\/radioplanetasaudade.com.br\/index.php\/2026\/09\/05\/leao-ferido-quando-biafra-deixou-de-ser-promessa-e-virou-nome-nacional\/#primaryimage"},"thumbnailUrl":"https:\/\/radioplanetasaudade.com.br\/wp-content\/uploads\/2026\/09\/WhatsApp-Image-2026-09-05-at-16.52.16.jpeg","datePublished":"2026-09-05T21:16:11+00:00","dateModified":"2026-09-05T21:16:14+00:00","breadcrumb":{"@id":"https:\/\/radioplanetasaudade.com.br\/index.php\/2026\/09\/05\/leao-ferido-quando-biafra-deixou-de-ser-promessa-e-virou-nome-nacional\/#breadcrumb"},"inLanguage":"pt-BR","potentialAction":[{"@type":"ReadAction","target":["https:\/\/radioplanetasaudade.com.br\/index.php\/2026\/09\/05\/leao-ferido-quando-biafra-deixou-de-ser-promessa-e-virou-nome-nacional\/"]}]},{"@type":"ImageObject","inLanguage":"pt-BR","@id":"https:\/\/radioplanetasaudade.com.br\/index.php\/2026\/09\/05\/leao-ferido-quando-biafra-deixou-de-ser-promessa-e-virou-nome-nacional\/#primaryimage","url":"https:\/\/radioplanetasaudade.com.br\/wp-content\/uploads\/2026\/09\/WhatsApp-Image-2026-09-05-at-16.52.16.jpeg","contentUrl":"https:\/\/radioplanetasaudade.com.br\/wp-content\/uploads\/2026\/09\/WhatsApp-Image-2026-09-05-at-16.52.16.jpeg","width":1254,"height":1254},{"@type":"BreadcrumbList","@id":"https:\/\/radioplanetasaudade.com.br\/index.php\/2026\/09\/05\/leao-ferido-quando-biafra-deixou-de-ser-promessa-e-virou-nome-nacional\/#breadcrumb","itemListElement":[{"@type":"ListItem","position":1,"name":"In\u00edcio","item":"https:\/\/radioplanetasaudade.com.br\/"},{"@type":"ListItem","position":2,"name":"Le\u00e3o Ferido: quando Biafra deixou de ser promessa e virou nome nacional"}]},{"@type":"WebSite","@id":"https:\/\/radioplanetasaudade.com.br\/#website","url":"https:\/\/radioplanetasaudade.com.br\/","name":"R\u00e1dio Planeta Saudade","description":"Relembrando grandes sucessos musicais e informando sobre os maiores artistas do mundo ou\u00e7a no seu celular.","publisher":{"@id":"https:\/\/radioplanetasaudade.com.br\/#organization"},"potentialAction":[{"@type":"SearchAction","target":{"@type":"EntryPoint","urlTemplate":"https:\/\/radioplanetasaudade.com.br\/?s={search_term_string}"},"query-input":{"@type":"PropertyValueSpecification","valueRequired":true,"valueName":"search_term_string"}}],"inLanguage":"pt-BR"},{"@type":"Organization","@id":"https:\/\/radioplanetasaudade.com.br\/#organization","name":"R\u00e1dio Planeta Saudade","url":"https:\/\/radioplanetasaudade.com.br\/","logo":{"@type":"ImageObject","inLanguage":"pt-BR","@id":"https:\/\/radioplanetasaudade.com.br\/#\/schema\/logo\/image\/","url":"https:\/\/radioplanetasaudade.com.br\/wp-content\/uploads\/2023\/10\/capture-20230607-202153.png","contentUrl":"https:\/\/radioplanetasaudade.com.br\/wp-content\/uploads\/2023\/10\/capture-20230607-202153.png","width":1350,"height":358,"caption":"R\u00e1dio Planeta Saudade"},"image":{"@id":"https:\/\/radioplanetasaudade.com.br\/#\/schema\/logo\/image\/"}},{"@type":"Person","@id":"https:\/\/radioplanetasaudade.com.br\/#\/schema\/person\/1a6f6fc0d987819324e7ed417a1a6581","name":"Planeta Saudade","image":{"@type":"ImageObject","inLanguage":"pt-BR","@id":"https:\/\/secure.gravatar.com\/avatar\/f81afe153fb6e9e1d38e83d127599e125ba7a0bd5cdb1f795af3d9b0af8ddeb0?s=96&d=mm&r=g","url":"https:\/\/secure.gravatar.com\/avatar\/f81afe153fb6e9e1d38e83d127599e125ba7a0bd5cdb1f795af3d9b0af8ddeb0?s=96&d=mm&r=g","contentUrl":"https:\/\/secure.gravatar.com\/avatar\/f81afe153fb6e9e1d38e83d127599e125ba7a0bd5cdb1f795af3d9b0af8ddeb0?s=96&d=mm&r=g","caption":"Planeta Saudade"},"sameAs":["https:\/\/radioplanetasaudade.com.br"],"url":"https:\/\/radioplanetasaudade.com.br\/index.php\/author\/wendelsantos4567\/"}]}},"_links":{"self":[{"href":"https:\/\/radioplanetasaudade.com.br\/index.php\/wp-json\/wp\/v2\/posts\/6325","targetHints":{"allow":["GET"]}}],"collection":[{"href":"https:\/\/radioplanetasaudade.com.br\/index.php\/wp-json\/wp\/v2\/posts"}],"about":[{"href":"https:\/\/radioplanetasaudade.com.br\/index.php\/wp-json\/wp\/v2\/types\/post"}],"author":[{"embeddable":true,"href":"https:\/\/radioplanetasaudade.com.br\/index.php\/wp-json\/wp\/v2\/users\/1"}],"replies":[{"embeddable":true,"href":"https:\/\/radioplanetasaudade.com.br\/index.php\/wp-json\/wp\/v2\/comments?post=6325"}],"version-history":[{"count":1,"href":"https:\/\/radioplanetasaudade.com.br\/index.php\/wp-json\/wp\/v2\/posts\/6325\/revisions"}],"predecessor-version":[{"id":6327,"href":"https:\/\/radioplanetasaudade.com.br\/index.php\/wp-json\/wp\/v2\/posts\/6325\/revisions\/6327"}],"wp:featuredmedia":[{"embeddable":true,"href":"https:\/\/radioplanetasaudade.com.br\/index.php\/wp-json\/wp\/v2\/media\/6326"}],"wp:attachment":[{"href":"https:\/\/radioplanetasaudade.com.br\/index.php\/wp-json\/wp\/v2\/media?parent=6325"}],"wp:term":[{"taxonomy":"category","embeddable":true,"href":"https:\/\/radioplanetasaudade.com.br\/index.php\/wp-json\/wp\/v2\/categories?post=6325"},{"taxonomy":"post_tag","embeddable":true,"href":"https:\/\/radioplanetasaudade.com.br\/index.php\/wp-json\/wp\/v2\/tags?post=6325"}],"curies":[{"name":"wp","href":"https:\/\/api.w.org\/{rel}","templated":true}]}}