{"id":654,"date":"2024-02-28T12:05:41","date_gmt":"2024-02-28T15:05:41","guid":{"rendered":"https:\/\/radioplanetasaudade.com.br\/?p=654"},"modified":"2024-02-28T12:05:54","modified_gmt":"2024-02-28T15:05:54","slug":"visao-alem-das-notas-o-genio-musical-de-stevie-wonder","status":"publish","type":"post","link":"https:\/\/radioplanetasaudade.com.br\/index.php\/2024\/02\/28\/visao-alem-das-notas-o-genio-musical-de-stevie-wonder\/","title":{"rendered":"&#8220;Vis\u00e3o Al\u00e9m das Notas: O G\u00eanio Musical de Stevie Wonder&#8221;"},"content":{"rendered":"\n<p class=\"wp-block-paragraph\">Stevland Hardaway Morris, ou melhor, Stevie Woder, \u00e9 um dos maiores m\u00fasicos da hist\u00f3ria! Nascido em 1950 um artista ic\u00f4nico e dos mais influentes da hist\u00f3ria da m\u00fasica popular.<\/p>\n\n\n\n<figure class=\"wp-block-image aligncenter size-large\"><img fetchpriority=\"high\" decoding=\"async\" width=\"1024\" height=\"677\" src=\"https:\/\/radioplanetasaudade.com.br\/wp-content\/uploads\/2024\/02\/Stevie-Wonder-feb-19-2020-a-billboard-1548-1602533242-compressed-1-1536x1016-1-1024x677.jpg\" alt=\"\" class=\"wp-image-655\" srcset=\"https:\/\/radioplanetasaudade.com.br\/wp-content\/uploads\/2024\/02\/Stevie-Wonder-feb-19-2020-a-billboard-1548-1602533242-compressed-1-1536x1016-1-1024x677.jpg 1024w, https:\/\/radioplanetasaudade.com.br\/wp-content\/uploads\/2024\/02\/Stevie-Wonder-feb-19-2020-a-billboard-1548-1602533242-compressed-1-1536x1016-1-300x198.jpg 300w, https:\/\/radioplanetasaudade.com.br\/wp-content\/uploads\/2024\/02\/Stevie-Wonder-feb-19-2020-a-billboard-1548-1602533242-compressed-1-1536x1016-1-768x508.jpg 768w, https:\/\/radioplanetasaudade.com.br\/wp-content\/uploads\/2024\/02\/Stevie-Wonder-feb-19-2020-a-billboard-1548-1602533242-compressed-1-1536x1016-1.jpg 1536w\" sizes=\"(max-width: 1024px) 100vw, 1024px\" \/><\/figure>\n\n\n\n<p class=\"wp-block-paragraph\">Sua longa trajet\u00f3ria \u00e9 repleta de sucessos, inova\u00e7\u00e3o musical e impacto cultural significativo.<\/p>\n\n\n\n<p class=\"wp-block-paragraph\"><a><\/a>In\u00edciou sua carreira na d\u00e9cada de 1960: pela Motown Records quando ainda era crian\u00e7a, assinando com eles aos 11 anos de idade.<\/p>\n\n\n\n<p class=\"wp-block-paragraph\">Seu primeiro sucesso comercial foi &#8220;Fingertips, Part 2&#8221; em 1963, que o tornou o mais jovem artista a liderar as paradas de sucesso nos Estados Unidos.<\/p>\n\n\n\n<p class=\"wp-block-paragraph\">A evolu\u00e7\u00e3o musical aconteceu durante os anos 1970, Stevie Wonder evoluiu artisticamente e ganhou controle criativo sobre sua m\u00fasica.<\/p>\n\n\n\n<p class=\"wp-block-paragraph\">Ele lan\u00e7ou uma s\u00e9rie de \u00e1lbuns aclamados pela cr\u00edtica e pelo p\u00fablico, incluindo &#8220;Talking Book&#8221;, &#8220;Innervisions&#8221; e &#8220;Songs in the Key of Life&#8221;.<\/p>\n\n\n\n<p class=\"wp-block-paragraph\">Esses \u00e1lbuns exploraram uma variedade de g\u00eaneros musicais, desde o soul at\u00e9 o funk, o jazz e o pop, e abordaram temas sociais e pol\u00edticos.<\/p>\n\n\n\n<p class=\"wp-block-paragraph\">A inova\u00e7\u00e3o e o reconhecimento aconteceu na d\u00e9cada de 1980, Quando Stevie continuou a experimentar e a inovar, incorporando elementos da m\u00fasica eletr\u00f4nica em seus trabalhos.<\/p>\n\n\n\n<p class=\"wp-block-paragraph\">Ele teve mais sucessos comerciais com \u00e1lbuns como &#8220;Hotter than July&#8221; e a trilha sonora do filme &#8220;A Dama de Vermelho&#8221;, que inclu\u00eda o hit &#8220;I Just Called to Say I Love You&#8221;.<\/p>\n\n\n\n<p class=\"wp-block-paragraph\">Al\u00e9m disso, recebeu mais pr\u00eamios Grammy, consolidando seu status como uma lenda da m\u00fasica.<\/p>\n\n\n\n<p class=\"wp-block-paragraph\">Ao longo de sua carreira, Stevie Wonder influenciou in\u00fameras gera\u00e7\u00f5es de m\u00fasicos e artistas com seu talento, sua voz distintiva, suas habilidades como multi-instrumentista e suas composi\u00e7\u00f5es inspiradoras.<\/p>\n\n\n\n<p class=\"wp-block-paragraph\">Ele tamb\u00e9m foi um defensor dos direitos civis e de quest\u00f5es sociais, usando sua plataforma para promover mudan\u00e7as positivas no mundo.<\/p>\n\n\n\n<p class=\"wp-block-paragraph\">Al\u00e9m de sua m\u00fasica, Stevie Wonder \u00e9 conhecido por seu ativismo e trabalho humanit\u00e1rio. Ele apoiou v\u00e1rias causas, incluindo a luta contra o racismo, a injusti\u00e7a social, e a conscientiza\u00e7\u00e3o sobre defici\u00eancias visuais, sendo ele pr\u00f3prio cego desde crian\u00e7a.<\/p>\n\n\n\n<p class=\"wp-block-paragraph\">Ao longo de d\u00e9cadas, Stevie Wonder estabeleceu um legado duradouro como um dos maiores artistas da hist\u00f3ria da m\u00fasica, deixando uma marca indel\u00e9vel na cultura global.<\/p>\n","protected":false},"excerpt":{"rendered":"<p>Stevland Hardaway Morris, ou melhor, Stevie Woder, \u00e9 um dos maiores m\u00fasicos da hist\u00f3ria! Nascido&#8230;<\/p>\n","protected":false},"author":1,"featured_media":655,"comment_status":"open","ping_status":"open","sticky":false,"template":"","format":"standard","meta":{"footnotes":""},"categories":[1],"tags":[192,119,118,99,191],"class_list":["post-654","post","type-post","status-publish","format-standard","has-post-thumbnail","hentry","category-blog","tag-i-just-called-to-say-i-love-you","tag-anos-70","tag-anos-80","tag-radio-planeta-saudade","tag-stevie-wonder"],"yoast_head":"<!-- This site is optimized with the Yoast SEO plugin v28.4 - https:\/\/yoast.com\/product\/yoast-seo-wordpress\/ -->\n<title>&quot;Vis\u00e3o Al\u00e9m das Notas: O G\u00eanio Musical de Stevie Wonder&quot; - R\u00c1DIO PLANETA SAUDADE<\/title>\n<meta name=\"robots\" content=\"index, follow, max-snippet:-1, max-image-preview:large, max-video-preview:-1\" \/>\n<link rel=\"canonical\" href=\"https:\/\/radioplanetasaudade.com.br\/index.php\/2024\/02\/28\/visao-alem-das-notas-o-genio-musical-de-stevie-wonder\/\" \/>\n<meta property=\"og:locale\" content=\"pt_BR\" \/>\n<meta property=\"og:type\" content=\"article\" \/>\n<meta property=\"og:title\" content=\"&quot;Vis\u00e3o Al\u00e9m das Notas: O G\u00eanio Musical de Stevie Wonder&quot; - R\u00c1DIO PLANETA SAUDADE\" \/>\n<meta property=\"og:description\" content=\"Stevland Hardaway Morris, ou melhor, Stevie Woder, \u00e9 um dos maiores m\u00fasicos da hist\u00f3ria! Nascido...\" \/>\n<meta property=\"og:url\" content=\"https:\/\/radioplanetasaudade.com.br\/index.php\/2024\/02\/28\/visao-alem-das-notas-o-genio-musical-de-stevie-wonder\/\" \/>\n<meta property=\"og:site_name\" content=\"R\u00c1DIO PLANETA SAUDADE\" \/>\n<meta property=\"article:published_time\" content=\"2024-02-28T15:05:41+00:00\" \/>\n<meta property=\"article:modified_time\" content=\"2024-02-28T15:05:54+00:00\" \/>\n<meta property=\"og:image\" content=\"https:\/\/radioplanetasaudade.com.br\/wp-content\/uploads\/2024\/02\/Stevie-Wonder-feb-19-2020-a-billboard-1548-1602533242-compressed-1-1536x1016-1.jpg\" \/>\n\t<meta property=\"og:image:width\" content=\"1536\" \/>\n\t<meta property=\"og:image:height\" content=\"1016\" \/>\n\t<meta property=\"og:image:type\" content=\"image\/jpeg\" \/>\n<meta name=\"author\" content=\"Planeta Saudade\" \/>\n<meta name=\"twitter:card\" content=\"summary_large_image\" \/>\n<meta name=\"twitter:label1\" content=\"Escrito por\" \/>\n\t<meta name=\"twitter:data1\" content=\"Planeta Saudade\" \/>\n\t<meta name=\"twitter:label2\" content=\"Est. tempo de leitura\" \/>\n\t<meta name=\"twitter:data2\" content=\"3 minutos\" \/>\n<script type=\"application\/ld+json\" class=\"yoast-schema-graph\">{\"@context\":\"https:\\\/\\\/schema.org\",\"@graph\":[{\"@type\":\"Article\",\"@id\":\"https:\\\/\\\/radioplanetasaudade.com.br\\\/index.php\\\/2024\\\/02\\\/28\\\/visao-alem-das-notas-o-genio-musical-de-stevie-wonder\\\/#article\",\"isPartOf\":{\"@id\":\"https:\\\/\\\/radioplanetasaudade.com.br\\\/index.php\\\/2024\\\/02\\\/28\\\/visao-alem-das-notas-o-genio-musical-de-stevie-wonder\\\/\"},\"author\":{\"name\":\"Planeta Saudade\",\"@id\":\"https:\\\/\\\/radioplanetasaudade.com.br\\\/#\\\/schema\\\/person\\\/1a6f6fc0d987819324e7ed417a1a6581\"},\"headline\":\"&#8220;Vis\u00e3o Al\u00e9m das Notas: O G\u00eanio Musical de Stevie Wonder&#8221;\",\"datePublished\":\"2024-02-28T15:05:41+00:00\",\"dateModified\":\"2024-02-28T15:05:54+00:00\",\"mainEntityOfPage\":{\"@id\":\"https:\\\/\\\/radioplanetasaudade.com.br\\\/index.php\\\/2024\\\/02\\\/28\\\/visao-alem-das-notas-o-genio-musical-de-stevie-wonder\\\/\"},\"wordCount\":393,\"commentCount\":0,\"publisher\":{\"@id\":\"https:\\\/\\\/radioplanetasaudade.com.br\\\/#organization\"},\"image\":{\"@id\":\"https:\\\/\\\/radioplanetasaudade.com.br\\\/index.php\\\/2024\\\/02\\\/28\\\/visao-alem-das-notas-o-genio-musical-de-stevie-wonder\\\/#primaryimage\"},\"thumbnailUrl\":\"https:\\\/\\\/radioplanetasaudade.com.br\\\/wp-content\\\/uploads\\\/2024\\\/02\\\/Stevie-Wonder-feb-19-2020-a-billboard-1548-1602533242-compressed-1-1536x1016-1.jpg\",\"keywords\":[\"\\\"I Just Called to Say I Love You\\\"\",\"Anos 70\",\"Anos 80\",\"R\u00e1dio Planeta Saudade\",\"Stevie Wonder\"],\"articleSection\":[\"LEND\u00c1RIOS\"],\"inLanguage\":\"pt-BR\",\"potentialAction\":[{\"@type\":\"CommentAction\",\"name\":\"Comment\",\"target\":[\"https:\\\/\\\/radioplanetasaudade.com.br\\\/index.php\\\/2024\\\/02\\\/28\\\/visao-alem-das-notas-o-genio-musical-de-stevie-wonder\\\/#respond\"]}]},{\"@type\":\"WebPage\",\"@id\":\"https:\\\/\\\/radioplanetasaudade.com.br\\\/index.php\\\/2024\\\/02\\\/28\\\/visao-alem-das-notas-o-genio-musical-de-stevie-wonder\\\/\",\"url\":\"https:\\\/\\\/radioplanetasaudade.com.br\\\/index.php\\\/2024\\\/02\\\/28\\\/visao-alem-das-notas-o-genio-musical-de-stevie-wonder\\\/\",\"name\":\"\\\"Vis\u00e3o Al\u00e9m das Notas: O G\u00eanio Musical de Stevie Wonder\\\" - R\u00c1DIO PLANETA SAUDADE\",\"isPartOf\":{\"@id\":\"https:\\\/\\\/radioplanetasaudade.com.br\\\/#website\"},\"primaryImageOfPage\":{\"@id\":\"https:\\\/\\\/radioplanetasaudade.com.br\\\/index.php\\\/2024\\\/02\\\/28\\\/visao-alem-das-notas-o-genio-musical-de-stevie-wonder\\\/#primaryimage\"},\"image\":{\"@id\":\"https:\\\/\\\/radioplanetasaudade.com.br\\\/index.php\\\/2024\\\/02\\\/28\\\/visao-alem-das-notas-o-genio-musical-de-stevie-wonder\\\/#primaryimage\"},\"thumbnailUrl\":\"https:\\\/\\\/radioplanetasaudade.com.br\\\/wp-content\\\/uploads\\\/2024\\\/02\\\/Stevie-Wonder-feb-19-2020-a-billboard-1548-1602533242-compressed-1-1536x1016-1.jpg\",\"datePublished\":\"2024-02-28T15:05:41+00:00\",\"dateModified\":\"2024-02-28T15:05:54+00:00\",\"breadcrumb\":{\"@id\":\"https:\\\/\\\/radioplanetasaudade.com.br\\\/index.php\\\/2024\\\/02\\\/28\\\/visao-alem-das-notas-o-genio-musical-de-stevie-wonder\\\/#breadcrumb\"},\"inLanguage\":\"pt-BR\",\"potentialAction\":[{\"@type\":\"ReadAction\",\"target\":[\"https:\\\/\\\/radioplanetasaudade.com.br\\\/index.php\\\/2024\\\/02\\\/28\\\/visao-alem-das-notas-o-genio-musical-de-stevie-wonder\\\/\"]}]},{\"@type\":\"ImageObject\",\"inLanguage\":\"pt-BR\",\"@id\":\"https:\\\/\\\/radioplanetasaudade.com.br\\\/index.php\\\/2024\\\/02\\\/28\\\/visao-alem-das-notas-o-genio-musical-de-stevie-wonder\\\/#primaryimage\",\"url\":\"https:\\\/\\\/radioplanetasaudade.com.br\\\/wp-content\\\/uploads\\\/2024\\\/02\\\/Stevie-Wonder-feb-19-2020-a-billboard-1548-1602533242-compressed-1-1536x1016-1.jpg\",\"contentUrl\":\"https:\\\/\\\/radioplanetasaudade.com.br\\\/wp-content\\\/uploads\\\/2024\\\/02\\\/Stevie-Wonder-feb-19-2020-a-billboard-1548-1602533242-compressed-1-1536x1016-1.jpg\",\"width\":1536,\"height\":1016},{\"@type\":\"BreadcrumbList\",\"@id\":\"https:\\\/\\\/radioplanetasaudade.com.br\\\/index.php\\\/2024\\\/02\\\/28\\\/visao-alem-das-notas-o-genio-musical-de-stevie-wonder\\\/#breadcrumb\",\"itemListElement\":[{\"@type\":\"ListItem\",\"position\":1,\"name\":\"In\u00edcio\",\"item\":\"https:\\\/\\\/radioplanetasaudade.com.br\\\/\"},{\"@type\":\"ListItem\",\"position\":2,\"name\":\"&#8220;Vis\u00e3o Al\u00e9m das Notas: O G\u00eanio Musical de Stevie Wonder&#8221;\"}]},{\"@type\":\"WebSite\",\"@id\":\"https:\\\/\\\/radioplanetasaudade.com.br\\\/#website\",\"url\":\"https:\\\/\\\/radioplanetasaudade.com.br\\\/\",\"name\":\"R\u00e1dio Planeta Saudade\",\"description\":\"Relembrando grandes sucessos musicais e informando sobre os maiores artistas do mundo ou\u00e7a no seu celular.\",\"publisher\":{\"@id\":\"https:\\\/\\\/radioplanetasaudade.com.br\\\/#organization\"},\"potentialAction\":[{\"@type\":\"SearchAction\",\"target\":{\"@type\":\"EntryPoint\",\"urlTemplate\":\"https:\\\/\\\/radioplanetasaudade.com.br\\\/?s={search_term_string}\"},\"query-input\":{\"@type\":\"PropertyValueSpecification\",\"valueRequired\":true,\"valueName\":\"search_term_string\"}}],\"inLanguage\":\"pt-BR\"},{\"@type\":\"Organization\",\"@id\":\"https:\\\/\\\/radioplanetasaudade.com.br\\\/#organization\",\"name\":\"R\u00e1dio Planeta Saudade\",\"url\":\"https:\\\/\\\/radioplanetasaudade.com.br\\\/\",\"logo\":{\"@type\":\"ImageObject\",\"inLanguage\":\"pt-BR\",\"@id\":\"https:\\\/\\\/radioplanetasaudade.com.br\\\/#\\\/schema\\\/logo\\\/image\\\/\",\"url\":\"https:\\\/\\\/radioplanetasaudade.com.br\\\/wp-content\\\/uploads\\\/2023\\\/10\\\/capture-20230607-202153.png\",\"contentUrl\":\"https:\\\/\\\/radioplanetasaudade.com.br\\\/wp-content\\\/uploads\\\/2023\\\/10\\\/capture-20230607-202153.png\",\"width\":1350,\"height\":358,\"caption\":\"R\u00e1dio Planeta Saudade\"},\"image\":{\"@id\":\"https:\\\/\\\/radioplanetasaudade.com.br\\\/#\\\/schema\\\/logo\\\/image\\\/\"}},{\"@type\":\"Person\",\"@id\":\"https:\\\/\\\/radioplanetasaudade.com.br\\\/#\\\/schema\\\/person\\\/1a6f6fc0d987819324e7ed417a1a6581\",\"name\":\"Planeta Saudade\",\"image\":{\"@type\":\"ImageObject\",\"inLanguage\":\"pt-BR\",\"@id\":\"https:\\\/\\\/secure.gravatar.com\\\/avatar\\\/f81afe153fb6e9e1d38e83d127599e125ba7a0bd5cdb1f795af3d9b0af8ddeb0?s=96&d=mm&r=g\",\"url\":\"https:\\\/\\\/secure.gravatar.com\\\/avatar\\\/f81afe153fb6e9e1d38e83d127599e125ba7a0bd5cdb1f795af3d9b0af8ddeb0?s=96&d=mm&r=g\",\"contentUrl\":\"https:\\\/\\\/secure.gravatar.com\\\/avatar\\\/f81afe153fb6e9e1d38e83d127599e125ba7a0bd5cdb1f795af3d9b0af8ddeb0?s=96&d=mm&r=g\",\"caption\":\"Planeta Saudade\"},\"sameAs\":[\"https:\\\/\\\/radioplanetasaudade.com.br\"],\"url\":\"https:\\\/\\\/radioplanetasaudade.com.br\\\/index.php\\\/author\\\/wendelsantos4567\\\/\"}]}<\/script>\n<!-- \/ Yoast SEO plugin. -->","yoast_head_json":{"title":"\"Vis\u00e3o Al\u00e9m das Notas: O G\u00eanio Musical de Stevie Wonder\" - R\u00c1DIO PLANETA SAUDADE","robots":{"index":"index","follow":"follow","max-snippet":"max-snippet:-1","max-image-preview":"max-image-preview:large","max-video-preview":"max-video-preview:-1"},"canonical":"https:\/\/radioplanetasaudade.com.br\/index.php\/2024\/02\/28\/visao-alem-das-notas-o-genio-musical-de-stevie-wonder\/","og_locale":"pt_BR","og_type":"article","og_title":"\"Vis\u00e3o Al\u00e9m das Notas: O G\u00eanio Musical de Stevie Wonder\" - R\u00c1DIO PLANETA SAUDADE","og_description":"Stevland Hardaway Morris, ou melhor, Stevie Woder, \u00e9 um dos maiores m\u00fasicos da hist\u00f3ria! Nascido...","og_url":"https:\/\/radioplanetasaudade.com.br\/index.php\/2024\/02\/28\/visao-alem-das-notas-o-genio-musical-de-stevie-wonder\/","og_site_name":"R\u00c1DIO PLANETA SAUDADE","article_published_time":"2024-02-28T15:05:41+00:00","article_modified_time":"2024-02-28T15:05:54+00:00","og_image":[{"width":1536,"height":1016,"url":"https:\/\/radioplanetasaudade.com.br\/wp-content\/uploads\/2024\/02\/Stevie-Wonder-feb-19-2020-a-billboard-1548-1602533242-compressed-1-1536x1016-1.jpg","type":"image\/jpeg"}],"author":"Planeta Saudade","twitter_card":"summary_large_image","twitter_misc":{"Escrito por":"Planeta Saudade","Est. tempo de leitura":"3 minutos"},"schema":{"@context":"https:\/\/schema.org","@graph":[{"@type":"Article","@id":"https:\/\/radioplanetasaudade.com.br\/index.php\/2024\/02\/28\/visao-alem-das-notas-o-genio-musical-de-stevie-wonder\/#article","isPartOf":{"@id":"https:\/\/radioplanetasaudade.com.br\/index.php\/2024\/02\/28\/visao-alem-das-notas-o-genio-musical-de-stevie-wonder\/"},"author":{"name":"Planeta Saudade","@id":"https:\/\/radioplanetasaudade.com.br\/#\/schema\/person\/1a6f6fc0d987819324e7ed417a1a6581"},"headline":"&#8220;Vis\u00e3o Al\u00e9m das Notas: O G\u00eanio Musical de Stevie Wonder&#8221;","datePublished":"2024-02-28T15:05:41+00:00","dateModified":"2024-02-28T15:05:54+00:00","mainEntityOfPage":{"@id":"https:\/\/radioplanetasaudade.com.br\/index.php\/2024\/02\/28\/visao-alem-das-notas-o-genio-musical-de-stevie-wonder\/"},"wordCount":393,"commentCount":0,"publisher":{"@id":"https:\/\/radioplanetasaudade.com.br\/#organization"},"image":{"@id":"https:\/\/radioplanetasaudade.com.br\/index.php\/2024\/02\/28\/visao-alem-das-notas-o-genio-musical-de-stevie-wonder\/#primaryimage"},"thumbnailUrl":"https:\/\/radioplanetasaudade.com.br\/wp-content\/uploads\/2024\/02\/Stevie-Wonder-feb-19-2020-a-billboard-1548-1602533242-compressed-1-1536x1016-1.jpg","keywords":["\"I Just Called to Say I Love You\"","Anos 70","Anos 80","R\u00e1dio Planeta Saudade","Stevie Wonder"],"articleSection":["LEND\u00c1RIOS"],"inLanguage":"pt-BR","potentialAction":[{"@type":"CommentAction","name":"Comment","target":["https:\/\/radioplanetasaudade.com.br\/index.php\/2024\/02\/28\/visao-alem-das-notas-o-genio-musical-de-stevie-wonder\/#respond"]}]},{"@type":"WebPage","@id":"https:\/\/radioplanetasaudade.com.br\/index.php\/2024\/02\/28\/visao-alem-das-notas-o-genio-musical-de-stevie-wonder\/","url":"https:\/\/radioplanetasaudade.com.br\/index.php\/2024\/02\/28\/visao-alem-das-notas-o-genio-musical-de-stevie-wonder\/","name":"\"Vis\u00e3o Al\u00e9m das Notas: O G\u00eanio Musical de Stevie Wonder\" - R\u00c1DIO PLANETA SAUDADE","isPartOf":{"@id":"https:\/\/radioplanetasaudade.com.br\/#website"},"primaryImageOfPage":{"@id":"https:\/\/radioplanetasaudade.com.br\/index.php\/2024\/02\/28\/visao-alem-das-notas-o-genio-musical-de-stevie-wonder\/#primaryimage"},"image":{"@id":"https:\/\/radioplanetasaudade.com.br\/index.php\/2024\/02\/28\/visao-alem-das-notas-o-genio-musical-de-stevie-wonder\/#primaryimage"},"thumbnailUrl":"https:\/\/radioplanetasaudade.com.br\/wp-content\/uploads\/2024\/02\/Stevie-Wonder-feb-19-2020-a-billboard-1548-1602533242-compressed-1-1536x1016-1.jpg","datePublished":"2024-02-28T15:05:41+00:00","dateModified":"2024-02-28T15:05:54+00:00","breadcrumb":{"@id":"https:\/\/radioplanetasaudade.com.br\/index.php\/2024\/02\/28\/visao-alem-das-notas-o-genio-musical-de-stevie-wonder\/#breadcrumb"},"inLanguage":"pt-BR","potentialAction":[{"@type":"ReadAction","target":["https:\/\/radioplanetasaudade.com.br\/index.php\/2024\/02\/28\/visao-alem-das-notas-o-genio-musical-de-stevie-wonder\/"]}]},{"@type":"ImageObject","inLanguage":"pt-BR","@id":"https:\/\/radioplanetasaudade.com.br\/index.php\/2024\/02\/28\/visao-alem-das-notas-o-genio-musical-de-stevie-wonder\/#primaryimage","url":"https:\/\/radioplanetasaudade.com.br\/wp-content\/uploads\/2024\/02\/Stevie-Wonder-feb-19-2020-a-billboard-1548-1602533242-compressed-1-1536x1016-1.jpg","contentUrl":"https:\/\/radioplanetasaudade.com.br\/wp-content\/uploads\/2024\/02\/Stevie-Wonder-feb-19-2020-a-billboard-1548-1602533242-compressed-1-1536x1016-1.jpg","width":1536,"height":1016},{"@type":"BreadcrumbList","@id":"https:\/\/radioplanetasaudade.com.br\/index.php\/2024\/02\/28\/visao-alem-das-notas-o-genio-musical-de-stevie-wonder\/#breadcrumb","itemListElement":[{"@type":"ListItem","position":1,"name":"In\u00edcio","item":"https:\/\/radioplanetasaudade.com.br\/"},{"@type":"ListItem","position":2,"name":"&#8220;Vis\u00e3o Al\u00e9m das Notas: O G\u00eanio Musical de Stevie Wonder&#8221;"}]},{"@type":"WebSite","@id":"https:\/\/radioplanetasaudade.com.br\/#website","url":"https:\/\/radioplanetasaudade.com.br\/","name":"R\u00e1dio Planeta Saudade","description":"Relembrando grandes sucessos musicais e informando sobre os maiores artistas do mundo ou\u00e7a no seu celular.","publisher":{"@id":"https:\/\/radioplanetasaudade.com.br\/#organization"},"potentialAction":[{"@type":"SearchAction","target":{"@type":"EntryPoint","urlTemplate":"https:\/\/radioplanetasaudade.com.br\/?s={search_term_string}"},"query-input":{"@type":"PropertyValueSpecification","valueRequired":true,"valueName":"search_term_string"}}],"inLanguage":"pt-BR"},{"@type":"Organization","@id":"https:\/\/radioplanetasaudade.com.br\/#organization","name":"R\u00e1dio Planeta Saudade","url":"https:\/\/radioplanetasaudade.com.br\/","logo":{"@type":"ImageObject","inLanguage":"pt-BR","@id":"https:\/\/radioplanetasaudade.com.br\/#\/schema\/logo\/image\/","url":"https:\/\/radioplanetasaudade.com.br\/wp-content\/uploads\/2023\/10\/capture-20230607-202153.png","contentUrl":"https:\/\/radioplanetasaudade.com.br\/wp-content\/uploads\/2023\/10\/capture-20230607-202153.png","width":1350,"height":358,"caption":"R\u00e1dio Planeta Saudade"},"image":{"@id":"https:\/\/radioplanetasaudade.com.br\/#\/schema\/logo\/image\/"}},{"@type":"Person","@id":"https:\/\/radioplanetasaudade.com.br\/#\/schema\/person\/1a6f6fc0d987819324e7ed417a1a6581","name":"Planeta Saudade","image":{"@type":"ImageObject","inLanguage":"pt-BR","@id":"https:\/\/secure.gravatar.com\/avatar\/f81afe153fb6e9e1d38e83d127599e125ba7a0bd5cdb1f795af3d9b0af8ddeb0?s=96&d=mm&r=g","url":"https:\/\/secure.gravatar.com\/avatar\/f81afe153fb6e9e1d38e83d127599e125ba7a0bd5cdb1f795af3d9b0af8ddeb0?s=96&d=mm&r=g","contentUrl":"https:\/\/secure.gravatar.com\/avatar\/f81afe153fb6e9e1d38e83d127599e125ba7a0bd5cdb1f795af3d9b0af8ddeb0?s=96&d=mm&r=g","caption":"Planeta Saudade"},"sameAs":["https:\/\/radioplanetasaudade.com.br"],"url":"https:\/\/radioplanetasaudade.com.br\/index.php\/author\/wendelsantos4567\/"}]}},"_links":{"self":[{"href":"https:\/\/radioplanetasaudade.com.br\/index.php\/wp-json\/wp\/v2\/posts\/654","targetHints":{"allow":["GET"]}}],"collection":[{"href":"https:\/\/radioplanetasaudade.com.br\/index.php\/wp-json\/wp\/v2\/posts"}],"about":[{"href":"https:\/\/radioplanetasaudade.com.br\/index.php\/wp-json\/wp\/v2\/types\/post"}],"author":[{"embeddable":true,"href":"https:\/\/radioplanetasaudade.com.br\/index.php\/wp-json\/wp\/v2\/users\/1"}],"replies":[{"embeddable":true,"href":"https:\/\/radioplanetasaudade.com.br\/index.php\/wp-json\/wp\/v2\/comments?post=654"}],"version-history":[{"count":1,"href":"https:\/\/radioplanetasaudade.com.br\/index.php\/wp-json\/wp\/v2\/posts\/654\/revisions"}],"predecessor-version":[{"id":656,"href":"https:\/\/radioplanetasaudade.com.br\/index.php\/wp-json\/wp\/v2\/posts\/654\/revisions\/656"}],"wp:featuredmedia":[{"embeddable":true,"href":"https:\/\/radioplanetasaudade.com.br\/index.php\/wp-json\/wp\/v2\/media\/655"}],"wp:attachment":[{"href":"https:\/\/radioplanetasaudade.com.br\/index.php\/wp-json\/wp\/v2\/media?parent=654"}],"wp:term":[{"taxonomy":"category","embeddable":true,"href":"https:\/\/radioplanetasaudade.com.br\/index.php\/wp-json\/wp\/v2\/categories?post=654"},{"taxonomy":"post_tag","embeddable":true,"href":"https:\/\/radioplanetasaudade.com.br\/index.php\/wp-json\/wp\/v2\/tags?post=654"}],"curies":[{"name":"wp","href":"https:\/\/api.w.org\/{rel}","templated":true}]}}