{"id":663,"date":"2024-02-29T09:57:06","date_gmt":"2024-02-29T12:57:06","guid":{"rendered":"https:\/\/radioplanetasaudade.com.br\/?p=663"},"modified":"2024-02-29T09:57:08","modified_gmt":"2024-02-29T12:57:08","slug":"andre-braugher-artista-versatil-e-inspirador-na-interseccao-da-televisao-cinema-e-teatro","status":"publish","type":"post","link":"https:\/\/radioplanetasaudade.com.br\/index.php\/2024\/02\/29\/andre-braugher-artista-versatil-e-inspirador-na-interseccao-da-televisao-cinema-e-teatro\/","title":{"rendered":"&#8220;Andr\u00e9 Braugher: Artista Vers\u00e1til e Inspirador na Intersec\u00e7\u00e3o da Televis\u00e3o, Cinema e Teatro&#8221;"},"content":{"rendered":"\n<p>Andr\u00e9 Braugher ator norte-americano, conhecido por suas performances vers\u00e1teis e aclamadas tanto na televis\u00e3o quanto no teatro. Ele nasceu em 1\u00ba de julho de 1962, em Chicago, Illinois. frequentou a prestigiada Juilliard School em Nova York, onde aprimorou suas habilidades de atua\u00e7\u00e3o.<\/p>\n\n\n<div class=\"wp-block-image\">\n<figure class=\"aligncenter size-full\"><img fetchpriority=\"high\" decoding=\"async\" width=\"800\" height=\"450\" src=\"https:\/\/radioplanetasaudade.com.br\/wp-content\/uploads\/2024\/02\/andre-braugher-ator-morre-obituario-foto-divulgacao_widelg.jpg\" alt=\"\" class=\"wp-image-664\" srcset=\"https:\/\/radioplanetasaudade.com.br\/wp-content\/uploads\/2024\/02\/andre-braugher-ator-morre-obituario-foto-divulgacao_widelg.jpg 800w, https:\/\/radioplanetasaudade.com.br\/wp-content\/uploads\/2024\/02\/andre-braugher-ator-morre-obituario-foto-divulgacao_widelg-300x169.jpg 300w, https:\/\/radioplanetasaudade.com.br\/wp-content\/uploads\/2024\/02\/andre-braugher-ator-morre-obituario-foto-divulgacao_widelg-768x432.jpg 768w\" sizes=\"(max-width: 800px) 100vw, 800px\" \/><\/figure><\/div>\n\n\n<p>Uma de suas primeiras performances not\u00e1veis foi no filme &#8220;Glory&#8221; (1989), onde contracenou ao lado de <a><\/a>Denzel Washington e Matthew Broderick, recebendo elogios por sua interpreta\u00e7\u00e3o.<\/p>\n\n\n\n<p>No entanto, foi na televis\u00e3o que Braugher conquistou grande reconhecimento.<\/p>\n\n\n\n<p>Andr\u00e9 Braugher teve um papel significativo no filme &#8220;Cidade dos Anjos&#8221; (City of Angels), um romance dram\u00e1tico dirigido por Brad Silberling, lan\u00e7ado em 1998.<\/p>\n\n\n\n<p>No filme, Braugher interpreta Cassiel, um dos anjos que observa e interage com os humanos, especialmente com o personagem principal, interpretado por Nicolas Cage.<\/p>\n\n\n\n<p>O filme \u00e9 uma adapta\u00e7\u00e3o do filme alem\u00e3o &#8220;Asas do Desejo&#8221; (Wings of Desire), de Wim Wenders, e conta a hist\u00f3ria de um anjo chamado Seth (interpretado por Cage), que se apaixona por uma cirurgi\u00e3 (interpretada por Meg Ryan) e abandona sua exist\u00eancia imortal para se tornar humano e estar com ela.<\/p>\n\n\n\n<p>Braugher oferece uma atua\u00e7\u00e3o s\u00f3lida e envolvente como Cassiel, o colega de Seth, trazendo uma presen\u00e7a tranquila e contemplativa ao personagem.<\/p>\n\n\n\n<p>Ele retrata um anjo que compartilha das mesmas observa\u00e7\u00f5es e experi\u00eancias com os humanos, mas que mant\u00e9m uma aura de mist\u00e9rio e sabedoria.<\/p>\n\n\n\n<p>Embora seu papel n\u00e3o seja o central, ele contribui para a atmosfera m\u00e1gica e reflexiva do filme.<\/p>\n\n\n\n<p>Sua interpreta\u00e7\u00e3o adiciona profundidade ao mundo dos anjos e \u00e0s quest\u00f5es existenciais exploradas ao longo da narrativa.<\/p>\n\n\n\n<p>&#8220;Cidade dos Anjos&#8221; foi bem recebido pelo p\u00fablico e pela cr\u00edtica, e a atua\u00e7\u00e3o de Andr\u00e9 Braugher como Cassiel contribuiu para a riqueza emocional e filos\u00f3fica do filme.<\/p>\n\n\n\n<p>Por\u00e9m ele \u00e9 mais conhecido por seu papel como o detetive Frank Pembleton na s\u00e9rie policial aclamada pela cr\u00edtica, &#8220;Homicide: Life on the Street&#8221; (1993-1999).<\/p>\n\n\n\n<p>Sua interpreta\u00e7\u00e3o nesse papel lhe rendeu tr\u00eas indica\u00e7\u00f5es ao Primetime Emmy Award, das quais ele ganhou uma em 1998.<\/p>\n\n\n\n<p>Outro papel marcante de Braugher foi como o Capit\u00e3o Raymond Holt na s\u00e9rie de com\u00e9dia policial &#8220;Brooklyn Nine-Nine&#8221; (2013-2021). Sua atua\u00e7\u00e3o como um capit\u00e3o s\u00e9rio, por\u00e9m carism\u00e1tico, rendeu-lhe grande popularidade e mais indica\u00e7\u00f5es ao Emmy.<\/p>\n\n\n\n<p>Al\u00e9m de sua atua\u00e7\u00e3o na televis\u00e3o e no cinema, Braugher tamb\u00e9m tem uma carreira distinta no teatro, atuando em v\u00e1rias produ\u00e7\u00f5es na Broadway e em outras companhias teatrais.<\/p>\n\n\n\n<p>Com uma carreira que abrange v\u00e1rias d\u00e9cadas e uma lista impressionante de cr\u00e9ditos, Andr\u00e9 Braugher \u00e9 amplamente respeitado tanto pelos cr\u00edticos quanto pelo p\u00fablico, e seguir\u00e1 sendo um dos atores mais talentosos e respeitados de sua gera\u00e7\u00e3o.<\/p>\n\n\n\n<p><\/p>\n","protected":false},"excerpt":{"rendered":"<p>Andr\u00e9 Braugher ator norte-americano, conhecido por suas performances vers\u00e1teis e aclamadas tanto na televis\u00e3o quanto&#8230;<\/p>\n","protected":false},"author":1,"featured_media":664,"comment_status":"open","ping_status":"open","sticky":false,"template":"","format":"standard","meta":{"footnotes":""},"categories":[161],"tags":[118,116,99],"class_list":["post-663","post","type-post","status-publish","format-standard","has-post-thumbnail","hentry","category-cine-planeta","tag-anos-80","tag-radio","tag-radio-planeta-saudade"],"yoast_head":"<!-- This site is optimized with the Yoast SEO plugin v21.3 - https:\/\/yoast.com\/wordpress\/plugins\/seo\/ -->\n<title>&quot;Andr\u00e9 Braugher: Artista Vers\u00e1til e Inspirador na Intersec\u00e7\u00e3o da Televis\u00e3o, Cinema e Teatro&quot; - R\u00c1DIO PLANETA SAUDADE<\/title>\n<meta name=\"robots\" content=\"index, follow, max-snippet:-1, max-image-preview:large, max-video-preview:-1\" \/>\n<link rel=\"canonical\" href=\"https:\/\/radioplanetasaudade.com.br\/index.php\/2024\/02\/29\/andre-braugher-artista-versatil-e-inspirador-na-interseccao-da-televisao-cinema-e-teatro\/\" \/>\n<meta property=\"og:locale\" content=\"pt_BR\" \/>\n<meta property=\"og:type\" content=\"article\" \/>\n<meta property=\"og:title\" content=\"&quot;Andr\u00e9 Braugher: Artista Vers\u00e1til e Inspirador na Intersec\u00e7\u00e3o da Televis\u00e3o, Cinema e Teatro&quot; - R\u00c1DIO PLANETA SAUDADE\" \/>\n<meta property=\"og:description\" content=\"Andr\u00e9 Braugher ator norte-americano, conhecido por suas performances vers\u00e1teis e aclamadas tanto na televis\u00e3o quanto...\" \/>\n<meta property=\"og:url\" content=\"https:\/\/radioplanetasaudade.com.br\/index.php\/2024\/02\/29\/andre-braugher-artista-versatil-e-inspirador-na-interseccao-da-televisao-cinema-e-teatro\/\" \/>\n<meta property=\"og:site_name\" content=\"R\u00c1DIO PLANETA SAUDADE\" \/>\n<meta property=\"article:published_time\" content=\"2024-02-29T12:57:06+00:00\" \/>\n<meta property=\"article:modified_time\" content=\"2024-02-29T12:57:08+00:00\" \/>\n<meta property=\"og:image\" content=\"https:\/\/radioplanetasaudade.com.br\/wp-content\/uploads\/2024\/02\/andre-braugher-ator-morre-obituario-foto-divulgacao_widelg.jpg\" \/>\n\t<meta property=\"og:image:width\" content=\"800\" \/>\n\t<meta property=\"og:image:height\" content=\"450\" \/>\n\t<meta property=\"og:image:type\" content=\"image\/jpeg\" \/>\n<meta name=\"author\" content=\"Planeta Saudade\" \/>\n<meta name=\"twitter:card\" content=\"summary_large_image\" \/>\n<meta name=\"twitter:label1\" content=\"Escrito por\" \/>\n\t<meta name=\"twitter:data1\" content=\"Planeta Saudade\" \/>\n\t<meta name=\"twitter:label2\" content=\"Est. tempo de leitura\" \/>\n\t<meta name=\"twitter:data2\" content=\"3 minutos\" \/>\n<script type=\"application\/ld+json\" class=\"yoast-schema-graph\">{\"@context\":\"https:\/\/schema.org\",\"@graph\":[{\"@type\":\"Article\",\"@id\":\"https:\/\/radioplanetasaudade.com.br\/index.php\/2024\/02\/29\/andre-braugher-artista-versatil-e-inspirador-na-interseccao-da-televisao-cinema-e-teatro\/#article\",\"isPartOf\":{\"@id\":\"https:\/\/radioplanetasaudade.com.br\/index.php\/2024\/02\/29\/andre-braugher-artista-versatil-e-inspirador-na-interseccao-da-televisao-cinema-e-teatro\/\"},\"author\":{\"name\":\"Planeta Saudade\",\"@id\":\"https:\/\/radioplanetasaudade.com.br\/#\/schema\/person\/1a6f6fc0d987819324e7ed417a1a6581\"},\"headline\":\"&#8220;Andr\u00e9 Braugher: Artista Vers\u00e1til e Inspirador na Intersec\u00e7\u00e3o da Televis\u00e3o, Cinema e Teatro&#8221;\",\"datePublished\":\"2024-02-29T12:57:06+00:00\",\"dateModified\":\"2024-02-29T12:57:08+00:00\",\"mainEntityOfPage\":{\"@id\":\"https:\/\/radioplanetasaudade.com.br\/index.php\/2024\/02\/29\/andre-braugher-artista-versatil-e-inspirador-na-interseccao-da-televisao-cinema-e-teatro\/\"},\"wordCount\":490,\"commentCount\":0,\"publisher\":{\"@id\":\"https:\/\/radioplanetasaudade.com.br\/#organization\"},\"keywords\":[\"Anos 80\",\"R\u00e1dio\",\"R\u00e1dio Planeta Saudade\"],\"articleSection\":[\"CINE PLANETA\"],\"inLanguage\":\"pt-BR\",\"potentialAction\":[{\"@type\":\"CommentAction\",\"name\":\"Comment\",\"target\":[\"https:\/\/radioplanetasaudade.com.br\/index.php\/2024\/02\/29\/andre-braugher-artista-versatil-e-inspirador-na-interseccao-da-televisao-cinema-e-teatro\/#respond\"]}]},{\"@type\":\"WebPage\",\"@id\":\"https:\/\/radioplanetasaudade.com.br\/index.php\/2024\/02\/29\/andre-braugher-artista-versatil-e-inspirador-na-interseccao-da-televisao-cinema-e-teatro\/\",\"url\":\"https:\/\/radioplanetasaudade.com.br\/index.php\/2024\/02\/29\/andre-braugher-artista-versatil-e-inspirador-na-interseccao-da-televisao-cinema-e-teatro\/\",\"name\":\"\\\"Andr\u00e9 Braugher: Artista Vers\u00e1til e Inspirador na Intersec\u00e7\u00e3o da Televis\u00e3o, Cinema e Teatro\\\" - R\u00c1DIO PLANETA SAUDADE\",\"isPartOf\":{\"@id\":\"https:\/\/radioplanetasaudade.com.br\/#website\"},\"datePublished\":\"2024-02-29T12:57:06+00:00\",\"dateModified\":\"2024-02-29T12:57:08+00:00\",\"breadcrumb\":{\"@id\":\"https:\/\/radioplanetasaudade.com.br\/index.php\/2024\/02\/29\/andre-braugher-artista-versatil-e-inspirador-na-interseccao-da-televisao-cinema-e-teatro\/#breadcrumb\"},\"inLanguage\":\"pt-BR\",\"potentialAction\":[{\"@type\":\"ReadAction\",\"target\":[\"https:\/\/radioplanetasaudade.com.br\/index.php\/2024\/02\/29\/andre-braugher-artista-versatil-e-inspirador-na-interseccao-da-televisao-cinema-e-teatro\/\"]}]},{\"@type\":\"BreadcrumbList\",\"@id\":\"https:\/\/radioplanetasaudade.com.br\/index.php\/2024\/02\/29\/andre-braugher-artista-versatil-e-inspirador-na-interseccao-da-televisao-cinema-e-teatro\/#breadcrumb\",\"itemListElement\":[{\"@type\":\"ListItem\",\"position\":1,\"name\":\"In\u00edcio\",\"item\":\"https:\/\/radioplanetasaudade.com.br\/\"},{\"@type\":\"ListItem\",\"position\":2,\"name\":\"&#8220;Andr\u00e9 Braugher: Artista Vers\u00e1til e Inspirador na Intersec\u00e7\u00e3o da Televis\u00e3o, Cinema e Teatro&#8221;\"}]},{\"@type\":\"WebSite\",\"@id\":\"https:\/\/radioplanetasaudade.com.br\/#website\",\"url\":\"https:\/\/radioplanetasaudade.com.br\/\",\"name\":\"R\u00e1dio Planeta Saudade\",\"description\":\"Relembrando grandes sucessos musicais e informando sobre os maiores artistas do mundo ou\u00e7a no seu celular.\",\"publisher\":{\"@id\":\"https:\/\/radioplanetasaudade.com.br\/#organization\"},\"potentialAction\":[{\"@type\":\"SearchAction\",\"target\":{\"@type\":\"EntryPoint\",\"urlTemplate\":\"https:\/\/radioplanetasaudade.com.br\/?s={search_term_string}\"},\"query-input\":\"required name=search_term_string\"}],\"inLanguage\":\"pt-BR\"},{\"@type\":\"Organization\",\"@id\":\"https:\/\/radioplanetasaudade.com.br\/#organization\",\"name\":\"R\u00e1dio Planeta Saudade\",\"url\":\"https:\/\/radioplanetasaudade.com.br\/\",\"logo\":{\"@type\":\"ImageObject\",\"inLanguage\":\"pt-BR\",\"@id\":\"https:\/\/radioplanetasaudade.com.br\/#\/schema\/logo\/image\/\",\"url\":\"https:\/\/radioplanetasaudade.com.br\/wp-content\/uploads\/2023\/10\/capture-20230607-202153.png\",\"contentUrl\":\"https:\/\/radioplanetasaudade.com.br\/wp-content\/uploads\/2023\/10\/capture-20230607-202153.png\",\"width\":1350,\"height\":358,\"caption\":\"R\u00e1dio Planeta Saudade\"},\"image\":{\"@id\":\"https:\/\/radioplanetasaudade.com.br\/#\/schema\/logo\/image\/\"}},{\"@type\":\"Person\",\"@id\":\"https:\/\/radioplanetasaudade.com.br\/#\/schema\/person\/1a6f6fc0d987819324e7ed417a1a6581\",\"name\":\"Planeta Saudade\",\"image\":{\"@type\":\"ImageObject\",\"inLanguage\":\"pt-BR\",\"@id\":\"https:\/\/radioplanetasaudade.com.br\/#\/schema\/person\/image\/\",\"url\":\"https:\/\/secure.gravatar.com\/avatar\/a893d552ce4b2abfa845a62f8434cf31?s=96&d=mm&r=g\",\"contentUrl\":\"https:\/\/secure.gravatar.com\/avatar\/a893d552ce4b2abfa845a62f8434cf31?s=96&d=mm&r=g\",\"caption\":\"Planeta Saudade\"},\"sameAs\":[\"https:\/\/radioplanetasaudade.com.br\"],\"url\":\"https:\/\/radioplanetasaudade.com.br\/index.php\/author\/wendelsantos4567\/\"}]}<\/script>\n<!-- \/ Yoast SEO plugin. -->","yoast_head_json":{"title":"\"Andr\u00e9 Braugher: Artista Vers\u00e1til e Inspirador na Intersec\u00e7\u00e3o da Televis\u00e3o, Cinema e Teatro\" - R\u00c1DIO PLANETA SAUDADE","robots":{"index":"index","follow":"follow","max-snippet":"max-snippet:-1","max-image-preview":"max-image-preview:large","max-video-preview":"max-video-preview:-1"},"canonical":"https:\/\/radioplanetasaudade.com.br\/index.php\/2024\/02\/29\/andre-braugher-artista-versatil-e-inspirador-na-interseccao-da-televisao-cinema-e-teatro\/","og_locale":"pt_BR","og_type":"article","og_title":"\"Andr\u00e9 Braugher: Artista Vers\u00e1til e Inspirador na Intersec\u00e7\u00e3o da Televis\u00e3o, Cinema e Teatro\" - R\u00c1DIO PLANETA SAUDADE","og_description":"Andr\u00e9 Braugher ator norte-americano, conhecido por suas performances vers\u00e1teis e aclamadas tanto na televis\u00e3o quanto...","og_url":"https:\/\/radioplanetasaudade.com.br\/index.php\/2024\/02\/29\/andre-braugher-artista-versatil-e-inspirador-na-interseccao-da-televisao-cinema-e-teatro\/","og_site_name":"R\u00c1DIO PLANETA SAUDADE","article_published_time":"2024-02-29T12:57:06+00:00","article_modified_time":"2024-02-29T12:57:08+00:00","og_image":[{"width":800,"height":450,"url":"https:\/\/radioplanetasaudade.com.br\/wp-content\/uploads\/2024\/02\/andre-braugher-ator-morre-obituario-foto-divulgacao_widelg.jpg","type":"image\/jpeg"}],"author":"Planeta Saudade","twitter_card":"summary_large_image","twitter_misc":{"Escrito por":"Planeta Saudade","Est. tempo de leitura":"3 minutos"},"schema":{"@context":"https:\/\/schema.org","@graph":[{"@type":"Article","@id":"https:\/\/radioplanetasaudade.com.br\/index.php\/2024\/02\/29\/andre-braugher-artista-versatil-e-inspirador-na-interseccao-da-televisao-cinema-e-teatro\/#article","isPartOf":{"@id":"https:\/\/radioplanetasaudade.com.br\/index.php\/2024\/02\/29\/andre-braugher-artista-versatil-e-inspirador-na-interseccao-da-televisao-cinema-e-teatro\/"},"author":{"name":"Planeta Saudade","@id":"https:\/\/radioplanetasaudade.com.br\/#\/schema\/person\/1a6f6fc0d987819324e7ed417a1a6581"},"headline":"&#8220;Andr\u00e9 Braugher: Artista Vers\u00e1til e Inspirador na Intersec\u00e7\u00e3o da Televis\u00e3o, Cinema e Teatro&#8221;","datePublished":"2024-02-29T12:57:06+00:00","dateModified":"2024-02-29T12:57:08+00:00","mainEntityOfPage":{"@id":"https:\/\/radioplanetasaudade.com.br\/index.php\/2024\/02\/29\/andre-braugher-artista-versatil-e-inspirador-na-interseccao-da-televisao-cinema-e-teatro\/"},"wordCount":490,"commentCount":0,"publisher":{"@id":"https:\/\/radioplanetasaudade.com.br\/#organization"},"keywords":["Anos 80","R\u00e1dio","R\u00e1dio Planeta Saudade"],"articleSection":["CINE PLANETA"],"inLanguage":"pt-BR","potentialAction":[{"@type":"CommentAction","name":"Comment","target":["https:\/\/radioplanetasaudade.com.br\/index.php\/2024\/02\/29\/andre-braugher-artista-versatil-e-inspirador-na-interseccao-da-televisao-cinema-e-teatro\/#respond"]}]},{"@type":"WebPage","@id":"https:\/\/radioplanetasaudade.com.br\/index.php\/2024\/02\/29\/andre-braugher-artista-versatil-e-inspirador-na-interseccao-da-televisao-cinema-e-teatro\/","url":"https:\/\/radioplanetasaudade.com.br\/index.php\/2024\/02\/29\/andre-braugher-artista-versatil-e-inspirador-na-interseccao-da-televisao-cinema-e-teatro\/","name":"\"Andr\u00e9 Braugher: Artista Vers\u00e1til e Inspirador na Intersec\u00e7\u00e3o da Televis\u00e3o, Cinema e Teatro\" - R\u00c1DIO PLANETA SAUDADE","isPartOf":{"@id":"https:\/\/radioplanetasaudade.com.br\/#website"},"datePublished":"2024-02-29T12:57:06+00:00","dateModified":"2024-02-29T12:57:08+00:00","breadcrumb":{"@id":"https:\/\/radioplanetasaudade.com.br\/index.php\/2024\/02\/29\/andre-braugher-artista-versatil-e-inspirador-na-interseccao-da-televisao-cinema-e-teatro\/#breadcrumb"},"inLanguage":"pt-BR","potentialAction":[{"@type":"ReadAction","target":["https:\/\/radioplanetasaudade.com.br\/index.php\/2024\/02\/29\/andre-braugher-artista-versatil-e-inspirador-na-interseccao-da-televisao-cinema-e-teatro\/"]}]},{"@type":"BreadcrumbList","@id":"https:\/\/radioplanetasaudade.com.br\/index.php\/2024\/02\/29\/andre-braugher-artista-versatil-e-inspirador-na-interseccao-da-televisao-cinema-e-teatro\/#breadcrumb","itemListElement":[{"@type":"ListItem","position":1,"name":"In\u00edcio","item":"https:\/\/radioplanetasaudade.com.br\/"},{"@type":"ListItem","position":2,"name":"&#8220;Andr\u00e9 Braugher: Artista Vers\u00e1til e Inspirador na Intersec\u00e7\u00e3o da Televis\u00e3o, Cinema e Teatro&#8221;"}]},{"@type":"WebSite","@id":"https:\/\/radioplanetasaudade.com.br\/#website","url":"https:\/\/radioplanetasaudade.com.br\/","name":"R\u00e1dio Planeta Saudade","description":"Relembrando grandes sucessos musicais e informando sobre os maiores artistas do mundo ou\u00e7a no seu celular.","publisher":{"@id":"https:\/\/radioplanetasaudade.com.br\/#organization"},"potentialAction":[{"@type":"SearchAction","target":{"@type":"EntryPoint","urlTemplate":"https:\/\/radioplanetasaudade.com.br\/?s={search_term_string}"},"query-input":"required name=search_term_string"}],"inLanguage":"pt-BR"},{"@type":"Organization","@id":"https:\/\/radioplanetasaudade.com.br\/#organization","name":"R\u00e1dio Planeta Saudade","url":"https:\/\/radioplanetasaudade.com.br\/","logo":{"@type":"ImageObject","inLanguage":"pt-BR","@id":"https:\/\/radioplanetasaudade.com.br\/#\/schema\/logo\/image\/","url":"https:\/\/radioplanetasaudade.com.br\/wp-content\/uploads\/2023\/10\/capture-20230607-202153.png","contentUrl":"https:\/\/radioplanetasaudade.com.br\/wp-content\/uploads\/2023\/10\/capture-20230607-202153.png","width":1350,"height":358,"caption":"R\u00e1dio Planeta Saudade"},"image":{"@id":"https:\/\/radioplanetasaudade.com.br\/#\/schema\/logo\/image\/"}},{"@type":"Person","@id":"https:\/\/radioplanetasaudade.com.br\/#\/schema\/person\/1a6f6fc0d987819324e7ed417a1a6581","name":"Planeta Saudade","image":{"@type":"ImageObject","inLanguage":"pt-BR","@id":"https:\/\/radioplanetasaudade.com.br\/#\/schema\/person\/image\/","url":"https:\/\/secure.gravatar.com\/avatar\/a893d552ce4b2abfa845a62f8434cf31?s=96&d=mm&r=g","contentUrl":"https:\/\/secure.gravatar.com\/avatar\/a893d552ce4b2abfa845a62f8434cf31?s=96&d=mm&r=g","caption":"Planeta Saudade"},"sameAs":["https:\/\/radioplanetasaudade.com.br"],"url":"https:\/\/radioplanetasaudade.com.br\/index.php\/author\/wendelsantos4567\/"}]}},"_links":{"self":[{"href":"https:\/\/radioplanetasaudade.com.br\/index.php\/wp-json\/wp\/v2\/posts\/663","targetHints":{"allow":["GET"]}}],"collection":[{"href":"https:\/\/radioplanetasaudade.com.br\/index.php\/wp-json\/wp\/v2\/posts"}],"about":[{"href":"https:\/\/radioplanetasaudade.com.br\/index.php\/wp-json\/wp\/v2\/types\/post"}],"author":[{"embeddable":true,"href":"https:\/\/radioplanetasaudade.com.br\/index.php\/wp-json\/wp\/v2\/users\/1"}],"replies":[{"embeddable":true,"href":"https:\/\/radioplanetasaudade.com.br\/index.php\/wp-json\/wp\/v2\/comments?post=663"}],"version-history":[{"count":1,"href":"https:\/\/radioplanetasaudade.com.br\/index.php\/wp-json\/wp\/v2\/posts\/663\/revisions"}],"predecessor-version":[{"id":665,"href":"https:\/\/radioplanetasaudade.com.br\/index.php\/wp-json\/wp\/v2\/posts\/663\/revisions\/665"}],"wp:featuredmedia":[{"embeddable":true,"href":"https:\/\/radioplanetasaudade.com.br\/index.php\/wp-json\/wp\/v2\/media\/664"}],"wp:attachment":[{"href":"https:\/\/radioplanetasaudade.com.br\/index.php\/wp-json\/wp\/v2\/media?parent=663"}],"wp:term":[{"taxonomy":"category","embeddable":true,"href":"https:\/\/radioplanetasaudade.com.br\/index.php\/wp-json\/wp\/v2\/categories?post=663"},{"taxonomy":"post_tag","embeddable":true,"href":"https:\/\/radioplanetasaudade.com.br\/index.php\/wp-json\/wp\/v2\/tags?post=663"}],"curies":[{"name":"wp","href":"https:\/\/api.w.org\/{rel}","templated":true}]}}